{"id":1150,"date":"2018-09-06T14:43:48","date_gmt":"2018-09-06T14:43:48","guid":{"rendered":"https:\/\/femergs.com.br\/wfe\/blog\/orientacoes-para-eleicoes-das-coordenadorias-regionais-da-femergs\/"},"modified":"2018-09-06T14:43:48","modified_gmt":"2018-09-06T14:43:48","slug":"orientacoes-para-eleicoes-das-coordenadorias-regionais-da-femergs","status":"publish","type":"post","link":"https:\/\/femergs.com.br\/wfe\/blog\/orientacoes-para-eleicoes-das-coordenadorias-regionais-da-femergs\/","title":{"rendered":"ORIENTA\u00c7\u00d5ES PARA ELEI\u00c7\u00d5ES DAS COORDENADORIAS REGIONAIS DA FEMERGS"},"content":{"rendered":"<div style=\"text-align:center\">\n<img decoding=\"async\" src=\"data:image\/gif;base64,R0lGODlhAQABAIAAAAAAAP\/\/\/ywAAAAAAQABAAACAUwAOw==\" fifu-lazy=\"1\" fifu-data-sizes=\"auto\" fifu-data-srcset=\"\/Im4g3nsN0t1cia\/geral\/images\/0001.jpg?w=75&resize=75&ssl=1 75w, \/Im4g3nsN0t1cia\/geral\/images\/0001.jpg?w=100&resize=100&ssl=1 100w, \/Im4g3nsN0t1cia\/geral\/images\/0001.jpg?w=150&resize=150&ssl=1 150w, \/Im4g3nsN0t1cia\/geral\/images\/0001.jpg?w=240&resize=240&ssl=1 240w, \/Im4g3nsN0t1cia\/geral\/images\/0001.jpg?w=320&resize=320&ssl=1 320w, \/Im4g3nsN0t1cia\/geral\/images\/0001.jpg?w=500&resize=500&ssl=1 500w, \/Im4g3nsN0t1cia\/geral\/images\/0001.jpg?w=640&resize=640&ssl=1 640w, \/Im4g3nsN0t1cia\/geral\/images\/0001.jpg?w=800&resize=800&ssl=1 800w, \/Im4g3nsN0t1cia\/geral\/images\/0001.jpg?w=1024&resize=1024&ssl=1 1024w, \/Im4g3nsN0t1cia\/geral\/images\/0001.jpg?w=1280&resize=1280&ssl=1 1280w, \/Im4g3nsN0t1cia\/geral\/images\/0001.jpg?w=1600&resize=1600&ssl=1 1600w\" alt=\"\" fifu-data-src=\"\/Im4g3nsN0t1cia\/geral\/images\/0001.jpg\" style=\"height:989px; width:700px\" \/><\/div>\n<div style=\"text-align:center\"><u>ASSOCIA\u00c7\u00c3O DOS MUNIC\u00cdPIOS DA REGIONAL CELEIRO: AMUCELEIRO<br \/>\n<img decoding=\"async\" src=\"data:image\/gif;base64,R0lGODlhAQABAIAAAAAAAP\/\/\/ywAAAAAAQABAAACAUwAOw==\" fifu-lazy=\"1\" fifu-data-sizes=\"auto\" fifu-data-srcset=\"\/Im4g3nsN0t1cia\/geral\/images\/0001(3).jpg?w=75&resize=75&ssl=1 75w, \/Im4g3nsN0t1cia\/geral\/images\/0001(3).jpg?w=100&resize=100&ssl=1 100w, \/Im4g3nsN0t1cia\/geral\/images\/0001(3).jpg?w=150&resize=150&ssl=1 150w, \/Im4g3nsN0t1cia\/geral\/images\/0001(3).jpg?w=240&resize=240&ssl=1 240w, \/Im4g3nsN0t1cia\/geral\/images\/0001(3).jpg?w=320&resize=320&ssl=1 320w, \/Im4g3nsN0t1cia\/geral\/images\/0001(3).jpg?w=500&resize=500&ssl=1 500w, \/Im4g3nsN0t1cia\/geral\/images\/0001(3).jpg?w=640&resize=640&ssl=1 640w, \/Im4g3nsN0t1cia\/geral\/images\/0001(3).jpg?w=800&resize=800&ssl=1 800w, \/Im4g3nsN0t1cia\/geral\/images\/0001(3).jpg?w=1024&resize=1024&ssl=1 1024w, \/Im4g3nsN0t1cia\/geral\/images\/0001(3).jpg?w=1280&resize=1280&ssl=1 1280w, \/Im4g3nsN0t1cia\/geral\/images\/0001(3).jpg?w=1600&resize=1600&ssl=1 1600w\" alt=\"\" fifu-data-src=\"\/Im4g3nsN0t1cia\/geral\/images\/0001(3).jpg\" style=\"height:848px; width:600px\" \/><br \/>\nREGINAL ACOSTADOCE<br \/>\n<img decoding=\"async\" src=\"data:image\/gif;base64,R0lGODlhAQABAIAAAAAAAP\/\/\/ywAAAAAAQABAAACAUwAOw==\" fifu-lazy=\"1\" fifu-data-sizes=\"auto\" fifu-data-srcset=\"\/Im4g3nsN0t1cia\/geral\/images\/0001(4).jpg?w=75&resize=75&ssl=1 75w, \/Im4g3nsN0t1cia\/geral\/images\/0001(4).jpg?w=100&resize=100&ssl=1 100w, \/Im4g3nsN0t1cia\/geral\/images\/0001(4).jpg?w=150&resize=150&ssl=1 150w, \/Im4g3nsN0t1cia\/geral\/images\/0001(4).jpg?w=240&resize=240&ssl=1 240w, \/Im4g3nsN0t1cia\/geral\/images\/0001(4).jpg?w=320&resize=320&ssl=1 320w, \/Im4g3nsN0t1cia\/geral\/images\/0001(4).jpg?w=500&resize=500&ssl=1 500w, \/Im4g3nsN0t1cia\/geral\/images\/0001(4).jpg?w=640&resize=640&ssl=1 640w, \/Im4g3nsN0t1cia\/geral\/images\/0001(4).jpg?w=800&resize=800&ssl=1 800w, \/Im4g3nsN0t1cia\/geral\/images\/0001(4).jpg?w=1024&resize=1024&ssl=1 1024w, \/Im4g3nsN0t1cia\/geral\/images\/0001(4).jpg?w=1280&resize=1280&ssl=1 1280w, \/Im4g3nsN0t1cia\/geral\/images\/0001(4).jpg?w=1600&resize=1600&ssl=1 1600w\" alt=\"\" fifu-data-src=\"\/Im4g3nsN0t1cia\/geral\/images\/0001(4).jpg\" style=\"height:848px; width:600px\" \/><br \/>\nAssocia\u00e7\u00e3o dos Munic\u00edpios do Vale do Rio Pardo &#8211; AMVARP<br \/>\n<img decoding=\"async\" src=\"data:image\/gif;base64,R0lGODlhAQABAIAAAAAAAP\/\/\/ywAAAAAAQABAAACAUwAOw==\" fifu-lazy=\"1\" fifu-data-sizes=\"auto\" fifu-data-srcset=\"\/Im4g3nsN0t1cia\/geral\/images\/0001_(1).jpg?w=75&resize=75&ssl=1 75w, \/Im4g3nsN0t1cia\/geral\/images\/0001_(1).jpg?w=100&resize=100&ssl=1 100w, \/Im4g3nsN0t1cia\/geral\/images\/0001_(1).jpg?w=150&resize=150&ssl=1 150w, \/Im4g3nsN0t1cia\/geral\/images\/0001_(1).jpg?w=240&resize=240&ssl=1 240w, \/Im4g3nsN0t1cia\/geral\/images\/0001_(1).jpg?w=320&resize=320&ssl=1 320w, \/Im4g3nsN0t1cia\/geral\/images\/0001_(1).jpg?w=500&resize=500&ssl=1 500w, \/Im4g3nsN0t1cia\/geral\/images\/0001_(1).jpg?w=640&resize=640&ssl=1 640w, \/Im4g3nsN0t1cia\/geral\/images\/0001_(1).jpg?w=800&resize=800&ssl=1 800w, \/Im4g3nsN0t1cia\/geral\/images\/0001_(1).jpg?w=1024&resize=1024&ssl=1 1024w, \/Im4g3nsN0t1cia\/geral\/images\/0001_(1).jpg?w=1280&resize=1280&ssl=1 1280w, \/Im4g3nsN0t1cia\/geral\/images\/0001_(1).jpg?w=1600&resize=1600&ssl=1 1600w\" alt=\"\" fifu-data-src=\"\/Im4g3nsN0t1cia\/geral\/images\/0001_(1).jpg\" style=\"height:848px; width:600px\" \/><br \/>\nASSOCIA\u00c7\u00c3O DOS MUNIC\u00cdPIOS DO CENTRO DO ESTADO &#8211; AMCENTRO<br \/>\n<img decoding=\"async\" src=\"data:image\/gif;base64,R0lGODlhAQABAIAAAAAAAP\/\/\/ywAAAAAAQABAAACAUwAOw==\" fifu-lazy=\"1\" fifu-data-sizes=\"auto\" fifu-data-srcset=\"\/Im4g3nsN0t1cia\/geral\/images\/Docto_241_E_2018_Eleicoes_Regional_AMCENTRO-1(1).jpg?w=75&resize=75&ssl=1 75w, \/Im4g3nsN0t1cia\/geral\/images\/Docto_241_E_2018_Eleicoes_Regional_AMCENTRO-1(1).jpg?w=100&resize=100&ssl=1 100w, \/Im4g3nsN0t1cia\/geral\/images\/Docto_241_E_2018_Eleicoes_Regional_AMCENTRO-1(1).jpg?w=150&resize=150&ssl=1 150w, \/Im4g3nsN0t1cia\/geral\/images\/Docto_241_E_2018_Eleicoes_Regional_AMCENTRO-1(1).jpg?w=240&resize=240&ssl=1 240w, \/Im4g3nsN0t1cia\/geral\/images\/Docto_241_E_2018_Eleicoes_Regional_AMCENTRO-1(1).jpg?w=320&resize=320&ssl=1 320w, \/Im4g3nsN0t1cia\/geral\/images\/Docto_241_E_2018_Eleicoes_Regional_AMCENTRO-1(1).jpg?w=500&resize=500&ssl=1 500w, \/Im4g3nsN0t1cia\/geral\/images\/Docto_241_E_2018_Eleicoes_Regional_AMCENTRO-1(1).jpg?w=640&resize=640&ssl=1 640w, \/Im4g3nsN0t1cia\/geral\/images\/Docto_241_E_2018_Eleicoes_Regional_AMCENTRO-1(1).jpg?w=800&resize=800&ssl=1 800w, \/Im4g3nsN0t1cia\/geral\/images\/Docto_241_E_2018_Eleicoes_Regional_AMCENTRO-1(1).jpg?w=1024&resize=1024&ssl=1 1024w, \/Im4g3nsN0t1cia\/geral\/images\/Docto_241_E_2018_Eleicoes_Regional_AMCENTRO-1(1).jpg?w=1280&resize=1280&ssl=1 1280w, \/Im4g3nsN0t1cia\/geral\/images\/Docto_241_E_2018_Eleicoes_Regional_AMCENTRO-1(1).jpg?w=1600&resize=1600&ssl=1 1600w\" alt=\"\" fifu-data-src=\"\/Im4g3nsN0t1cia\/geral\/images\/Docto_241_E_2018_Eleicoes_Regional_AMCENTRO-1(1).jpg\" style=\"height:848px; width:600px\" \/><br \/>\nAssocia\u00e7\u00e3o dos Munic\u00edpios dos Campos de Cima da Serra &#8211; AMUCSER<br \/>\n<img decoding=\"async\" src=\"data:image\/gif;base64,R0lGODlhAQABAIAAAAAAAP\/\/\/ywAAAAAAQABAAACAUwAOw==\" fifu-lazy=\"1\" fifu-data-sizes=\"auto\" fifu-data-srcset=\"\/Im4g3nsN0t1cia\/geral\/images\/Docto_241_F_2018_Eleicoes_Regional_AMUCSER-1.jpg?w=75&resize=75&ssl=1 75w, \/Im4g3nsN0t1cia\/geral\/images\/Docto_241_F_2018_Eleicoes_Regional_AMUCSER-1.jpg?w=100&resize=100&ssl=1 100w, \/Im4g3nsN0t1cia\/geral\/images\/Docto_241_F_2018_Eleicoes_Regional_AMUCSER-1.jpg?w=150&resize=150&ssl=1 150w, \/Im4g3nsN0t1cia\/geral\/images\/Docto_241_F_2018_Eleicoes_Regional_AMUCSER-1.jpg?w=240&resize=240&ssl=1 240w, \/Im4g3nsN0t1cia\/geral\/images\/Docto_241_F_2018_Eleicoes_Regional_AMUCSER-1.jpg?w=320&resize=320&ssl=1 320w, \/Im4g3nsN0t1cia\/geral\/images\/Docto_241_F_2018_Eleicoes_Regional_AMUCSER-1.jpg?w=500&resize=500&ssl=1 500w, \/Im4g3nsN0t1cia\/geral\/images\/Docto_241_F_2018_Eleicoes_Regional_AMUCSER-1.jpg?w=640&resize=640&ssl=1 640w, \/Im4g3nsN0t1cia\/geral\/images\/Docto_241_F_2018_Eleicoes_Regional_AMUCSER-1.jpg?w=800&resize=800&ssl=1 800w, \/Im4g3nsN0t1cia\/geral\/images\/Docto_241_F_2018_Eleicoes_Regional_AMUCSER-1.jpg?w=1024&resize=1024&ssl=1 1024w, \/Im4g3nsN0t1cia\/geral\/images\/Docto_241_F_2018_Eleicoes_Regional_AMUCSER-1.jpg?w=1280&resize=1280&ssl=1 1280w, \/Im4g3nsN0t1cia\/geral\/images\/Docto_241_F_2018_Eleicoes_Regional_AMUCSER-1.jpg?w=1600&resize=1600&ssl=1 1600w\" alt=\"\" fifu-data-src=\"\/Im4g3nsN0t1cia\/geral\/images\/Docto_241_F_2018_Eleicoes_Regional_AMUCSER-1.jpg\" style=\"height:848px; width:600px\" \/><br \/>\nASSOCIA\u00c7\u00c3O DOS MUNIC\u00cdPIOS DO VALE DO RIO CA\u00cd &#8211; AMVARC<br \/>\n<img decoding=\"async\" src=\"data:image\/gif;base64,R0lGODlhAQABAIAAAAAAAP\/\/\/ywAAAAAAQABAAACAUwAOw==\" fifu-lazy=\"1\" fifu-data-sizes=\"auto\" fifu-data-srcset=\"\/Im4g3nsN0t1cia\/geral\/images\/Docto_241_G_2018_Eleicoes_Regional_AMVARC_ARQUIVO_CORRETO-1.jpg?w=75&resize=75&ssl=1 75w, \/Im4g3nsN0t1cia\/geral\/images\/Docto_241_G_2018_Eleicoes_Regional_AMVARC_ARQUIVO_CORRETO-1.jpg?w=100&resize=100&ssl=1 100w, \/Im4g3nsN0t1cia\/geral\/images\/Docto_241_G_2018_Eleicoes_Regional_AMVARC_ARQUIVO_CORRETO-1.jpg?w=150&resize=150&ssl=1 150w, \/Im4g3nsN0t1cia\/geral\/images\/Docto_241_G_2018_Eleicoes_Regional_AMVARC_ARQUIVO_CORRETO-1.jpg?w=240&resize=240&ssl=1 240w, \/Im4g3nsN0t1cia\/geral\/images\/Docto_241_G_2018_Eleicoes_Regional_AMVARC_ARQUIVO_CORRETO-1.jpg?w=320&resize=320&ssl=1 320w, \/Im4g3nsN0t1cia\/geral\/images\/Docto_241_G_2018_Eleicoes_Regional_AMVARC_ARQUIVO_CORRETO-1.jpg?w=500&resize=500&ssl=1 500w, \/Im4g3nsN0t1cia\/geral\/images\/Docto_241_G_2018_Eleicoes_Regional_AMVARC_ARQUIVO_CORRETO-1.jpg?w=640&resize=640&ssl=1 640w, \/Im4g3nsN0t1cia\/geral\/images\/Docto_241_G_2018_Eleicoes_Regional_AMVARC_ARQUIVO_CORRETO-1.jpg?w=800&resize=800&ssl=1 800w, \/Im4g3nsN0t1cia\/geral\/images\/Docto_241_G_2018_Eleicoes_Regional_AMVARC_ARQUIVO_CORRETO-1.jpg?w=1024&resize=1024&ssl=1 1024w, \/Im4g3nsN0t1cia\/geral\/images\/Docto_241_G_2018_Eleicoes_Regional_AMVARC_ARQUIVO_CORRETO-1.jpg?w=1280&resize=1280&ssl=1 1280w, \/Im4g3nsN0t1cia\/geral\/images\/Docto_241_G_2018_Eleicoes_Regional_AMVARC_ARQUIVO_CORRETO-1.jpg?w=1600&resize=1600&ssl=1 1600w\" alt=\"\" fifu-data-src=\"\/Im4g3nsN0t1cia\/geral\/images\/Docto_241_G_2018_Eleicoes_Regional_AMVARC_ARQUIVO_CORRETO-1.jpg\" style=\"height:848px; width:600px\" \/><br \/>\nAssocia\u00e7\u00e3o dos Munic\u00edpios da Grande Santa Rosa &#8211; AMGSR<br \/>\n<img decoding=\"async\" src=\"data:image\/gif;base64,R0lGODlhAQABAIAAAAAAAP\/\/\/ywAAAAAAQABAAACAUwAOw==\" fifu-lazy=\"1\" fifu-data-sizes=\"auto\" fifu-data-srcset=\"\/Im4g3nsN0t1cia\/geral\/images\/Docto_241_H_2018_Eleicoes_Regional_AMGSR-1(1).jpg?w=75&resize=75&ssl=1 75w, \/Im4g3nsN0t1cia\/geral\/images\/Docto_241_H_2018_Eleicoes_Regional_AMGSR-1(1).jpg?w=100&resize=100&ssl=1 100w, \/Im4g3nsN0t1cia\/geral\/images\/Docto_241_H_2018_Eleicoes_Regional_AMGSR-1(1).jpg?w=150&resize=150&ssl=1 150w, \/Im4g3nsN0t1cia\/geral\/images\/Docto_241_H_2018_Eleicoes_Regional_AMGSR-1(1).jpg?w=240&resize=240&ssl=1 240w, \/Im4g3nsN0t1cia\/geral\/images\/Docto_241_H_2018_Eleicoes_Regional_AMGSR-1(1).jpg?w=320&resize=320&ssl=1 320w, \/Im4g3nsN0t1cia\/geral\/images\/Docto_241_H_2018_Eleicoes_Regional_AMGSR-1(1).jpg?w=500&resize=500&ssl=1 500w, \/Im4g3nsN0t1cia\/geral\/images\/Docto_241_H_2018_Eleicoes_Regional_AMGSR-1(1).jpg?w=640&resize=640&ssl=1 640w, \/Im4g3nsN0t1cia\/geral\/images\/Docto_241_H_2018_Eleicoes_Regional_AMGSR-1(1).jpg?w=800&resize=800&ssl=1 800w, \/Im4g3nsN0t1cia\/geral\/images\/Docto_241_H_2018_Eleicoes_Regional_AMGSR-1(1).jpg?w=1024&resize=1024&ssl=1 1024w, \/Im4g3nsN0t1cia\/geral\/images\/Docto_241_H_2018_Eleicoes_Regional_AMGSR-1(1).jpg?w=1280&resize=1280&ssl=1 1280w, \/Im4g3nsN0t1cia\/geral\/images\/Docto_241_H_2018_Eleicoes_Regional_AMGSR-1(1).jpg?w=1600&resize=1600&ssl=1 1600w\" alt=\"\" fifu-data-src=\"\/Im4g3nsN0t1cia\/geral\/images\/Docto_241_H_2018_Eleicoes_Regional_AMGSR-1(1).jpg\" style=\"height:848px; width:600px\" \/><br \/>\nAssocia\u00e7\u00e3o dos Munic\u00edpios do Alto Jacu\u00ed &#8211; AMAJA<br \/>\n<img decoding=\"async\" src=\"data:image\/gif;base64,R0lGODlhAQABAIAAAAAAAP\/\/\/ywAAAAAAQABAAACAUwAOw==\" fifu-lazy=\"1\" fifu-data-sizes=\"auto\" fifu-data-srcset=\"\/Im4g3nsN0t1cia\/geral\/images\/Docto_241_M_2018_Eleicoes_Regional_AMAJA-1(1).jpg?w=75&resize=75&ssl=1 75w, \/Im4g3nsN0t1cia\/geral\/images\/Docto_241_M_2018_Eleicoes_Regional_AMAJA-1(1).jpg?w=100&resize=100&ssl=1 100w, \/Im4g3nsN0t1cia\/geral\/images\/Docto_241_M_2018_Eleicoes_Regional_AMAJA-1(1).jpg?w=150&resize=150&ssl=1 150w, \/Im4g3nsN0t1cia\/geral\/images\/Docto_241_M_2018_Eleicoes_Regional_AMAJA-1(1).jpg?w=240&resize=240&ssl=1 240w, \/Im4g3nsN0t1cia\/geral\/images\/Docto_241_M_2018_Eleicoes_Regional_AMAJA-1(1).jpg?w=320&resize=320&ssl=1 320w, \/Im4g3nsN0t1cia\/geral\/images\/Docto_241_M_2018_Eleicoes_Regional_AMAJA-1(1).jpg?w=500&resize=500&ssl=1 500w, \/Im4g3nsN0t1cia\/geral\/images\/Docto_241_M_2018_Eleicoes_Regional_AMAJA-1(1).jpg?w=640&resize=640&ssl=1 640w, \/Im4g3nsN0t1cia\/geral\/images\/Docto_241_M_2018_Eleicoes_Regional_AMAJA-1(1).jpg?w=800&resize=800&ssl=1 800w, \/Im4g3nsN0t1cia\/geral\/images\/Docto_241_M_2018_Eleicoes_Regional_AMAJA-1(1).jpg?w=1024&resize=1024&ssl=1 1024w, \/Im4g3nsN0t1cia\/geral\/images\/Docto_241_M_2018_Eleicoes_Regional_AMAJA-1(1).jpg?w=1280&resize=1280&ssl=1 1280w, \/Im4g3nsN0t1cia\/geral\/images\/Docto_241_M_2018_Eleicoes_Regional_AMAJA-1(1).jpg?w=1600&resize=1600&ssl=1 1600w\" alt=\"\" fifu-data-src=\"\/Im4g3nsN0t1cia\/geral\/images\/Docto_241_M_2018_Eleicoes_Regional_AMAJA-1(1).jpg\" style=\"height:848px; width:600px\" \/><br \/>\nASSOCIA\u00c7\u00c3O DOS MUNIC\u00cdPIOS DO PLANALTO &#8211; AMPLA<br \/>\n<img decoding=\"async\" src=\"data:image\/gif;base64,R0lGODlhAQABAIAAAAAAAP\/\/\/ywAAAAAAQABAAACAUwAOw==\" fifu-lazy=\"1\" fifu-data-sizes=\"auto\" fifu-data-srcset=\"\/Im4g3nsN0t1cia\/geral\/images\/Docto_241_I_2018_Eleicoes_Regional_AMPLA-1.jpg?w=75&resize=75&ssl=1 75w, \/Im4g3nsN0t1cia\/geral\/images\/Docto_241_I_2018_Eleicoes_Regional_AMPLA-1.jpg?w=100&resize=100&ssl=1 100w, \/Im4g3nsN0t1cia\/geral\/images\/Docto_241_I_2018_Eleicoes_Regional_AMPLA-1.jpg?w=150&resize=150&ssl=1 150w, \/Im4g3nsN0t1cia\/geral\/images\/Docto_241_I_2018_Eleicoes_Regional_AMPLA-1.jpg?w=240&resize=240&ssl=1 240w, \/Im4g3nsN0t1cia\/geral\/images\/Docto_241_I_2018_Eleicoes_Regional_AMPLA-1.jpg?w=320&resize=320&ssl=1 320w, \/Im4g3nsN0t1cia\/geral\/images\/Docto_241_I_2018_Eleicoes_Regional_AMPLA-1.jpg?w=500&resize=500&ssl=1 500w, \/Im4g3nsN0t1cia\/geral\/images\/Docto_241_I_2018_Eleicoes_Regional_AMPLA-1.jpg?w=640&resize=640&ssl=1 640w, \/Im4g3nsN0t1cia\/geral\/images\/Docto_241_I_2018_Eleicoes_Regional_AMPLA-1.jpg?w=800&resize=800&ssl=1 800w, \/Im4g3nsN0t1cia\/geral\/images\/Docto_241_I_2018_Eleicoes_Regional_AMPLA-1.jpg?w=1024&resize=1024&ssl=1 1024w, \/Im4g3nsN0t1cia\/geral\/images\/Docto_241_I_2018_Eleicoes_Regional_AMPLA-1.jpg?w=1280&resize=1280&ssl=1 1280w, \/Im4g3nsN0t1cia\/geral\/images\/Docto_241_I_2018_Eleicoes_Regional_AMPLA-1.jpg?w=1600&resize=1600&ssl=1 1600w\" alt=\"\" fifu-data-src=\"\/Im4g3nsN0t1cia\/geral\/images\/Docto_241_I_2018_Eleicoes_Regional_AMPLA-1.jpg\" style=\"height:848px; width:600px\" \/><br \/>\nASSOCIA\u00c7\u00c3O DOS MUNIC\u00cdPIOS DO ALTO URUGUAI &#8211; AMAU<br \/>\n<img decoding=\"async\" src=\"data:image\/gif;base64,R0lGODlhAQABAIAAAAAAAP\/\/\/ywAAAAAAQABAAACAUwAOw==\" fifu-lazy=\"1\" fifu-data-sizes=\"auto\" fifu-data-srcset=\"\/Im4g3nsN0t1cia\/geral\/images\/Docto_241_J_2018_Eleicoes_Regional_AMAU-1.jpg?w=75&resize=75&ssl=1 75w, \/Im4g3nsN0t1cia\/geral\/images\/Docto_241_J_2018_Eleicoes_Regional_AMAU-1.jpg?w=100&resize=100&ssl=1 100w, \/Im4g3nsN0t1cia\/geral\/images\/Docto_241_J_2018_Eleicoes_Regional_AMAU-1.jpg?w=150&resize=150&ssl=1 150w, \/Im4g3nsN0t1cia\/geral\/images\/Docto_241_J_2018_Eleicoes_Regional_AMAU-1.jpg?w=240&resize=240&ssl=1 240w, \/Im4g3nsN0t1cia\/geral\/images\/Docto_241_J_2018_Eleicoes_Regional_AMAU-1.jpg?w=320&resize=320&ssl=1 320w, \/Im4g3nsN0t1cia\/geral\/images\/Docto_241_J_2018_Eleicoes_Regional_AMAU-1.jpg?w=500&resize=500&ssl=1 500w, \/Im4g3nsN0t1cia\/geral\/images\/Docto_241_J_2018_Eleicoes_Regional_AMAU-1.jpg?w=640&resize=640&ssl=1 640w, \/Im4g3nsN0t1cia\/geral\/images\/Docto_241_J_2018_Eleicoes_Regional_AMAU-1.jpg?w=800&resize=800&ssl=1 800w, \/Im4g3nsN0t1cia\/geral\/images\/Docto_241_J_2018_Eleicoes_Regional_AMAU-1.jpg?w=1024&resize=1024&ssl=1 1024w, \/Im4g3nsN0t1cia\/geral\/images\/Docto_241_J_2018_Eleicoes_Regional_AMAU-1.jpg?w=1280&resize=1280&ssl=1 1280w, \/Im4g3nsN0t1cia\/geral\/images\/Docto_241_J_2018_Eleicoes_Regional_AMAU-1.jpg?w=1600&resize=1600&ssl=1 1600w\" alt=\"\" fifu-data-src=\"\/Im4g3nsN0t1cia\/geral\/images\/Docto_241_J_2018_Eleicoes_Regional_AMAU-1.jpg\" style=\"height:848px; width:600px\" \/><br \/>\nASSOCIA\u00c7\u00c3O DOS MUNIC\u00cdPIOS DA REGI\u00c3O CARBONIFERA &#8211; ASMURC<br \/>\n<img decoding=\"async\" src=\"data:image\/gif;base64,R0lGODlhAQABAIAAAAAAAP\/\/\/ywAAAAAAQABAAACAUwAOw==\" fifu-lazy=\"1\" fifu-data-sizes=\"auto\" fifu-data-srcset=\"\/Im4g3nsN0t1cia\/geral\/images\/Docto_241_K_2018_Eleicoes_Regional_ASMURC-1.jpg?w=75&resize=75&ssl=1 75w, \/Im4g3nsN0t1cia\/geral\/images\/Docto_241_K_2018_Eleicoes_Regional_ASMURC-1.jpg?w=100&resize=100&ssl=1 100w, \/Im4g3nsN0t1cia\/geral\/images\/Docto_241_K_2018_Eleicoes_Regional_ASMURC-1.jpg?w=150&resize=150&ssl=1 150w, \/Im4g3nsN0t1cia\/geral\/images\/Docto_241_K_2018_Eleicoes_Regional_ASMURC-1.jpg?w=240&resize=240&ssl=1 240w, \/Im4g3nsN0t1cia\/geral\/images\/Docto_241_K_2018_Eleicoes_Regional_ASMURC-1.jpg?w=320&resize=320&ssl=1 320w, \/Im4g3nsN0t1cia\/geral\/images\/Docto_241_K_2018_Eleicoes_Regional_ASMURC-1.jpg?w=500&resize=500&ssl=1 500w, \/Im4g3nsN0t1cia\/geral\/images\/Docto_241_K_2018_Eleicoes_Regional_ASMURC-1.jpg?w=640&resize=640&ssl=1 640w, \/Im4g3nsN0t1cia\/geral\/images\/Docto_241_K_2018_Eleicoes_Regional_ASMURC-1.jpg?w=800&resize=800&ssl=1 800w, \/Im4g3nsN0t1cia\/geral\/images\/Docto_241_K_2018_Eleicoes_Regional_ASMURC-1.jpg?w=1024&resize=1024&ssl=1 1024w, \/Im4g3nsN0t1cia\/geral\/images\/Docto_241_K_2018_Eleicoes_Regional_ASMURC-1.jpg?w=1280&resize=1280&ssl=1 1280w, \/Im4g3nsN0t1cia\/geral\/images\/Docto_241_K_2018_Eleicoes_Regional_ASMURC-1.jpg?w=1600&resize=1600&ssl=1 1600w\" alt=\"\" fifu-data-src=\"\/Im4g3nsN0t1cia\/geral\/images\/Docto_241_K_2018_Eleicoes_Regional_ASMURC-1.jpg\" style=\"height:848px; width:600px\" \/><br \/>\nASSOCIA\u00c7\u00c3O DOS MUNIC\u00cdPIOS DO LITORAL NORTE &#8211; AMLINORTE<br \/>\n<img decoding=\"async\" src=\"data:image\/gif;base64,R0lGODlhAQABAIAAAAAAAP\/\/\/ywAAAAAAQABAAACAUwAOw==\" fifu-lazy=\"1\" fifu-data-sizes=\"auto\" fifu-data-srcset=\"\/Im4g3nsN0t1cia\/geral\/images\/CORRETO.jpg?w=75&resize=75&ssl=1 75w, \/Im4g3nsN0t1cia\/geral\/images\/CORRETO.jpg?w=100&resize=100&ssl=1 100w, \/Im4g3nsN0t1cia\/geral\/images\/CORRETO.jpg?w=150&resize=150&ssl=1 150w, \/Im4g3nsN0t1cia\/geral\/images\/CORRETO.jpg?w=240&resize=240&ssl=1 240w, \/Im4g3nsN0t1cia\/geral\/images\/CORRETO.jpg?w=320&resize=320&ssl=1 320w, \/Im4g3nsN0t1cia\/geral\/images\/CORRETO.jpg?w=500&resize=500&ssl=1 500w, \/Im4g3nsN0t1cia\/geral\/images\/CORRETO.jpg?w=640&resize=640&ssl=1 640w, \/Im4g3nsN0t1cia\/geral\/images\/CORRETO.jpg?w=800&resize=800&ssl=1 800w, \/Im4g3nsN0t1cia\/geral\/images\/CORRETO.jpg?w=1024&resize=1024&ssl=1 1024w, \/Im4g3nsN0t1cia\/geral\/images\/CORRETO.jpg?w=1280&resize=1280&ssl=1 1280w, \/Im4g3nsN0t1cia\/geral\/images\/CORRETO.jpg?w=1600&resize=1600&ssl=1 1600w\" alt=\"\" fifu-data-src=\"\/Im4g3nsN0t1cia\/geral\/images\/CORRETO.jpg\" style=\"height:848px; width:600px\" \/><br \/>\nASSOCIA\u00c7\u00c3O DOS MUNIC\u00cdPIOS DO VALE DO TAQUARI &#8211; AMVAT<br \/>\n<img decoding=\"async\" src=\"data:image\/gif;base64,R0lGODlhAQABAIAAAAAAAP\/\/\/ywAAAAAAQABAAACAUwAOw==\" fifu-lazy=\"1\" fifu-data-sizes=\"auto\" fifu-data-srcset=\"\/Im4g3nsN0t1cia\/geral\/images\/Docto_241_O_2018_Eleicoes_Regional_AMVAT-1.jpg?w=75&resize=75&ssl=1 75w, \/Im4g3nsN0t1cia\/geral\/images\/Docto_241_O_2018_Eleicoes_Regional_AMVAT-1.jpg?w=100&resize=100&ssl=1 100w, \/Im4g3nsN0t1cia\/geral\/images\/Docto_241_O_2018_Eleicoes_Regional_AMVAT-1.jpg?w=150&resize=150&ssl=1 150w, \/Im4g3nsN0t1cia\/geral\/images\/Docto_241_O_2018_Eleicoes_Regional_AMVAT-1.jpg?w=240&resize=240&ssl=1 240w, \/Im4g3nsN0t1cia\/geral\/images\/Docto_241_O_2018_Eleicoes_Regional_AMVAT-1.jpg?w=320&resize=320&ssl=1 320w, \/Im4g3nsN0t1cia\/geral\/images\/Docto_241_O_2018_Eleicoes_Regional_AMVAT-1.jpg?w=500&resize=500&ssl=1 500w, \/Im4g3nsN0t1cia\/geral\/images\/Docto_241_O_2018_Eleicoes_Regional_AMVAT-1.jpg?w=640&resize=640&ssl=1 640w, \/Im4g3nsN0t1cia\/geral\/images\/Docto_241_O_2018_Eleicoes_Regional_AMVAT-1.jpg?w=800&resize=800&ssl=1 800w, \/Im4g3nsN0t1cia\/geral\/images\/Docto_241_O_2018_Eleicoes_Regional_AMVAT-1.jpg?w=1024&resize=1024&ssl=1 1024w, \/Im4g3nsN0t1cia\/geral\/images\/Docto_241_O_2018_Eleicoes_Regional_AMVAT-1.jpg?w=1280&resize=1280&ssl=1 1280w, \/Im4g3nsN0t1cia\/geral\/images\/Docto_241_O_2018_Eleicoes_Regional_AMVAT-1.jpg?w=1600&resize=1600&ssl=1 1600w\" alt=\"\" fifu-data-src=\"\/Im4g3nsN0t1cia\/geral\/images\/Docto_241_O_2018_Eleicoes_Regional_AMVAT-1.jpg\" style=\"height:848px; width:600px\" \/><br \/>\nAssocia\u00e7\u00e3o dos Munic\u00edpios do Nordeste Rio Grandense &#8211; AMUNOR<br \/>\n<img decoding=\"async\" src=\"data:image\/gif;base64,R0lGODlhAQABAIAAAAAAAP\/\/\/ywAAAAAAQABAAACAUwAOw==\" fifu-lazy=\"1\" fifu-data-sizes=\"auto\" fifu-data-srcset=\"\/Im4g3nsN0t1cia\/geral\/images\/Docto_241_P_2018_Eleicoes_Regional_AMUNOR_arquivo_correto-1.jpg?w=75&resize=75&ssl=1 75w, \/Im4g3nsN0t1cia\/geral\/images\/Docto_241_P_2018_Eleicoes_Regional_AMUNOR_arquivo_correto-1.jpg?w=100&resize=100&ssl=1 100w, \/Im4g3nsN0t1cia\/geral\/images\/Docto_241_P_2018_Eleicoes_Regional_AMUNOR_arquivo_correto-1.jpg?w=150&resize=150&ssl=1 150w, \/Im4g3nsN0t1cia\/geral\/images\/Docto_241_P_2018_Eleicoes_Regional_AMUNOR_arquivo_correto-1.jpg?w=240&resize=240&ssl=1 240w, \/Im4g3nsN0t1cia\/geral\/images\/Docto_241_P_2018_Eleicoes_Regional_AMUNOR_arquivo_correto-1.jpg?w=320&resize=320&ssl=1 320w, \/Im4g3nsN0t1cia\/geral\/images\/Docto_241_P_2018_Eleicoes_Regional_AMUNOR_arquivo_correto-1.jpg?w=500&resize=500&ssl=1 500w, \/Im4g3nsN0t1cia\/geral\/images\/Docto_241_P_2018_Eleicoes_Regional_AMUNOR_arquivo_correto-1.jpg?w=640&resize=640&ssl=1 640w, \/Im4g3nsN0t1cia\/geral\/images\/Docto_241_P_2018_Eleicoes_Regional_AMUNOR_arquivo_correto-1.jpg?w=800&resize=800&ssl=1 800w, \/Im4g3nsN0t1cia\/geral\/images\/Docto_241_P_2018_Eleicoes_Regional_AMUNOR_arquivo_correto-1.jpg?w=1024&resize=1024&ssl=1 1024w, \/Im4g3nsN0t1cia\/geral\/images\/Docto_241_P_2018_Eleicoes_Regional_AMUNOR_arquivo_correto-1.jpg?w=1280&resize=1280&ssl=1 1280w, \/Im4g3nsN0t1cia\/geral\/images\/Docto_241_P_2018_Eleicoes_Regional_AMUNOR_arquivo_correto-1.jpg?w=1600&resize=1600&ssl=1 1600w\" alt=\"\" fifu-data-src=\"\/Im4g3nsN0t1cia\/geral\/images\/Docto_241_P_2018_Eleicoes_Regional_AMUNOR_arquivo_correto-1.jpg\" style=\"height:848px; width:600px\" \/><br \/>\nASSOCIA\u00c7\u00c3O DOS MUNIC\u00cdPIOS DO VALE DO RIO DOS SINOS &#8211; AMVRS<\/u><\/p>\n<p><img decoding=\"async\" src=\"data:image\/gif;base64,R0lGODlhAQABAIAAAAAAAP\/\/\/ywAAAAAAQABAAACAUwAOw==\" fifu-lazy=\"1\" fifu-data-sizes=\"auto\" fifu-data-srcset=\"\/Im4g3nsN0t1cia\/geral\/images\/Docto_241_Q_2018_Eleicoes_Regional_AMVRS-1.jpg?w=75&resize=75&ssl=1 75w, \/Im4g3nsN0t1cia\/geral\/images\/Docto_241_Q_2018_Eleicoes_Regional_AMVRS-1.jpg?w=100&resize=100&ssl=1 100w, \/Im4g3nsN0t1cia\/geral\/images\/Docto_241_Q_2018_Eleicoes_Regional_AMVRS-1.jpg?w=150&resize=150&ssl=1 150w, \/Im4g3nsN0t1cia\/geral\/images\/Docto_241_Q_2018_Eleicoes_Regional_AMVRS-1.jpg?w=240&resize=240&ssl=1 240w, \/Im4g3nsN0t1cia\/geral\/images\/Docto_241_Q_2018_Eleicoes_Regional_AMVRS-1.jpg?w=320&resize=320&ssl=1 320w, \/Im4g3nsN0t1cia\/geral\/images\/Docto_241_Q_2018_Eleicoes_Regional_AMVRS-1.jpg?w=500&resize=500&ssl=1 500w, \/Im4g3nsN0t1cia\/geral\/images\/Docto_241_Q_2018_Eleicoes_Regional_AMVRS-1.jpg?w=640&resize=640&ssl=1 640w, \/Im4g3nsN0t1cia\/geral\/images\/Docto_241_Q_2018_Eleicoes_Regional_AMVRS-1.jpg?w=800&resize=800&ssl=1 800w, \/Im4g3nsN0t1cia\/geral\/images\/Docto_241_Q_2018_Eleicoes_Regional_AMVRS-1.jpg?w=1024&resize=1024&ssl=1 1024w, \/Im4g3nsN0t1cia\/geral\/images\/Docto_241_Q_2018_Eleicoes_Regional_AMVRS-1.jpg?w=1280&resize=1280&ssl=1 1280w, \/Im4g3nsN0t1cia\/geral\/images\/Docto_241_Q_2018_Eleicoes_Regional_AMVRS-1.jpg?w=1600&resize=1600&ssl=1 1600w\" alt=\"\" fifu-data-src=\"\/Im4g3nsN0t1cia\/geral\/images\/Docto_241_Q_2018_Eleicoes_Regional_AMVRS-1.jpg\" style=\"height:848px; width:600px\" \/><br \/>\nAssocia\u00e7\u00e3o dos Munic\u00edpios das Miss\u00f5es &#8211; AMM<br \/>\n<img decoding=\"async\" src=\"data:image\/gif;base64,R0lGODlhAQABAIAAAAAAAP\/\/\/ywAAAAAAQABAAACAUwAOw==\" fifu-lazy=\"1\" fifu-data-sizes=\"auto\" fifu-data-srcset=\"\/Im4g3nsN0t1cia\/geral\/images\/Docto_241_A_2018_Eleicoes_Regional_AMM-1.jpg?w=75&resize=75&ssl=1 75w, \/Im4g3nsN0t1cia\/geral\/images\/Docto_241_A_2018_Eleicoes_Regional_AMM-1.jpg?w=100&resize=100&ssl=1 100w, \/Im4g3nsN0t1cia\/geral\/images\/Docto_241_A_2018_Eleicoes_Regional_AMM-1.jpg?w=150&resize=150&ssl=1 150w, \/Im4g3nsN0t1cia\/geral\/images\/Docto_241_A_2018_Eleicoes_Regional_AMM-1.jpg?w=240&resize=240&ssl=1 240w, \/Im4g3nsN0t1cia\/geral\/images\/Docto_241_A_2018_Eleicoes_Regional_AMM-1.jpg?w=320&resize=320&ssl=1 320w, \/Im4g3nsN0t1cia\/geral\/images\/Docto_241_A_2018_Eleicoes_Regional_AMM-1.jpg?w=500&resize=500&ssl=1 500w, \/Im4g3nsN0t1cia\/geral\/images\/Docto_241_A_2018_Eleicoes_Regional_AMM-1.jpg?w=640&resize=640&ssl=1 640w, \/Im4g3nsN0t1cia\/geral\/images\/Docto_241_A_2018_Eleicoes_Regional_AMM-1.jpg?w=800&resize=800&ssl=1 800w, \/Im4g3nsN0t1cia\/geral\/images\/Docto_241_A_2018_Eleicoes_Regional_AMM-1.jpg?w=1024&resize=1024&ssl=1 1024w, \/Im4g3nsN0t1cia\/geral\/images\/Docto_241_A_2018_Eleicoes_Regional_AMM-1.jpg?w=1280&resize=1280&ssl=1 1280w, \/Im4g3nsN0t1cia\/geral\/images\/Docto_241_A_2018_Eleicoes_Regional_AMM-1.jpg?w=1600&resize=1600&ssl=1 1600w\" alt=\"\" fifu-data-src=\"\/Im4g3nsN0t1cia\/geral\/images\/Docto_241_A_2018_Eleicoes_Regional_AMM-1.jpg\" style=\"height:848px; width:600px\" \/><br \/>\nASSOCIA\u00c7\u00c3O DOS MUNIC\u00cdPIOS DA ZONA SUL &#8211; AZONASUL<br \/>\n<img decoding=\"async\" src=\"data:image\/gif;base64,R0lGODlhAQABAIAAAAAAAP\/\/\/ywAAAAAAQABAAACAUwAOw==\" fifu-lazy=\"1\" fifu-data-sizes=\"auto\" fifu-data-srcset=\"\/Im4g3nsN0t1cia\/geral\/images\/Docto_241_R_2018_Eleicoes_Regional_AZONASUL-1.jpg?w=75&resize=75&ssl=1 75w, \/Im4g3nsN0t1cia\/geral\/images\/Docto_241_R_2018_Eleicoes_Regional_AZONASUL-1.jpg?w=100&resize=100&ssl=1 100w, \/Im4g3nsN0t1cia\/geral\/images\/Docto_241_R_2018_Eleicoes_Regional_AZONASUL-1.jpg?w=150&resize=150&ssl=1 150w, \/Im4g3nsN0t1cia\/geral\/images\/Docto_241_R_2018_Eleicoes_Regional_AZONASUL-1.jpg?w=240&resize=240&ssl=1 240w, \/Im4g3nsN0t1cia\/geral\/images\/Docto_241_R_2018_Eleicoes_Regional_AZONASUL-1.jpg?w=320&resize=320&ssl=1 320w, \/Im4g3nsN0t1cia\/geral\/images\/Docto_241_R_2018_Eleicoes_Regional_AZONASUL-1.jpg?w=500&resize=500&ssl=1 500w, \/Im4g3nsN0t1cia\/geral\/images\/Docto_241_R_2018_Eleicoes_Regional_AZONASUL-1.jpg?w=640&resize=640&ssl=1 640w, \/Im4g3nsN0t1cia\/geral\/images\/Docto_241_R_2018_Eleicoes_Regional_AZONASUL-1.jpg?w=800&resize=800&ssl=1 800w, \/Im4g3nsN0t1cia\/geral\/images\/Docto_241_R_2018_Eleicoes_Regional_AZONASUL-1.jpg?w=1024&resize=1024&ssl=1 1024w, \/Im4g3nsN0t1cia\/geral\/images\/Docto_241_R_2018_Eleicoes_Regional_AZONASUL-1.jpg?w=1280&resize=1280&ssl=1 1280w, \/Im4g3nsN0t1cia\/geral\/images\/Docto_241_R_2018_Eleicoes_Regional_AZONASUL-1.jpg?w=1600&resize=1600&ssl=1 1600w\" alt=\"\" fifu-data-src=\"\/Im4g3nsN0t1cia\/geral\/images\/Docto_241_R_2018_Eleicoes_Regional_AZONASUL-1.jpg\" style=\"height:848px; width:600px\" \/><br \/>\nASSOCIA\u00c7\u00c3O DOS MUNIC\u00cdPIOS PLANALTO M\u00c9DIO &#8211; AMUPLAM<br \/>\n<img decoding=\"async\" src=\"data:image\/gif;base64,R0lGODlhAQABAIAAAAAAAP\/\/\/ywAAAAAAQABAAACAUwAOw==\" fifu-lazy=\"1\" fifu-data-sizes=\"auto\" fifu-data-srcset=\"\/Im4g3nsN0t1cia\/geral\/images\/Docto_241_S_2018_Eleicoes_Regional_AMUPLAM-1.jpg?w=75&resize=75&ssl=1 75w, \/Im4g3nsN0t1cia\/geral\/images\/Docto_241_S_2018_Eleicoes_Regional_AMUPLAM-1.jpg?w=100&resize=100&ssl=1 100w, \/Im4g3nsN0t1cia\/geral\/images\/Docto_241_S_2018_Eleicoes_Regional_AMUPLAM-1.jpg?w=150&resize=150&ssl=1 150w, \/Im4g3nsN0t1cia\/geral\/images\/Docto_241_S_2018_Eleicoes_Regional_AMUPLAM-1.jpg?w=240&resize=240&ssl=1 240w, \/Im4g3nsN0t1cia\/geral\/images\/Docto_241_S_2018_Eleicoes_Regional_AMUPLAM-1.jpg?w=320&resize=320&ssl=1 320w, \/Im4g3nsN0t1cia\/geral\/images\/Docto_241_S_2018_Eleicoes_Regional_AMUPLAM-1.jpg?w=500&resize=500&ssl=1 500w, \/Im4g3nsN0t1cia\/geral\/images\/Docto_241_S_2018_Eleicoes_Regional_AMUPLAM-1.jpg?w=640&resize=640&ssl=1 640w, \/Im4g3nsN0t1cia\/geral\/images\/Docto_241_S_2018_Eleicoes_Regional_AMUPLAM-1.jpg?w=800&resize=800&ssl=1 800w, \/Im4g3nsN0t1cia\/geral\/images\/Docto_241_S_2018_Eleicoes_Regional_AMUPLAM-1.jpg?w=1024&resize=1024&ssl=1 1024w, \/Im4g3nsN0t1cia\/geral\/images\/Docto_241_S_2018_Eleicoes_Regional_AMUPLAM-1.jpg?w=1280&resize=1280&ssl=1 1280w, \/Im4g3nsN0t1cia\/geral\/images\/Docto_241_S_2018_Eleicoes_Regional_AMUPLAM-1.jpg?w=1600&resize=1600&ssl=1 1600w\" alt=\"\" fifu-data-src=\"\/Im4g3nsN0t1cia\/geral\/images\/Docto_241_S_2018_Eleicoes_Regional_AMUPLAM-1.jpg\" style=\"height:848px; width:600px\" \/><br \/>\n<u>Associa\u00e7\u00e3o dos Municipios da zona de Produ\u00e7\u00e3o &#8211; AMZOP<br \/>\n<img decoding=\"async\" src=\"data:image\/gif;base64,R0lGODlhAQABAIAAAAAAAP\/\/\/ywAAAAAAQABAAACAUwAOw==\" fifu-lazy=\"1\" fifu-data-sizes=\"auto\" fifu-data-srcset=\"\/Im4g3nsN0t1cia\/geral\/images\/Docto_241_T_2018_Eleicoes_Regional_AMZOP-1.jpg?w=75&resize=75&ssl=1 75w, \/Im4g3nsN0t1cia\/geral\/images\/Docto_241_T_2018_Eleicoes_Regional_AMZOP-1.jpg?w=100&resize=100&ssl=1 100w, \/Im4g3nsN0t1cia\/geral\/images\/Docto_241_T_2018_Eleicoes_Regional_AMZOP-1.jpg?w=150&resize=150&ssl=1 150w, \/Im4g3nsN0t1cia\/geral\/images\/Docto_241_T_2018_Eleicoes_Regional_AMZOP-1.jpg?w=240&resize=240&ssl=1 240w, \/Im4g3nsN0t1cia\/geral\/images\/Docto_241_T_2018_Eleicoes_Regional_AMZOP-1.jpg?w=320&resize=320&ssl=1 320w, \/Im4g3nsN0t1cia\/geral\/images\/Docto_241_T_2018_Eleicoes_Regional_AMZOP-1.jpg?w=500&resize=500&ssl=1 500w, \/Im4g3nsN0t1cia\/geral\/images\/Docto_241_T_2018_Eleicoes_Regional_AMZOP-1.jpg?w=640&resize=640&ssl=1 640w, \/Im4g3nsN0t1cia\/geral\/images\/Docto_241_T_2018_Eleicoes_Regional_AMZOP-1.jpg?w=800&resize=800&ssl=1 800w, \/Im4g3nsN0t1cia\/geral\/images\/Docto_241_T_2018_Eleicoes_Regional_AMZOP-1.jpg?w=1024&resize=1024&ssl=1 1024w, \/Im4g3nsN0t1cia\/geral\/images\/Docto_241_T_2018_Eleicoes_Regional_AMZOP-1.jpg?w=1280&resize=1280&ssl=1 1280w, \/Im4g3nsN0t1cia\/geral\/images\/Docto_241_T_2018_Eleicoes_Regional_AMZOP-1.jpg?w=1600&resize=1600&ssl=1 1600w\" alt=\"\" fifu-data-src=\"\/Im4g3nsN0t1cia\/geral\/images\/Docto_241_T_2018_Eleicoes_Regional_AMZOP-1.jpg\" style=\"height:848px; width:600px\" \/><\/u>\n <\/div>\n","protected":false},"excerpt":{"rendered":"<p>ASSOCIA\u00c7\u00c3O DOS MUNIC\u00cdPIOS DA REGIONAL CELEIRO: AMUCELEIRO REGINAL ACOSTADOCE Associa\u00e7\u00e3o dos Munic\u00edpios do Vale do Rio Pardo &#8211; AMVARP ASSOCIA\u00c7\u00c3O DOS MUNIC\u00cdPIOS DO CENTRO DO ESTADO &#8211; AMCENTRO Associa\u00e7\u00e3o dos Munic\u00edpios dos Campos de Cima da Serra &#8211; AMUCSER ASSOCIA\u00c7\u00c3O DOS MUNIC\u00cdPIOS DO VALE DO RIO CA\u00cd &#8211; AMVARC Associa\u00e7\u00e3o dos Munic\u00edpios da Grande Santa [&hellip;]<\/p>\n","protected":false},"author":1,"featured_media":0,"comment_status":"closed","ping_status":"closed","sticky":false,"template":"","format":"standard","meta":{"_eb_attr":"","_uag_custom_page_level_css":"","fifu_image_url":"","fifu_image_alt":"","footnotes":""},"categories":[1],"tags":[32],"class_list":["post-1150","post","type-post","status-publish","format-standard","hentry","category-arquivadas","tag-null"],"yoast_head":"<!-- This site is optimized with the Yoast SEO plugin v27.1.1 - https:\/\/yoast.com\/product\/yoast-seo-wordpress\/ -->\n<title>ORIENTA\u00c7\u00d5ES PARA ELEI\u00c7\u00d5ES DAS COORDENADORIAS REGIONAIS DA FEMERGS - Federa\u00e7\u00e3o dos Municip\u00e1rios do Estado do Rio Grande do Sul<\/title>\n<meta name=\"robots\" content=\"index, follow, max-snippet:-1, max-image-preview:large, max-video-preview:-1\" \/>\n<link rel=\"canonical\" href=\"https:\/\/femergs.com.br\/wfe\/blog\/orientacoes-para-eleicoes-das-coordenadorias-regionais-da-femergs\/\" \/>\n<meta property=\"og:locale\" content=\"pt_BR\" \/>\n<meta property=\"og:type\" content=\"article\" \/>\n<meta property=\"og:title\" content=\"ORIENTA\u00c7\u00d5ES PARA ELEI\u00c7\u00d5ES DAS COORDENADORIAS REGIONAIS DA FEMERGS - Federa\u00e7\u00e3o dos Municip\u00e1rios do Estado do Rio Grande do Sul\" \/>\n<meta property=\"og:description\" content=\"ASSOCIA\u00c7\u00c3O DOS MUNIC\u00cdPIOS DA REGIONAL CELEIRO: AMUCELEIRO REGINAL ACOSTADOCE Associa\u00e7\u00e3o dos Munic\u00edpios do Vale do Rio Pardo &#8211; AMVARP ASSOCIA\u00c7\u00c3O DOS MUNIC\u00cdPIOS DO CENTRO DO ESTADO &#8211; AMCENTRO Associa\u00e7\u00e3o dos Munic\u00edpios dos Campos de Cima da Serra &#8211; AMUCSER ASSOCIA\u00c7\u00c3O DOS MUNIC\u00cdPIOS DO VALE DO RIO CA\u00cd &#8211; AMVARC Associa\u00e7\u00e3o dos Munic\u00edpios da Grande Santa [&hellip;]\" \/>\n<meta property=\"og:url\" content=\"https:\/\/femergs.com.br\/wfe\/blog\/orientacoes-para-eleicoes-das-coordenadorias-regionais-da-femergs\/\" \/>\n<meta property=\"og:site_name\" content=\"Federa\u00e7\u00e3o dos Municip\u00e1rios do Estado do Rio Grande do Sul\" \/>\n<meta property=\"article:publisher\" content=\"https:\/\/www.facebook.com\/profile.php?id=100057151733001\" \/>\n<meta property=\"article:published_time\" content=\"2018-09-06T14:43:48+00:00\" \/>\n<meta name=\"author\" content=\"adminfemergs\" \/>\n<meta name=\"twitter:card\" content=\"summary_large_image\" \/>\n<meta name=\"twitter:label1\" content=\"Escrito por\" \/>\n\t<meta name=\"twitter:data1\" content=\"adminfemergs\" \/>\n\t<meta name=\"twitter:label2\" content=\"Est. tempo de leitura\" \/>\n\t<meta name=\"twitter:data2\" content=\"1 minuto\" \/>\n<script type=\"application\/ld+json\" class=\"yoast-schema-graph\">{\"@context\":\"https:\/\/schema.org\",\"@graph\":[{\"@type\":\"Article\",\"@id\":\"https:\/\/femergs.com.br\/wfe\/blog\/orientacoes-para-eleicoes-das-coordenadorias-regionais-da-femergs\/#article\",\"isPartOf\":{\"@id\":\"https:\/\/femergs.com.br\/wfe\/blog\/orientacoes-para-eleicoes-das-coordenadorias-regionais-da-femergs\/\"},\"author\":{\"name\":\"adminfemergs\",\"@id\":\"https:\/\/femergs.com.br\/wfe\/#\/schema\/person\/f5558e6b5ffc044ee085016237dedb7f\"},\"headline\":\"ORIENTA\u00c7\u00d5ES PARA ELEI\u00c7\u00d5ES DAS COORDENADORIAS REGIONAIS DA FEMERGS\",\"datePublished\":\"2018-09-06T14:43:48+00:00\",\"mainEntityOfPage\":{\"@id\":\"https:\/\/femergs.com.br\/wfe\/blog\/orientacoes-para-eleicoes-das-coordenadorias-regionais-da-femergs\/\"},\"wordCount\":206,\"publisher\":{\"@id\":\"https:\/\/femergs.com.br\/wfe\/#organization\"},\"keywords\":[\"NULL\"],\"articleSection\":[\"ARQUIVADAS\"],\"inLanguage\":\"pt-BR\"},{\"@type\":\"WebPage\",\"@id\":\"https:\/\/femergs.com.br\/wfe\/blog\/orientacoes-para-eleicoes-das-coordenadorias-regionais-da-femergs\/\",\"url\":\"https:\/\/femergs.com.br\/wfe\/blog\/orientacoes-para-eleicoes-das-coordenadorias-regionais-da-femergs\/\",\"name\":\"ORIENTA\u00c7\u00d5ES PARA ELEI\u00c7\u00d5ES DAS COORDENADORIAS REGIONAIS DA FEMERGS - Federa\u00e7\u00e3o dos Municip\u00e1rios do Estado do Rio Grande do Sul\",\"isPartOf\":{\"@id\":\"https:\/\/femergs.com.br\/wfe\/#website\"},\"datePublished\":\"2018-09-06T14:43:48+00:00\",\"breadcrumb\":{\"@id\":\"https:\/\/femergs.com.br\/wfe\/blog\/orientacoes-para-eleicoes-das-coordenadorias-regionais-da-femergs\/#breadcrumb\"},\"inLanguage\":\"pt-BR\",\"potentialAction\":[{\"@type\":\"ReadAction\",\"target\":[\"https:\/\/femergs.com.br\/wfe\/blog\/orientacoes-para-eleicoes-das-coordenadorias-regionais-da-femergs\/\"]}]},{\"@type\":\"BreadcrumbList\",\"@id\":\"https:\/\/femergs.com.br\/wfe\/blog\/orientacoes-para-eleicoes-das-coordenadorias-regionais-da-femergs\/#breadcrumb\",\"itemListElement\":[{\"@type\":\"ListItem\",\"position\":1,\"name\":\"In\u00edcio\",\"item\":\"https:\/\/femergs.com.br\/wfe\/\"},{\"@type\":\"ListItem\",\"position\":2,\"name\":\"ORIENTA\u00c7\u00d5ES PARA ELEI\u00c7\u00d5ES DAS COORDENADORIAS REGIONAIS DA FEMERGS\"}]},{\"@type\":\"WebSite\",\"@id\":\"https:\/\/femergs.com.br\/wfe\/#website\",\"url\":\"https:\/\/femergs.com.br\/wfe\/\",\"name\":\"FEMERGS\",\"description\":\"FEDERA\u00c7\u00c3O DOS MUNICIP\u00c1RIOS DO ESTADO DO RIO GRANDE DO SUL\",\"publisher\":{\"@id\":\"https:\/\/femergs.com.br\/wfe\/#organization\"},\"potentialAction\":[{\"@type\":\"SearchAction\",\"target\":{\"@type\":\"EntryPoint\",\"urlTemplate\":\"https:\/\/femergs.com.br\/wfe\/?s={search_term_string}\"},\"query-input\":{\"@type\":\"PropertyValueSpecification\",\"valueRequired\":true,\"valueName\":\"search_term_string\"}}],\"inLanguage\":\"pt-BR\"},{\"@type\":\"Organization\",\"@id\":\"https:\/\/femergs.com.br\/wfe\/#organization\",\"name\":\"FEMERGS\",\"url\":\"https:\/\/femergs.com.br\/wfe\/\",\"logo\":{\"@type\":\"ImageObject\",\"inLanguage\":\"pt-BR\",\"@id\":\"https:\/\/femergs.com.br\/wfe\/#\/schema\/logo\/image\/\",\"url\":\"https:\/\/femergs.com.br\/wfe\/wp-content\/uploads\/2025\/06\/logotipo.png\",\"contentUrl\":\"https:\/\/femergs.com.br\/wfe\/wp-content\/uploads\/2025\/06\/logotipo.png\",\"width\":500,\"height\":500,\"caption\":\"FEMERGS\"},\"image\":{\"@id\":\"https:\/\/femergs.com.br\/wfe\/#\/schema\/logo\/image\/\"},\"sameAs\":[\"https:\/\/www.facebook.com\/profile.php?id=100057151733001\",\"https:\/\/www.instagram.com\/femergs_rs\/\"]},{\"@type\":\"Person\",\"@id\":\"https:\/\/femergs.com.br\/wfe\/#\/schema\/person\/f5558e6b5ffc044ee085016237dedb7f\",\"name\":\"adminfemergs\",\"image\":{\"@type\":\"ImageObject\",\"inLanguage\":\"pt-BR\",\"@id\":\"https:\/\/femergs.com.br\/wfe\/#\/schema\/person\/image\/\",\"url\":\"https:\/\/secure.gravatar.com\/avatar\/398642fa557cdd524617ad9b31c938845f071aeb3448b9c0aeb29aefc495337b?s=96&d=mm&r=g\",\"contentUrl\":\"https:\/\/secure.gravatar.com\/avatar\/398642fa557cdd524617ad9b31c938845f071aeb3448b9c0aeb29aefc495337b?s=96&d=mm&r=g\",\"caption\":\"adminfemergs\"},\"sameAs\":[\"https:\/\/femergs.com.br\/wfe\"],\"url\":\"https:\/\/femergs.com.br\/wfe\/blog\/author\/adminfemergs\/\"}]}<\/script>\n<!-- \/ Yoast SEO plugin. -->","yoast_head_json":{"title":"ORIENTA\u00c7\u00d5ES PARA ELEI\u00c7\u00d5ES DAS COORDENADORIAS REGIONAIS DA FEMERGS - Federa\u00e7\u00e3o dos Municip\u00e1rios do Estado do Rio Grande do Sul","robots":{"index":"index","follow":"follow","max-snippet":"max-snippet:-1","max-image-preview":"max-image-preview:large","max-video-preview":"max-video-preview:-1"},"canonical":"https:\/\/femergs.com.br\/wfe\/blog\/orientacoes-para-eleicoes-das-coordenadorias-regionais-da-femergs\/","og_locale":"pt_BR","og_type":"article","og_title":"ORIENTA\u00c7\u00d5ES PARA ELEI\u00c7\u00d5ES DAS COORDENADORIAS REGIONAIS DA FEMERGS - Federa\u00e7\u00e3o dos Municip\u00e1rios do Estado do Rio Grande do Sul","og_description":"ASSOCIA\u00c7\u00c3O DOS MUNIC\u00cdPIOS DA REGIONAL CELEIRO: AMUCELEIRO REGINAL ACOSTADOCE Associa\u00e7\u00e3o dos Munic\u00edpios do Vale do Rio Pardo &#8211; AMVARP ASSOCIA\u00c7\u00c3O DOS MUNIC\u00cdPIOS DO CENTRO DO ESTADO &#8211; AMCENTRO Associa\u00e7\u00e3o dos Munic\u00edpios dos Campos de Cima da Serra &#8211; AMUCSER ASSOCIA\u00c7\u00c3O DOS MUNIC\u00cdPIOS DO VALE DO RIO CA\u00cd &#8211; AMVARC Associa\u00e7\u00e3o dos Munic\u00edpios da Grande Santa [&hellip;]","og_url":"https:\/\/femergs.com.br\/wfe\/blog\/orientacoes-para-eleicoes-das-coordenadorias-regionais-da-femergs\/","og_site_name":"Federa\u00e7\u00e3o dos Municip\u00e1rios do Estado do Rio Grande do Sul","article_publisher":"https:\/\/www.facebook.com\/profile.php?id=100057151733001","article_published_time":"2018-09-06T14:43:48+00:00","author":"adminfemergs","twitter_card":"summary_large_image","twitter_misc":{"Escrito por":"adminfemergs","Est. tempo de leitura":"1 minuto"},"schema":{"@context":"https:\/\/schema.org","@graph":[{"@type":"Article","@id":"https:\/\/femergs.com.br\/wfe\/blog\/orientacoes-para-eleicoes-das-coordenadorias-regionais-da-femergs\/#article","isPartOf":{"@id":"https:\/\/femergs.com.br\/wfe\/blog\/orientacoes-para-eleicoes-das-coordenadorias-regionais-da-femergs\/"},"author":{"name":"adminfemergs","@id":"https:\/\/femergs.com.br\/wfe\/#\/schema\/person\/f5558e6b5ffc044ee085016237dedb7f"},"headline":"ORIENTA\u00c7\u00d5ES PARA ELEI\u00c7\u00d5ES DAS COORDENADORIAS REGIONAIS DA FEMERGS","datePublished":"2018-09-06T14:43:48+00:00","mainEntityOfPage":{"@id":"https:\/\/femergs.com.br\/wfe\/blog\/orientacoes-para-eleicoes-das-coordenadorias-regionais-da-femergs\/"},"wordCount":206,"publisher":{"@id":"https:\/\/femergs.com.br\/wfe\/#organization"},"keywords":["NULL"],"articleSection":["ARQUIVADAS"],"inLanguage":"pt-BR"},{"@type":"WebPage","@id":"https:\/\/femergs.com.br\/wfe\/blog\/orientacoes-para-eleicoes-das-coordenadorias-regionais-da-femergs\/","url":"https:\/\/femergs.com.br\/wfe\/blog\/orientacoes-para-eleicoes-das-coordenadorias-regionais-da-femergs\/","name":"ORIENTA\u00c7\u00d5ES PARA ELEI\u00c7\u00d5ES DAS COORDENADORIAS REGIONAIS DA FEMERGS - Federa\u00e7\u00e3o dos Municip\u00e1rios do Estado do Rio Grande do Sul","isPartOf":{"@id":"https:\/\/femergs.com.br\/wfe\/#website"},"datePublished":"2018-09-06T14:43:48+00:00","breadcrumb":{"@id":"https:\/\/femergs.com.br\/wfe\/blog\/orientacoes-para-eleicoes-das-coordenadorias-regionais-da-femergs\/#breadcrumb"},"inLanguage":"pt-BR","potentialAction":[{"@type":"ReadAction","target":["https:\/\/femergs.com.br\/wfe\/blog\/orientacoes-para-eleicoes-das-coordenadorias-regionais-da-femergs\/"]}]},{"@type":"BreadcrumbList","@id":"https:\/\/femergs.com.br\/wfe\/blog\/orientacoes-para-eleicoes-das-coordenadorias-regionais-da-femergs\/#breadcrumb","itemListElement":[{"@type":"ListItem","position":1,"name":"In\u00edcio","item":"https:\/\/femergs.com.br\/wfe\/"},{"@type":"ListItem","position":2,"name":"ORIENTA\u00c7\u00d5ES PARA ELEI\u00c7\u00d5ES DAS COORDENADORIAS REGIONAIS DA FEMERGS"}]},{"@type":"WebSite","@id":"https:\/\/femergs.com.br\/wfe\/#website","url":"https:\/\/femergs.com.br\/wfe\/","name":"FEMERGS","description":"FEDERA\u00c7\u00c3O DOS MUNICIP\u00c1RIOS DO ESTADO DO RIO GRANDE DO SUL","publisher":{"@id":"https:\/\/femergs.com.br\/wfe\/#organization"},"potentialAction":[{"@type":"SearchAction","target":{"@type":"EntryPoint","urlTemplate":"https:\/\/femergs.com.br\/wfe\/?s={search_term_string}"},"query-input":{"@type":"PropertyValueSpecification","valueRequired":true,"valueName":"search_term_string"}}],"inLanguage":"pt-BR"},{"@type":"Organization","@id":"https:\/\/femergs.com.br\/wfe\/#organization","name":"FEMERGS","url":"https:\/\/femergs.com.br\/wfe\/","logo":{"@type":"ImageObject","inLanguage":"pt-BR","@id":"https:\/\/femergs.com.br\/wfe\/#\/schema\/logo\/image\/","url":"https:\/\/femergs.com.br\/wfe\/wp-content\/uploads\/2025\/06\/logotipo.png","contentUrl":"https:\/\/femergs.com.br\/wfe\/wp-content\/uploads\/2025\/06\/logotipo.png","width":500,"height":500,"caption":"FEMERGS"},"image":{"@id":"https:\/\/femergs.com.br\/wfe\/#\/schema\/logo\/image\/"},"sameAs":["https:\/\/www.facebook.com\/profile.php?id=100057151733001","https:\/\/www.instagram.com\/femergs_rs\/"]},{"@type":"Person","@id":"https:\/\/femergs.com.br\/wfe\/#\/schema\/person\/f5558e6b5ffc044ee085016237dedb7f","name":"adminfemergs","image":{"@type":"ImageObject","inLanguage":"pt-BR","@id":"https:\/\/femergs.com.br\/wfe\/#\/schema\/person\/image\/","url":"https:\/\/secure.gravatar.com\/avatar\/398642fa557cdd524617ad9b31c938845f071aeb3448b9c0aeb29aefc495337b?s=96&d=mm&r=g","contentUrl":"https:\/\/secure.gravatar.com\/avatar\/398642fa557cdd524617ad9b31c938845f071aeb3448b9c0aeb29aefc495337b?s=96&d=mm&r=g","caption":"adminfemergs"},"sameAs":["https:\/\/femergs.com.br\/wfe"],"url":"https:\/\/femergs.com.br\/wfe\/blog\/author\/adminfemergs\/"}]}},"uagb_featured_image_src":{"full":false,"thumbnail":false,"medium":false,"medium_large":false,"large":false,"1536x1536":false,"2048x2048":false,"ultp_layout_landscape_large":false,"ultp_layout_landscape":false,"ultp_layout_portrait":false,"ultp_layout_square":false},"uagb_author_info":{"display_name":"adminfemergs","author_link":"https:\/\/femergs.com.br\/wfe\/blog\/author\/adminfemergs\/"},"uagb_comment_info":0,"uagb_excerpt":"ASSOCIA\u00c7\u00c3O DOS MUNIC\u00cdPIOS DA REGIONAL CELEIRO: AMUCELEIRO REGINAL ACOSTADOCE Associa\u00e7\u00e3o dos Munic\u00edpios do Vale do Rio Pardo &#8211; AMVARP ASSOCIA\u00c7\u00c3O DOS MUNIC\u00cdPIOS DO CENTRO DO ESTADO &#8211; AMCENTRO Associa\u00e7\u00e3o dos Munic\u00edpios dos Campos de Cima da Serra &#8211; AMUCSER ASSOCIA\u00c7\u00c3O DOS MUNIC\u00cdPIOS DO VALE DO RIO CA\u00cd &#8211; AMVARC Associa\u00e7\u00e3o dos Munic\u00edpios da Grande Santa&hellip;","_links":{"self":[{"href":"https:\/\/femergs.com.br\/wfe\/wp-json\/wp\/v2\/posts\/1150","targetHints":{"allow":["GET"]}}],"collection":[{"href":"https:\/\/femergs.com.br\/wfe\/wp-json\/wp\/v2\/posts"}],"about":[{"href":"https:\/\/femergs.com.br\/wfe\/wp-json\/wp\/v2\/types\/post"}],"author":[{"embeddable":true,"href":"https:\/\/femergs.com.br\/wfe\/wp-json\/wp\/v2\/users\/1"}],"replies":[{"embeddable":true,"href":"https:\/\/femergs.com.br\/wfe\/wp-json\/wp\/v2\/comments?post=1150"}],"version-history":[{"count":0,"href":"https:\/\/femergs.com.br\/wfe\/wp-json\/wp\/v2\/posts\/1150\/revisions"}],"wp:attachment":[{"href":"https:\/\/femergs.com.br\/wfe\/wp-json\/wp\/v2\/media?parent=1150"}],"wp:term":[{"taxonomy":"category","embeddable":true,"href":"https:\/\/femergs.com.br\/wfe\/wp-json\/wp\/v2\/categories?post=1150"},{"taxonomy":"post_tag","embeddable":true,"href":"https:\/\/femergs.com.br\/wfe\/wp-json\/wp\/v2\/tags?post=1150"}],"curies":[{"name":"wp","href":"https:\/\/api.w.org\/{rel}","templated":true}]}}