{"id":1151,"date":"2018-09-19T09:44:21","date_gmt":"2018-09-19T09:44:21","guid":{"rendered":"https:\/\/femergs.com.br\/wfe\/blog\/femergs-presente-nas-decisoes-referente-a-contribuicao-sindical\/"},"modified":"2018-09-19T09:44:21","modified_gmt":"2018-09-19T09:44:21","slug":"femergs-presente-nas-decisoes-referente-a-contribuicao-sindical","status":"publish","type":"post","link":"https:\/\/femergs.com.br\/wfe\/blog\/femergs-presente-nas-decisoes-referente-a-contribuicao-sindical\/","title":{"rendered":"FEMERGS PRESENTE NAS DECIS\u00d5ES REFERENTE A CONTRIBUI\u00c7\u00c3O SINDICAL"},"content":{"rendered":"<p>\nA FEMERGS \u2013 FEDERA\u00c7\u00c3O DOS MUNICIP\u00c1RIOS DO ESTADO DO RIO GRANDE DO SUL, continua na luta para a viabiliza\u00e7\u00e3o financeira das entidades sindicais, depois do julgamento da do STF considerando a Lei 13.467 como constitucional, tirando a obrigatoriedade da Contribui\u00e7\u00e3o Sindical.<br \/>\nDefendemos que \u00e9 l\u00edcita a autoriza\u00e7\u00e3o coletiva pr\u00e9via e expressa para o desconto das contribui\u00e7\u00f5es sindical e assistencial, mediante assembleia geral, nos termos do estatuto, se obtida mediante convoca\u00e7\u00e3o de toda a categoria representada especificamente para esse fim, independentemente de associa\u00e7\u00e3o e sindicaliza\u00e7\u00e3o.<br \/>\nA decis\u00e3o da assembleia geral ser\u00e1 obrigat\u00f3ria para toda a categoria, no caso das conven\u00e7\u00f5es coletivas, ou para todos os empregados das empresas signat\u00e1rias do acordo coletivo de trabalho.<\/p>\n<p>Neste dia 17 de setembro de 2018, integrantes da dire\u00e7\u00e3o da FEMERGS, coordenadores regionais e sindicatos se fizeram presentes no TRT 4 em Porto Alegre aonde estava marcado o julgamento da validade das assembleias dos sindicatos quanto a delibera\u00e7\u00e3o da Contribui\u00e7\u00e3o Sindical. O julgamento ficou adiado, para o dia 8 de outubro, j\u00e1 que foi encostado um pedido de vistas.<br \/>\nContinuamos lutando e acompanhando.<\/p>\n<p>Por outro lado, a FEMERGS \u2013 visando a viabiliza\u00e7\u00e3o decidiu pela emiss\u00e3o da seguinte resolu\u00e7\u00e3o:<\/p>\n<div style=\"text-align:center\">\n<strong>RESOLU\u00c7\u00c3O 002\/2018<\/strong><\/div>\n<p>A FEMERGS \u2013 FEDERA\u00c7\u00c3O DOS MUNICIP\u00c1RIOS DO ESTADO DO RIO GRANDE DO SUL, realizou no dia 21 de julho de 2018 seu VIII CONGRESSO ORDIN\u00c1RIO aonde deliberou-se, poderes para a dire\u00e7\u00e3o, estudar e viabilizar a subsist\u00eancia da federa\u00e7\u00e3o, mediante o fim da obrigatoriedade da Contribui\u00e7\u00e3o Sindical com o julgamento do STF, pela Constitucionalidade da Lei 13.467.<br \/>\nConsiderando que a maioria dos sindicatos filiados a FEMERGS, ao longo dos anos usaram a GUIA da FEMERGS, e por interm\u00e9dio da Federa\u00e7\u00e3o recebiam a devolu\u00e7\u00e3o dos 60%, e amparados pelo Artigo 6\u00ba &#8211; Inciso IV do Estatuto da entidade, vem at\u00e9 os sindicatos comunicar os encaminhamentos visando a manuten\u00e7\u00e3o da Federa\u00e7\u00e3o:<br \/>\n1) Decidiu-se instituir uma contribui\u00e7\u00e3o assistencial no valor de R$ 1,00 (um real) por cada associado do Sindicato, que ser\u00e1 repassado para a FEMERGS at\u00e9 o quinto dia \u00fatil do m\u00eas subsequente \u2013 Primeiro m\u00eas de recolhimento desta forma \u00e9 setembro;<br \/>\n2) Os valores das contribui\u00e7\u00f5es assistenciais de janeiro at\u00e9 agosto de 2018, poder\u00e3o ser parcelados nas 8 parcelas subsequentes;<br \/>\n3) Os sindicatos fazerem campanha para conscientiza\u00e7\u00e3o da Contribui\u00e7\u00e3o Assistencial em favor da Federa\u00e7\u00e3o tamb\u00e9m para exerc\u00edcio 2019.<\/p>\n<p>*Todas as formas de recolhimento ter\u00e3o o fornecimento de comprovante pela Federa\u00e7\u00e3o.<br \/>\n* Estamos nas tratativas de termos no site a possibilidade de impress\u00e3o de Boletos.<\/p>\n","protected":false},"excerpt":{"rendered":"<p>A FEMERGS \u2013 FEDERA\u00c7\u00c3O DOS MUNICIP\u00c1RIOS DO ESTADO DO RIO GRANDE DO SUL, continua na luta para a viabiliza\u00e7\u00e3o financeira das entidades sindicais, depois do julgamento da do STF considerando a Lei 13.467 como constitucional, tirando a obrigatoriedade da Contribui\u00e7\u00e3o Sindical. Defendemos que \u00e9 l\u00edcita a autoriza\u00e7\u00e3o coletiva pr\u00e9via e expressa para o desconto das [&hellip;]<\/p>\n","protected":false},"author":1,"featured_media":0,"comment_status":"closed","ping_status":"closed","sticky":false,"template":"","format":"standard","meta":{"_eb_attr":"","_uag_custom_page_level_css":"","fifu_image_url":"","fifu_image_alt":"","footnotes":""},"categories":[1],"tags":[32],"class_list":["post-1151","post","type-post","status-publish","format-standard","hentry","category-arquivadas","tag-null"],"yoast_head":"<!-- This site is optimized with the Yoast SEO plugin v27.1.1 - https:\/\/yoast.com\/product\/yoast-seo-wordpress\/ -->\n<title>FEMERGS PRESENTE NAS DECIS\u00d5ES REFERENTE A CONTRIBUI\u00c7\u00c3O SINDICAL - Federa\u00e7\u00e3o dos Municip\u00e1rios do Estado do Rio Grande do Sul<\/title>\n<meta name=\"robots\" content=\"index, follow, max-snippet:-1, max-image-preview:large, max-video-preview:-1\" \/>\n<link rel=\"canonical\" href=\"https:\/\/femergs.com.br\/wfe\/blog\/femergs-presente-nas-decisoes-referente-a-contribuicao-sindical\/\" \/>\n<meta property=\"og:locale\" content=\"pt_BR\" \/>\n<meta property=\"og:type\" content=\"article\" \/>\n<meta property=\"og:title\" content=\"FEMERGS PRESENTE NAS DECIS\u00d5ES REFERENTE A CONTRIBUI\u00c7\u00c3O SINDICAL - Federa\u00e7\u00e3o dos Municip\u00e1rios do Estado do Rio Grande do Sul\" \/>\n<meta property=\"og:description\" content=\"A FEMERGS \u2013 FEDERA\u00c7\u00c3O DOS MUNICIP\u00c1RIOS DO ESTADO DO RIO GRANDE DO SUL, continua na luta para a viabiliza\u00e7\u00e3o financeira das entidades sindicais, depois do julgamento da do STF considerando a Lei 13.467 como constitucional, tirando a obrigatoriedade da Contribui\u00e7\u00e3o Sindical. Defendemos que \u00e9 l\u00edcita a autoriza\u00e7\u00e3o coletiva pr\u00e9via e expressa para o desconto das [&hellip;]\" \/>\n<meta property=\"og:url\" content=\"https:\/\/femergs.com.br\/wfe\/blog\/femergs-presente-nas-decisoes-referente-a-contribuicao-sindical\/\" \/>\n<meta property=\"og:site_name\" content=\"Federa\u00e7\u00e3o dos Municip\u00e1rios do Estado do Rio Grande do Sul\" \/>\n<meta property=\"article:publisher\" content=\"https:\/\/www.facebook.com\/profile.php?id=100057151733001\" \/>\n<meta property=\"article:published_time\" content=\"2018-09-19T09:44:21+00:00\" \/>\n<meta name=\"author\" content=\"adminfemergs\" \/>\n<meta name=\"twitter:card\" content=\"summary_large_image\" \/>\n<meta name=\"twitter:label1\" content=\"Escrito por\" \/>\n\t<meta name=\"twitter:data1\" content=\"adminfemergs\" \/>\n\t<meta name=\"twitter:label2\" content=\"Est. tempo de leitura\" \/>\n\t<meta name=\"twitter:data2\" content=\"2 minutos\" \/>\n<script type=\"application\/ld+json\" class=\"yoast-schema-graph\">{\"@context\":\"https:\/\/schema.org\",\"@graph\":[{\"@type\":\"Article\",\"@id\":\"https:\/\/femergs.com.br\/wfe\/blog\/femergs-presente-nas-decisoes-referente-a-contribuicao-sindical\/#article\",\"isPartOf\":{\"@id\":\"https:\/\/femergs.com.br\/wfe\/blog\/femergs-presente-nas-decisoes-referente-a-contribuicao-sindical\/\"},\"author\":{\"name\":\"adminfemergs\",\"@id\":\"https:\/\/femergs.com.br\/wfe\/#\/schema\/person\/f5558e6b5ffc044ee085016237dedb7f\"},\"headline\":\"FEMERGS PRESENTE NAS DECIS\u00d5ES REFERENTE A CONTRIBUI\u00c7\u00c3O SINDICAL\",\"datePublished\":\"2018-09-19T09:44:21+00:00\",\"mainEntityOfPage\":{\"@id\":\"https:\/\/femergs.com.br\/wfe\/blog\/femergs-presente-nas-decisoes-referente-a-contribuicao-sindical\/\"},\"wordCount\":438,\"publisher\":{\"@id\":\"https:\/\/femergs.com.br\/wfe\/#organization\"},\"keywords\":[\"NULL\"],\"articleSection\":[\"ARQUIVADAS\"],\"inLanguage\":\"pt-BR\"},{\"@type\":\"WebPage\",\"@id\":\"https:\/\/femergs.com.br\/wfe\/blog\/femergs-presente-nas-decisoes-referente-a-contribuicao-sindical\/\",\"url\":\"https:\/\/femergs.com.br\/wfe\/blog\/femergs-presente-nas-decisoes-referente-a-contribuicao-sindical\/\",\"name\":\"FEMERGS PRESENTE NAS DECIS\u00d5ES REFERENTE A CONTRIBUI\u00c7\u00c3O SINDICAL - Federa\u00e7\u00e3o dos Municip\u00e1rios do Estado do Rio Grande do Sul\",\"isPartOf\":{\"@id\":\"https:\/\/femergs.com.br\/wfe\/#website\"},\"datePublished\":\"2018-09-19T09:44:21+00:00\",\"breadcrumb\":{\"@id\":\"https:\/\/femergs.com.br\/wfe\/blog\/femergs-presente-nas-decisoes-referente-a-contribuicao-sindical\/#breadcrumb\"},\"inLanguage\":\"pt-BR\",\"potentialAction\":[{\"@type\":\"ReadAction\",\"target\":[\"https:\/\/femergs.com.br\/wfe\/blog\/femergs-presente-nas-decisoes-referente-a-contribuicao-sindical\/\"]}]},{\"@type\":\"BreadcrumbList\",\"@id\":\"https:\/\/femergs.com.br\/wfe\/blog\/femergs-presente-nas-decisoes-referente-a-contribuicao-sindical\/#breadcrumb\",\"itemListElement\":[{\"@type\":\"ListItem\",\"position\":1,\"name\":\"In\u00edcio\",\"item\":\"https:\/\/femergs.com.br\/wfe\/\"},{\"@type\":\"ListItem\",\"position\":2,\"name\":\"FEMERGS PRESENTE NAS DECIS\u00d5ES REFERENTE A CONTRIBUI\u00c7\u00c3O SINDICAL\"}]},{\"@type\":\"WebSite\",\"@id\":\"https:\/\/femergs.com.br\/wfe\/#website\",\"url\":\"https:\/\/femergs.com.br\/wfe\/\",\"name\":\"FEMERGS\",\"description\":\"FEDERA\u00c7\u00c3O DOS MUNICIP\u00c1RIOS DO ESTADO DO RIO GRANDE DO SUL\",\"publisher\":{\"@id\":\"https:\/\/femergs.com.br\/wfe\/#organization\"},\"potentialAction\":[{\"@type\":\"SearchAction\",\"target\":{\"@type\":\"EntryPoint\",\"urlTemplate\":\"https:\/\/femergs.com.br\/wfe\/?s={search_term_string}\"},\"query-input\":{\"@type\":\"PropertyValueSpecification\",\"valueRequired\":true,\"valueName\":\"search_term_string\"}}],\"inLanguage\":\"pt-BR\"},{\"@type\":\"Organization\",\"@id\":\"https:\/\/femergs.com.br\/wfe\/#organization\",\"name\":\"FEMERGS\",\"url\":\"https:\/\/femergs.com.br\/wfe\/\",\"logo\":{\"@type\":\"ImageObject\",\"inLanguage\":\"pt-BR\",\"@id\":\"https:\/\/femergs.com.br\/wfe\/#\/schema\/logo\/image\/\",\"url\":\"https:\/\/femergs.com.br\/wfe\/wp-content\/uploads\/2025\/06\/logotipo.png\",\"contentUrl\":\"https:\/\/femergs.com.br\/wfe\/wp-content\/uploads\/2025\/06\/logotipo.png\",\"width\":500,\"height\":500,\"caption\":\"FEMERGS\"},\"image\":{\"@id\":\"https:\/\/femergs.com.br\/wfe\/#\/schema\/logo\/image\/\"},\"sameAs\":[\"https:\/\/www.facebook.com\/profile.php?id=100057151733001\",\"https:\/\/www.instagram.com\/femergs_rs\/\"]},{\"@type\":\"Person\",\"@id\":\"https:\/\/femergs.com.br\/wfe\/#\/schema\/person\/f5558e6b5ffc044ee085016237dedb7f\",\"name\":\"adminfemergs\",\"image\":{\"@type\":\"ImageObject\",\"inLanguage\":\"pt-BR\",\"@id\":\"https:\/\/femergs.com.br\/wfe\/#\/schema\/person\/image\/\",\"url\":\"https:\/\/secure.gravatar.com\/avatar\/398642fa557cdd524617ad9b31c938845f071aeb3448b9c0aeb29aefc495337b?s=96&d=mm&r=g\",\"contentUrl\":\"https:\/\/secure.gravatar.com\/avatar\/398642fa557cdd524617ad9b31c938845f071aeb3448b9c0aeb29aefc495337b?s=96&d=mm&r=g\",\"caption\":\"adminfemergs\"},\"sameAs\":[\"https:\/\/femergs.com.br\/wfe\"],\"url\":\"https:\/\/femergs.com.br\/wfe\/blog\/author\/adminfemergs\/\"}]}<\/script>\n<!-- \/ Yoast SEO plugin. -->","yoast_head_json":{"title":"FEMERGS PRESENTE NAS DECIS\u00d5ES REFERENTE A CONTRIBUI\u00c7\u00c3O SINDICAL - Federa\u00e7\u00e3o dos Municip\u00e1rios do Estado do Rio Grande do Sul","robots":{"index":"index","follow":"follow","max-snippet":"max-snippet:-1","max-image-preview":"max-image-preview:large","max-video-preview":"max-video-preview:-1"},"canonical":"https:\/\/femergs.com.br\/wfe\/blog\/femergs-presente-nas-decisoes-referente-a-contribuicao-sindical\/","og_locale":"pt_BR","og_type":"article","og_title":"FEMERGS PRESENTE NAS DECIS\u00d5ES REFERENTE A CONTRIBUI\u00c7\u00c3O SINDICAL - Federa\u00e7\u00e3o dos Municip\u00e1rios do Estado do Rio Grande do Sul","og_description":"A FEMERGS \u2013 FEDERA\u00c7\u00c3O DOS MUNICIP\u00c1RIOS DO ESTADO DO RIO GRANDE DO SUL, continua na luta para a viabiliza\u00e7\u00e3o financeira das entidades sindicais, depois do julgamento da do STF considerando a Lei 13.467 como constitucional, tirando a obrigatoriedade da Contribui\u00e7\u00e3o Sindical. Defendemos que \u00e9 l\u00edcita a autoriza\u00e7\u00e3o coletiva pr\u00e9via e expressa para o desconto das [&hellip;]","og_url":"https:\/\/femergs.com.br\/wfe\/blog\/femergs-presente-nas-decisoes-referente-a-contribuicao-sindical\/","og_site_name":"Federa\u00e7\u00e3o dos Municip\u00e1rios do Estado do Rio Grande do Sul","article_publisher":"https:\/\/www.facebook.com\/profile.php?id=100057151733001","article_published_time":"2018-09-19T09:44:21+00:00","author":"adminfemergs","twitter_card":"summary_large_image","twitter_misc":{"Escrito por":"adminfemergs","Est. tempo de leitura":"2 minutos"},"schema":{"@context":"https:\/\/schema.org","@graph":[{"@type":"Article","@id":"https:\/\/femergs.com.br\/wfe\/blog\/femergs-presente-nas-decisoes-referente-a-contribuicao-sindical\/#article","isPartOf":{"@id":"https:\/\/femergs.com.br\/wfe\/blog\/femergs-presente-nas-decisoes-referente-a-contribuicao-sindical\/"},"author":{"name":"adminfemergs","@id":"https:\/\/femergs.com.br\/wfe\/#\/schema\/person\/f5558e6b5ffc044ee085016237dedb7f"},"headline":"FEMERGS PRESENTE NAS DECIS\u00d5ES REFERENTE A CONTRIBUI\u00c7\u00c3O SINDICAL","datePublished":"2018-09-19T09:44:21+00:00","mainEntityOfPage":{"@id":"https:\/\/femergs.com.br\/wfe\/blog\/femergs-presente-nas-decisoes-referente-a-contribuicao-sindical\/"},"wordCount":438,"publisher":{"@id":"https:\/\/femergs.com.br\/wfe\/#organization"},"keywords":["NULL"],"articleSection":["ARQUIVADAS"],"inLanguage":"pt-BR"},{"@type":"WebPage","@id":"https:\/\/femergs.com.br\/wfe\/blog\/femergs-presente-nas-decisoes-referente-a-contribuicao-sindical\/","url":"https:\/\/femergs.com.br\/wfe\/blog\/femergs-presente-nas-decisoes-referente-a-contribuicao-sindical\/","name":"FEMERGS PRESENTE NAS DECIS\u00d5ES REFERENTE A CONTRIBUI\u00c7\u00c3O SINDICAL - Federa\u00e7\u00e3o dos Municip\u00e1rios do Estado do Rio Grande do Sul","isPartOf":{"@id":"https:\/\/femergs.com.br\/wfe\/#website"},"datePublished":"2018-09-19T09:44:21+00:00","breadcrumb":{"@id":"https:\/\/femergs.com.br\/wfe\/blog\/femergs-presente-nas-decisoes-referente-a-contribuicao-sindical\/#breadcrumb"},"inLanguage":"pt-BR","potentialAction":[{"@type":"ReadAction","target":["https:\/\/femergs.com.br\/wfe\/blog\/femergs-presente-nas-decisoes-referente-a-contribuicao-sindical\/"]}]},{"@type":"BreadcrumbList","@id":"https:\/\/femergs.com.br\/wfe\/blog\/femergs-presente-nas-decisoes-referente-a-contribuicao-sindical\/#breadcrumb","itemListElement":[{"@type":"ListItem","position":1,"name":"In\u00edcio","item":"https:\/\/femergs.com.br\/wfe\/"},{"@type":"ListItem","position":2,"name":"FEMERGS PRESENTE NAS DECIS\u00d5ES REFERENTE A CONTRIBUI\u00c7\u00c3O SINDICAL"}]},{"@type":"WebSite","@id":"https:\/\/femergs.com.br\/wfe\/#website","url":"https:\/\/femergs.com.br\/wfe\/","name":"FEMERGS","description":"FEDERA\u00c7\u00c3O DOS MUNICIP\u00c1RIOS DO ESTADO DO RIO GRANDE DO SUL","publisher":{"@id":"https:\/\/femergs.com.br\/wfe\/#organization"},"potentialAction":[{"@type":"SearchAction","target":{"@type":"EntryPoint","urlTemplate":"https:\/\/femergs.com.br\/wfe\/?s={search_term_string}"},"query-input":{"@type":"PropertyValueSpecification","valueRequired":true,"valueName":"search_term_string"}}],"inLanguage":"pt-BR"},{"@type":"Organization","@id":"https:\/\/femergs.com.br\/wfe\/#organization","name":"FEMERGS","url":"https:\/\/femergs.com.br\/wfe\/","logo":{"@type":"ImageObject","inLanguage":"pt-BR","@id":"https:\/\/femergs.com.br\/wfe\/#\/schema\/logo\/image\/","url":"https:\/\/femergs.com.br\/wfe\/wp-content\/uploads\/2025\/06\/logotipo.png","contentUrl":"https:\/\/femergs.com.br\/wfe\/wp-content\/uploads\/2025\/06\/logotipo.png","width":500,"height":500,"caption":"FEMERGS"},"image":{"@id":"https:\/\/femergs.com.br\/wfe\/#\/schema\/logo\/image\/"},"sameAs":["https:\/\/www.facebook.com\/profile.php?id=100057151733001","https:\/\/www.instagram.com\/femergs_rs\/"]},{"@type":"Person","@id":"https:\/\/femergs.com.br\/wfe\/#\/schema\/person\/f5558e6b5ffc044ee085016237dedb7f","name":"adminfemergs","image":{"@type":"ImageObject","inLanguage":"pt-BR","@id":"https:\/\/femergs.com.br\/wfe\/#\/schema\/person\/image\/","url":"https:\/\/secure.gravatar.com\/avatar\/398642fa557cdd524617ad9b31c938845f071aeb3448b9c0aeb29aefc495337b?s=96&d=mm&r=g","contentUrl":"https:\/\/secure.gravatar.com\/avatar\/398642fa557cdd524617ad9b31c938845f071aeb3448b9c0aeb29aefc495337b?s=96&d=mm&r=g","caption":"adminfemergs"},"sameAs":["https:\/\/femergs.com.br\/wfe"],"url":"https:\/\/femergs.com.br\/wfe\/blog\/author\/adminfemergs\/"}]}},"uagb_featured_image_src":{"full":false,"thumbnail":false,"medium":false,"medium_large":false,"large":false,"1536x1536":false,"2048x2048":false,"ultp_layout_landscape_large":false,"ultp_layout_landscape":false,"ultp_layout_portrait":false,"ultp_layout_square":false},"uagb_author_info":{"display_name":"adminfemergs","author_link":"https:\/\/femergs.com.br\/wfe\/blog\/author\/adminfemergs\/"},"uagb_comment_info":0,"uagb_excerpt":"A FEMERGS \u2013 FEDERA\u00c7\u00c3O DOS MUNICIP\u00c1RIOS DO ESTADO DO RIO GRANDE DO SUL, continua na luta para a viabiliza\u00e7\u00e3o financeira das entidades sindicais, depois do julgamento da do STF considerando a Lei 13.467 como constitucional, tirando a obrigatoriedade da Contribui\u00e7\u00e3o Sindical. Defendemos que \u00e9 l\u00edcita a autoriza\u00e7\u00e3o coletiva pr\u00e9via e expressa para o desconto das&hellip;","_links":{"self":[{"href":"https:\/\/femergs.com.br\/wfe\/wp-json\/wp\/v2\/posts\/1151","targetHints":{"allow":["GET"]}}],"collection":[{"href":"https:\/\/femergs.com.br\/wfe\/wp-json\/wp\/v2\/posts"}],"about":[{"href":"https:\/\/femergs.com.br\/wfe\/wp-json\/wp\/v2\/types\/post"}],"author":[{"embeddable":true,"href":"https:\/\/femergs.com.br\/wfe\/wp-json\/wp\/v2\/users\/1"}],"replies":[{"embeddable":true,"href":"https:\/\/femergs.com.br\/wfe\/wp-json\/wp\/v2\/comments?post=1151"}],"version-history":[{"count":0,"href":"https:\/\/femergs.com.br\/wfe\/wp-json\/wp\/v2\/posts\/1151\/revisions"}],"wp:attachment":[{"href":"https:\/\/femergs.com.br\/wfe\/wp-json\/wp\/v2\/media?parent=1151"}],"wp:term":[{"taxonomy":"category","embeddable":true,"href":"https:\/\/femergs.com.br\/wfe\/wp-json\/wp\/v2\/categories?post=1151"},{"taxonomy":"post_tag","embeddable":true,"href":"https:\/\/femergs.com.br\/wfe\/wp-json\/wp\/v2\/tags?post=1151"}],"curies":[{"name":"wp","href":"https:\/\/api.w.org\/{rel}","templated":true}]}}