{"id":1152,"date":"2018-09-21T21:16:33","date_gmt":"2018-09-21T21:16:33","guid":{"rendered":"https:\/\/femergs.com.br\/wfe\/blog\/10-acoes-urgentes-contra-as-desigualdades-no-brasil\/"},"modified":"2018-09-21T21:16:33","modified_gmt":"2018-09-21T21:16:33","slug":"10-acoes-urgentes-contra-as-desigualdades-no-brasil","status":"publish","type":"post","link":"https:\/\/femergs.com.br\/wfe\/blog\/10-acoes-urgentes-contra-as-desigualdades-no-brasil\/","title":{"rendered":"10 A\u00e7\u00f5es Urgentes Contra as Desigualdades no Brasil"},"content":{"rendered":"<p>A Oxfam Brasil lan\u00e7ou no dia 04\/09 uma campanha com a\u00e7\u00f5es para combater as desigualdades no Brasil, visando \u00e1s elei\u00e7\u00f5es 2018.<\/p>\n<p>Segundo a entidade, que \u00e9 uma organiza\u00e7\u00e3o apartid\u00e1ria e n\u00e3o vinculada a governos e institui\u00e7\u00f5es religiosas, que tem como objetivo combater as desigualdades, a pobreza e as injusti\u00e7as no mundo, a lista das a\u00e7\u00f5es tem como objetivo apoiar o eleitor na identifica\u00e7\u00e3o de candidatos e candidatas que tenham propostas para reduzir as desigualdades no pa\u00eds e garantir uma vida com mais e melhores oportunidades \u00e0 popula\u00e7\u00e3o.<\/p>\n<p>As dez a\u00e7\u00f5es s\u00e3o as seguintes:<\/p>\n<p>1) Priorizar o enfrentamento ao racismo, um dos fatores estruturantes das desigualdades no Brasil, propondo pol\u00edticas p\u00fablicas para atacar o problema.<\/p>\n<p>2) Equilibrar o sistema tribut\u00e1rio, reduzindo o peso da tributa\u00e7\u00e3o sobre o consumo (indireta) e aumentando o peso da tributa\u00e7\u00e3o sobre patrim\u00f4nio e renda (direta) do topo da pir\u00e2mide social.<\/p>\n<p>3) Promover a oferta de trabalho formal e decente para todas e todos e rever a reforma trabalhista no tocante \u00e0 perda de direitos dos trabalhadores e trabalhadoras.<\/p>\n<p>4) Revoga\u00e7\u00e3o da Emenda Constitucional 95 que criou o Teto dos Gastos, direcionando o ajuste fiscal para aqueles setores beneficiados por pol\u00edticas de incentivos, isen\u00e7\u00f5es de impostos, baixa tributa\u00e7\u00e3o e privil\u00e9gios corporativos, e n\u00e3o \u00e0s custas de pol\u00edticas sociais fundamentais para a maioria da popula\u00e7\u00e3o.<\/p>\n<p>5) Priorizar o enfrentamento \u00e0 discrimina\u00e7\u00e3o contra as mulheres, um dos fatores estruturantes das desigualdades no Brasil, propondo pol\u00edticas p\u00fablicas para atacar o problema.<\/p>\n<p>6) Restabelecer a tributa\u00e7\u00e3o sobre lucros e dividendos e aumentar a tributa\u00e7\u00e3o sobre heran\u00e7a de maneira progressiva.<\/p>\n<p>7) Fortalecer a a agricultura familiar e retomar a agenda de reforma agr\u00e1ria.<\/p>\n<p>8) Reduzir as isen\u00e7\u00f5es fiscais e aumentar os investimentos em pol\u00edticas p\u00fablicas e servi\u00e7os b\u00e1sicos como educa\u00e7\u00e3o (implementa\u00e7\u00e3o do Plano Nacional de Educa\u00e7\u00e3o) e sa\u00fade (fortalecimento do Sistema \u00danico de Sa\u00fade).<\/p>\n<p>9) Melhorar a qualidade, a progressividade e a transpar\u00eancia do gasto p\u00fablico, e redefinir as prioridades no controle desse gasto, fortalecendo mecanismos que permitam seu monitoramento por cidad\u00e3os e cidad\u00e3s, organiza\u00e7\u00f5es da sociedade civil e \u00f3rg\u00e3os p\u00fablicos de controle.<\/p>\n<p>10) Fortalecer mecanismos de combate \u00e0 corrup\u00e7\u00e3o, avan\u00e7ando em reformas pol\u00edticas espec\u00edficas que reaproximem a popula\u00e7\u00e3o brasileira das institui\u00e7\u00f5es p\u00fablicas e pol\u00edticas do pa\u00eds.<\/p>\n<p>A lista completa pode ser acessada no site da Oxfam, no link:<\/p>\n<p><a href=\"https:\/\/www.oxfam.org.br\/10-acoes-urgentes-contra-as-desigualdades-no-brasil\">https:\/\/www.oxfam.org.br\/10-acoes-urgentes-contra-as-desigualdades-no-brasil<\/a><\/p>\n<p>V\u00eddeos sobre as 10 a\u00e7\u00f5es ser\u00e3o disponibilizados a partir de hoje, 10\/09\/2018, tamb\u00e9m no site da entidade, trazendo esclarecimentos e relatos sobre os pontos apresentados.<\/p>\n<p><a href=\"http:\/\/ijf.org.br\/?p=3247\">http:\/\/ijf.org.br\/?p=3247<\/a><\/p>\n","protected":false},"excerpt":{"rendered":"<p>A Oxfam Brasil lan\u00e7ou no dia 04\/09 uma campanha com a\u00e7\u00f5es para combater as desigualdades no Brasil, visando \u00e1s elei\u00e7\u00f5es 2018. Segundo a entidade, que \u00e9 uma organiza\u00e7\u00e3o apartid\u00e1ria e n\u00e3o vinculada a governos e institui\u00e7\u00f5es religiosas, que tem como objetivo combater as desigualdades, a pobreza e as injusti\u00e7as no mundo, a lista das a\u00e7\u00f5es [&hellip;]<\/p>\n","protected":false},"author":1,"featured_media":0,"comment_status":"closed","ping_status":"closed","sticky":false,"template":"","format":"standard","meta":{"_eb_attr":"","_uag_custom_page_level_css":"","fifu_image_url":"","fifu_image_alt":"","footnotes":""},"categories":[1],"tags":[32],"class_list":["post-1152","post","type-post","status-publish","format-standard","hentry","category-arquivadas","tag-null"],"yoast_head":"<!-- This site is optimized with the Yoast SEO plugin v27.1.1 - https:\/\/yoast.com\/product\/yoast-seo-wordpress\/ -->\n<title>10 A\u00e7\u00f5es Urgentes Contra as Desigualdades no Brasil - Federa\u00e7\u00e3o dos Municip\u00e1rios do Estado do Rio Grande do Sul<\/title>\n<meta name=\"robots\" content=\"index, follow, max-snippet:-1, max-image-preview:large, max-video-preview:-1\" \/>\n<link rel=\"canonical\" href=\"https:\/\/femergs.com.br\/wfe\/blog\/10-acoes-urgentes-contra-as-desigualdades-no-brasil\/\" \/>\n<meta property=\"og:locale\" content=\"pt_BR\" \/>\n<meta property=\"og:type\" content=\"article\" \/>\n<meta property=\"og:title\" content=\"10 A\u00e7\u00f5es Urgentes Contra as Desigualdades no Brasil - Federa\u00e7\u00e3o dos Municip\u00e1rios do Estado do Rio Grande do Sul\" \/>\n<meta property=\"og:description\" content=\"A Oxfam Brasil lan\u00e7ou no dia 04\/09 uma campanha com a\u00e7\u00f5es para combater as desigualdades no Brasil, visando \u00e1s elei\u00e7\u00f5es 2018. Segundo a entidade, que \u00e9 uma organiza\u00e7\u00e3o apartid\u00e1ria e n\u00e3o vinculada a governos e institui\u00e7\u00f5es religiosas, que tem como objetivo combater as desigualdades, a pobreza e as injusti\u00e7as no mundo, a lista das a\u00e7\u00f5es [&hellip;]\" \/>\n<meta property=\"og:url\" content=\"https:\/\/femergs.com.br\/wfe\/blog\/10-acoes-urgentes-contra-as-desigualdades-no-brasil\/\" \/>\n<meta property=\"og:site_name\" content=\"Federa\u00e7\u00e3o dos Municip\u00e1rios do Estado do Rio Grande do Sul\" \/>\n<meta property=\"article:publisher\" content=\"https:\/\/www.facebook.com\/profile.php?id=100057151733001\" \/>\n<meta property=\"article:published_time\" content=\"2018-09-21T21:16:33+00:00\" \/>\n<meta name=\"author\" content=\"adminfemergs\" \/>\n<meta name=\"twitter:card\" content=\"summary_large_image\" \/>\n<meta name=\"twitter:label1\" content=\"Escrito por\" \/>\n\t<meta name=\"twitter:data1\" content=\"adminfemergs\" \/>\n\t<meta name=\"twitter:label2\" content=\"Est. tempo de leitura\" \/>\n\t<meta name=\"twitter:data2\" content=\"2 minutos\" \/>\n<script type=\"application\/ld+json\" class=\"yoast-schema-graph\">{\"@context\":\"https:\/\/schema.org\",\"@graph\":[{\"@type\":\"Article\",\"@id\":\"https:\/\/femergs.com.br\/wfe\/blog\/10-acoes-urgentes-contra-as-desigualdades-no-brasil\/#article\",\"isPartOf\":{\"@id\":\"https:\/\/femergs.com.br\/wfe\/blog\/10-acoes-urgentes-contra-as-desigualdades-no-brasil\/\"},\"author\":{\"name\":\"adminfemergs\",\"@id\":\"https:\/\/femergs.com.br\/wfe\/#\/schema\/person\/f5558e6b5ffc044ee085016237dedb7f\"},\"headline\":\"10 A\u00e7\u00f5es Urgentes Contra as Desigualdades no Brasil\",\"datePublished\":\"2018-09-21T21:16:33+00:00\",\"mainEntityOfPage\":{\"@id\":\"https:\/\/femergs.com.br\/wfe\/blog\/10-acoes-urgentes-contra-as-desigualdades-no-brasil\/\"},\"wordCount\":467,\"publisher\":{\"@id\":\"https:\/\/femergs.com.br\/wfe\/#organization\"},\"keywords\":[\"NULL\"],\"articleSection\":[\"ARQUIVADAS\"],\"inLanguage\":\"pt-BR\"},{\"@type\":\"WebPage\",\"@id\":\"https:\/\/femergs.com.br\/wfe\/blog\/10-acoes-urgentes-contra-as-desigualdades-no-brasil\/\",\"url\":\"https:\/\/femergs.com.br\/wfe\/blog\/10-acoes-urgentes-contra-as-desigualdades-no-brasil\/\",\"name\":\"10 A\u00e7\u00f5es Urgentes Contra as Desigualdades no Brasil - Federa\u00e7\u00e3o dos Municip\u00e1rios do Estado do Rio Grande do Sul\",\"isPartOf\":{\"@id\":\"https:\/\/femergs.com.br\/wfe\/#website\"},\"datePublished\":\"2018-09-21T21:16:33+00:00\",\"breadcrumb\":{\"@id\":\"https:\/\/femergs.com.br\/wfe\/blog\/10-acoes-urgentes-contra-as-desigualdades-no-brasil\/#breadcrumb\"},\"inLanguage\":\"pt-BR\",\"potentialAction\":[{\"@type\":\"ReadAction\",\"target\":[\"https:\/\/femergs.com.br\/wfe\/blog\/10-acoes-urgentes-contra-as-desigualdades-no-brasil\/\"]}]},{\"@type\":\"BreadcrumbList\",\"@id\":\"https:\/\/femergs.com.br\/wfe\/blog\/10-acoes-urgentes-contra-as-desigualdades-no-brasil\/#breadcrumb\",\"itemListElement\":[{\"@type\":\"ListItem\",\"position\":1,\"name\":\"In\u00edcio\",\"item\":\"https:\/\/femergs.com.br\/wfe\/\"},{\"@type\":\"ListItem\",\"position\":2,\"name\":\"10 A\u00e7\u00f5es Urgentes Contra as Desigualdades no Brasil\"}]},{\"@type\":\"WebSite\",\"@id\":\"https:\/\/femergs.com.br\/wfe\/#website\",\"url\":\"https:\/\/femergs.com.br\/wfe\/\",\"name\":\"FEMERGS\",\"description\":\"FEDERA\u00c7\u00c3O DOS MUNICIP\u00c1RIOS DO ESTADO DO RIO GRANDE DO SUL\",\"publisher\":{\"@id\":\"https:\/\/femergs.com.br\/wfe\/#organization\"},\"potentialAction\":[{\"@type\":\"SearchAction\",\"target\":{\"@type\":\"EntryPoint\",\"urlTemplate\":\"https:\/\/femergs.com.br\/wfe\/?s={search_term_string}\"},\"query-input\":{\"@type\":\"PropertyValueSpecification\",\"valueRequired\":true,\"valueName\":\"search_term_string\"}}],\"inLanguage\":\"pt-BR\"},{\"@type\":\"Organization\",\"@id\":\"https:\/\/femergs.com.br\/wfe\/#organization\",\"name\":\"FEMERGS\",\"url\":\"https:\/\/femergs.com.br\/wfe\/\",\"logo\":{\"@type\":\"ImageObject\",\"inLanguage\":\"pt-BR\",\"@id\":\"https:\/\/femergs.com.br\/wfe\/#\/schema\/logo\/image\/\",\"url\":\"https:\/\/femergs.com.br\/wfe\/wp-content\/uploads\/2025\/06\/logotipo.png\",\"contentUrl\":\"https:\/\/femergs.com.br\/wfe\/wp-content\/uploads\/2025\/06\/logotipo.png\",\"width\":500,\"height\":500,\"caption\":\"FEMERGS\"},\"image\":{\"@id\":\"https:\/\/femergs.com.br\/wfe\/#\/schema\/logo\/image\/\"},\"sameAs\":[\"https:\/\/www.facebook.com\/profile.php?id=100057151733001\",\"https:\/\/www.instagram.com\/femergs_rs\/\"]},{\"@type\":\"Person\",\"@id\":\"https:\/\/femergs.com.br\/wfe\/#\/schema\/person\/f5558e6b5ffc044ee085016237dedb7f\",\"name\":\"adminfemergs\",\"image\":{\"@type\":\"ImageObject\",\"inLanguage\":\"pt-BR\",\"@id\":\"https:\/\/femergs.com.br\/wfe\/#\/schema\/person\/image\/\",\"url\":\"https:\/\/secure.gravatar.com\/avatar\/398642fa557cdd524617ad9b31c938845f071aeb3448b9c0aeb29aefc495337b?s=96&d=mm&r=g\",\"contentUrl\":\"https:\/\/secure.gravatar.com\/avatar\/398642fa557cdd524617ad9b31c938845f071aeb3448b9c0aeb29aefc495337b?s=96&d=mm&r=g\",\"caption\":\"adminfemergs\"},\"sameAs\":[\"https:\/\/femergs.com.br\/wfe\"],\"url\":\"https:\/\/femergs.com.br\/wfe\/blog\/author\/adminfemergs\/\"}]}<\/script>\n<!-- \/ Yoast SEO plugin. -->","yoast_head_json":{"title":"10 A\u00e7\u00f5es Urgentes Contra as Desigualdades no Brasil - Federa\u00e7\u00e3o dos Municip\u00e1rios do Estado do Rio Grande do Sul","robots":{"index":"index","follow":"follow","max-snippet":"max-snippet:-1","max-image-preview":"max-image-preview:large","max-video-preview":"max-video-preview:-1"},"canonical":"https:\/\/femergs.com.br\/wfe\/blog\/10-acoes-urgentes-contra-as-desigualdades-no-brasil\/","og_locale":"pt_BR","og_type":"article","og_title":"10 A\u00e7\u00f5es Urgentes Contra as Desigualdades no Brasil - Federa\u00e7\u00e3o dos Municip\u00e1rios do Estado do Rio Grande do Sul","og_description":"A Oxfam Brasil lan\u00e7ou no dia 04\/09 uma campanha com a\u00e7\u00f5es para combater as desigualdades no Brasil, visando \u00e1s elei\u00e7\u00f5es 2018. Segundo a entidade, que \u00e9 uma organiza\u00e7\u00e3o apartid\u00e1ria e n\u00e3o vinculada a governos e institui\u00e7\u00f5es religiosas, que tem como objetivo combater as desigualdades, a pobreza e as injusti\u00e7as no mundo, a lista das a\u00e7\u00f5es [&hellip;]","og_url":"https:\/\/femergs.com.br\/wfe\/blog\/10-acoes-urgentes-contra-as-desigualdades-no-brasil\/","og_site_name":"Federa\u00e7\u00e3o dos Municip\u00e1rios do Estado do Rio Grande do Sul","article_publisher":"https:\/\/www.facebook.com\/profile.php?id=100057151733001","article_published_time":"2018-09-21T21:16:33+00:00","author":"adminfemergs","twitter_card":"summary_large_image","twitter_misc":{"Escrito por":"adminfemergs","Est. tempo de leitura":"2 minutos"},"schema":{"@context":"https:\/\/schema.org","@graph":[{"@type":"Article","@id":"https:\/\/femergs.com.br\/wfe\/blog\/10-acoes-urgentes-contra-as-desigualdades-no-brasil\/#article","isPartOf":{"@id":"https:\/\/femergs.com.br\/wfe\/blog\/10-acoes-urgentes-contra-as-desigualdades-no-brasil\/"},"author":{"name":"adminfemergs","@id":"https:\/\/femergs.com.br\/wfe\/#\/schema\/person\/f5558e6b5ffc044ee085016237dedb7f"},"headline":"10 A\u00e7\u00f5es Urgentes Contra as Desigualdades no Brasil","datePublished":"2018-09-21T21:16:33+00:00","mainEntityOfPage":{"@id":"https:\/\/femergs.com.br\/wfe\/blog\/10-acoes-urgentes-contra-as-desigualdades-no-brasil\/"},"wordCount":467,"publisher":{"@id":"https:\/\/femergs.com.br\/wfe\/#organization"},"keywords":["NULL"],"articleSection":["ARQUIVADAS"],"inLanguage":"pt-BR"},{"@type":"WebPage","@id":"https:\/\/femergs.com.br\/wfe\/blog\/10-acoes-urgentes-contra-as-desigualdades-no-brasil\/","url":"https:\/\/femergs.com.br\/wfe\/blog\/10-acoes-urgentes-contra-as-desigualdades-no-brasil\/","name":"10 A\u00e7\u00f5es Urgentes Contra as Desigualdades no Brasil - Federa\u00e7\u00e3o dos Municip\u00e1rios do Estado do Rio Grande do Sul","isPartOf":{"@id":"https:\/\/femergs.com.br\/wfe\/#website"},"datePublished":"2018-09-21T21:16:33+00:00","breadcrumb":{"@id":"https:\/\/femergs.com.br\/wfe\/blog\/10-acoes-urgentes-contra-as-desigualdades-no-brasil\/#breadcrumb"},"inLanguage":"pt-BR","potentialAction":[{"@type":"ReadAction","target":["https:\/\/femergs.com.br\/wfe\/blog\/10-acoes-urgentes-contra-as-desigualdades-no-brasil\/"]}]},{"@type":"BreadcrumbList","@id":"https:\/\/femergs.com.br\/wfe\/blog\/10-acoes-urgentes-contra-as-desigualdades-no-brasil\/#breadcrumb","itemListElement":[{"@type":"ListItem","position":1,"name":"In\u00edcio","item":"https:\/\/femergs.com.br\/wfe\/"},{"@type":"ListItem","position":2,"name":"10 A\u00e7\u00f5es Urgentes Contra as Desigualdades no Brasil"}]},{"@type":"WebSite","@id":"https:\/\/femergs.com.br\/wfe\/#website","url":"https:\/\/femergs.com.br\/wfe\/","name":"FEMERGS","description":"FEDERA\u00c7\u00c3O DOS MUNICIP\u00c1RIOS DO ESTADO DO RIO GRANDE DO SUL","publisher":{"@id":"https:\/\/femergs.com.br\/wfe\/#organization"},"potentialAction":[{"@type":"SearchAction","target":{"@type":"EntryPoint","urlTemplate":"https:\/\/femergs.com.br\/wfe\/?s={search_term_string}"},"query-input":{"@type":"PropertyValueSpecification","valueRequired":true,"valueName":"search_term_string"}}],"inLanguage":"pt-BR"},{"@type":"Organization","@id":"https:\/\/femergs.com.br\/wfe\/#organization","name":"FEMERGS","url":"https:\/\/femergs.com.br\/wfe\/","logo":{"@type":"ImageObject","inLanguage":"pt-BR","@id":"https:\/\/femergs.com.br\/wfe\/#\/schema\/logo\/image\/","url":"https:\/\/femergs.com.br\/wfe\/wp-content\/uploads\/2025\/06\/logotipo.png","contentUrl":"https:\/\/femergs.com.br\/wfe\/wp-content\/uploads\/2025\/06\/logotipo.png","width":500,"height":500,"caption":"FEMERGS"},"image":{"@id":"https:\/\/femergs.com.br\/wfe\/#\/schema\/logo\/image\/"},"sameAs":["https:\/\/www.facebook.com\/profile.php?id=100057151733001","https:\/\/www.instagram.com\/femergs_rs\/"]},{"@type":"Person","@id":"https:\/\/femergs.com.br\/wfe\/#\/schema\/person\/f5558e6b5ffc044ee085016237dedb7f","name":"adminfemergs","image":{"@type":"ImageObject","inLanguage":"pt-BR","@id":"https:\/\/femergs.com.br\/wfe\/#\/schema\/person\/image\/","url":"https:\/\/secure.gravatar.com\/avatar\/398642fa557cdd524617ad9b31c938845f071aeb3448b9c0aeb29aefc495337b?s=96&d=mm&r=g","contentUrl":"https:\/\/secure.gravatar.com\/avatar\/398642fa557cdd524617ad9b31c938845f071aeb3448b9c0aeb29aefc495337b?s=96&d=mm&r=g","caption":"adminfemergs"},"sameAs":["https:\/\/femergs.com.br\/wfe"],"url":"https:\/\/femergs.com.br\/wfe\/blog\/author\/adminfemergs\/"}]}},"uagb_featured_image_src":{"full":false,"thumbnail":false,"medium":false,"medium_large":false,"large":false,"1536x1536":false,"2048x2048":false,"ultp_layout_landscape_large":false,"ultp_layout_landscape":false,"ultp_layout_portrait":false,"ultp_layout_square":false},"uagb_author_info":{"display_name":"adminfemergs","author_link":"https:\/\/femergs.com.br\/wfe\/blog\/author\/adminfemergs\/"},"uagb_comment_info":0,"uagb_excerpt":"A Oxfam Brasil lan\u00e7ou no dia 04\/09 uma campanha com a\u00e7\u00f5es para combater as desigualdades no Brasil, visando \u00e1s elei\u00e7\u00f5es 2018. Segundo a entidade, que \u00e9 uma organiza\u00e7\u00e3o apartid\u00e1ria e n\u00e3o vinculada a governos e institui\u00e7\u00f5es religiosas, que tem como objetivo combater as desigualdades, a pobreza e as injusti\u00e7as no mundo, a lista das a\u00e7\u00f5es&hellip;","_links":{"self":[{"href":"https:\/\/femergs.com.br\/wfe\/wp-json\/wp\/v2\/posts\/1152","targetHints":{"allow":["GET"]}}],"collection":[{"href":"https:\/\/femergs.com.br\/wfe\/wp-json\/wp\/v2\/posts"}],"about":[{"href":"https:\/\/femergs.com.br\/wfe\/wp-json\/wp\/v2\/types\/post"}],"author":[{"embeddable":true,"href":"https:\/\/femergs.com.br\/wfe\/wp-json\/wp\/v2\/users\/1"}],"replies":[{"embeddable":true,"href":"https:\/\/femergs.com.br\/wfe\/wp-json\/wp\/v2\/comments?post=1152"}],"version-history":[{"count":0,"href":"https:\/\/femergs.com.br\/wfe\/wp-json\/wp\/v2\/posts\/1152\/revisions"}],"wp:attachment":[{"href":"https:\/\/femergs.com.br\/wfe\/wp-json\/wp\/v2\/media?parent=1152"}],"wp:term":[{"taxonomy":"category","embeddable":true,"href":"https:\/\/femergs.com.br\/wfe\/wp-json\/wp\/v2\/categories?post=1152"},{"taxonomy":"post_tag","embeddable":true,"href":"https:\/\/femergs.com.br\/wfe\/wp-json\/wp\/v2\/tags?post=1152"}],"curies":[{"name":"wp","href":"https:\/\/api.w.org\/{rel}","templated":true}]}}