{"id":1153,"date":"2018-09-24T11:31:00","date_gmt":"2018-09-24T11:31:00","guid":{"rendered":"https:\/\/femergs.com.br\/wfe\/blog\/eleicao-coordenador-da-femergs-da-regional-amuceleiro\/"},"modified":"2018-09-24T11:31:00","modified_gmt":"2018-09-24T11:31:00","slug":"eleicao-coordenador-da-femergs-da-regional-amuceleiro","status":"publish","type":"post","link":"https:\/\/femergs.com.br\/wfe\/blog\/eleicao-coordenador-da-femergs-da-regional-amuceleiro\/","title":{"rendered":"Elei\u00e7\u00e3o Coordenador da FEMERGS da Regional AMUCELEIRO"},"content":{"rendered":"<p>\nNa quarta-feira, dia 19 de setembro de 2018, no Sindicato dos Municip\u00e1rios de Tr\u00eas Passos, em Tr\u00eas Passos &#8211; RS, ocorreu reuni\u00e3o da Regional CELEIRO da FEMERGS.<br \/>\nParticiparam desta reuni\u00e3o o Vice-Presidente da FEMERGS Sr. Jos\u00e9 Almada Martins, O Secret\u00e1rio Geral da FEMERGS Sr. Luciano dos Santos, o Assessor Jur\u00eddico da FEMERGS Sr. Jos\u00e9 Savio Hermes e o Sr. Mariano representando a Neo Executiva.<br \/>\nEstiveram presentes os representantes dos sindicatos de Municip\u00e1rios filiados a FEMERGS e um dos temas da reuni\u00e3o, foi a elei\u00e7\u00e3o da nova equipe de coordenadores da Regional Celeiro para o tri\u00eanio 2018\/2021.<br \/>\nForam eleitos:<\/p>\n<p><strong>* Coordenadora da Regional Celeiro<\/strong> &#8211; Sra Sil\u00e9ia Corr\u00eaa Mewes (reeleita) &#8211; Sindicato dos Municip\u00e1rios de Miragua\u00ed<br \/>\n<strong>* Vice-Coordenador da Regional Celeiro <\/strong>&#8211; Sr. M\u00e1rio Roberto Andres &#8211; Sindicato dos Municip\u00e1rios de Tr\u00eas Passos e<br \/>\n<strong>* Secret\u00e1rio da Regional Celeiro <\/strong>&#8211; Sr. Jocemar R. Vais &#8211; Sindicato dos Municip\u00e1rios de Braga.<\/p>\n<p>A FEMERGS deseja a este novo grupo eleito, que representa a Coordenadoria Regional CELEIRO da FEMERGS, uma boa energia para as lutas e tenham a certeza que podem contar sempre com a FEMERGS.<\/p>\n","protected":false},"excerpt":{"rendered":"<p>Na quarta-feira, dia 19 de setembro de 2018, no Sindicato dos Municip\u00e1rios de Tr\u00eas Passos, em Tr\u00eas Passos &#8211; RS, ocorreu reuni\u00e3o da Regional CELEIRO da FEMERGS. Participaram desta reuni\u00e3o o Vice-Presidente da FEMERGS Sr. Jos\u00e9 Almada Martins, O Secret\u00e1rio Geral da FEMERGS Sr. Luciano dos Santos, o Assessor Jur\u00eddico da FEMERGS Sr. Jos\u00e9 Savio [&hellip;]<\/p>\n","protected":false},"author":1,"featured_media":0,"comment_status":"closed","ping_status":"closed","sticky":false,"template":"","format":"standard","meta":{"_eb_attr":"","_uag_custom_page_level_css":"","fifu_image_url":"","fifu_image_alt":"","footnotes":""},"categories":[1],"tags":[32],"class_list":["post-1153","post","type-post","status-publish","format-standard","hentry","category-arquivadas","tag-null"],"yoast_head":"<!-- This site is optimized with the Yoast SEO plugin v27.1.1 - https:\/\/yoast.com\/product\/yoast-seo-wordpress\/ -->\n<title>Elei\u00e7\u00e3o Coordenador da FEMERGS da Regional AMUCELEIRO - Federa\u00e7\u00e3o dos Municip\u00e1rios do Estado do Rio Grande do Sul<\/title>\n<meta name=\"robots\" content=\"index, follow, max-snippet:-1, max-image-preview:large, max-video-preview:-1\" \/>\n<link rel=\"canonical\" href=\"https:\/\/femergs.com.br\/wfe\/blog\/eleicao-coordenador-da-femergs-da-regional-amuceleiro\/\" \/>\n<meta property=\"og:locale\" content=\"pt_BR\" \/>\n<meta property=\"og:type\" content=\"article\" \/>\n<meta property=\"og:title\" content=\"Elei\u00e7\u00e3o Coordenador da FEMERGS da Regional AMUCELEIRO - Federa\u00e7\u00e3o dos Municip\u00e1rios do Estado do Rio Grande do Sul\" \/>\n<meta property=\"og:description\" content=\"Na quarta-feira, dia 19 de setembro de 2018, no Sindicato dos Municip\u00e1rios de Tr\u00eas Passos, em Tr\u00eas Passos &#8211; RS, ocorreu reuni\u00e3o da Regional CELEIRO da FEMERGS. Participaram desta reuni\u00e3o o Vice-Presidente da FEMERGS Sr. Jos\u00e9 Almada Martins, O Secret\u00e1rio Geral da FEMERGS Sr. Luciano dos Santos, o Assessor Jur\u00eddico da FEMERGS Sr. Jos\u00e9 Savio [&hellip;]\" \/>\n<meta property=\"og:url\" content=\"https:\/\/femergs.com.br\/wfe\/blog\/eleicao-coordenador-da-femergs-da-regional-amuceleiro\/\" \/>\n<meta property=\"og:site_name\" content=\"Federa\u00e7\u00e3o dos Municip\u00e1rios do Estado do Rio Grande do Sul\" \/>\n<meta property=\"article:publisher\" content=\"https:\/\/www.facebook.com\/profile.php?id=100057151733001\" \/>\n<meta property=\"article:published_time\" content=\"2018-09-24T11:31:00+00:00\" \/>\n<meta name=\"author\" content=\"adminfemergs\" \/>\n<meta name=\"twitter:card\" content=\"summary_large_image\" \/>\n<meta name=\"twitter:label1\" content=\"Escrito por\" \/>\n\t<meta name=\"twitter:data1\" content=\"adminfemergs\" \/>\n\t<meta name=\"twitter:label2\" content=\"Est. tempo de leitura\" \/>\n\t<meta name=\"twitter:data2\" content=\"1 minuto\" \/>\n<script type=\"application\/ld+json\" class=\"yoast-schema-graph\">{\"@context\":\"https:\/\/schema.org\",\"@graph\":[{\"@type\":\"Article\",\"@id\":\"https:\/\/femergs.com.br\/wfe\/blog\/eleicao-coordenador-da-femergs-da-regional-amuceleiro\/#article\",\"isPartOf\":{\"@id\":\"https:\/\/femergs.com.br\/wfe\/blog\/eleicao-coordenador-da-femergs-da-regional-amuceleiro\/\"},\"author\":{\"name\":\"adminfemergs\",\"@id\":\"https:\/\/femergs.com.br\/wfe\/#\/schema\/person\/f5558e6b5ffc044ee085016237dedb7f\"},\"headline\":\"Elei\u00e7\u00e3o Coordenador da FEMERGS da Regional AMUCELEIRO\",\"datePublished\":\"2018-09-24T11:31:00+00:00\",\"mainEntityOfPage\":{\"@id\":\"https:\/\/femergs.com.br\/wfe\/blog\/eleicao-coordenador-da-femergs-da-regional-amuceleiro\/\"},\"wordCount\":203,\"publisher\":{\"@id\":\"https:\/\/femergs.com.br\/wfe\/#organization\"},\"keywords\":[\"NULL\"],\"articleSection\":[\"ARQUIVADAS\"],\"inLanguage\":\"pt-BR\"},{\"@type\":\"WebPage\",\"@id\":\"https:\/\/femergs.com.br\/wfe\/blog\/eleicao-coordenador-da-femergs-da-regional-amuceleiro\/\",\"url\":\"https:\/\/femergs.com.br\/wfe\/blog\/eleicao-coordenador-da-femergs-da-regional-amuceleiro\/\",\"name\":\"Elei\u00e7\u00e3o Coordenador da FEMERGS da Regional AMUCELEIRO - Federa\u00e7\u00e3o dos Municip\u00e1rios do Estado do Rio Grande do Sul\",\"isPartOf\":{\"@id\":\"https:\/\/femergs.com.br\/wfe\/#website\"},\"datePublished\":\"2018-09-24T11:31:00+00:00\",\"breadcrumb\":{\"@id\":\"https:\/\/femergs.com.br\/wfe\/blog\/eleicao-coordenador-da-femergs-da-regional-amuceleiro\/#breadcrumb\"},\"inLanguage\":\"pt-BR\",\"potentialAction\":[{\"@type\":\"ReadAction\",\"target\":[\"https:\/\/femergs.com.br\/wfe\/blog\/eleicao-coordenador-da-femergs-da-regional-amuceleiro\/\"]}]},{\"@type\":\"BreadcrumbList\",\"@id\":\"https:\/\/femergs.com.br\/wfe\/blog\/eleicao-coordenador-da-femergs-da-regional-amuceleiro\/#breadcrumb\",\"itemListElement\":[{\"@type\":\"ListItem\",\"position\":1,\"name\":\"In\u00edcio\",\"item\":\"https:\/\/femergs.com.br\/wfe\/\"},{\"@type\":\"ListItem\",\"position\":2,\"name\":\"Elei\u00e7\u00e3o Coordenador da FEMERGS da Regional AMUCELEIRO\"}]},{\"@type\":\"WebSite\",\"@id\":\"https:\/\/femergs.com.br\/wfe\/#website\",\"url\":\"https:\/\/femergs.com.br\/wfe\/\",\"name\":\"FEMERGS\",\"description\":\"FEDERA\u00c7\u00c3O DOS MUNICIP\u00c1RIOS DO ESTADO DO RIO GRANDE DO SUL\",\"publisher\":{\"@id\":\"https:\/\/femergs.com.br\/wfe\/#organization\"},\"potentialAction\":[{\"@type\":\"SearchAction\",\"target\":{\"@type\":\"EntryPoint\",\"urlTemplate\":\"https:\/\/femergs.com.br\/wfe\/?s={search_term_string}\"},\"query-input\":{\"@type\":\"PropertyValueSpecification\",\"valueRequired\":true,\"valueName\":\"search_term_string\"}}],\"inLanguage\":\"pt-BR\"},{\"@type\":\"Organization\",\"@id\":\"https:\/\/femergs.com.br\/wfe\/#organization\",\"name\":\"FEMERGS\",\"url\":\"https:\/\/femergs.com.br\/wfe\/\",\"logo\":{\"@type\":\"ImageObject\",\"inLanguage\":\"pt-BR\",\"@id\":\"https:\/\/femergs.com.br\/wfe\/#\/schema\/logo\/image\/\",\"url\":\"https:\/\/femergs.com.br\/wfe\/wp-content\/uploads\/2025\/06\/logotipo.png\",\"contentUrl\":\"https:\/\/femergs.com.br\/wfe\/wp-content\/uploads\/2025\/06\/logotipo.png\",\"width\":500,\"height\":500,\"caption\":\"FEMERGS\"},\"image\":{\"@id\":\"https:\/\/femergs.com.br\/wfe\/#\/schema\/logo\/image\/\"},\"sameAs\":[\"https:\/\/www.facebook.com\/profile.php?id=100057151733001\",\"https:\/\/www.instagram.com\/femergs_rs\/\"]},{\"@type\":\"Person\",\"@id\":\"https:\/\/femergs.com.br\/wfe\/#\/schema\/person\/f5558e6b5ffc044ee085016237dedb7f\",\"name\":\"adminfemergs\",\"image\":{\"@type\":\"ImageObject\",\"inLanguage\":\"pt-BR\",\"@id\":\"https:\/\/femergs.com.br\/wfe\/#\/schema\/person\/image\/\",\"url\":\"https:\/\/secure.gravatar.com\/avatar\/398642fa557cdd524617ad9b31c938845f071aeb3448b9c0aeb29aefc495337b?s=96&d=mm&r=g\",\"contentUrl\":\"https:\/\/secure.gravatar.com\/avatar\/398642fa557cdd524617ad9b31c938845f071aeb3448b9c0aeb29aefc495337b?s=96&d=mm&r=g\",\"caption\":\"adminfemergs\"},\"sameAs\":[\"https:\/\/femergs.com.br\/wfe\"],\"url\":\"https:\/\/femergs.com.br\/wfe\/blog\/author\/adminfemergs\/\"}]}<\/script>\n<!-- \/ Yoast SEO plugin. -->","yoast_head_json":{"title":"Elei\u00e7\u00e3o Coordenador da FEMERGS da Regional AMUCELEIRO - Federa\u00e7\u00e3o dos Municip\u00e1rios do Estado do Rio Grande do Sul","robots":{"index":"index","follow":"follow","max-snippet":"max-snippet:-1","max-image-preview":"max-image-preview:large","max-video-preview":"max-video-preview:-1"},"canonical":"https:\/\/femergs.com.br\/wfe\/blog\/eleicao-coordenador-da-femergs-da-regional-amuceleiro\/","og_locale":"pt_BR","og_type":"article","og_title":"Elei\u00e7\u00e3o Coordenador da FEMERGS da Regional AMUCELEIRO - Federa\u00e7\u00e3o dos Municip\u00e1rios do Estado do Rio Grande do Sul","og_description":"Na quarta-feira, dia 19 de setembro de 2018, no Sindicato dos Municip\u00e1rios de Tr\u00eas Passos, em Tr\u00eas Passos &#8211; RS, ocorreu reuni\u00e3o da Regional CELEIRO da FEMERGS. Participaram desta reuni\u00e3o o Vice-Presidente da FEMERGS Sr. Jos\u00e9 Almada Martins, O Secret\u00e1rio Geral da FEMERGS Sr. Luciano dos Santos, o Assessor Jur\u00eddico da FEMERGS Sr. Jos\u00e9 Savio [&hellip;]","og_url":"https:\/\/femergs.com.br\/wfe\/blog\/eleicao-coordenador-da-femergs-da-regional-amuceleiro\/","og_site_name":"Federa\u00e7\u00e3o dos Municip\u00e1rios do Estado do Rio Grande do Sul","article_publisher":"https:\/\/www.facebook.com\/profile.php?id=100057151733001","article_published_time":"2018-09-24T11:31:00+00:00","author":"adminfemergs","twitter_card":"summary_large_image","twitter_misc":{"Escrito por":"adminfemergs","Est. tempo de leitura":"1 minuto"},"schema":{"@context":"https:\/\/schema.org","@graph":[{"@type":"Article","@id":"https:\/\/femergs.com.br\/wfe\/blog\/eleicao-coordenador-da-femergs-da-regional-amuceleiro\/#article","isPartOf":{"@id":"https:\/\/femergs.com.br\/wfe\/blog\/eleicao-coordenador-da-femergs-da-regional-amuceleiro\/"},"author":{"name":"adminfemergs","@id":"https:\/\/femergs.com.br\/wfe\/#\/schema\/person\/f5558e6b5ffc044ee085016237dedb7f"},"headline":"Elei\u00e7\u00e3o Coordenador da FEMERGS da Regional AMUCELEIRO","datePublished":"2018-09-24T11:31:00+00:00","mainEntityOfPage":{"@id":"https:\/\/femergs.com.br\/wfe\/blog\/eleicao-coordenador-da-femergs-da-regional-amuceleiro\/"},"wordCount":203,"publisher":{"@id":"https:\/\/femergs.com.br\/wfe\/#organization"},"keywords":["NULL"],"articleSection":["ARQUIVADAS"],"inLanguage":"pt-BR"},{"@type":"WebPage","@id":"https:\/\/femergs.com.br\/wfe\/blog\/eleicao-coordenador-da-femergs-da-regional-amuceleiro\/","url":"https:\/\/femergs.com.br\/wfe\/blog\/eleicao-coordenador-da-femergs-da-regional-amuceleiro\/","name":"Elei\u00e7\u00e3o Coordenador da FEMERGS da Regional AMUCELEIRO - Federa\u00e7\u00e3o dos Municip\u00e1rios do Estado do Rio Grande do Sul","isPartOf":{"@id":"https:\/\/femergs.com.br\/wfe\/#website"},"datePublished":"2018-09-24T11:31:00+00:00","breadcrumb":{"@id":"https:\/\/femergs.com.br\/wfe\/blog\/eleicao-coordenador-da-femergs-da-regional-amuceleiro\/#breadcrumb"},"inLanguage":"pt-BR","potentialAction":[{"@type":"ReadAction","target":["https:\/\/femergs.com.br\/wfe\/blog\/eleicao-coordenador-da-femergs-da-regional-amuceleiro\/"]}]},{"@type":"BreadcrumbList","@id":"https:\/\/femergs.com.br\/wfe\/blog\/eleicao-coordenador-da-femergs-da-regional-amuceleiro\/#breadcrumb","itemListElement":[{"@type":"ListItem","position":1,"name":"In\u00edcio","item":"https:\/\/femergs.com.br\/wfe\/"},{"@type":"ListItem","position":2,"name":"Elei\u00e7\u00e3o Coordenador da FEMERGS da Regional AMUCELEIRO"}]},{"@type":"WebSite","@id":"https:\/\/femergs.com.br\/wfe\/#website","url":"https:\/\/femergs.com.br\/wfe\/","name":"FEMERGS","description":"FEDERA\u00c7\u00c3O DOS MUNICIP\u00c1RIOS DO ESTADO DO RIO GRANDE DO SUL","publisher":{"@id":"https:\/\/femergs.com.br\/wfe\/#organization"},"potentialAction":[{"@type":"SearchAction","target":{"@type":"EntryPoint","urlTemplate":"https:\/\/femergs.com.br\/wfe\/?s={search_term_string}"},"query-input":{"@type":"PropertyValueSpecification","valueRequired":true,"valueName":"search_term_string"}}],"inLanguage":"pt-BR"},{"@type":"Organization","@id":"https:\/\/femergs.com.br\/wfe\/#organization","name":"FEMERGS","url":"https:\/\/femergs.com.br\/wfe\/","logo":{"@type":"ImageObject","inLanguage":"pt-BR","@id":"https:\/\/femergs.com.br\/wfe\/#\/schema\/logo\/image\/","url":"https:\/\/femergs.com.br\/wfe\/wp-content\/uploads\/2025\/06\/logotipo.png","contentUrl":"https:\/\/femergs.com.br\/wfe\/wp-content\/uploads\/2025\/06\/logotipo.png","width":500,"height":500,"caption":"FEMERGS"},"image":{"@id":"https:\/\/femergs.com.br\/wfe\/#\/schema\/logo\/image\/"},"sameAs":["https:\/\/www.facebook.com\/profile.php?id=100057151733001","https:\/\/www.instagram.com\/femergs_rs\/"]},{"@type":"Person","@id":"https:\/\/femergs.com.br\/wfe\/#\/schema\/person\/f5558e6b5ffc044ee085016237dedb7f","name":"adminfemergs","image":{"@type":"ImageObject","inLanguage":"pt-BR","@id":"https:\/\/femergs.com.br\/wfe\/#\/schema\/person\/image\/","url":"https:\/\/secure.gravatar.com\/avatar\/398642fa557cdd524617ad9b31c938845f071aeb3448b9c0aeb29aefc495337b?s=96&d=mm&r=g","contentUrl":"https:\/\/secure.gravatar.com\/avatar\/398642fa557cdd524617ad9b31c938845f071aeb3448b9c0aeb29aefc495337b?s=96&d=mm&r=g","caption":"adminfemergs"},"sameAs":["https:\/\/femergs.com.br\/wfe"],"url":"https:\/\/femergs.com.br\/wfe\/blog\/author\/adminfemergs\/"}]}},"uagb_featured_image_src":{"full":false,"thumbnail":false,"medium":false,"medium_large":false,"large":false,"1536x1536":false,"2048x2048":false,"ultp_layout_landscape_large":false,"ultp_layout_landscape":false,"ultp_layout_portrait":false,"ultp_layout_square":false},"uagb_author_info":{"display_name":"adminfemergs","author_link":"https:\/\/femergs.com.br\/wfe\/blog\/author\/adminfemergs\/"},"uagb_comment_info":0,"uagb_excerpt":"Na quarta-feira, dia 19 de setembro de 2018, no Sindicato dos Municip\u00e1rios de Tr\u00eas Passos, em Tr\u00eas Passos &#8211; RS, ocorreu reuni\u00e3o da Regional CELEIRO da FEMERGS. Participaram desta reuni\u00e3o o Vice-Presidente da FEMERGS Sr. Jos\u00e9 Almada Martins, O Secret\u00e1rio Geral da FEMERGS Sr. Luciano dos Santos, o Assessor Jur\u00eddico da FEMERGS Sr. Jos\u00e9 Savio&hellip;","_links":{"self":[{"href":"https:\/\/femergs.com.br\/wfe\/wp-json\/wp\/v2\/posts\/1153","targetHints":{"allow":["GET"]}}],"collection":[{"href":"https:\/\/femergs.com.br\/wfe\/wp-json\/wp\/v2\/posts"}],"about":[{"href":"https:\/\/femergs.com.br\/wfe\/wp-json\/wp\/v2\/types\/post"}],"author":[{"embeddable":true,"href":"https:\/\/femergs.com.br\/wfe\/wp-json\/wp\/v2\/users\/1"}],"replies":[{"embeddable":true,"href":"https:\/\/femergs.com.br\/wfe\/wp-json\/wp\/v2\/comments?post=1153"}],"version-history":[{"count":0,"href":"https:\/\/femergs.com.br\/wfe\/wp-json\/wp\/v2\/posts\/1153\/revisions"}],"wp:attachment":[{"href":"https:\/\/femergs.com.br\/wfe\/wp-json\/wp\/v2\/media?parent=1153"}],"wp:term":[{"taxonomy":"category","embeddable":true,"href":"https:\/\/femergs.com.br\/wfe\/wp-json\/wp\/v2\/categories?post=1153"},{"taxonomy":"post_tag","embeddable":true,"href":"https:\/\/femergs.com.br\/wfe\/wp-json\/wp\/v2\/tags?post=1153"}],"curies":[{"name":"wp","href":"https:\/\/api.w.org\/{rel}","templated":true}]}}