{"id":1154,"date":"2018-10-01T09:12:05","date_gmt":"2018-10-01T09:12:05","guid":{"rendered":"https:\/\/femergs.com.br\/wfe\/blog\/reunioes-de-eleicao-das-coordenadorias-regional\/"},"modified":"2018-10-01T09:12:05","modified_gmt":"2018-10-01T09:12:05","slug":"reunioes-de-eleicao-das-coordenadorias-regional","status":"publish","type":"post","link":"https:\/\/femergs.com.br\/wfe\/blog\/reunioes-de-eleicao-das-coordenadorias-regional\/","title":{"rendered":"Reuni\u00f5es de Elei\u00e7\u00e3o das Coordenadorias \u2013 Regional"},"content":{"rendered":"<p>Na segunda-feira, dia 24 de setembro de 2018, no Sindicato da Alimenta\u00e7\u00e3o de Pelotas, em Pelotas \/ RS, ocorreu reuni\u00e3o da Regional Zona Sul da FEMERGS, para, entre outros importantes temas, realizar as elei\u00e7\u00f5es do Coordenador, Vice-Coordenador e Secret\u00e1rio desta importante regional.<\/p>\n<p>Participaram desta reuni\u00e3o o Vice-Presidente da FEMERGS Sr. Jos\u00e9 Almada Martins, o Secret\u00e1rio Geral da FEMERGS Sr. Luciano dos Santos e a Coordenadora da Zona Sul da FEMERGS Olma Maria Machado Leiton.<\/p>\n<p>Estiveram presentes os representantes dos sindicatos de Municip\u00e1rios filiados a FEMERGS e ap\u00f3s amplo debate, a regional votou por aclama\u00e7\u00e3o, pelos seguintes representantes, que ter\u00e3o mandato de 2018\/2021.<\/p>\n<p>Foram eleitos:<\/p>\n<p>* Coordenador da Regional Zona Sul \u2013 Sr Alexandre Mendes da Rosa Junior &#8211; Sindicato dos Municip\u00e1rios de S\u00e3o Jos\u00e9 do Norte<br \/>\n* Vice-Coordenador da Regional Zona Sul &#8211; Sr. Jonesglei Garcia Rosa &#8211; Sindicato dos Municip\u00e1rios de Pinheiro Machado<br \/>\n* Secret\u00e1rio da Regional Zona Sul &#8211; Sr. Danilo Amaral Bandeira &#8211; Sindicato dos Municip\u00e1rios de Turu\u00e7u.<\/p>\n<p>A FEMERGS deseja a este novo grupo eleito, que representa a Coordenadoria Regional Zona Sul da FEMERGS, uma boa energia para as lutas e tenham a certeza que podem contar sempre com a FEMERGS.<\/p>\n<p>A Ex-coordenadora Olma, nosso muito obrigado, pelo trabalho realizado no \u00faltimo tri\u00eanio, foste muito eficiente e dedicada, muito obrigado.<\/p>\n","protected":false},"excerpt":{"rendered":"<p>Na segunda-feira, dia 24 de setembro de 2018, no Sindicato da Alimenta\u00e7\u00e3o de Pelotas, em Pelotas \/ RS, ocorreu reuni\u00e3o da Regional Zona Sul da FEMERGS, para, entre outros importantes temas, realizar as elei\u00e7\u00f5es do Coordenador, Vice-Coordenador e Secret\u00e1rio desta importante regional. Participaram desta reuni\u00e3o o Vice-Presidente da FEMERGS Sr. Jos\u00e9 Almada Martins, o Secret\u00e1rio [&hellip;]<\/p>\n","protected":false},"author":1,"featured_media":0,"comment_status":"closed","ping_status":"closed","sticky":false,"template":"","format":"standard","meta":{"_eb_attr":"","_uag_custom_page_level_css":"","fifu_image_url":"","fifu_image_alt":"","footnotes":""},"categories":[1],"tags":[32],"class_list":["post-1154","post","type-post","status-publish","format-standard","hentry","category-arquivadas","tag-null"],"yoast_head":"<!-- This site is optimized with the Yoast SEO plugin v27.1.1 - https:\/\/yoast.com\/product\/yoast-seo-wordpress\/ -->\n<title>Reuni\u00f5es de Elei\u00e7\u00e3o das Coordenadorias \u2013 Regional - Federa\u00e7\u00e3o dos Municip\u00e1rios do Estado do Rio Grande do Sul<\/title>\n<meta name=\"robots\" content=\"index, follow, max-snippet:-1, max-image-preview:large, max-video-preview:-1\" \/>\n<link rel=\"canonical\" href=\"https:\/\/femergs.com.br\/wfe\/blog\/reunioes-de-eleicao-das-coordenadorias-regional\/\" \/>\n<meta property=\"og:locale\" content=\"pt_BR\" \/>\n<meta property=\"og:type\" content=\"article\" \/>\n<meta property=\"og:title\" content=\"Reuni\u00f5es de Elei\u00e7\u00e3o das Coordenadorias \u2013 Regional - Federa\u00e7\u00e3o dos Municip\u00e1rios do Estado do Rio Grande do Sul\" \/>\n<meta property=\"og:description\" content=\"Na segunda-feira, dia 24 de setembro de 2018, no Sindicato da Alimenta\u00e7\u00e3o de Pelotas, em Pelotas \/ RS, ocorreu reuni\u00e3o da Regional Zona Sul da FEMERGS, para, entre outros importantes temas, realizar as elei\u00e7\u00f5es do Coordenador, Vice-Coordenador e Secret\u00e1rio desta importante regional. Participaram desta reuni\u00e3o o Vice-Presidente da FEMERGS Sr. Jos\u00e9 Almada Martins, o Secret\u00e1rio [&hellip;]\" \/>\n<meta property=\"og:url\" content=\"https:\/\/femergs.com.br\/wfe\/blog\/reunioes-de-eleicao-das-coordenadorias-regional\/\" \/>\n<meta property=\"og:site_name\" content=\"Federa\u00e7\u00e3o dos Municip\u00e1rios do Estado do Rio Grande do Sul\" \/>\n<meta property=\"article:publisher\" content=\"https:\/\/www.facebook.com\/profile.php?id=100057151733001\" \/>\n<meta property=\"article:published_time\" content=\"2018-10-01T09:12:05+00:00\" \/>\n<meta name=\"author\" content=\"adminfemergs\" \/>\n<meta name=\"twitter:card\" content=\"summary_large_image\" \/>\n<meta name=\"twitter:label1\" content=\"Escrito por\" \/>\n\t<meta name=\"twitter:data1\" content=\"adminfemergs\" \/>\n\t<meta name=\"twitter:label2\" content=\"Est. tempo de leitura\" \/>\n\t<meta name=\"twitter:data2\" content=\"1 minuto\" \/>\n<script type=\"application\/ld+json\" class=\"yoast-schema-graph\">{\"@context\":\"https:\/\/schema.org\",\"@graph\":[{\"@type\":\"Article\",\"@id\":\"https:\/\/femergs.com.br\/wfe\/blog\/reunioes-de-eleicao-das-coordenadorias-regional\/#article\",\"isPartOf\":{\"@id\":\"https:\/\/femergs.com.br\/wfe\/blog\/reunioes-de-eleicao-das-coordenadorias-regional\/\"},\"author\":{\"name\":\"adminfemergs\",\"@id\":\"https:\/\/femergs.com.br\/wfe\/#\/schema\/person\/f5558e6b5ffc044ee085016237dedb7f\"},\"headline\":\"Reuni\u00f5es de Elei\u00e7\u00e3o das Coordenadorias \u2013 Regional\",\"datePublished\":\"2018-10-01T09:12:05+00:00\",\"mainEntityOfPage\":{\"@id\":\"https:\/\/femergs.com.br\/wfe\/blog\/reunioes-de-eleicao-das-coordenadorias-regional\/\"},\"wordCount\":231,\"publisher\":{\"@id\":\"https:\/\/femergs.com.br\/wfe\/#organization\"},\"keywords\":[\"NULL\"],\"articleSection\":[\"ARQUIVADAS\"],\"inLanguage\":\"pt-BR\"},{\"@type\":\"WebPage\",\"@id\":\"https:\/\/femergs.com.br\/wfe\/blog\/reunioes-de-eleicao-das-coordenadorias-regional\/\",\"url\":\"https:\/\/femergs.com.br\/wfe\/blog\/reunioes-de-eleicao-das-coordenadorias-regional\/\",\"name\":\"Reuni\u00f5es de Elei\u00e7\u00e3o das Coordenadorias \u2013 Regional - Federa\u00e7\u00e3o dos Municip\u00e1rios do Estado do Rio Grande do Sul\",\"isPartOf\":{\"@id\":\"https:\/\/femergs.com.br\/wfe\/#website\"},\"datePublished\":\"2018-10-01T09:12:05+00:00\",\"breadcrumb\":{\"@id\":\"https:\/\/femergs.com.br\/wfe\/blog\/reunioes-de-eleicao-das-coordenadorias-regional\/#breadcrumb\"},\"inLanguage\":\"pt-BR\",\"potentialAction\":[{\"@type\":\"ReadAction\",\"target\":[\"https:\/\/femergs.com.br\/wfe\/blog\/reunioes-de-eleicao-das-coordenadorias-regional\/\"]}]},{\"@type\":\"BreadcrumbList\",\"@id\":\"https:\/\/femergs.com.br\/wfe\/blog\/reunioes-de-eleicao-das-coordenadorias-regional\/#breadcrumb\",\"itemListElement\":[{\"@type\":\"ListItem\",\"position\":1,\"name\":\"In\u00edcio\",\"item\":\"https:\/\/femergs.com.br\/wfe\/\"},{\"@type\":\"ListItem\",\"position\":2,\"name\":\"Reuni\u00f5es de Elei\u00e7\u00e3o das Coordenadorias \u2013 Regional\"}]},{\"@type\":\"WebSite\",\"@id\":\"https:\/\/femergs.com.br\/wfe\/#website\",\"url\":\"https:\/\/femergs.com.br\/wfe\/\",\"name\":\"FEMERGS\",\"description\":\"FEDERA\u00c7\u00c3O DOS MUNICIP\u00c1RIOS DO ESTADO DO RIO GRANDE DO SUL\",\"publisher\":{\"@id\":\"https:\/\/femergs.com.br\/wfe\/#organization\"},\"potentialAction\":[{\"@type\":\"SearchAction\",\"target\":{\"@type\":\"EntryPoint\",\"urlTemplate\":\"https:\/\/femergs.com.br\/wfe\/?s={search_term_string}\"},\"query-input\":{\"@type\":\"PropertyValueSpecification\",\"valueRequired\":true,\"valueName\":\"search_term_string\"}}],\"inLanguage\":\"pt-BR\"},{\"@type\":\"Organization\",\"@id\":\"https:\/\/femergs.com.br\/wfe\/#organization\",\"name\":\"FEMERGS\",\"url\":\"https:\/\/femergs.com.br\/wfe\/\",\"logo\":{\"@type\":\"ImageObject\",\"inLanguage\":\"pt-BR\",\"@id\":\"https:\/\/femergs.com.br\/wfe\/#\/schema\/logo\/image\/\",\"url\":\"https:\/\/femergs.com.br\/wfe\/wp-content\/uploads\/2025\/06\/logotipo.png\",\"contentUrl\":\"https:\/\/femergs.com.br\/wfe\/wp-content\/uploads\/2025\/06\/logotipo.png\",\"width\":500,\"height\":500,\"caption\":\"FEMERGS\"},\"image\":{\"@id\":\"https:\/\/femergs.com.br\/wfe\/#\/schema\/logo\/image\/\"},\"sameAs\":[\"https:\/\/www.facebook.com\/profile.php?id=100057151733001\",\"https:\/\/www.instagram.com\/femergs_rs\/\"]},{\"@type\":\"Person\",\"@id\":\"https:\/\/femergs.com.br\/wfe\/#\/schema\/person\/f5558e6b5ffc044ee085016237dedb7f\",\"name\":\"adminfemergs\",\"image\":{\"@type\":\"ImageObject\",\"inLanguage\":\"pt-BR\",\"@id\":\"https:\/\/femergs.com.br\/wfe\/#\/schema\/person\/image\/\",\"url\":\"https:\/\/secure.gravatar.com\/avatar\/398642fa557cdd524617ad9b31c938845f071aeb3448b9c0aeb29aefc495337b?s=96&d=mm&r=g\",\"contentUrl\":\"https:\/\/secure.gravatar.com\/avatar\/398642fa557cdd524617ad9b31c938845f071aeb3448b9c0aeb29aefc495337b?s=96&d=mm&r=g\",\"caption\":\"adminfemergs\"},\"sameAs\":[\"https:\/\/femergs.com.br\/wfe\"],\"url\":\"https:\/\/femergs.com.br\/wfe\/blog\/author\/adminfemergs\/\"}]}<\/script>\n<!-- \/ Yoast SEO plugin. -->","yoast_head_json":{"title":"Reuni\u00f5es de Elei\u00e7\u00e3o das Coordenadorias \u2013 Regional - Federa\u00e7\u00e3o dos Municip\u00e1rios do Estado do Rio Grande do Sul","robots":{"index":"index","follow":"follow","max-snippet":"max-snippet:-1","max-image-preview":"max-image-preview:large","max-video-preview":"max-video-preview:-1"},"canonical":"https:\/\/femergs.com.br\/wfe\/blog\/reunioes-de-eleicao-das-coordenadorias-regional\/","og_locale":"pt_BR","og_type":"article","og_title":"Reuni\u00f5es de Elei\u00e7\u00e3o das Coordenadorias \u2013 Regional - Federa\u00e7\u00e3o dos Municip\u00e1rios do Estado do Rio Grande do Sul","og_description":"Na segunda-feira, dia 24 de setembro de 2018, no Sindicato da Alimenta\u00e7\u00e3o de Pelotas, em Pelotas \/ RS, ocorreu reuni\u00e3o da Regional Zona Sul da FEMERGS, para, entre outros importantes temas, realizar as elei\u00e7\u00f5es do Coordenador, Vice-Coordenador e Secret\u00e1rio desta importante regional. Participaram desta reuni\u00e3o o Vice-Presidente da FEMERGS Sr. Jos\u00e9 Almada Martins, o Secret\u00e1rio [&hellip;]","og_url":"https:\/\/femergs.com.br\/wfe\/blog\/reunioes-de-eleicao-das-coordenadorias-regional\/","og_site_name":"Federa\u00e7\u00e3o dos Municip\u00e1rios do Estado do Rio Grande do Sul","article_publisher":"https:\/\/www.facebook.com\/profile.php?id=100057151733001","article_published_time":"2018-10-01T09:12:05+00:00","author":"adminfemergs","twitter_card":"summary_large_image","twitter_misc":{"Escrito por":"adminfemergs","Est. tempo de leitura":"1 minuto"},"schema":{"@context":"https:\/\/schema.org","@graph":[{"@type":"Article","@id":"https:\/\/femergs.com.br\/wfe\/blog\/reunioes-de-eleicao-das-coordenadorias-regional\/#article","isPartOf":{"@id":"https:\/\/femergs.com.br\/wfe\/blog\/reunioes-de-eleicao-das-coordenadorias-regional\/"},"author":{"name":"adminfemergs","@id":"https:\/\/femergs.com.br\/wfe\/#\/schema\/person\/f5558e6b5ffc044ee085016237dedb7f"},"headline":"Reuni\u00f5es de Elei\u00e7\u00e3o das Coordenadorias \u2013 Regional","datePublished":"2018-10-01T09:12:05+00:00","mainEntityOfPage":{"@id":"https:\/\/femergs.com.br\/wfe\/blog\/reunioes-de-eleicao-das-coordenadorias-regional\/"},"wordCount":231,"publisher":{"@id":"https:\/\/femergs.com.br\/wfe\/#organization"},"keywords":["NULL"],"articleSection":["ARQUIVADAS"],"inLanguage":"pt-BR"},{"@type":"WebPage","@id":"https:\/\/femergs.com.br\/wfe\/blog\/reunioes-de-eleicao-das-coordenadorias-regional\/","url":"https:\/\/femergs.com.br\/wfe\/blog\/reunioes-de-eleicao-das-coordenadorias-regional\/","name":"Reuni\u00f5es de Elei\u00e7\u00e3o das Coordenadorias \u2013 Regional - Federa\u00e7\u00e3o dos Municip\u00e1rios do Estado do Rio Grande do Sul","isPartOf":{"@id":"https:\/\/femergs.com.br\/wfe\/#website"},"datePublished":"2018-10-01T09:12:05+00:00","breadcrumb":{"@id":"https:\/\/femergs.com.br\/wfe\/blog\/reunioes-de-eleicao-das-coordenadorias-regional\/#breadcrumb"},"inLanguage":"pt-BR","potentialAction":[{"@type":"ReadAction","target":["https:\/\/femergs.com.br\/wfe\/blog\/reunioes-de-eleicao-das-coordenadorias-regional\/"]}]},{"@type":"BreadcrumbList","@id":"https:\/\/femergs.com.br\/wfe\/blog\/reunioes-de-eleicao-das-coordenadorias-regional\/#breadcrumb","itemListElement":[{"@type":"ListItem","position":1,"name":"In\u00edcio","item":"https:\/\/femergs.com.br\/wfe\/"},{"@type":"ListItem","position":2,"name":"Reuni\u00f5es de Elei\u00e7\u00e3o das Coordenadorias \u2013 Regional"}]},{"@type":"WebSite","@id":"https:\/\/femergs.com.br\/wfe\/#website","url":"https:\/\/femergs.com.br\/wfe\/","name":"FEMERGS","description":"FEDERA\u00c7\u00c3O DOS MUNICIP\u00c1RIOS DO ESTADO DO RIO GRANDE DO SUL","publisher":{"@id":"https:\/\/femergs.com.br\/wfe\/#organization"},"potentialAction":[{"@type":"SearchAction","target":{"@type":"EntryPoint","urlTemplate":"https:\/\/femergs.com.br\/wfe\/?s={search_term_string}"},"query-input":{"@type":"PropertyValueSpecification","valueRequired":true,"valueName":"search_term_string"}}],"inLanguage":"pt-BR"},{"@type":"Organization","@id":"https:\/\/femergs.com.br\/wfe\/#organization","name":"FEMERGS","url":"https:\/\/femergs.com.br\/wfe\/","logo":{"@type":"ImageObject","inLanguage":"pt-BR","@id":"https:\/\/femergs.com.br\/wfe\/#\/schema\/logo\/image\/","url":"https:\/\/femergs.com.br\/wfe\/wp-content\/uploads\/2025\/06\/logotipo.png","contentUrl":"https:\/\/femergs.com.br\/wfe\/wp-content\/uploads\/2025\/06\/logotipo.png","width":500,"height":500,"caption":"FEMERGS"},"image":{"@id":"https:\/\/femergs.com.br\/wfe\/#\/schema\/logo\/image\/"},"sameAs":["https:\/\/www.facebook.com\/profile.php?id=100057151733001","https:\/\/www.instagram.com\/femergs_rs\/"]},{"@type":"Person","@id":"https:\/\/femergs.com.br\/wfe\/#\/schema\/person\/f5558e6b5ffc044ee085016237dedb7f","name":"adminfemergs","image":{"@type":"ImageObject","inLanguage":"pt-BR","@id":"https:\/\/femergs.com.br\/wfe\/#\/schema\/person\/image\/","url":"https:\/\/secure.gravatar.com\/avatar\/398642fa557cdd524617ad9b31c938845f071aeb3448b9c0aeb29aefc495337b?s=96&d=mm&r=g","contentUrl":"https:\/\/secure.gravatar.com\/avatar\/398642fa557cdd524617ad9b31c938845f071aeb3448b9c0aeb29aefc495337b?s=96&d=mm&r=g","caption":"adminfemergs"},"sameAs":["https:\/\/femergs.com.br\/wfe"],"url":"https:\/\/femergs.com.br\/wfe\/blog\/author\/adminfemergs\/"}]}},"uagb_featured_image_src":{"full":false,"thumbnail":false,"medium":false,"medium_large":false,"large":false,"1536x1536":false,"2048x2048":false,"ultp_layout_landscape_large":false,"ultp_layout_landscape":false,"ultp_layout_portrait":false,"ultp_layout_square":false},"uagb_author_info":{"display_name":"adminfemergs","author_link":"https:\/\/femergs.com.br\/wfe\/blog\/author\/adminfemergs\/"},"uagb_comment_info":0,"uagb_excerpt":"Na segunda-feira, dia 24 de setembro de 2018, no Sindicato da Alimenta\u00e7\u00e3o de Pelotas, em Pelotas \/ RS, ocorreu reuni\u00e3o da Regional Zona Sul da FEMERGS, para, entre outros importantes temas, realizar as elei\u00e7\u00f5es do Coordenador, Vice-Coordenador e Secret\u00e1rio desta importante regional. Participaram desta reuni\u00e3o o Vice-Presidente da FEMERGS Sr. Jos\u00e9 Almada Martins, o Secret\u00e1rio&hellip;","_links":{"self":[{"href":"https:\/\/femergs.com.br\/wfe\/wp-json\/wp\/v2\/posts\/1154","targetHints":{"allow":["GET"]}}],"collection":[{"href":"https:\/\/femergs.com.br\/wfe\/wp-json\/wp\/v2\/posts"}],"about":[{"href":"https:\/\/femergs.com.br\/wfe\/wp-json\/wp\/v2\/types\/post"}],"author":[{"embeddable":true,"href":"https:\/\/femergs.com.br\/wfe\/wp-json\/wp\/v2\/users\/1"}],"replies":[{"embeddable":true,"href":"https:\/\/femergs.com.br\/wfe\/wp-json\/wp\/v2\/comments?post=1154"}],"version-history":[{"count":0,"href":"https:\/\/femergs.com.br\/wfe\/wp-json\/wp\/v2\/posts\/1154\/revisions"}],"wp:attachment":[{"href":"https:\/\/femergs.com.br\/wfe\/wp-json\/wp\/v2\/media?parent=1154"}],"wp:term":[{"taxonomy":"category","embeddable":true,"href":"https:\/\/femergs.com.br\/wfe\/wp-json\/wp\/v2\/categories?post=1154"},{"taxonomy":"post_tag","embeddable":true,"href":"https:\/\/femergs.com.br\/wfe\/wp-json\/wp\/v2\/tags?post=1154"}],"curies":[{"name":"wp","href":"https:\/\/api.w.org\/{rel}","templated":true}]}}