{"id":1155,"date":"2018-10-03T09:00:18","date_gmt":"2018-10-03T09:00:18","guid":{"rendered":"https:\/\/femergs.com.br\/wfe\/blog\/contribuicao-sindical-espontanea-momento-de-fortificar-nossa-federacao\/"},"modified":"2018-10-03T09:00:18","modified_gmt":"2018-10-03T09:00:18","slug":"contribuicao-sindical-espontanea-momento-de-fortificar-nossa-federacao","status":"publish","type":"post","link":"https:\/\/femergs.com.br\/wfe\/blog\/contribuicao-sindical-espontanea-momento-de-fortificar-nossa-federacao\/","title":{"rendered":"Contribui\u00e7\u00e3o Sindical Espont\u00e2nea &#8211; Momento de Fortificar nossa Federa\u00e7\u00e3o"},"content":{"rendered":"<p>\nOs sindicatos s\u00e3o organiza\u00e7\u00f5es que possuem um papel de extrema import\u00e2ncia na vida do trabalhador. Mas como qualquer \u00f3rg\u00e3o, necessita de financiamento para poder ser mantido, para poder ofertar, assessoria jur\u00eddica, de luta e outras atividades visando a melhoria das condi\u00e7\u00f5es de trabalho e sal\u00e1rio dos associados.<\/p>\n<p>Todos n\u00f3s sabemos a import\u00e2ncia desta contribui\u00e7\u00e3o sindical, pois \u00e9 atrav\u00e9s dela o Sindicato ganha for\u00e7as para se impulsionar, pois al\u00e9m de ajudar a manter a entidade, tamb\u00e9m contribui para seu crescimento e fortalecimento de sua base. Bem como representar junto a esferas governamentais, nas defesas de pautas da categoria.<\/p>\n<p>No exerc\u00edcio do seu papel representativo, defendemos as conquistas obtidas atrav\u00e9s de v\u00e1rios anos de lutas, junto aos \u00f3rg\u00e3os p\u00fablicos, frente aos sindicatos dos trabalhadores na defesa de temas de interesse dos servidores p\u00fablicos municipais. Todos os sindicatos filiados \u00e0 FEMERGS sabem disto, pois usufru\u00edram e constru\u00edram o que somos hoje, uma Federa\u00e7\u00e3o forte, voltada \u00e0 sua base, com excelente assessoria jur\u00eddica, e uma diretoria voltada ao atendimento de todos os filiados.<\/p>\n<p>Da mesma forma os sindicatos cumpriam seu papel em cada munic\u00edpio do RS, e agora est\u00e3o enfrentando uma crise financeira devida a falta de recursos pela nova Lei trabalhista. Nos trabalhadores p\u00fablicos, que sabemos como \u00e9 dif\u00edcil a luta para manter nossos direitos, precisamos refletir e iniciar uma conscientiza\u00e7\u00e3o entre todos os nossos colegas para que efetuem a contribui\u00e7\u00e3o espont\u00e2nea de um dia de trabalho no m\u00eas de mar\u00e7o de 2018.<\/p>\n<p>Reafirme o seu compromisso com a entidade representativa da categoria de servidor p\u00fablico municipal pagando a Contribui\u00e7\u00e3o Sindical at\u00e9 31 de janeiro. O valor pago uma vez representa muito pouco ao custo dos direitos que estamos perdendo, pois pelo pais afora ouvimos o desespero, o p\u00e2nico dos trabalhadores p\u00fablicos, que j\u00e1 n\u00e3o possuem FGTS, e est\u00e3o a cada dia sendo mais sacrificados em nome de uma administra\u00e7\u00e3o p\u00fablica voltada a atender interesses de meia d\u00fazia de privilegiados.<\/p>\n<p>A Contribui\u00e7\u00e3o Sindical \u00e9 a das principais fontes de custeio das entidades sindicais. Ela \u00e9, sem d\u00favida, o caminho para que voc\u00ea possa contribuir com a manuten\u00e7\u00e3o do Sindicato, que atua diretamente em favor do servidor p\u00fablico. Ao pagar a contribui\u00e7\u00e3o, fortale\u00e7a sua categoria, e assuma o compromisso de juntos lutarmos para que todos os sindicatos, Federa\u00e7\u00f5es e Centrais estejam realmente comprometidas com as conquistas para sua categoria.<\/p>\n<p>Em reuni\u00e3o a FEMERGS definiu a CONTRIBUI\u00c7\u00c3O ESPONT\u00c2NEA dos sindicatos, que poder\u00e3o colaborar com R$1,00 por associado\/m\u00eas, para mantermos a Federa\u00e7\u00e3o atuante e combativa. Veja abaixo exemplos de sindicatos que j\u00e1 est\u00e3o auxiliando!<\/p>\n<p>Contribua, e participe no fortalecimento de nossa categoria.<\/p>\n","protected":false},"excerpt":{"rendered":"<p>Os sindicatos s\u00e3o organiza\u00e7\u00f5es que possuem um papel de extrema import\u00e2ncia na vida do trabalhador. Mas como qualquer \u00f3rg\u00e3o, necessita de financiamento para poder ser mantido, para poder ofertar, assessoria jur\u00eddica, de luta e outras atividades visando a melhoria das condi\u00e7\u00f5es de trabalho e sal\u00e1rio dos associados. Todos n\u00f3s sabemos a import\u00e2ncia desta contribui\u00e7\u00e3o sindical, [&hellip;]<\/p>\n","protected":false},"author":1,"featured_media":0,"comment_status":"closed","ping_status":"closed","sticky":false,"template":"","format":"standard","meta":{"_eb_attr":"","_uag_custom_page_level_css":"","fifu_image_url":"","fifu_image_alt":"","footnotes":""},"categories":[1],"tags":[32],"class_list":["post-1155","post","type-post","status-publish","format-standard","hentry","category-arquivadas","tag-null"],"yoast_head":"<!-- This site is optimized with the Yoast SEO plugin v27.1.1 - https:\/\/yoast.com\/product\/yoast-seo-wordpress\/ -->\n<title>Contribui\u00e7\u00e3o Sindical Espont\u00e2nea - Momento de Fortificar nossa Federa\u00e7\u00e3o - Federa\u00e7\u00e3o dos Municip\u00e1rios do Estado do Rio Grande do Sul<\/title>\n<meta name=\"robots\" content=\"index, follow, max-snippet:-1, max-image-preview:large, max-video-preview:-1\" \/>\n<link rel=\"canonical\" href=\"https:\/\/femergs.com.br\/wfe\/blog\/contribuicao-sindical-espontanea-momento-de-fortificar-nossa-federacao\/\" \/>\n<meta property=\"og:locale\" content=\"pt_BR\" \/>\n<meta property=\"og:type\" content=\"article\" \/>\n<meta property=\"og:title\" content=\"Contribui\u00e7\u00e3o Sindical Espont\u00e2nea - Momento de Fortificar nossa Federa\u00e7\u00e3o - Federa\u00e7\u00e3o dos Municip\u00e1rios do Estado do Rio Grande do Sul\" \/>\n<meta property=\"og:description\" content=\"Os sindicatos s\u00e3o organiza\u00e7\u00f5es que possuem um papel de extrema import\u00e2ncia na vida do trabalhador. Mas como qualquer \u00f3rg\u00e3o, necessita de financiamento para poder ser mantido, para poder ofertar, assessoria jur\u00eddica, de luta e outras atividades visando a melhoria das condi\u00e7\u00f5es de trabalho e sal\u00e1rio dos associados. Todos n\u00f3s sabemos a import\u00e2ncia desta contribui\u00e7\u00e3o sindical, [&hellip;]\" \/>\n<meta property=\"og:url\" content=\"https:\/\/femergs.com.br\/wfe\/blog\/contribuicao-sindical-espontanea-momento-de-fortificar-nossa-federacao\/\" \/>\n<meta property=\"og:site_name\" content=\"Federa\u00e7\u00e3o dos Municip\u00e1rios do Estado do Rio Grande do Sul\" \/>\n<meta property=\"article:publisher\" content=\"https:\/\/www.facebook.com\/profile.php?id=100057151733001\" \/>\n<meta property=\"article:published_time\" content=\"2018-10-03T09:00:18+00:00\" \/>\n<meta name=\"author\" content=\"adminfemergs\" \/>\n<meta name=\"twitter:card\" content=\"summary_large_image\" \/>\n<meta name=\"twitter:label1\" content=\"Escrito por\" \/>\n\t<meta name=\"twitter:data1\" content=\"adminfemergs\" \/>\n\t<meta name=\"twitter:label2\" content=\"Est. tempo de leitura\" \/>\n\t<meta name=\"twitter:data2\" content=\"2 minutos\" \/>\n<script type=\"application\/ld+json\" class=\"yoast-schema-graph\">{\"@context\":\"https:\/\/schema.org\",\"@graph\":[{\"@type\":\"Article\",\"@id\":\"https:\/\/femergs.com.br\/wfe\/blog\/contribuicao-sindical-espontanea-momento-de-fortificar-nossa-federacao\/#article\",\"isPartOf\":{\"@id\":\"https:\/\/femergs.com.br\/wfe\/blog\/contribuicao-sindical-espontanea-momento-de-fortificar-nossa-federacao\/\"},\"author\":{\"name\":\"adminfemergs\",\"@id\":\"https:\/\/femergs.com.br\/wfe\/#\/schema\/person\/f5558e6b5ffc044ee085016237dedb7f\"},\"headline\":\"Contribui\u00e7\u00e3o Sindical Espont\u00e2nea &#8211; Momento de Fortificar nossa Federa\u00e7\u00e3o\",\"datePublished\":\"2018-10-03T09:00:18+00:00\",\"mainEntityOfPage\":{\"@id\":\"https:\/\/femergs.com.br\/wfe\/blog\/contribuicao-sindical-espontanea-momento-de-fortificar-nossa-federacao\/\"},\"wordCount\":487,\"publisher\":{\"@id\":\"https:\/\/femergs.com.br\/wfe\/#organization\"},\"keywords\":[\"NULL\"],\"articleSection\":[\"ARQUIVADAS\"],\"inLanguage\":\"pt-BR\"},{\"@type\":\"WebPage\",\"@id\":\"https:\/\/femergs.com.br\/wfe\/blog\/contribuicao-sindical-espontanea-momento-de-fortificar-nossa-federacao\/\",\"url\":\"https:\/\/femergs.com.br\/wfe\/blog\/contribuicao-sindical-espontanea-momento-de-fortificar-nossa-federacao\/\",\"name\":\"Contribui\u00e7\u00e3o Sindical Espont\u00e2nea - Momento de Fortificar nossa Federa\u00e7\u00e3o - Federa\u00e7\u00e3o dos Municip\u00e1rios do Estado do Rio Grande do Sul\",\"isPartOf\":{\"@id\":\"https:\/\/femergs.com.br\/wfe\/#website\"},\"datePublished\":\"2018-10-03T09:00:18+00:00\",\"breadcrumb\":{\"@id\":\"https:\/\/femergs.com.br\/wfe\/blog\/contribuicao-sindical-espontanea-momento-de-fortificar-nossa-federacao\/#breadcrumb\"},\"inLanguage\":\"pt-BR\",\"potentialAction\":[{\"@type\":\"ReadAction\",\"target\":[\"https:\/\/femergs.com.br\/wfe\/blog\/contribuicao-sindical-espontanea-momento-de-fortificar-nossa-federacao\/\"]}]},{\"@type\":\"BreadcrumbList\",\"@id\":\"https:\/\/femergs.com.br\/wfe\/blog\/contribuicao-sindical-espontanea-momento-de-fortificar-nossa-federacao\/#breadcrumb\",\"itemListElement\":[{\"@type\":\"ListItem\",\"position\":1,\"name\":\"In\u00edcio\",\"item\":\"https:\/\/femergs.com.br\/wfe\/\"},{\"@type\":\"ListItem\",\"position\":2,\"name\":\"Contribui\u00e7\u00e3o Sindical Espont\u00e2nea &#8211; Momento de Fortificar nossa Federa\u00e7\u00e3o\"}]},{\"@type\":\"WebSite\",\"@id\":\"https:\/\/femergs.com.br\/wfe\/#website\",\"url\":\"https:\/\/femergs.com.br\/wfe\/\",\"name\":\"FEMERGS\",\"description\":\"FEDERA\u00c7\u00c3O DOS MUNICIP\u00c1RIOS DO ESTADO DO RIO GRANDE DO SUL\",\"publisher\":{\"@id\":\"https:\/\/femergs.com.br\/wfe\/#organization\"},\"potentialAction\":[{\"@type\":\"SearchAction\",\"target\":{\"@type\":\"EntryPoint\",\"urlTemplate\":\"https:\/\/femergs.com.br\/wfe\/?s={search_term_string}\"},\"query-input\":{\"@type\":\"PropertyValueSpecification\",\"valueRequired\":true,\"valueName\":\"search_term_string\"}}],\"inLanguage\":\"pt-BR\"},{\"@type\":\"Organization\",\"@id\":\"https:\/\/femergs.com.br\/wfe\/#organization\",\"name\":\"FEMERGS\",\"url\":\"https:\/\/femergs.com.br\/wfe\/\",\"logo\":{\"@type\":\"ImageObject\",\"inLanguage\":\"pt-BR\",\"@id\":\"https:\/\/femergs.com.br\/wfe\/#\/schema\/logo\/image\/\",\"url\":\"https:\/\/femergs.com.br\/wfe\/wp-content\/uploads\/2025\/06\/logotipo.png\",\"contentUrl\":\"https:\/\/femergs.com.br\/wfe\/wp-content\/uploads\/2025\/06\/logotipo.png\",\"width\":500,\"height\":500,\"caption\":\"FEMERGS\"},\"image\":{\"@id\":\"https:\/\/femergs.com.br\/wfe\/#\/schema\/logo\/image\/\"},\"sameAs\":[\"https:\/\/www.facebook.com\/profile.php?id=100057151733001\",\"https:\/\/www.instagram.com\/femergs_rs\/\"]},{\"@type\":\"Person\",\"@id\":\"https:\/\/femergs.com.br\/wfe\/#\/schema\/person\/f5558e6b5ffc044ee085016237dedb7f\",\"name\":\"adminfemergs\",\"image\":{\"@type\":\"ImageObject\",\"inLanguage\":\"pt-BR\",\"@id\":\"https:\/\/femergs.com.br\/wfe\/#\/schema\/person\/image\/\",\"url\":\"https:\/\/secure.gravatar.com\/avatar\/398642fa557cdd524617ad9b31c938845f071aeb3448b9c0aeb29aefc495337b?s=96&d=mm&r=g\",\"contentUrl\":\"https:\/\/secure.gravatar.com\/avatar\/398642fa557cdd524617ad9b31c938845f071aeb3448b9c0aeb29aefc495337b?s=96&d=mm&r=g\",\"caption\":\"adminfemergs\"},\"sameAs\":[\"https:\/\/femergs.com.br\/wfe\"],\"url\":\"https:\/\/femergs.com.br\/wfe\/blog\/author\/adminfemergs\/\"}]}<\/script>\n<!-- \/ Yoast SEO plugin. -->","yoast_head_json":{"title":"Contribui\u00e7\u00e3o Sindical Espont\u00e2nea - Momento de Fortificar nossa Federa\u00e7\u00e3o - Federa\u00e7\u00e3o dos Municip\u00e1rios do Estado do Rio Grande do Sul","robots":{"index":"index","follow":"follow","max-snippet":"max-snippet:-1","max-image-preview":"max-image-preview:large","max-video-preview":"max-video-preview:-1"},"canonical":"https:\/\/femergs.com.br\/wfe\/blog\/contribuicao-sindical-espontanea-momento-de-fortificar-nossa-federacao\/","og_locale":"pt_BR","og_type":"article","og_title":"Contribui\u00e7\u00e3o Sindical Espont\u00e2nea - Momento de Fortificar nossa Federa\u00e7\u00e3o - Federa\u00e7\u00e3o dos Municip\u00e1rios do Estado do Rio Grande do Sul","og_description":"Os sindicatos s\u00e3o organiza\u00e7\u00f5es que possuem um papel de extrema import\u00e2ncia na vida do trabalhador. Mas como qualquer \u00f3rg\u00e3o, necessita de financiamento para poder ser mantido, para poder ofertar, assessoria jur\u00eddica, de luta e outras atividades visando a melhoria das condi\u00e7\u00f5es de trabalho e sal\u00e1rio dos associados. Todos n\u00f3s sabemos a import\u00e2ncia desta contribui\u00e7\u00e3o sindical, [&hellip;]","og_url":"https:\/\/femergs.com.br\/wfe\/blog\/contribuicao-sindical-espontanea-momento-de-fortificar-nossa-federacao\/","og_site_name":"Federa\u00e7\u00e3o dos Municip\u00e1rios do Estado do Rio Grande do Sul","article_publisher":"https:\/\/www.facebook.com\/profile.php?id=100057151733001","article_published_time":"2018-10-03T09:00:18+00:00","author":"adminfemergs","twitter_card":"summary_large_image","twitter_misc":{"Escrito por":"adminfemergs","Est. tempo de leitura":"2 minutos"},"schema":{"@context":"https:\/\/schema.org","@graph":[{"@type":"Article","@id":"https:\/\/femergs.com.br\/wfe\/blog\/contribuicao-sindical-espontanea-momento-de-fortificar-nossa-federacao\/#article","isPartOf":{"@id":"https:\/\/femergs.com.br\/wfe\/blog\/contribuicao-sindical-espontanea-momento-de-fortificar-nossa-federacao\/"},"author":{"name":"adminfemergs","@id":"https:\/\/femergs.com.br\/wfe\/#\/schema\/person\/f5558e6b5ffc044ee085016237dedb7f"},"headline":"Contribui\u00e7\u00e3o Sindical Espont\u00e2nea &#8211; Momento de Fortificar nossa Federa\u00e7\u00e3o","datePublished":"2018-10-03T09:00:18+00:00","mainEntityOfPage":{"@id":"https:\/\/femergs.com.br\/wfe\/blog\/contribuicao-sindical-espontanea-momento-de-fortificar-nossa-federacao\/"},"wordCount":487,"publisher":{"@id":"https:\/\/femergs.com.br\/wfe\/#organization"},"keywords":["NULL"],"articleSection":["ARQUIVADAS"],"inLanguage":"pt-BR"},{"@type":"WebPage","@id":"https:\/\/femergs.com.br\/wfe\/blog\/contribuicao-sindical-espontanea-momento-de-fortificar-nossa-federacao\/","url":"https:\/\/femergs.com.br\/wfe\/blog\/contribuicao-sindical-espontanea-momento-de-fortificar-nossa-federacao\/","name":"Contribui\u00e7\u00e3o Sindical Espont\u00e2nea - Momento de Fortificar nossa Federa\u00e7\u00e3o - Federa\u00e7\u00e3o dos Municip\u00e1rios do Estado do Rio Grande do Sul","isPartOf":{"@id":"https:\/\/femergs.com.br\/wfe\/#website"},"datePublished":"2018-10-03T09:00:18+00:00","breadcrumb":{"@id":"https:\/\/femergs.com.br\/wfe\/blog\/contribuicao-sindical-espontanea-momento-de-fortificar-nossa-federacao\/#breadcrumb"},"inLanguage":"pt-BR","potentialAction":[{"@type":"ReadAction","target":["https:\/\/femergs.com.br\/wfe\/blog\/contribuicao-sindical-espontanea-momento-de-fortificar-nossa-federacao\/"]}]},{"@type":"BreadcrumbList","@id":"https:\/\/femergs.com.br\/wfe\/blog\/contribuicao-sindical-espontanea-momento-de-fortificar-nossa-federacao\/#breadcrumb","itemListElement":[{"@type":"ListItem","position":1,"name":"In\u00edcio","item":"https:\/\/femergs.com.br\/wfe\/"},{"@type":"ListItem","position":2,"name":"Contribui\u00e7\u00e3o Sindical Espont\u00e2nea &#8211; Momento de Fortificar nossa Federa\u00e7\u00e3o"}]},{"@type":"WebSite","@id":"https:\/\/femergs.com.br\/wfe\/#website","url":"https:\/\/femergs.com.br\/wfe\/","name":"FEMERGS","description":"FEDERA\u00c7\u00c3O DOS MUNICIP\u00c1RIOS DO ESTADO DO RIO GRANDE DO SUL","publisher":{"@id":"https:\/\/femergs.com.br\/wfe\/#organization"},"potentialAction":[{"@type":"SearchAction","target":{"@type":"EntryPoint","urlTemplate":"https:\/\/femergs.com.br\/wfe\/?s={search_term_string}"},"query-input":{"@type":"PropertyValueSpecification","valueRequired":true,"valueName":"search_term_string"}}],"inLanguage":"pt-BR"},{"@type":"Organization","@id":"https:\/\/femergs.com.br\/wfe\/#organization","name":"FEMERGS","url":"https:\/\/femergs.com.br\/wfe\/","logo":{"@type":"ImageObject","inLanguage":"pt-BR","@id":"https:\/\/femergs.com.br\/wfe\/#\/schema\/logo\/image\/","url":"https:\/\/femergs.com.br\/wfe\/wp-content\/uploads\/2025\/06\/logotipo.png","contentUrl":"https:\/\/femergs.com.br\/wfe\/wp-content\/uploads\/2025\/06\/logotipo.png","width":500,"height":500,"caption":"FEMERGS"},"image":{"@id":"https:\/\/femergs.com.br\/wfe\/#\/schema\/logo\/image\/"},"sameAs":["https:\/\/www.facebook.com\/profile.php?id=100057151733001","https:\/\/www.instagram.com\/femergs_rs\/"]},{"@type":"Person","@id":"https:\/\/femergs.com.br\/wfe\/#\/schema\/person\/f5558e6b5ffc044ee085016237dedb7f","name":"adminfemergs","image":{"@type":"ImageObject","inLanguage":"pt-BR","@id":"https:\/\/femergs.com.br\/wfe\/#\/schema\/person\/image\/","url":"https:\/\/secure.gravatar.com\/avatar\/398642fa557cdd524617ad9b31c938845f071aeb3448b9c0aeb29aefc495337b?s=96&d=mm&r=g","contentUrl":"https:\/\/secure.gravatar.com\/avatar\/398642fa557cdd524617ad9b31c938845f071aeb3448b9c0aeb29aefc495337b?s=96&d=mm&r=g","caption":"adminfemergs"},"sameAs":["https:\/\/femergs.com.br\/wfe"],"url":"https:\/\/femergs.com.br\/wfe\/blog\/author\/adminfemergs\/"}]}},"uagb_featured_image_src":{"full":false,"thumbnail":false,"medium":false,"medium_large":false,"large":false,"1536x1536":false,"2048x2048":false,"ultp_layout_landscape_large":false,"ultp_layout_landscape":false,"ultp_layout_portrait":false,"ultp_layout_square":false},"uagb_author_info":{"display_name":"adminfemergs","author_link":"https:\/\/femergs.com.br\/wfe\/blog\/author\/adminfemergs\/"},"uagb_comment_info":0,"uagb_excerpt":"Os sindicatos s\u00e3o organiza\u00e7\u00f5es que possuem um papel de extrema import\u00e2ncia na vida do trabalhador. Mas como qualquer \u00f3rg\u00e3o, necessita de financiamento para poder ser mantido, para poder ofertar, assessoria jur\u00eddica, de luta e outras atividades visando a melhoria das condi\u00e7\u00f5es de trabalho e sal\u00e1rio dos associados. Todos n\u00f3s sabemos a import\u00e2ncia desta contribui\u00e7\u00e3o sindical,&hellip;","_links":{"self":[{"href":"https:\/\/femergs.com.br\/wfe\/wp-json\/wp\/v2\/posts\/1155","targetHints":{"allow":["GET"]}}],"collection":[{"href":"https:\/\/femergs.com.br\/wfe\/wp-json\/wp\/v2\/posts"}],"about":[{"href":"https:\/\/femergs.com.br\/wfe\/wp-json\/wp\/v2\/types\/post"}],"author":[{"embeddable":true,"href":"https:\/\/femergs.com.br\/wfe\/wp-json\/wp\/v2\/users\/1"}],"replies":[{"embeddable":true,"href":"https:\/\/femergs.com.br\/wfe\/wp-json\/wp\/v2\/comments?post=1155"}],"version-history":[{"count":0,"href":"https:\/\/femergs.com.br\/wfe\/wp-json\/wp\/v2\/posts\/1155\/revisions"}],"wp:attachment":[{"href":"https:\/\/femergs.com.br\/wfe\/wp-json\/wp\/v2\/media?parent=1155"}],"wp:term":[{"taxonomy":"category","embeddable":true,"href":"https:\/\/femergs.com.br\/wfe\/wp-json\/wp\/v2\/categories?post=1155"},{"taxonomy":"post_tag","embeddable":true,"href":"https:\/\/femergs.com.br\/wfe\/wp-json\/wp\/v2\/tags?post=1155"}],"curies":[{"name":"wp","href":"https:\/\/api.w.org\/{rel}","templated":true}]}}