{"id":1156,"date":"2018-10-11T14:34:45","date_gmt":"2018-10-11T14:34:45","guid":{"rendered":"https:\/\/femergs.com.br\/wfe\/blog\/resultado-das-eleicoes-2018\/"},"modified":"2018-10-11T14:34:45","modified_gmt":"2018-10-11T14:34:45","slug":"resultado-das-eleicoes-2018","status":"publish","type":"post","link":"https:\/\/femergs.com.br\/wfe\/blog\/resultado-das-eleicoes-2018\/","title":{"rendered":"RESULTADO DAS ELEI\u00c7\u00d5ES 2018"},"content":{"rendered":"<div style=\"text-align: center;\"><u><strong>SENADORES ELEITOS PELO RIO GRANDE DO SUL<\/strong><\/u><\/div>\n<ol>\n<li style=\"text-align: justify;\">Luis Carlos Heinze (PP)<\/li>\n<li style=\"text-align: justify;\">Paulo Paim (PT)<\/li>\n<\/ol>\n<div style=\"text-align: center;\">\n<p><u><strong>DEPUTADOS FEDERAIS ELEITOS PELO RIO GRANDE DO SUL<\/strong><\/u><\/div>\n<ol>\n<li>?Marcel Van Hattem (Novo) &#8211; 349.855 (5, 99%)<\/li>\n<li>Onyx Lorenzoni (DEM) &#8211; 183.518 (3,14%)<\/li>\n<li>Giovani Cherini (PR) &#8211; 151.719 (2,60%)<\/li>\n<li>Paulo Pimenta (PT) &#8211; 133.086 (2,28%)<\/li>\n<li>Marcon (PT) &#8211; 122.838 (2,10%)<\/li>\n<li>Marlon Santos (PDT) &#8211; 116.483 (1,99%)<\/li>\n<li>Lucas Redecker (PSDB) &#8211; 114.346 (1,96%)<\/li>\n<li>Fernanda Melchionna (PSOL) &#8211; 114.302 (1,96%)<\/li>\n<li>Heitor Schuch (PSB) &#8211; 109.053 (1,87%)<\/li>\n<li>Henrique Fontana (PT) &#8211; 108.585 (1,86%)<\/li>\n<li>Carlos Gomes (PRB) &#8211; 103.373 (1,77%)<\/li>\n<li>Bohn Gass (PT) &#8211; 102.964 (1,46%)<\/li>\n<li>Danrlei de Deus Goleiro (PSD) &#8211; 102.662 (1,76%)<\/li>\n<li>Covatti Filho (PP) &#8211; 102.063 (1,75%)<\/li>\n<li>M\u00e1rcio Biolchi (MDB) &#8211; 100.362 (1,72%)<\/li>\n<li>Alceu Moreira (MDB) &#8211; 100.341 (1,72%)<\/li>\n<li>Afonso Hamm (PP) &#8211; 100.018 (1,71%)<\/li>\n<li>Maria do Ros\u00e1rio (PT) &#8211; 97.303 (1,66%)<\/li>\n<li>Pedro Westphalen (PP) &#8211; 97.163 (1,66%)<\/li>\n<li>Giovani Feltes (MDB) &#8211; 93.088 (1,59%)<\/li>\n<li>Bibo Nunes (PSL) &#8211; 91.664 (1,57%)<\/li>\n<li>Jer\u00f4nimo Goergen (PP) &#8211; 89.707 (1,53%)<\/li>\n<li>Sanderson Federal (PSL) &#8211; 88.559 (1,52%)<\/li>\n<li>Osmar Terra (MDB) &#8211; 86.305 (1,48%)<\/li>\n<li>Maur\u00edcio Dziedricki (PTB) &#8211; 83.617 (1,43%)<\/li>\n<li>Pompeo de Mattos (PDT) &#8211; 80.427 (1,38%)<\/li>\n<li>Daniel da TV (PSDB) &#8211; 74.789 (1,28%)<\/li>\n<li>Marcelo Moraes (PTB) &#8211; 69.904 (1,20%)<\/li>\n<li>Afonso Motta (PDT) &#8211; 65.712 (1,12%)<\/li>\n<li>Liziane Bayer (PSB) &#8211; 52.977 (0,91%)<\/li>\n<li>Nereu Crispin (PSL) &#8211; 32.200 (0,55%)<\/li>\n<\/ol>\n<div style=\"text-align: center;\"><sup><img decoding=\"async\" src=\"data:image\/gif;base64,R0lGODlhAQABAIAAAAAAAP\/\/\/ywAAAAAAQABAAACAUwAOw==\" fifu-lazy=\"1\" fifu-data-sizes=\"auto\" fifu-data-srcset=\"\/Im4g3nsN0t1cia\/geral\/images\/24729321(1).jpg?w=75&resize=75&ssl=1 75w, \/Im4g3nsN0t1cia\/geral\/images\/24729321(1).jpg?w=100&resize=100&ssl=1 100w, \/Im4g3nsN0t1cia\/geral\/images\/24729321(1).jpg?w=150&resize=150&ssl=1 150w, \/Im4g3nsN0t1cia\/geral\/images\/24729321(1).jpg?w=240&resize=240&ssl=1 240w, \/Im4g3nsN0t1cia\/geral\/images\/24729321(1).jpg?w=320&resize=320&ssl=1 320w, \/Im4g3nsN0t1cia\/geral\/images\/24729321(1).jpg?w=500&resize=500&ssl=1 500w, \/Im4g3nsN0t1cia\/geral\/images\/24729321(1).jpg?w=640&resize=640&ssl=1 640w, \/Im4g3nsN0t1cia\/geral\/images\/24729321(1).jpg?w=800&resize=800&ssl=1 800w, \/Im4g3nsN0t1cia\/geral\/images\/24729321(1).jpg?w=1024&resize=1024&ssl=1 1024w, \/Im4g3nsN0t1cia\/geral\/images\/24729321(1).jpg?w=1280&resize=1280&ssl=1 1280w, \/Im4g3nsN0t1cia\/geral\/images\/24729321(1).jpg?w=1600&resize=1600&ssl=1 1600w\" alt=\"\" fifu-data-src=\"\/Im4g3nsN0t1cia\/geral\/images\/24729321(1).jpg\" style=\"height:856px; width:500px\" \/><\/sup><\/div>\n<div style=\"text-align: center;\"><strong><u>DEPUTADOS ESTADUAIS &#8211; RIO GRANDE DO SUL<\/u><\/strong><\/div>\n<p>\nConfira a lista com os 55 deputados que formariam a Assembleia Legislativa:<\/p>\n<ol>\n<li>Tenente Coronel Zucco (PSL) &#8211; 166.747 (2,88%)<\/li>\n<li>Ruy Irigaray (PSL) &#8211; 102.117 (1,76%)<\/li>\n<li>Any Ortiz (PPS) &#8211; 94.904 (1,64%)<\/li>\n<li>Edegar Pretto (PT) &#8211; 91.471 (1,58%)<\/li>\n<li> Silvana Covatti (PP) &#8211; 75.068 (1,30%)<\/li>\n<li>Luciana Genro (PSOL) &#8211; 73.865 (1,28%)<\/li>\n<li>Sergio Peres (PRB) &#8211; 72.167 (1,25%)<\/li>\n<li>Ernani Polo (PP) &#8211; 67.248 (1,16%)<\/li>\n<li>Valdeci Oliveira (PT) &#8211; 57.840 (1,00%)<\/li>\n<li>Lara (PTB) &#8211; 56.396 (0,97%)<\/li>\n<li>Elton Weber (PSB) &#8211; 55.645 (0,96%)<\/li>\n<li>Gabriel Souza (MDB) &#8211; 52.953 (0,91)<\/li>\n<li>S\u00e9rgio Turra (PP) &#8211; 52.668 (0,91%)<\/li>\n<li>Eduardo Loureiro (PDT) &#8211; 50.056 (0,86)<\/li>\n<li>Jeferson Fernandes (PT) &#8211; 49.809 (0,86)<\/li>\n<li>F\u00e1bio Ostermann (Novo) &#8211; 48.897 (0,84%)<\/li>\n<li> Tiago Simon (MDB) &#8211; 45.792 (0,79%)<\/li>\n<li> Adolfo Brito (PP) &#8211; 44.966 (0,78%)<\/li>\n<li> Kelly Moraes (PTB) &#8211; 44.755 (0,77%)<\/li>\n<li> Edson Brum (MDB) &#8211; 43.836 (0,76%)<\/li>\n<li>Juliana Brizola (PDT) &#8211; 43.822 (0,76%)<\/li>\n<li>Ga\u00facho da Geral (PSD) &#8211; 43.012 (0,74%)<\/li>\n<li>Costella (MDB) &#8211; 42.066 (0,73%)<\/li>\n<li>F\u00e1bio Branco (MDB) &#8211; 41.468 (0,72%)<\/li>\n<li>Mainardi (PT) &#8211; 41.450 (0,72%)<\/li>\n<li>Franciane Bayer (PSB) &#8211; 40.317 (0,70%)<\/li>\n<li>Pepe Vargas (PT) &#8211; 38.798 (0,67%)<\/li>\n<li> Classmann (PTB) &#8211; 37.920 (0,66%)<\/li>\n<li> Dirceu do Busato (PTB) &#8211; 37.322 (0,64%)<\/li>\n<li> Zanchin (MDB) &#8211; 37.161 (0,64%)<\/li>\n<li> Gilberto Capoani (MDB) &#8211; 37.058 (0,64%)<\/li>\n<li> Z\u00e9 Nunes (PT) &#8211; 36.982 (0,64%)<\/li>\n<li> Elizandro Sabino (PTB) &#8211; 36.033 (0,62%)<\/li>\n<li> Professor Issur Koch (PP) &#8211; 35.803 (0,62%)<\/li>\n<li> Gerson Burmann (PDT) &#8211; 35.136 (0,61%)<\/li>\n<li> Sebasti\u00e3o Melo (MDB) &#8211; 34.881 (0,60%)<\/li>\n<li> Frederico Antunes (PP) &#8211; 33.691 (0,58%)<\/li>\n<li> Sofia Cavedon (PT) &#8211; 32.969 (0,57%)<\/li>\n<li> Pedro Pereira (PSDB) &#8211; 32.290 (0,56%)<\/li>\n<li> Fernando Marroni (PT) &#8211; 30.704 (0,53%)<\/li>\n<li> Mateus Wesp (PSDB) &#8211; 28.173 (0,49%)<\/li>\n<li> Dr. Thiago (DEM) &#8211; 27.907 (0,48%)<\/li>\n<li>Neri O Carteiro (Solidariedade) &#8211; 27.808 (0,48%)<\/li>\n<li>Paparico Bacchi (PR) &#8211; 27.483 (0,47%)<\/li>\n<li>Dalciso Oliveira (PSB) &#8211; 26.765 (0,46%)<\/li>\n<li>Rodrigo Maroni (Podemos) &#8211; 26.449 (0,46%)<\/li>\n<li> Airton Lima (PR) &#8211; 25.679 (0,44%)<\/li>\n<li> Viana (PSDB) &#8211; 25.629 (0,44%)<\/li>\n<li>Luiz Marenco (PDT) &#8211; 24.607 (0,43%)<\/li>\n<li> Zil\u00e1 Breitenbach (PSDB) &#8211; 24.115 (0,42%)<\/li>\n<li> Eric Lins (DEM) &#8211; 23.042 (0,40%)<\/li>\n<li> Vilmar Louren\u00e7o (PSL) &#8211; 17.828 (0,31%)<\/li>\n<li> Capit\u00e3o Macedo (PSL) &#8211; 17.592 (0,30%)<\/li>\n<li>Giuseppe Riesgo (Novo) &#8211; 16.224 (0,28%)<\/li>\n<li style=\"text-align: center;\">Fran Somensi (PRB) &#8211; 15.404 (0,27%)\n<p>\n\t<img decoding=\"async\" src=\"data:image\/gif;base64,R0lGODlhAQABAIAAAAAAAP\/\/\/ywAAAAAAQABAAACAUwAOw==\" fifu-lazy=\"1\" fifu-data-sizes=\"auto\" fifu-data-srcset=\"\/Im4g3nsN0t1cia\/geral\/images\/24729321.jpg?w=75&resize=75&ssl=1 75w, \/Im4g3nsN0t1cia\/geral\/images\/24729321.jpg?w=100&resize=100&ssl=1 100w, \/Im4g3nsN0t1cia\/geral\/images\/24729321.jpg?w=150&resize=150&ssl=1 150w, \/Im4g3nsN0t1cia\/geral\/images\/24729321.jpg?w=240&resize=240&ssl=1 240w, \/Im4g3nsN0t1cia\/geral\/images\/24729321.jpg?w=320&resize=320&ssl=1 320w, \/Im4g3nsN0t1cia\/geral\/images\/24729321.jpg?w=500&resize=500&ssl=1 500w, \/Im4g3nsN0t1cia\/geral\/images\/24729321.jpg?w=640&resize=640&ssl=1 640w, \/Im4g3nsN0t1cia\/geral\/images\/24729321.jpg?w=800&resize=800&ssl=1 800w, \/Im4g3nsN0t1cia\/geral\/images\/24729321.jpg?w=1024&resize=1024&ssl=1 1024w, \/Im4g3nsN0t1cia\/geral\/images\/24729321.jpg?w=1280&resize=1280&ssl=1 1280w, \/Im4g3nsN0t1cia\/geral\/images\/24729321.jpg?w=1600&resize=1600&ssl=1 1600w\" alt=\"\" fifu-data-src=\"\/Im4g3nsN0t1cia\/geral\/images\/24729321.jpg\" style=\"height:644px; width:500px\" \/><\/li>\n<\/ol>\n","protected":false},"excerpt":{"rendered":"<p>SENADORES ELEITOS PELO RIO GRANDE DO SUL Luis Carlos Heinze (PP) Paulo Paim (PT) DEPUTADOS FEDERAIS ELEITOS PELO RIO GRANDE DO SUL ?Marcel Van Hattem (Novo) &#8211; 349.855 (5, 99%) Onyx Lorenzoni (DEM) &#8211; 183.518 (3,14%) Giovani Cherini (PR) &#8211; 151.719 (2,60%) Paulo Pimenta (PT) &#8211; 133.086 (2,28%) Marcon (PT) &#8211; 122.838 (2,10%) Marlon Santos [&hellip;]<\/p>\n","protected":false},"author":1,"featured_media":0,"comment_status":"closed","ping_status":"closed","sticky":false,"template":"","format":"standard","meta":{"_eb_attr":"","_uag_custom_page_level_css":"","fifu_image_url":"","fifu_image_alt":"","footnotes":""},"categories":[1],"tags":[32],"class_list":["post-1156","post","type-post","status-publish","format-standard","hentry","category-arquivadas","tag-null"],"yoast_head":"<!-- This site is optimized with the Yoast SEO plugin v27.1.1 - https:\/\/yoast.com\/product\/yoast-seo-wordpress\/ -->\n<title>RESULTADO DAS ELEI\u00c7\u00d5ES 2018 - Federa\u00e7\u00e3o dos Municip\u00e1rios do Estado do Rio Grande do Sul<\/title>\n<meta name=\"robots\" content=\"index, follow, max-snippet:-1, max-image-preview:large, max-video-preview:-1\" \/>\n<link rel=\"canonical\" href=\"https:\/\/femergs.com.br\/wfe\/blog\/resultado-das-eleicoes-2018\/\" \/>\n<meta property=\"og:locale\" content=\"pt_BR\" \/>\n<meta property=\"og:type\" content=\"article\" \/>\n<meta property=\"og:title\" content=\"RESULTADO DAS ELEI\u00c7\u00d5ES 2018 - Federa\u00e7\u00e3o dos Municip\u00e1rios do Estado do Rio Grande do Sul\" \/>\n<meta property=\"og:description\" content=\"SENADORES ELEITOS PELO RIO GRANDE DO SUL Luis Carlos Heinze (PP) Paulo Paim (PT) DEPUTADOS FEDERAIS ELEITOS PELO RIO GRANDE DO SUL ?Marcel Van Hattem (Novo) &#8211; 349.855 (5, 99%) Onyx Lorenzoni (DEM) &#8211; 183.518 (3,14%) Giovani Cherini (PR) &#8211; 151.719 (2,60%) Paulo Pimenta (PT) &#8211; 133.086 (2,28%) Marcon (PT) &#8211; 122.838 (2,10%) Marlon Santos [&hellip;]\" \/>\n<meta property=\"og:url\" content=\"https:\/\/femergs.com.br\/wfe\/blog\/resultado-das-eleicoes-2018\/\" \/>\n<meta property=\"og:site_name\" content=\"Federa\u00e7\u00e3o dos Municip\u00e1rios do Estado do Rio Grande do Sul\" \/>\n<meta property=\"article:publisher\" content=\"https:\/\/www.facebook.com\/profile.php?id=100057151733001\" \/>\n<meta property=\"article:published_time\" content=\"2018-10-11T14:34:45+00:00\" \/>\n<meta name=\"author\" content=\"adminfemergs\" \/>\n<meta name=\"twitter:card\" content=\"summary_large_image\" \/>\n<meta name=\"twitter:label1\" content=\"Escrito por\" \/>\n\t<meta name=\"twitter:data1\" content=\"adminfemergs\" \/>\n\t<meta name=\"twitter:label2\" content=\"Est. tempo de leitura\" \/>\n\t<meta name=\"twitter:data2\" content=\"2 minutos\" \/>\n<script type=\"application\/ld+json\" class=\"yoast-schema-graph\">{\"@context\":\"https:\/\/schema.org\",\"@graph\":[{\"@type\":\"Article\",\"@id\":\"https:\/\/femergs.com.br\/wfe\/blog\/resultado-das-eleicoes-2018\/#article\",\"isPartOf\":{\"@id\":\"https:\/\/femergs.com.br\/wfe\/blog\/resultado-das-eleicoes-2018\/\"},\"author\":{\"name\":\"adminfemergs\",\"@id\":\"https:\/\/femergs.com.br\/wfe\/#\/schema\/person\/f5558e6b5ffc044ee085016237dedb7f\"},\"headline\":\"RESULTADO DAS ELEI\u00c7\u00d5ES 2018\",\"datePublished\":\"2018-10-11T14:34:45+00:00\",\"mainEntityOfPage\":{\"@id\":\"https:\/\/femergs.com.br\/wfe\/blog\/resultado-das-eleicoes-2018\/\"},\"wordCount\":403,\"publisher\":{\"@id\":\"https:\/\/femergs.com.br\/wfe\/#organization\"},\"keywords\":[\"NULL\"],\"articleSection\":[\"ARQUIVADAS\"],\"inLanguage\":\"pt-BR\"},{\"@type\":\"WebPage\",\"@id\":\"https:\/\/femergs.com.br\/wfe\/blog\/resultado-das-eleicoes-2018\/\",\"url\":\"https:\/\/femergs.com.br\/wfe\/blog\/resultado-das-eleicoes-2018\/\",\"name\":\"RESULTADO DAS ELEI\u00c7\u00d5ES 2018 - Federa\u00e7\u00e3o dos Municip\u00e1rios do Estado do Rio Grande do Sul\",\"isPartOf\":{\"@id\":\"https:\/\/femergs.com.br\/wfe\/#website\"},\"datePublished\":\"2018-10-11T14:34:45+00:00\",\"breadcrumb\":{\"@id\":\"https:\/\/femergs.com.br\/wfe\/blog\/resultado-das-eleicoes-2018\/#breadcrumb\"},\"inLanguage\":\"pt-BR\",\"potentialAction\":[{\"@type\":\"ReadAction\",\"target\":[\"https:\/\/femergs.com.br\/wfe\/blog\/resultado-das-eleicoes-2018\/\"]}]},{\"@type\":\"BreadcrumbList\",\"@id\":\"https:\/\/femergs.com.br\/wfe\/blog\/resultado-das-eleicoes-2018\/#breadcrumb\",\"itemListElement\":[{\"@type\":\"ListItem\",\"position\":1,\"name\":\"In\u00edcio\",\"item\":\"https:\/\/femergs.com.br\/wfe\/\"},{\"@type\":\"ListItem\",\"position\":2,\"name\":\"RESULTADO DAS ELEI\u00c7\u00d5ES 2018\"}]},{\"@type\":\"WebSite\",\"@id\":\"https:\/\/femergs.com.br\/wfe\/#website\",\"url\":\"https:\/\/femergs.com.br\/wfe\/\",\"name\":\"FEMERGS\",\"description\":\"FEDERA\u00c7\u00c3O DOS MUNICIP\u00c1RIOS DO ESTADO DO RIO GRANDE DO SUL\",\"publisher\":{\"@id\":\"https:\/\/femergs.com.br\/wfe\/#organization\"},\"potentialAction\":[{\"@type\":\"SearchAction\",\"target\":{\"@type\":\"EntryPoint\",\"urlTemplate\":\"https:\/\/femergs.com.br\/wfe\/?s={search_term_string}\"},\"query-input\":{\"@type\":\"PropertyValueSpecification\",\"valueRequired\":true,\"valueName\":\"search_term_string\"}}],\"inLanguage\":\"pt-BR\"},{\"@type\":\"Organization\",\"@id\":\"https:\/\/femergs.com.br\/wfe\/#organization\",\"name\":\"FEMERGS\",\"url\":\"https:\/\/femergs.com.br\/wfe\/\",\"logo\":{\"@type\":\"ImageObject\",\"inLanguage\":\"pt-BR\",\"@id\":\"https:\/\/femergs.com.br\/wfe\/#\/schema\/logo\/image\/\",\"url\":\"https:\/\/femergs.com.br\/wfe\/wp-content\/uploads\/2025\/06\/logotipo.png\",\"contentUrl\":\"https:\/\/femergs.com.br\/wfe\/wp-content\/uploads\/2025\/06\/logotipo.png\",\"width\":500,\"height\":500,\"caption\":\"FEMERGS\"},\"image\":{\"@id\":\"https:\/\/femergs.com.br\/wfe\/#\/schema\/logo\/image\/\"},\"sameAs\":[\"https:\/\/www.facebook.com\/profile.php?id=100057151733001\",\"https:\/\/www.instagram.com\/femergs_rs\/\"]},{\"@type\":\"Person\",\"@id\":\"https:\/\/femergs.com.br\/wfe\/#\/schema\/person\/f5558e6b5ffc044ee085016237dedb7f\",\"name\":\"adminfemergs\",\"image\":{\"@type\":\"ImageObject\",\"inLanguage\":\"pt-BR\",\"@id\":\"https:\/\/femergs.com.br\/wfe\/#\/schema\/person\/image\/\",\"url\":\"https:\/\/secure.gravatar.com\/avatar\/398642fa557cdd524617ad9b31c938845f071aeb3448b9c0aeb29aefc495337b?s=96&d=mm&r=g\",\"contentUrl\":\"https:\/\/secure.gravatar.com\/avatar\/398642fa557cdd524617ad9b31c938845f071aeb3448b9c0aeb29aefc495337b?s=96&d=mm&r=g\",\"caption\":\"adminfemergs\"},\"sameAs\":[\"https:\/\/femergs.com.br\/wfe\"],\"url\":\"https:\/\/femergs.com.br\/wfe\/blog\/author\/adminfemergs\/\"}]}<\/script>\n<!-- \/ Yoast SEO plugin. -->","yoast_head_json":{"title":"RESULTADO DAS ELEI\u00c7\u00d5ES 2018 - Federa\u00e7\u00e3o dos Municip\u00e1rios do Estado do Rio Grande do Sul","robots":{"index":"index","follow":"follow","max-snippet":"max-snippet:-1","max-image-preview":"max-image-preview:large","max-video-preview":"max-video-preview:-1"},"canonical":"https:\/\/femergs.com.br\/wfe\/blog\/resultado-das-eleicoes-2018\/","og_locale":"pt_BR","og_type":"article","og_title":"RESULTADO DAS ELEI\u00c7\u00d5ES 2018 - Federa\u00e7\u00e3o dos Municip\u00e1rios do Estado do Rio Grande do Sul","og_description":"SENADORES ELEITOS PELO RIO GRANDE DO SUL Luis Carlos Heinze (PP) Paulo Paim (PT) DEPUTADOS FEDERAIS ELEITOS PELO RIO GRANDE DO SUL ?Marcel Van Hattem (Novo) &#8211; 349.855 (5, 99%) Onyx Lorenzoni (DEM) &#8211; 183.518 (3,14%) Giovani Cherini (PR) &#8211; 151.719 (2,60%) Paulo Pimenta (PT) &#8211; 133.086 (2,28%) Marcon (PT) &#8211; 122.838 (2,10%) Marlon Santos [&hellip;]","og_url":"https:\/\/femergs.com.br\/wfe\/blog\/resultado-das-eleicoes-2018\/","og_site_name":"Federa\u00e7\u00e3o dos Municip\u00e1rios do Estado do Rio Grande do Sul","article_publisher":"https:\/\/www.facebook.com\/profile.php?id=100057151733001","article_published_time":"2018-10-11T14:34:45+00:00","author":"adminfemergs","twitter_card":"summary_large_image","twitter_misc":{"Escrito por":"adminfemergs","Est. tempo de leitura":"2 minutos"},"schema":{"@context":"https:\/\/schema.org","@graph":[{"@type":"Article","@id":"https:\/\/femergs.com.br\/wfe\/blog\/resultado-das-eleicoes-2018\/#article","isPartOf":{"@id":"https:\/\/femergs.com.br\/wfe\/blog\/resultado-das-eleicoes-2018\/"},"author":{"name":"adminfemergs","@id":"https:\/\/femergs.com.br\/wfe\/#\/schema\/person\/f5558e6b5ffc044ee085016237dedb7f"},"headline":"RESULTADO DAS ELEI\u00c7\u00d5ES 2018","datePublished":"2018-10-11T14:34:45+00:00","mainEntityOfPage":{"@id":"https:\/\/femergs.com.br\/wfe\/blog\/resultado-das-eleicoes-2018\/"},"wordCount":403,"publisher":{"@id":"https:\/\/femergs.com.br\/wfe\/#organization"},"keywords":["NULL"],"articleSection":["ARQUIVADAS"],"inLanguage":"pt-BR"},{"@type":"WebPage","@id":"https:\/\/femergs.com.br\/wfe\/blog\/resultado-das-eleicoes-2018\/","url":"https:\/\/femergs.com.br\/wfe\/blog\/resultado-das-eleicoes-2018\/","name":"RESULTADO DAS ELEI\u00c7\u00d5ES 2018 - Federa\u00e7\u00e3o dos Municip\u00e1rios do Estado do Rio Grande do Sul","isPartOf":{"@id":"https:\/\/femergs.com.br\/wfe\/#website"},"datePublished":"2018-10-11T14:34:45+00:00","breadcrumb":{"@id":"https:\/\/femergs.com.br\/wfe\/blog\/resultado-das-eleicoes-2018\/#breadcrumb"},"inLanguage":"pt-BR","potentialAction":[{"@type":"ReadAction","target":["https:\/\/femergs.com.br\/wfe\/blog\/resultado-das-eleicoes-2018\/"]}]},{"@type":"BreadcrumbList","@id":"https:\/\/femergs.com.br\/wfe\/blog\/resultado-das-eleicoes-2018\/#breadcrumb","itemListElement":[{"@type":"ListItem","position":1,"name":"In\u00edcio","item":"https:\/\/femergs.com.br\/wfe\/"},{"@type":"ListItem","position":2,"name":"RESULTADO DAS ELEI\u00c7\u00d5ES 2018"}]},{"@type":"WebSite","@id":"https:\/\/femergs.com.br\/wfe\/#website","url":"https:\/\/femergs.com.br\/wfe\/","name":"FEMERGS","description":"FEDERA\u00c7\u00c3O DOS MUNICIP\u00c1RIOS DO ESTADO DO RIO GRANDE DO SUL","publisher":{"@id":"https:\/\/femergs.com.br\/wfe\/#organization"},"potentialAction":[{"@type":"SearchAction","target":{"@type":"EntryPoint","urlTemplate":"https:\/\/femergs.com.br\/wfe\/?s={search_term_string}"},"query-input":{"@type":"PropertyValueSpecification","valueRequired":true,"valueName":"search_term_string"}}],"inLanguage":"pt-BR"},{"@type":"Organization","@id":"https:\/\/femergs.com.br\/wfe\/#organization","name":"FEMERGS","url":"https:\/\/femergs.com.br\/wfe\/","logo":{"@type":"ImageObject","inLanguage":"pt-BR","@id":"https:\/\/femergs.com.br\/wfe\/#\/schema\/logo\/image\/","url":"https:\/\/femergs.com.br\/wfe\/wp-content\/uploads\/2025\/06\/logotipo.png","contentUrl":"https:\/\/femergs.com.br\/wfe\/wp-content\/uploads\/2025\/06\/logotipo.png","width":500,"height":500,"caption":"FEMERGS"},"image":{"@id":"https:\/\/femergs.com.br\/wfe\/#\/schema\/logo\/image\/"},"sameAs":["https:\/\/www.facebook.com\/profile.php?id=100057151733001","https:\/\/www.instagram.com\/femergs_rs\/"]},{"@type":"Person","@id":"https:\/\/femergs.com.br\/wfe\/#\/schema\/person\/f5558e6b5ffc044ee085016237dedb7f","name":"adminfemergs","image":{"@type":"ImageObject","inLanguage":"pt-BR","@id":"https:\/\/femergs.com.br\/wfe\/#\/schema\/person\/image\/","url":"https:\/\/secure.gravatar.com\/avatar\/398642fa557cdd524617ad9b31c938845f071aeb3448b9c0aeb29aefc495337b?s=96&d=mm&r=g","contentUrl":"https:\/\/secure.gravatar.com\/avatar\/398642fa557cdd524617ad9b31c938845f071aeb3448b9c0aeb29aefc495337b?s=96&d=mm&r=g","caption":"adminfemergs"},"sameAs":["https:\/\/femergs.com.br\/wfe"],"url":"https:\/\/femergs.com.br\/wfe\/blog\/author\/adminfemergs\/"}]}},"uagb_featured_image_src":{"full":false,"thumbnail":false,"medium":false,"medium_large":false,"large":false,"1536x1536":false,"2048x2048":false,"ultp_layout_landscape_large":false,"ultp_layout_landscape":false,"ultp_layout_portrait":false,"ultp_layout_square":false},"uagb_author_info":{"display_name":"adminfemergs","author_link":"https:\/\/femergs.com.br\/wfe\/blog\/author\/adminfemergs\/"},"uagb_comment_info":0,"uagb_excerpt":"SENADORES ELEITOS PELO RIO GRANDE DO SUL Luis Carlos Heinze (PP) Paulo Paim (PT) DEPUTADOS FEDERAIS ELEITOS PELO RIO GRANDE DO SUL ?Marcel Van Hattem (Novo) &#8211; 349.855 (5, 99%) Onyx Lorenzoni (DEM) &#8211; 183.518 (3,14%) Giovani Cherini (PR) &#8211; 151.719 (2,60%) Paulo Pimenta (PT) &#8211; 133.086 (2,28%) Marcon (PT) &#8211; 122.838 (2,10%) Marlon Santos&hellip;","_links":{"self":[{"href":"https:\/\/femergs.com.br\/wfe\/wp-json\/wp\/v2\/posts\/1156","targetHints":{"allow":["GET"]}}],"collection":[{"href":"https:\/\/femergs.com.br\/wfe\/wp-json\/wp\/v2\/posts"}],"about":[{"href":"https:\/\/femergs.com.br\/wfe\/wp-json\/wp\/v2\/types\/post"}],"author":[{"embeddable":true,"href":"https:\/\/femergs.com.br\/wfe\/wp-json\/wp\/v2\/users\/1"}],"replies":[{"embeddable":true,"href":"https:\/\/femergs.com.br\/wfe\/wp-json\/wp\/v2\/comments?post=1156"}],"version-history":[{"count":0,"href":"https:\/\/femergs.com.br\/wfe\/wp-json\/wp\/v2\/posts\/1156\/revisions"}],"wp:attachment":[{"href":"https:\/\/femergs.com.br\/wfe\/wp-json\/wp\/v2\/media?parent=1156"}],"wp:term":[{"taxonomy":"category","embeddable":true,"href":"https:\/\/femergs.com.br\/wfe\/wp-json\/wp\/v2\/categories?post=1156"},{"taxonomy":"post_tag","embeddable":true,"href":"https:\/\/femergs.com.br\/wfe\/wp-json\/wp\/v2\/tags?post=1156"}],"curies":[{"name":"wp","href":"https:\/\/api.w.org\/{rel}","templated":true}]}}