{"id":1157,"date":"2018-10-11T14:38:30","date_gmt":"2018-10-11T14:38:30","guid":{"rendered":"https:\/\/femergs.com.br\/wfe\/blog\/maioria-dos-deputados-que-votaram-pela-reforma-da-previdencia-nao-se-reelegeu\/"},"modified":"2018-10-11T14:38:30","modified_gmt":"2018-10-11T14:38:30","slug":"maioria-dos-deputados-que-votaram-pela-reforma-da-previdencia-nao-se-reelegeu","status":"publish","type":"post","link":"https:\/\/femergs.com.br\/wfe\/blog\/maioria-dos-deputados-que-votaram-pela-reforma-da-previdencia-nao-se-reelegeu\/","title":{"rendered":"Maioria dos deputados que votaram pela reforma da Previd\u00eancia n\u00e3o se reelegeu"},"content":{"rendered":"<p>Dos 23 parlamentares que deliberaram a favor da proposta, apenas cinco continuar\u00e3o no Congresso<\/p>\n<p>Mesmo tendo ficado \u00e0 margem nas discuss\u00f5es eleitorais do primeiro turno, o fracasso da reforma da Previd\u00eancia na C\u00e2mara dos Deputados reverberou nas urnas. Dos 23 parlamentares que votaram a favor da Proposta de Emenda \u00e0 Constitui\u00e7\u00e3o (PEC), que modifica as regras para concess\u00e3o de aposentadoria e pens\u00e3o na Comiss\u00e3o Especial da reforma, apenas cinco continuar\u00e3o no Congresso pelos pr\u00f3ximos quatro anos. J\u00e1 dos 14 que votaram contra, 10 conseguiram se reeleger.<\/p>\n<p>Durante a tramita\u00e7\u00e3o da PEC, era recorrente o alerta dos opositores da reforma sobre o risco de derrota das urnas nas elei\u00e7\u00f5es deste ano. Muitos parlamentares favor\u00e1veis \u00e0 reforma disseram na \u00e9poca que votariam contra a proposta pela proximidade com as elei\u00e7\u00f5es.<\/p>\n<p>A aprova\u00e7\u00e3o da reforma da Previd\u00eancia na Comiss\u00e3o Especial ainda em 3 de maio de 2017 por uma ampla margem \u2013 23 a 14 votos \u2013 sinalizava o caminho aberto para a vota\u00e7\u00e3o da PEC no plen\u00e1rio. Mas o vazamento de \u00e1udios de conversas entre o presidente Michel Temer e o dono da JBS, Joesley Batista, 14 dias depois, acabou sepultando as tentativas de vota\u00e7\u00e3o do texto.<\/p>\n<p>Passados 17 meses daquela vota\u00e7\u00e3o na comiss\u00e3o, a maioria dos deputados que garantiram a vit\u00f3ria do governo n\u00e3o conseguiram vencer nas urnas. O relator da reforma, Arthur Maia (DEM-BA), \u00e9 um dos poucos que receberam mais um mandato dos eleitores. Os outros reeleitos foram Bilac Pinto (DEM-MG), Magda Mofatto (PR-GO), Junior Marreca (Patriotas-MA) e Vinicius Carvalho (PRB-SP).<\/p>\n<p>Levantamento feito pelo jornal O Estado de S. Paulo e pelo Broadcast (servi\u00e7o de not\u00edcias em tempo real do Grupo Estado) mostrou que a lista dos derrotados nas urnas \u00e9 extensa, formada por 14 deputados, incluindo um dos principais nomes da \u201ctropa de choque\u201d de Temer na Casa, Darc\u00edsio Perondi (MDB-RS). Outros cinco integrantes nem chegaram a concorrer nas elei\u00e7\u00f5es deste ano. Alexandre Baldy (PP-GO) e Carlos Marun (MDB-MS), porque ocupam, respectivamente, os Minist\u00e9rios das Cidades e da Secretaria de Governo. J\u00e1 Reinhold Stephanes (PSD-PR), Evandro Gussi (PV-SP) e Thiago Peixoto (PSD-GO) optaram por n\u00e3o disputar um novo mandato.<\/p>\n","protected":false},"excerpt":{"rendered":"<p>Maioria dos deputados que votaram pela reforma da Previd\u00eancia n\u00e3o se reelegeu<\/p>\n","protected":false},"author":1,"featured_media":0,"comment_status":"closed","ping_status":"closed","sticky":false,"template":"","format":"standard","meta":{"_eb_attr":"","_uag_custom_page_level_css":"","fifu_image_url":"","fifu_image_alt":"","footnotes":""},"categories":[1],"tags":[32],"class_list":["post-1157","post","type-post","status-publish","format-standard","hentry","category-arquivadas","tag-null"],"yoast_head":"<!-- This site is optimized with the Yoast SEO plugin v27.1.1 - https:\/\/yoast.com\/product\/yoast-seo-wordpress\/ -->\n<title>Maioria dos deputados que votaram pela reforma da Previd\u00eancia n\u00e3o se reelegeu - Federa\u00e7\u00e3o dos Municip\u00e1rios do Estado do Rio Grande do Sul<\/title>\n<meta name=\"robots\" content=\"index, follow, max-snippet:-1, max-image-preview:large, max-video-preview:-1\" \/>\n<link rel=\"canonical\" href=\"https:\/\/femergs.com.br\/wfe\/blog\/maioria-dos-deputados-que-votaram-pela-reforma-da-previdencia-nao-se-reelegeu\/\" \/>\n<meta property=\"og:locale\" content=\"pt_BR\" \/>\n<meta property=\"og:type\" content=\"article\" \/>\n<meta property=\"og:title\" content=\"Maioria dos deputados que votaram pela reforma da Previd\u00eancia n\u00e3o se reelegeu - Federa\u00e7\u00e3o dos Municip\u00e1rios do Estado do Rio Grande do Sul\" \/>\n<meta property=\"og:description\" content=\"Maioria dos deputados que votaram pela reforma da Previd\u00eancia n\u00e3o se reelegeu\" \/>\n<meta property=\"og:url\" content=\"https:\/\/femergs.com.br\/wfe\/blog\/maioria-dos-deputados-que-votaram-pela-reforma-da-previdencia-nao-se-reelegeu\/\" \/>\n<meta property=\"og:site_name\" content=\"Federa\u00e7\u00e3o dos Municip\u00e1rios do Estado do Rio Grande do Sul\" \/>\n<meta property=\"article:publisher\" content=\"https:\/\/www.facebook.com\/profile.php?id=100057151733001\" \/>\n<meta property=\"article:published_time\" content=\"2018-10-11T14:38:30+00:00\" \/>\n<meta name=\"author\" content=\"adminfemergs\" \/>\n<meta name=\"twitter:card\" content=\"summary_large_image\" \/>\n<meta name=\"twitter:label1\" content=\"Escrito por\" \/>\n\t<meta name=\"twitter:data1\" content=\"adminfemergs\" \/>\n\t<meta name=\"twitter:label2\" content=\"Est. tempo de leitura\" \/>\n\t<meta name=\"twitter:data2\" content=\"2 minutos\" \/>\n<script type=\"application\/ld+json\" class=\"yoast-schema-graph\">{\"@context\":\"https:\/\/schema.org\",\"@graph\":[{\"@type\":\"Article\",\"@id\":\"https:\/\/femergs.com.br\/wfe\/blog\/maioria-dos-deputados-que-votaram-pela-reforma-da-previdencia-nao-se-reelegeu\/#article\",\"isPartOf\":{\"@id\":\"https:\/\/femergs.com.br\/wfe\/blog\/maioria-dos-deputados-que-votaram-pela-reforma-da-previdencia-nao-se-reelegeu\/\"},\"author\":{\"name\":\"adminfemergs\",\"@id\":\"https:\/\/femergs.com.br\/wfe\/#\/schema\/person\/f5558e6b5ffc044ee085016237dedb7f\"},\"headline\":\"Maioria dos deputados que votaram pela reforma da Previd\u00eancia n\u00e3o se reelegeu\",\"datePublished\":\"2018-10-11T14:38:30+00:00\",\"mainEntityOfPage\":{\"@id\":\"https:\/\/femergs.com.br\/wfe\/blog\/maioria-dos-deputados-que-votaram-pela-reforma-da-previdencia-nao-se-reelegeu\/\"},\"wordCount\":377,\"publisher\":{\"@id\":\"https:\/\/femergs.com.br\/wfe\/#organization\"},\"keywords\":[\"NULL\"],\"articleSection\":[\"ARQUIVADAS\"],\"inLanguage\":\"pt-BR\"},{\"@type\":\"WebPage\",\"@id\":\"https:\/\/femergs.com.br\/wfe\/blog\/maioria-dos-deputados-que-votaram-pela-reforma-da-previdencia-nao-se-reelegeu\/\",\"url\":\"https:\/\/femergs.com.br\/wfe\/blog\/maioria-dos-deputados-que-votaram-pela-reforma-da-previdencia-nao-se-reelegeu\/\",\"name\":\"Maioria dos deputados que votaram pela reforma da Previd\u00eancia n\u00e3o se reelegeu - Federa\u00e7\u00e3o dos Municip\u00e1rios do Estado do Rio Grande do Sul\",\"isPartOf\":{\"@id\":\"https:\/\/femergs.com.br\/wfe\/#website\"},\"datePublished\":\"2018-10-11T14:38:30+00:00\",\"breadcrumb\":{\"@id\":\"https:\/\/femergs.com.br\/wfe\/blog\/maioria-dos-deputados-que-votaram-pela-reforma-da-previdencia-nao-se-reelegeu\/#breadcrumb\"},\"inLanguage\":\"pt-BR\",\"potentialAction\":[{\"@type\":\"ReadAction\",\"target\":[\"https:\/\/femergs.com.br\/wfe\/blog\/maioria-dos-deputados-que-votaram-pela-reforma-da-previdencia-nao-se-reelegeu\/\"]}]},{\"@type\":\"BreadcrumbList\",\"@id\":\"https:\/\/femergs.com.br\/wfe\/blog\/maioria-dos-deputados-que-votaram-pela-reforma-da-previdencia-nao-se-reelegeu\/#breadcrumb\",\"itemListElement\":[{\"@type\":\"ListItem\",\"position\":1,\"name\":\"In\u00edcio\",\"item\":\"https:\/\/femergs.com.br\/wfe\/\"},{\"@type\":\"ListItem\",\"position\":2,\"name\":\"Maioria dos deputados que votaram pela reforma da Previd\u00eancia n\u00e3o se reelegeu\"}]},{\"@type\":\"WebSite\",\"@id\":\"https:\/\/femergs.com.br\/wfe\/#website\",\"url\":\"https:\/\/femergs.com.br\/wfe\/\",\"name\":\"FEMERGS\",\"description\":\"FEDERA\u00c7\u00c3O DOS MUNICIP\u00c1RIOS DO ESTADO DO RIO GRANDE DO SUL\",\"publisher\":{\"@id\":\"https:\/\/femergs.com.br\/wfe\/#organization\"},\"potentialAction\":[{\"@type\":\"SearchAction\",\"target\":{\"@type\":\"EntryPoint\",\"urlTemplate\":\"https:\/\/femergs.com.br\/wfe\/?s={search_term_string}\"},\"query-input\":{\"@type\":\"PropertyValueSpecification\",\"valueRequired\":true,\"valueName\":\"search_term_string\"}}],\"inLanguage\":\"pt-BR\"},{\"@type\":\"Organization\",\"@id\":\"https:\/\/femergs.com.br\/wfe\/#organization\",\"name\":\"FEMERGS\",\"url\":\"https:\/\/femergs.com.br\/wfe\/\",\"logo\":{\"@type\":\"ImageObject\",\"inLanguage\":\"pt-BR\",\"@id\":\"https:\/\/femergs.com.br\/wfe\/#\/schema\/logo\/image\/\",\"url\":\"https:\/\/femergs.com.br\/wfe\/wp-content\/uploads\/2025\/06\/logotipo.png\",\"contentUrl\":\"https:\/\/femergs.com.br\/wfe\/wp-content\/uploads\/2025\/06\/logotipo.png\",\"width\":500,\"height\":500,\"caption\":\"FEMERGS\"},\"image\":{\"@id\":\"https:\/\/femergs.com.br\/wfe\/#\/schema\/logo\/image\/\"},\"sameAs\":[\"https:\/\/www.facebook.com\/profile.php?id=100057151733001\",\"https:\/\/www.instagram.com\/femergs_rs\/\"]},{\"@type\":\"Person\",\"@id\":\"https:\/\/femergs.com.br\/wfe\/#\/schema\/person\/f5558e6b5ffc044ee085016237dedb7f\",\"name\":\"adminfemergs\",\"image\":{\"@type\":\"ImageObject\",\"inLanguage\":\"pt-BR\",\"@id\":\"https:\/\/femergs.com.br\/wfe\/#\/schema\/person\/image\/\",\"url\":\"https:\/\/secure.gravatar.com\/avatar\/398642fa557cdd524617ad9b31c938845f071aeb3448b9c0aeb29aefc495337b?s=96&d=mm&r=g\",\"contentUrl\":\"https:\/\/secure.gravatar.com\/avatar\/398642fa557cdd524617ad9b31c938845f071aeb3448b9c0aeb29aefc495337b?s=96&d=mm&r=g\",\"caption\":\"adminfemergs\"},\"sameAs\":[\"https:\/\/femergs.com.br\/wfe\"],\"url\":\"https:\/\/femergs.com.br\/wfe\/blog\/author\/adminfemergs\/\"}]}<\/script>\n<!-- \/ Yoast SEO plugin. -->","yoast_head_json":{"title":"Maioria dos deputados que votaram pela reforma da Previd\u00eancia n\u00e3o se reelegeu - Federa\u00e7\u00e3o dos Municip\u00e1rios do Estado do Rio Grande do Sul","robots":{"index":"index","follow":"follow","max-snippet":"max-snippet:-1","max-image-preview":"max-image-preview:large","max-video-preview":"max-video-preview:-1"},"canonical":"https:\/\/femergs.com.br\/wfe\/blog\/maioria-dos-deputados-que-votaram-pela-reforma-da-previdencia-nao-se-reelegeu\/","og_locale":"pt_BR","og_type":"article","og_title":"Maioria dos deputados que votaram pela reforma da Previd\u00eancia n\u00e3o se reelegeu - Federa\u00e7\u00e3o dos Municip\u00e1rios do Estado do Rio Grande do Sul","og_description":"Maioria dos deputados que votaram pela reforma da Previd\u00eancia n\u00e3o se reelegeu","og_url":"https:\/\/femergs.com.br\/wfe\/blog\/maioria-dos-deputados-que-votaram-pela-reforma-da-previdencia-nao-se-reelegeu\/","og_site_name":"Federa\u00e7\u00e3o dos Municip\u00e1rios do Estado do Rio Grande do Sul","article_publisher":"https:\/\/www.facebook.com\/profile.php?id=100057151733001","article_published_time":"2018-10-11T14:38:30+00:00","author":"adminfemergs","twitter_card":"summary_large_image","twitter_misc":{"Escrito por":"adminfemergs","Est. tempo de leitura":"2 minutos"},"schema":{"@context":"https:\/\/schema.org","@graph":[{"@type":"Article","@id":"https:\/\/femergs.com.br\/wfe\/blog\/maioria-dos-deputados-que-votaram-pela-reforma-da-previdencia-nao-se-reelegeu\/#article","isPartOf":{"@id":"https:\/\/femergs.com.br\/wfe\/blog\/maioria-dos-deputados-que-votaram-pela-reforma-da-previdencia-nao-se-reelegeu\/"},"author":{"name":"adminfemergs","@id":"https:\/\/femergs.com.br\/wfe\/#\/schema\/person\/f5558e6b5ffc044ee085016237dedb7f"},"headline":"Maioria dos deputados que votaram pela reforma da Previd\u00eancia n\u00e3o se reelegeu","datePublished":"2018-10-11T14:38:30+00:00","mainEntityOfPage":{"@id":"https:\/\/femergs.com.br\/wfe\/blog\/maioria-dos-deputados-que-votaram-pela-reforma-da-previdencia-nao-se-reelegeu\/"},"wordCount":377,"publisher":{"@id":"https:\/\/femergs.com.br\/wfe\/#organization"},"keywords":["NULL"],"articleSection":["ARQUIVADAS"],"inLanguage":"pt-BR"},{"@type":"WebPage","@id":"https:\/\/femergs.com.br\/wfe\/blog\/maioria-dos-deputados-que-votaram-pela-reforma-da-previdencia-nao-se-reelegeu\/","url":"https:\/\/femergs.com.br\/wfe\/blog\/maioria-dos-deputados-que-votaram-pela-reforma-da-previdencia-nao-se-reelegeu\/","name":"Maioria dos deputados que votaram pela reforma da Previd\u00eancia n\u00e3o se reelegeu - Federa\u00e7\u00e3o dos Municip\u00e1rios do Estado do Rio Grande do Sul","isPartOf":{"@id":"https:\/\/femergs.com.br\/wfe\/#website"},"datePublished":"2018-10-11T14:38:30+00:00","breadcrumb":{"@id":"https:\/\/femergs.com.br\/wfe\/blog\/maioria-dos-deputados-que-votaram-pela-reforma-da-previdencia-nao-se-reelegeu\/#breadcrumb"},"inLanguage":"pt-BR","potentialAction":[{"@type":"ReadAction","target":["https:\/\/femergs.com.br\/wfe\/blog\/maioria-dos-deputados-que-votaram-pela-reforma-da-previdencia-nao-se-reelegeu\/"]}]},{"@type":"BreadcrumbList","@id":"https:\/\/femergs.com.br\/wfe\/blog\/maioria-dos-deputados-que-votaram-pela-reforma-da-previdencia-nao-se-reelegeu\/#breadcrumb","itemListElement":[{"@type":"ListItem","position":1,"name":"In\u00edcio","item":"https:\/\/femergs.com.br\/wfe\/"},{"@type":"ListItem","position":2,"name":"Maioria dos deputados que votaram pela reforma da Previd\u00eancia n\u00e3o se reelegeu"}]},{"@type":"WebSite","@id":"https:\/\/femergs.com.br\/wfe\/#website","url":"https:\/\/femergs.com.br\/wfe\/","name":"FEMERGS","description":"FEDERA\u00c7\u00c3O DOS MUNICIP\u00c1RIOS DO ESTADO DO RIO GRANDE DO SUL","publisher":{"@id":"https:\/\/femergs.com.br\/wfe\/#organization"},"potentialAction":[{"@type":"SearchAction","target":{"@type":"EntryPoint","urlTemplate":"https:\/\/femergs.com.br\/wfe\/?s={search_term_string}"},"query-input":{"@type":"PropertyValueSpecification","valueRequired":true,"valueName":"search_term_string"}}],"inLanguage":"pt-BR"},{"@type":"Organization","@id":"https:\/\/femergs.com.br\/wfe\/#organization","name":"FEMERGS","url":"https:\/\/femergs.com.br\/wfe\/","logo":{"@type":"ImageObject","inLanguage":"pt-BR","@id":"https:\/\/femergs.com.br\/wfe\/#\/schema\/logo\/image\/","url":"https:\/\/femergs.com.br\/wfe\/wp-content\/uploads\/2025\/06\/logotipo.png","contentUrl":"https:\/\/femergs.com.br\/wfe\/wp-content\/uploads\/2025\/06\/logotipo.png","width":500,"height":500,"caption":"FEMERGS"},"image":{"@id":"https:\/\/femergs.com.br\/wfe\/#\/schema\/logo\/image\/"},"sameAs":["https:\/\/www.facebook.com\/profile.php?id=100057151733001","https:\/\/www.instagram.com\/femergs_rs\/"]},{"@type":"Person","@id":"https:\/\/femergs.com.br\/wfe\/#\/schema\/person\/f5558e6b5ffc044ee085016237dedb7f","name":"adminfemergs","image":{"@type":"ImageObject","inLanguage":"pt-BR","@id":"https:\/\/femergs.com.br\/wfe\/#\/schema\/person\/image\/","url":"https:\/\/secure.gravatar.com\/avatar\/398642fa557cdd524617ad9b31c938845f071aeb3448b9c0aeb29aefc495337b?s=96&d=mm&r=g","contentUrl":"https:\/\/secure.gravatar.com\/avatar\/398642fa557cdd524617ad9b31c938845f071aeb3448b9c0aeb29aefc495337b?s=96&d=mm&r=g","caption":"adminfemergs"},"sameAs":["https:\/\/femergs.com.br\/wfe"],"url":"https:\/\/femergs.com.br\/wfe\/blog\/author\/adminfemergs\/"}]}},"uagb_featured_image_src":{"full":false,"thumbnail":false,"medium":false,"medium_large":false,"large":false,"1536x1536":false,"2048x2048":false,"ultp_layout_landscape_large":false,"ultp_layout_landscape":false,"ultp_layout_portrait":false,"ultp_layout_square":false},"uagb_author_info":{"display_name":"adminfemergs","author_link":"https:\/\/femergs.com.br\/wfe\/blog\/author\/adminfemergs\/"},"uagb_comment_info":0,"uagb_excerpt":"Maioria dos deputados que votaram pela reforma da Previd\u00eancia n\u00e3o se reelegeu","_links":{"self":[{"href":"https:\/\/femergs.com.br\/wfe\/wp-json\/wp\/v2\/posts\/1157","targetHints":{"allow":["GET"]}}],"collection":[{"href":"https:\/\/femergs.com.br\/wfe\/wp-json\/wp\/v2\/posts"}],"about":[{"href":"https:\/\/femergs.com.br\/wfe\/wp-json\/wp\/v2\/types\/post"}],"author":[{"embeddable":true,"href":"https:\/\/femergs.com.br\/wfe\/wp-json\/wp\/v2\/users\/1"}],"replies":[{"embeddable":true,"href":"https:\/\/femergs.com.br\/wfe\/wp-json\/wp\/v2\/comments?post=1157"}],"version-history":[{"count":0,"href":"https:\/\/femergs.com.br\/wfe\/wp-json\/wp\/v2\/posts\/1157\/revisions"}],"wp:attachment":[{"href":"https:\/\/femergs.com.br\/wfe\/wp-json\/wp\/v2\/media?parent=1157"}],"wp:term":[{"taxonomy":"category","embeddable":true,"href":"https:\/\/femergs.com.br\/wfe\/wp-json\/wp\/v2\/categories?post=1157"},{"taxonomy":"post_tag","embeddable":true,"href":"https:\/\/femergs.com.br\/wfe\/wp-json\/wp\/v2\/tags?post=1157"}],"curies":[{"name":"wp","href":"https:\/\/api.w.org\/{rel}","templated":true}]}}