{"id":1161,"date":"2018-11-07T11:06:20","date_gmt":"2018-11-07T11:06:20","guid":{"rendered":"https:\/\/femergs.com.br\/wfe\/blog\/reforma-da-previdencia\/"},"modified":"2018-11-07T11:06:20","modified_gmt":"2018-11-07T11:06:20","slug":"reforma-da-previdencia","status":"publish","type":"post","link":"https:\/\/femergs.com.br\/wfe\/blog\/reforma-da-previdencia\/","title":{"rendered":"REFORMA DA PREVID\u00caNCIA"},"content":{"rendered":"<p>Passadas as elei\u00e7\u00f5es, o novo presidente Bolsonaro e seu Ministro Paulo Guedes, ainda n\u00e3o assumiram, mas alinharam as falas com o presidente Michel Temer comprando o discurso do \u201cmercado\u201d da necessidade da reforma da Previd\u00eancia. A FEMERGS unida a muitas entidades, lutou muito para barrar esta maldade, pois ela penaliza o povo trabalhador. Importante relembrarmos o que o relator da CPI da previd\u00eancia Senador H\u00e9lio Jos\u00e9 , CPI esta que foi presidida pelo Senador Paulo Paim, afirmou em seu relat\u00f3rio.<br \/>\n\u201c\u00c9 importante destacar que a previd\u00eancia social brasileira n\u00e3o \u00e9 deficit\u00e1ria. Ela sofre com a conjun\u00e7\u00e3o de uma renitente m\u00e1 gest\u00e3o por parte do governo, que, durante d\u00e9cadas: retirou dinheiro do sistema para utiliza\u00e7\u00e3o em projetos e interesses pr\u00f3prios e alheios ao escopo da previd\u00eancia; protegeu empresas devedoras, aplicando uma s\u00e9rie de programas de perd\u00e3o de d\u00edvidas e mesmo ignorando a lei para que empresas devedoras continuassem a participar de programas de empr\u00e9stimos e benef\u00edcios fiscais e credit\u00edcios; buscou a retirada de direitos dos trabalhadores vinculados \u00e0 previd\u00eancia unicamente na perspectiva de redu\u00e7\u00e3o dos gastos p\u00fablicos; entre outros\u201d<br \/>\nNa vis\u00e3o do relator, n\u00e3o \u00e9 admiss\u00edvel qualquer discuss\u00e3o sobre a ocorr\u00eancia de deficit sem a pr\u00e9via corre\u00e7\u00e3o das distor\u00e7\u00f5es relativas ao financiamento do sistema.<br \/>\n\u2014 Os casos emblem\u00e1ticos de sonega\u00e7\u00e3o que recorrentemente s\u00e3o negligenciados por aus\u00eancia de fiscaliza\u00e7\u00e3o e meios eficientes para sua efetiva\u00e7\u00e3o s\u00e3o estarrecedores e representam um sumidouro de recursos de quase imposs\u00edvel recupera\u00e7\u00e3o em face da legisla\u00e7\u00e3o vigente \u2014 argumentou.<br \/>\nSegundo o relat\u00f3rio da CPI, as empresas privadas devem R$ 450 bilh\u00f5es \u00e0 previd\u00eancia e, para piorar a situa\u00e7\u00e3o, conforme a Procuradoria da Fazenda Nacional, somente R$ 175 bilh\u00f5es correspondem a d\u00e9bitos recuper\u00e1veis.<br \/>\n\u2014 Esse d\u00e9bito decorre do n\u00e3o repasse das contribui\u00e7\u00f5es dos empregadores, mas tamb\u00e9m da pr\u00e1tica empresarial de reter a parcela contributiva dos trabalhadores, o que configura um duplo malogro; pois, al\u00e9m de n\u00e3o repassar o dinheiro \u00e0 previd\u00eancia esses empres\u00e1rios embolsam recursos que n\u00e3o lhes pertencem \u2014 alegou.<br \/>\nAcreditamos na LUTA, e afirmamos que resistiremos a Reforma da Previd\u00eancia, em especial neste ano, pois a nosso favor, jogando contra os defensores da Reforma &#8211; temos:<br \/>\n_ A situa\u00e7\u00e3o da interven\u00e7\u00e3o Militar no Rio de Janeiro que \u00e9 um impeditivo constitucional:<br \/>\n_ Falta de tempo h\u00e1bil para aprovar em dois turnos no Congresso Nacional e posteriormente em dois turnos no Senado.<br \/>\nNo nosso entendimento, este debate ficar\u00e1 para ano que vem. Por\u00e9m, precisamos unidade e responsabilidade nas a\u00e7\u00f5es. Estamos vivenciando a unidade Temer\/Bolsonaro tratando da continuidade do projeto, de Reforma da Previd\u00eancia, proposta esta, que j\u00e1 foi recha\u00e7ada pela popula\u00e7\u00e3o no governo Temer.<br \/>\nSe realmente \u00e9 necess\u00e1ria uma reforma, que seja precedida de cobran\u00e7a dos grandes devedores, um efetivo combate a sonega\u00e7\u00e3o, e um grande debate com todas as for\u00e7as vivas, para constru\u00ed-la de forma democr\u00e1tica, visando o bem do povo. Afirmamos tamb\u00e9m, que se necess\u00e1ria a Reforma, esta deve atingir a todos, em especial os militares que est\u00e3o fora.<br \/>\nFEMERGS NA LUTA.<br \/>\nN\u00c3O A REFORMA!<br \/>\nNENHUM DIREITO A MENOS.<\/p>\n","protected":false},"excerpt":{"rendered":"<p>Passadas as elei\u00e7\u00f5es, o novo presidente Bolsonaro e seu Ministro Paulo Guedes, ainda n\u00e3o assumiram, mas alinharam as falas com o presidente Michel Temer comprando o discurso do \u201cmercado\u201d da necessidade da reforma da Previd\u00eancia. A FEMERGS unida a muitas entidades, lutou muito para barrar esta maldade, pois ela penaliza o povo trabalhador. Importante relembrarmos [&hellip;]<\/p>\n","protected":false},"author":1,"featured_media":0,"comment_status":"closed","ping_status":"closed","sticky":false,"template":"","format":"standard","meta":{"_eb_attr":"","_uag_custom_page_level_css":"","fifu_image_url":"","fifu_image_alt":"","footnotes":""},"categories":[1],"tags":[32],"class_list":["post-1161","post","type-post","status-publish","format-standard","hentry","category-arquivadas","tag-null"],"yoast_head":"<!-- This site is optimized with the Yoast SEO plugin v27.1.1 - https:\/\/yoast.com\/product\/yoast-seo-wordpress\/ -->\n<title>REFORMA DA PREVID\u00caNCIA - Federa\u00e7\u00e3o dos Municip\u00e1rios do Estado do Rio Grande do Sul<\/title>\n<meta name=\"robots\" content=\"index, follow, max-snippet:-1, max-image-preview:large, max-video-preview:-1\" \/>\n<link rel=\"canonical\" href=\"https:\/\/femergs.com.br\/wfe\/blog\/reforma-da-previdencia\/\" \/>\n<meta property=\"og:locale\" content=\"pt_BR\" \/>\n<meta property=\"og:type\" content=\"article\" \/>\n<meta property=\"og:title\" content=\"REFORMA DA PREVID\u00caNCIA - Federa\u00e7\u00e3o dos Municip\u00e1rios do Estado do Rio Grande do Sul\" \/>\n<meta property=\"og:description\" content=\"Passadas as elei\u00e7\u00f5es, o novo presidente Bolsonaro e seu Ministro Paulo Guedes, ainda n\u00e3o assumiram, mas alinharam as falas com o presidente Michel Temer comprando o discurso do \u201cmercado\u201d da necessidade da reforma da Previd\u00eancia. A FEMERGS unida a muitas entidades, lutou muito para barrar esta maldade, pois ela penaliza o povo trabalhador. Importante relembrarmos [&hellip;]\" \/>\n<meta property=\"og:url\" content=\"https:\/\/femergs.com.br\/wfe\/blog\/reforma-da-previdencia\/\" \/>\n<meta property=\"og:site_name\" content=\"Federa\u00e7\u00e3o dos Municip\u00e1rios do Estado do Rio Grande do Sul\" \/>\n<meta property=\"article:publisher\" content=\"https:\/\/www.facebook.com\/profile.php?id=100057151733001\" \/>\n<meta property=\"article:published_time\" content=\"2018-11-07T11:06:20+00:00\" \/>\n<meta name=\"author\" content=\"adminfemergs\" \/>\n<meta name=\"twitter:card\" content=\"summary_large_image\" \/>\n<meta name=\"twitter:label1\" content=\"Escrito por\" \/>\n\t<meta name=\"twitter:data1\" content=\"adminfemergs\" \/>\n\t<meta name=\"twitter:label2\" content=\"Est. tempo de leitura\" \/>\n\t<meta name=\"twitter:data2\" content=\"3 minutos\" \/>\n<script type=\"application\/ld+json\" class=\"yoast-schema-graph\">{\"@context\":\"https:\/\/schema.org\",\"@graph\":[{\"@type\":\"Article\",\"@id\":\"https:\/\/femergs.com.br\/wfe\/blog\/reforma-da-previdencia\/#article\",\"isPartOf\":{\"@id\":\"https:\/\/femergs.com.br\/wfe\/blog\/reforma-da-previdencia\/\"},\"author\":{\"name\":\"adminfemergs\",\"@id\":\"https:\/\/femergs.com.br\/wfe\/#\/schema\/person\/f5558e6b5ffc044ee085016237dedb7f\"},\"headline\":\"REFORMA DA PREVID\u00caNCIA\",\"datePublished\":\"2018-11-07T11:06:20+00:00\",\"mainEntityOfPage\":{\"@id\":\"https:\/\/femergs.com.br\/wfe\/blog\/reforma-da-previdencia\/\"},\"wordCount\":560,\"publisher\":{\"@id\":\"https:\/\/femergs.com.br\/wfe\/#organization\"},\"keywords\":[\"NULL\"],\"articleSection\":[\"ARQUIVADAS\"],\"inLanguage\":\"pt-BR\"},{\"@type\":\"WebPage\",\"@id\":\"https:\/\/femergs.com.br\/wfe\/blog\/reforma-da-previdencia\/\",\"url\":\"https:\/\/femergs.com.br\/wfe\/blog\/reforma-da-previdencia\/\",\"name\":\"REFORMA DA PREVID\u00caNCIA - Federa\u00e7\u00e3o dos Municip\u00e1rios do Estado do Rio Grande do Sul\",\"isPartOf\":{\"@id\":\"https:\/\/femergs.com.br\/wfe\/#website\"},\"datePublished\":\"2018-11-07T11:06:20+00:00\",\"breadcrumb\":{\"@id\":\"https:\/\/femergs.com.br\/wfe\/blog\/reforma-da-previdencia\/#breadcrumb\"},\"inLanguage\":\"pt-BR\",\"potentialAction\":[{\"@type\":\"ReadAction\",\"target\":[\"https:\/\/femergs.com.br\/wfe\/blog\/reforma-da-previdencia\/\"]}]},{\"@type\":\"BreadcrumbList\",\"@id\":\"https:\/\/femergs.com.br\/wfe\/blog\/reforma-da-previdencia\/#breadcrumb\",\"itemListElement\":[{\"@type\":\"ListItem\",\"position\":1,\"name\":\"In\u00edcio\",\"item\":\"https:\/\/femergs.com.br\/wfe\/\"},{\"@type\":\"ListItem\",\"position\":2,\"name\":\"REFORMA DA PREVID\u00caNCIA\"}]},{\"@type\":\"WebSite\",\"@id\":\"https:\/\/femergs.com.br\/wfe\/#website\",\"url\":\"https:\/\/femergs.com.br\/wfe\/\",\"name\":\"FEMERGS\",\"description\":\"FEDERA\u00c7\u00c3O DOS MUNICIP\u00c1RIOS DO ESTADO DO RIO GRANDE DO SUL\",\"publisher\":{\"@id\":\"https:\/\/femergs.com.br\/wfe\/#organization\"},\"potentialAction\":[{\"@type\":\"SearchAction\",\"target\":{\"@type\":\"EntryPoint\",\"urlTemplate\":\"https:\/\/femergs.com.br\/wfe\/?s={search_term_string}\"},\"query-input\":{\"@type\":\"PropertyValueSpecification\",\"valueRequired\":true,\"valueName\":\"search_term_string\"}}],\"inLanguage\":\"pt-BR\"},{\"@type\":\"Organization\",\"@id\":\"https:\/\/femergs.com.br\/wfe\/#organization\",\"name\":\"FEMERGS\",\"url\":\"https:\/\/femergs.com.br\/wfe\/\",\"logo\":{\"@type\":\"ImageObject\",\"inLanguage\":\"pt-BR\",\"@id\":\"https:\/\/femergs.com.br\/wfe\/#\/schema\/logo\/image\/\",\"url\":\"https:\/\/femergs.com.br\/wfe\/wp-content\/uploads\/2025\/06\/logotipo.png\",\"contentUrl\":\"https:\/\/femergs.com.br\/wfe\/wp-content\/uploads\/2025\/06\/logotipo.png\",\"width\":500,\"height\":500,\"caption\":\"FEMERGS\"},\"image\":{\"@id\":\"https:\/\/femergs.com.br\/wfe\/#\/schema\/logo\/image\/\"},\"sameAs\":[\"https:\/\/www.facebook.com\/profile.php?id=100057151733001\",\"https:\/\/www.instagram.com\/femergs_rs\/\"]},{\"@type\":\"Person\",\"@id\":\"https:\/\/femergs.com.br\/wfe\/#\/schema\/person\/f5558e6b5ffc044ee085016237dedb7f\",\"name\":\"adminfemergs\",\"image\":{\"@type\":\"ImageObject\",\"inLanguage\":\"pt-BR\",\"@id\":\"https:\/\/femergs.com.br\/wfe\/#\/schema\/person\/image\/\",\"url\":\"https:\/\/secure.gravatar.com\/avatar\/398642fa557cdd524617ad9b31c938845f071aeb3448b9c0aeb29aefc495337b?s=96&d=mm&r=g\",\"contentUrl\":\"https:\/\/secure.gravatar.com\/avatar\/398642fa557cdd524617ad9b31c938845f071aeb3448b9c0aeb29aefc495337b?s=96&d=mm&r=g\",\"caption\":\"adminfemergs\"},\"sameAs\":[\"https:\/\/femergs.com.br\/wfe\"],\"url\":\"https:\/\/femergs.com.br\/wfe\/blog\/author\/adminfemergs\/\"}]}<\/script>\n<!-- \/ Yoast SEO plugin. -->","yoast_head_json":{"title":"REFORMA DA PREVID\u00caNCIA - Federa\u00e7\u00e3o dos Municip\u00e1rios do Estado do Rio Grande do Sul","robots":{"index":"index","follow":"follow","max-snippet":"max-snippet:-1","max-image-preview":"max-image-preview:large","max-video-preview":"max-video-preview:-1"},"canonical":"https:\/\/femergs.com.br\/wfe\/blog\/reforma-da-previdencia\/","og_locale":"pt_BR","og_type":"article","og_title":"REFORMA DA PREVID\u00caNCIA - Federa\u00e7\u00e3o dos Municip\u00e1rios do Estado do Rio Grande do Sul","og_description":"Passadas as elei\u00e7\u00f5es, o novo presidente Bolsonaro e seu Ministro Paulo Guedes, ainda n\u00e3o assumiram, mas alinharam as falas com o presidente Michel Temer comprando o discurso do \u201cmercado\u201d da necessidade da reforma da Previd\u00eancia. A FEMERGS unida a muitas entidades, lutou muito para barrar esta maldade, pois ela penaliza o povo trabalhador. Importante relembrarmos [&hellip;]","og_url":"https:\/\/femergs.com.br\/wfe\/blog\/reforma-da-previdencia\/","og_site_name":"Federa\u00e7\u00e3o dos Municip\u00e1rios do Estado do Rio Grande do Sul","article_publisher":"https:\/\/www.facebook.com\/profile.php?id=100057151733001","article_published_time":"2018-11-07T11:06:20+00:00","author":"adminfemergs","twitter_card":"summary_large_image","twitter_misc":{"Escrito por":"adminfemergs","Est. tempo de leitura":"3 minutos"},"schema":{"@context":"https:\/\/schema.org","@graph":[{"@type":"Article","@id":"https:\/\/femergs.com.br\/wfe\/blog\/reforma-da-previdencia\/#article","isPartOf":{"@id":"https:\/\/femergs.com.br\/wfe\/blog\/reforma-da-previdencia\/"},"author":{"name":"adminfemergs","@id":"https:\/\/femergs.com.br\/wfe\/#\/schema\/person\/f5558e6b5ffc044ee085016237dedb7f"},"headline":"REFORMA DA PREVID\u00caNCIA","datePublished":"2018-11-07T11:06:20+00:00","mainEntityOfPage":{"@id":"https:\/\/femergs.com.br\/wfe\/blog\/reforma-da-previdencia\/"},"wordCount":560,"publisher":{"@id":"https:\/\/femergs.com.br\/wfe\/#organization"},"keywords":["NULL"],"articleSection":["ARQUIVADAS"],"inLanguage":"pt-BR"},{"@type":"WebPage","@id":"https:\/\/femergs.com.br\/wfe\/blog\/reforma-da-previdencia\/","url":"https:\/\/femergs.com.br\/wfe\/blog\/reforma-da-previdencia\/","name":"REFORMA DA PREVID\u00caNCIA - Federa\u00e7\u00e3o dos Municip\u00e1rios do Estado do Rio Grande do Sul","isPartOf":{"@id":"https:\/\/femergs.com.br\/wfe\/#website"},"datePublished":"2018-11-07T11:06:20+00:00","breadcrumb":{"@id":"https:\/\/femergs.com.br\/wfe\/blog\/reforma-da-previdencia\/#breadcrumb"},"inLanguage":"pt-BR","potentialAction":[{"@type":"ReadAction","target":["https:\/\/femergs.com.br\/wfe\/blog\/reforma-da-previdencia\/"]}]},{"@type":"BreadcrumbList","@id":"https:\/\/femergs.com.br\/wfe\/blog\/reforma-da-previdencia\/#breadcrumb","itemListElement":[{"@type":"ListItem","position":1,"name":"In\u00edcio","item":"https:\/\/femergs.com.br\/wfe\/"},{"@type":"ListItem","position":2,"name":"REFORMA DA PREVID\u00caNCIA"}]},{"@type":"WebSite","@id":"https:\/\/femergs.com.br\/wfe\/#website","url":"https:\/\/femergs.com.br\/wfe\/","name":"FEMERGS","description":"FEDERA\u00c7\u00c3O DOS MUNICIP\u00c1RIOS DO ESTADO DO RIO GRANDE DO SUL","publisher":{"@id":"https:\/\/femergs.com.br\/wfe\/#organization"},"potentialAction":[{"@type":"SearchAction","target":{"@type":"EntryPoint","urlTemplate":"https:\/\/femergs.com.br\/wfe\/?s={search_term_string}"},"query-input":{"@type":"PropertyValueSpecification","valueRequired":true,"valueName":"search_term_string"}}],"inLanguage":"pt-BR"},{"@type":"Organization","@id":"https:\/\/femergs.com.br\/wfe\/#organization","name":"FEMERGS","url":"https:\/\/femergs.com.br\/wfe\/","logo":{"@type":"ImageObject","inLanguage":"pt-BR","@id":"https:\/\/femergs.com.br\/wfe\/#\/schema\/logo\/image\/","url":"https:\/\/femergs.com.br\/wfe\/wp-content\/uploads\/2025\/06\/logotipo.png","contentUrl":"https:\/\/femergs.com.br\/wfe\/wp-content\/uploads\/2025\/06\/logotipo.png","width":500,"height":500,"caption":"FEMERGS"},"image":{"@id":"https:\/\/femergs.com.br\/wfe\/#\/schema\/logo\/image\/"},"sameAs":["https:\/\/www.facebook.com\/profile.php?id=100057151733001","https:\/\/www.instagram.com\/femergs_rs\/"]},{"@type":"Person","@id":"https:\/\/femergs.com.br\/wfe\/#\/schema\/person\/f5558e6b5ffc044ee085016237dedb7f","name":"adminfemergs","image":{"@type":"ImageObject","inLanguage":"pt-BR","@id":"https:\/\/femergs.com.br\/wfe\/#\/schema\/person\/image\/","url":"https:\/\/secure.gravatar.com\/avatar\/398642fa557cdd524617ad9b31c938845f071aeb3448b9c0aeb29aefc495337b?s=96&d=mm&r=g","contentUrl":"https:\/\/secure.gravatar.com\/avatar\/398642fa557cdd524617ad9b31c938845f071aeb3448b9c0aeb29aefc495337b?s=96&d=mm&r=g","caption":"adminfemergs"},"sameAs":["https:\/\/femergs.com.br\/wfe"],"url":"https:\/\/femergs.com.br\/wfe\/blog\/author\/adminfemergs\/"}]}},"uagb_featured_image_src":{"full":false,"thumbnail":false,"medium":false,"medium_large":false,"large":false,"1536x1536":false,"2048x2048":false,"ultp_layout_landscape_large":false,"ultp_layout_landscape":false,"ultp_layout_portrait":false,"ultp_layout_square":false},"uagb_author_info":{"display_name":"adminfemergs","author_link":"https:\/\/femergs.com.br\/wfe\/blog\/author\/adminfemergs\/"},"uagb_comment_info":0,"uagb_excerpt":"Passadas as elei\u00e7\u00f5es, o novo presidente Bolsonaro e seu Ministro Paulo Guedes, ainda n\u00e3o assumiram, mas alinharam as falas com o presidente Michel Temer comprando o discurso do \u201cmercado\u201d da necessidade da reforma da Previd\u00eancia. A FEMERGS unida a muitas entidades, lutou muito para barrar esta maldade, pois ela penaliza o povo trabalhador. Importante relembrarmos&hellip;","_links":{"self":[{"href":"https:\/\/femergs.com.br\/wfe\/wp-json\/wp\/v2\/posts\/1161","targetHints":{"allow":["GET"]}}],"collection":[{"href":"https:\/\/femergs.com.br\/wfe\/wp-json\/wp\/v2\/posts"}],"about":[{"href":"https:\/\/femergs.com.br\/wfe\/wp-json\/wp\/v2\/types\/post"}],"author":[{"embeddable":true,"href":"https:\/\/femergs.com.br\/wfe\/wp-json\/wp\/v2\/users\/1"}],"replies":[{"embeddable":true,"href":"https:\/\/femergs.com.br\/wfe\/wp-json\/wp\/v2\/comments?post=1161"}],"version-history":[{"count":0,"href":"https:\/\/femergs.com.br\/wfe\/wp-json\/wp\/v2\/posts\/1161\/revisions"}],"wp:attachment":[{"href":"https:\/\/femergs.com.br\/wfe\/wp-json\/wp\/v2\/media?parent=1161"}],"wp:term":[{"taxonomy":"category","embeddable":true,"href":"https:\/\/femergs.com.br\/wfe\/wp-json\/wp\/v2\/categories?post=1161"},{"taxonomy":"post_tag","embeddable":true,"href":"https:\/\/femergs.com.br\/wfe\/wp-json\/wp\/v2\/tags?post=1161"}],"curies":[{"name":"wp","href":"https:\/\/api.w.org\/{rel}","templated":true}]}}