{"id":1163,"date":"2018-12-05T09:41:05","date_gmt":"2018-12-05T09:41:05","guid":{"rendered":"https:\/\/femergs.com.br\/wfe\/blog\/congresso-extraordinario-da-csb-elege-diretoria-da-seccional-rs\/"},"modified":"2018-12-05T09:41:05","modified_gmt":"2018-12-05T09:41:05","slug":"congresso-extraordinario-da-csb-elege-diretoria-da-seccional-rs","status":"publish","type":"post","link":"https:\/\/femergs.com.br\/wfe\/blog\/congresso-extraordinario-da-csb-elege-diretoria-da-seccional-rs\/","title":{"rendered":"Congresso extraordin\u00e1rio da CSB elege diretoria da Seccional RS"},"content":{"rendered":"<p>Em um expressivo congresso extraordin\u00e1rio realizado na \u00faltima sexta-feira, dia 23 de novembro de 2018, na sede da Federa\u00e7\u00e3o dos Trabalhadores na Ind\u00fastria da Constru\u00e7\u00e3o do Mobili\u00e1rio do RS, na capital ga\u00facha, a Seccional Rio Grande do Sul da Central dos Sindicatos Brasileiro (CSB) elegeu sua nova diretoria. O encontro reuniu mais de uma centena de participantes, representando 56 Sindicatos e 7 Federa\u00e7\u00f5es.<br \/>\nFoi eleito como  Presidente da CSB \/ RS o Sr. S\u00e9rgio Arnoud representante da Federa\u00e7\u00e3o Sindical dos Servidores P\u00fablicos no Estado do RS &#8211; FESSERGS.<br \/>\nA Federa\u00e7\u00e3o dos Municip\u00e1rios do Estado do Rio Grande do Sul \u2013 FEMERGS, teve sua atua\u00e7\u00e3o reconhecida, com a elei\u00e7\u00e3o de seu Presidente Vilson Jo\u00e3o Weber, como Vice-Presidente da CSB \/ RS, ainda Luciano dos Santos como Secret\u00e1rio Geral da CSB \/ RS, Jos\u00e9 Bonif\u00e1cio Martins como 2\u00ba Secret\u00e1rio Geral da CSB \/ RS, Iracema Frohlich como Secret\u00e1ria dos Servidores P\u00fablicos Municipais, Ivonei Cl\u00e1udio F\u00e3o como Secret\u00e1rio da Sa\u00fade, Lucinara Massolino como Secret\u00e1ria de Educa\u00e7\u00e3o e Fernanda Grassi Veloso como Secret\u00e1ria de Forma\u00e7\u00e3o Sindical. dirigente S\u00e9rgio Arnoud para a presid\u00eancia da Seccional RS e de diversos dirigentes para importantes cargos.<br \/>\nO congresso teve 87 delegados, 37 observadores, num total de 114 inscritos, representando 17 categorias p\u00fablicas e privadas e 55 entidades, sendo que a vota\u00e7\u00e3o elegeu S\u00e9rgio Arnoud, Vilson Jo\u00e3o Weber e os demais componentes da diretoria por unanimidade. E o Presidente Nacional da CSB Antonio Neto j\u00e1 levou a ata de elei\u00e7\u00e3o pronta para ser registrada.<br \/>\nEssa unanimidade \u00e9 o reconhecimento do trabalho de constru\u00e7\u00e3o feito no Rio Grande do Sul desde o ano passado e aumenta a responsabilidade do dirigente e da entidade em um momento t\u00e3o delicado da vida nacional.<\/p>\n","protected":false},"excerpt":{"rendered":"<p>Em um expressivo congresso extraordin\u00e1rio realizado na \u00faltima sexta-feira, dia 23 de novembro de 2018, na sede da Federa\u00e7\u00e3o dos Trabalhadores na Ind\u00fastria da Constru\u00e7\u00e3o do Mobili\u00e1rio do RS, na capital ga\u00facha, a Seccional Rio Grande do Sul da Central dos Sindicatos Brasileiro (CSB) elegeu sua nova diretoria. O encontro reuniu mais de uma centena [&hellip;]<\/p>\n","protected":false},"author":1,"featured_media":0,"comment_status":"closed","ping_status":"closed","sticky":false,"template":"","format":"standard","meta":{"_eb_attr":"","_uag_custom_page_level_css":"","fifu_image_url":"","fifu_image_alt":"","footnotes":""},"categories":[1],"tags":[32],"class_list":["post-1163","post","type-post","status-publish","format-standard","hentry","category-arquivadas","tag-null"],"yoast_head":"<!-- This site is optimized with the Yoast SEO plugin v27.1.1 - https:\/\/yoast.com\/product\/yoast-seo-wordpress\/ -->\n<title>Congresso extraordin\u00e1rio da CSB elege diretoria da Seccional RS - Federa\u00e7\u00e3o dos Municip\u00e1rios do Estado do Rio Grande do Sul<\/title>\n<meta name=\"robots\" content=\"index, follow, max-snippet:-1, max-image-preview:large, max-video-preview:-1\" \/>\n<link rel=\"canonical\" href=\"https:\/\/femergs.com.br\/wfe\/blog\/congresso-extraordinario-da-csb-elege-diretoria-da-seccional-rs\/\" \/>\n<meta property=\"og:locale\" content=\"pt_BR\" \/>\n<meta property=\"og:type\" content=\"article\" \/>\n<meta property=\"og:title\" content=\"Congresso extraordin\u00e1rio da CSB elege diretoria da Seccional RS - Federa\u00e7\u00e3o dos Municip\u00e1rios do Estado do Rio Grande do Sul\" \/>\n<meta property=\"og:description\" content=\"Em um expressivo congresso extraordin\u00e1rio realizado na \u00faltima sexta-feira, dia 23 de novembro de 2018, na sede da Federa\u00e7\u00e3o dos Trabalhadores na Ind\u00fastria da Constru\u00e7\u00e3o do Mobili\u00e1rio do RS, na capital ga\u00facha, a Seccional Rio Grande do Sul da Central dos Sindicatos Brasileiro (CSB) elegeu sua nova diretoria. O encontro reuniu mais de uma centena [&hellip;]\" \/>\n<meta property=\"og:url\" content=\"https:\/\/femergs.com.br\/wfe\/blog\/congresso-extraordinario-da-csb-elege-diretoria-da-seccional-rs\/\" \/>\n<meta property=\"og:site_name\" content=\"Federa\u00e7\u00e3o dos Municip\u00e1rios do Estado do Rio Grande do Sul\" \/>\n<meta property=\"article:publisher\" content=\"https:\/\/www.facebook.com\/profile.php?id=100057151733001\" \/>\n<meta property=\"article:published_time\" content=\"2018-12-05T09:41:05+00:00\" \/>\n<meta name=\"author\" content=\"adminfemergs\" \/>\n<meta name=\"twitter:card\" content=\"summary_large_image\" \/>\n<meta name=\"twitter:label1\" content=\"Escrito por\" \/>\n\t<meta name=\"twitter:data1\" content=\"adminfemergs\" \/>\n\t<meta name=\"twitter:label2\" content=\"Est. tempo de leitura\" \/>\n\t<meta name=\"twitter:data2\" content=\"2 minutos\" \/>\n<script type=\"application\/ld+json\" class=\"yoast-schema-graph\">{\"@context\":\"https:\/\/schema.org\",\"@graph\":[{\"@type\":\"Article\",\"@id\":\"https:\/\/femergs.com.br\/wfe\/blog\/congresso-extraordinario-da-csb-elege-diretoria-da-seccional-rs\/#article\",\"isPartOf\":{\"@id\":\"https:\/\/femergs.com.br\/wfe\/blog\/congresso-extraordinario-da-csb-elege-diretoria-da-seccional-rs\/\"},\"author\":{\"name\":\"adminfemergs\",\"@id\":\"https:\/\/femergs.com.br\/wfe\/#\/schema\/person\/f5558e6b5ffc044ee085016237dedb7f\"},\"headline\":\"Congresso extraordin\u00e1rio da CSB elege diretoria da Seccional RS\",\"datePublished\":\"2018-12-05T09:41:05+00:00\",\"mainEntityOfPage\":{\"@id\":\"https:\/\/femergs.com.br\/wfe\/blog\/congresso-extraordinario-da-csb-elege-diretoria-da-seccional-rs\/\"},\"wordCount\":312,\"publisher\":{\"@id\":\"https:\/\/femergs.com.br\/wfe\/#organization\"},\"keywords\":[\"NULL\"],\"articleSection\":[\"ARQUIVADAS\"],\"inLanguage\":\"pt-BR\"},{\"@type\":\"WebPage\",\"@id\":\"https:\/\/femergs.com.br\/wfe\/blog\/congresso-extraordinario-da-csb-elege-diretoria-da-seccional-rs\/\",\"url\":\"https:\/\/femergs.com.br\/wfe\/blog\/congresso-extraordinario-da-csb-elege-diretoria-da-seccional-rs\/\",\"name\":\"Congresso extraordin\u00e1rio da CSB elege diretoria da Seccional RS - Federa\u00e7\u00e3o dos Municip\u00e1rios do Estado do Rio Grande do Sul\",\"isPartOf\":{\"@id\":\"https:\/\/femergs.com.br\/wfe\/#website\"},\"datePublished\":\"2018-12-05T09:41:05+00:00\",\"breadcrumb\":{\"@id\":\"https:\/\/femergs.com.br\/wfe\/blog\/congresso-extraordinario-da-csb-elege-diretoria-da-seccional-rs\/#breadcrumb\"},\"inLanguage\":\"pt-BR\",\"potentialAction\":[{\"@type\":\"ReadAction\",\"target\":[\"https:\/\/femergs.com.br\/wfe\/blog\/congresso-extraordinario-da-csb-elege-diretoria-da-seccional-rs\/\"]}]},{\"@type\":\"BreadcrumbList\",\"@id\":\"https:\/\/femergs.com.br\/wfe\/blog\/congresso-extraordinario-da-csb-elege-diretoria-da-seccional-rs\/#breadcrumb\",\"itemListElement\":[{\"@type\":\"ListItem\",\"position\":1,\"name\":\"In\u00edcio\",\"item\":\"https:\/\/femergs.com.br\/wfe\/\"},{\"@type\":\"ListItem\",\"position\":2,\"name\":\"Congresso extraordin\u00e1rio da CSB elege diretoria da Seccional RS\"}]},{\"@type\":\"WebSite\",\"@id\":\"https:\/\/femergs.com.br\/wfe\/#website\",\"url\":\"https:\/\/femergs.com.br\/wfe\/\",\"name\":\"FEMERGS\",\"description\":\"FEDERA\u00c7\u00c3O DOS MUNICIP\u00c1RIOS DO ESTADO DO RIO GRANDE DO SUL\",\"publisher\":{\"@id\":\"https:\/\/femergs.com.br\/wfe\/#organization\"},\"potentialAction\":[{\"@type\":\"SearchAction\",\"target\":{\"@type\":\"EntryPoint\",\"urlTemplate\":\"https:\/\/femergs.com.br\/wfe\/?s={search_term_string}\"},\"query-input\":{\"@type\":\"PropertyValueSpecification\",\"valueRequired\":true,\"valueName\":\"search_term_string\"}}],\"inLanguage\":\"pt-BR\"},{\"@type\":\"Organization\",\"@id\":\"https:\/\/femergs.com.br\/wfe\/#organization\",\"name\":\"FEMERGS\",\"url\":\"https:\/\/femergs.com.br\/wfe\/\",\"logo\":{\"@type\":\"ImageObject\",\"inLanguage\":\"pt-BR\",\"@id\":\"https:\/\/femergs.com.br\/wfe\/#\/schema\/logo\/image\/\",\"url\":\"https:\/\/femergs.com.br\/wfe\/wp-content\/uploads\/2025\/06\/logotipo.png\",\"contentUrl\":\"https:\/\/femergs.com.br\/wfe\/wp-content\/uploads\/2025\/06\/logotipo.png\",\"width\":500,\"height\":500,\"caption\":\"FEMERGS\"},\"image\":{\"@id\":\"https:\/\/femergs.com.br\/wfe\/#\/schema\/logo\/image\/\"},\"sameAs\":[\"https:\/\/www.facebook.com\/profile.php?id=100057151733001\",\"https:\/\/www.instagram.com\/femergs_rs\/\"]},{\"@type\":\"Person\",\"@id\":\"https:\/\/femergs.com.br\/wfe\/#\/schema\/person\/f5558e6b5ffc044ee085016237dedb7f\",\"name\":\"adminfemergs\",\"image\":{\"@type\":\"ImageObject\",\"inLanguage\":\"pt-BR\",\"@id\":\"https:\/\/femergs.com.br\/wfe\/#\/schema\/person\/image\/\",\"url\":\"https:\/\/secure.gravatar.com\/avatar\/398642fa557cdd524617ad9b31c938845f071aeb3448b9c0aeb29aefc495337b?s=96&d=mm&r=g\",\"contentUrl\":\"https:\/\/secure.gravatar.com\/avatar\/398642fa557cdd524617ad9b31c938845f071aeb3448b9c0aeb29aefc495337b?s=96&d=mm&r=g\",\"caption\":\"adminfemergs\"},\"sameAs\":[\"https:\/\/femergs.com.br\/wfe\"],\"url\":\"https:\/\/femergs.com.br\/wfe\/blog\/author\/adminfemergs\/\"}]}<\/script>\n<!-- \/ Yoast SEO plugin. -->","yoast_head_json":{"title":"Congresso extraordin\u00e1rio da CSB elege diretoria da Seccional RS - Federa\u00e7\u00e3o dos Municip\u00e1rios do Estado do Rio Grande do Sul","robots":{"index":"index","follow":"follow","max-snippet":"max-snippet:-1","max-image-preview":"max-image-preview:large","max-video-preview":"max-video-preview:-1"},"canonical":"https:\/\/femergs.com.br\/wfe\/blog\/congresso-extraordinario-da-csb-elege-diretoria-da-seccional-rs\/","og_locale":"pt_BR","og_type":"article","og_title":"Congresso extraordin\u00e1rio da CSB elege diretoria da Seccional RS - Federa\u00e7\u00e3o dos Municip\u00e1rios do Estado do Rio Grande do Sul","og_description":"Em um expressivo congresso extraordin\u00e1rio realizado na \u00faltima sexta-feira, dia 23 de novembro de 2018, na sede da Federa\u00e7\u00e3o dos Trabalhadores na Ind\u00fastria da Constru\u00e7\u00e3o do Mobili\u00e1rio do RS, na capital ga\u00facha, a Seccional Rio Grande do Sul da Central dos Sindicatos Brasileiro (CSB) elegeu sua nova diretoria. O encontro reuniu mais de uma centena [&hellip;]","og_url":"https:\/\/femergs.com.br\/wfe\/blog\/congresso-extraordinario-da-csb-elege-diretoria-da-seccional-rs\/","og_site_name":"Federa\u00e7\u00e3o dos Municip\u00e1rios do Estado do Rio Grande do Sul","article_publisher":"https:\/\/www.facebook.com\/profile.php?id=100057151733001","article_published_time":"2018-12-05T09:41:05+00:00","author":"adminfemergs","twitter_card":"summary_large_image","twitter_misc":{"Escrito por":"adminfemergs","Est. tempo de leitura":"2 minutos"},"schema":{"@context":"https:\/\/schema.org","@graph":[{"@type":"Article","@id":"https:\/\/femergs.com.br\/wfe\/blog\/congresso-extraordinario-da-csb-elege-diretoria-da-seccional-rs\/#article","isPartOf":{"@id":"https:\/\/femergs.com.br\/wfe\/blog\/congresso-extraordinario-da-csb-elege-diretoria-da-seccional-rs\/"},"author":{"name":"adminfemergs","@id":"https:\/\/femergs.com.br\/wfe\/#\/schema\/person\/f5558e6b5ffc044ee085016237dedb7f"},"headline":"Congresso extraordin\u00e1rio da CSB elege diretoria da Seccional RS","datePublished":"2018-12-05T09:41:05+00:00","mainEntityOfPage":{"@id":"https:\/\/femergs.com.br\/wfe\/blog\/congresso-extraordinario-da-csb-elege-diretoria-da-seccional-rs\/"},"wordCount":312,"publisher":{"@id":"https:\/\/femergs.com.br\/wfe\/#organization"},"keywords":["NULL"],"articleSection":["ARQUIVADAS"],"inLanguage":"pt-BR"},{"@type":"WebPage","@id":"https:\/\/femergs.com.br\/wfe\/blog\/congresso-extraordinario-da-csb-elege-diretoria-da-seccional-rs\/","url":"https:\/\/femergs.com.br\/wfe\/blog\/congresso-extraordinario-da-csb-elege-diretoria-da-seccional-rs\/","name":"Congresso extraordin\u00e1rio da CSB elege diretoria da Seccional RS - Federa\u00e7\u00e3o dos Municip\u00e1rios do Estado do Rio Grande do Sul","isPartOf":{"@id":"https:\/\/femergs.com.br\/wfe\/#website"},"datePublished":"2018-12-05T09:41:05+00:00","breadcrumb":{"@id":"https:\/\/femergs.com.br\/wfe\/blog\/congresso-extraordinario-da-csb-elege-diretoria-da-seccional-rs\/#breadcrumb"},"inLanguage":"pt-BR","potentialAction":[{"@type":"ReadAction","target":["https:\/\/femergs.com.br\/wfe\/blog\/congresso-extraordinario-da-csb-elege-diretoria-da-seccional-rs\/"]}]},{"@type":"BreadcrumbList","@id":"https:\/\/femergs.com.br\/wfe\/blog\/congresso-extraordinario-da-csb-elege-diretoria-da-seccional-rs\/#breadcrumb","itemListElement":[{"@type":"ListItem","position":1,"name":"In\u00edcio","item":"https:\/\/femergs.com.br\/wfe\/"},{"@type":"ListItem","position":2,"name":"Congresso extraordin\u00e1rio da CSB elege diretoria da Seccional RS"}]},{"@type":"WebSite","@id":"https:\/\/femergs.com.br\/wfe\/#website","url":"https:\/\/femergs.com.br\/wfe\/","name":"FEMERGS","description":"FEDERA\u00c7\u00c3O DOS MUNICIP\u00c1RIOS DO ESTADO DO RIO GRANDE DO SUL","publisher":{"@id":"https:\/\/femergs.com.br\/wfe\/#organization"},"potentialAction":[{"@type":"SearchAction","target":{"@type":"EntryPoint","urlTemplate":"https:\/\/femergs.com.br\/wfe\/?s={search_term_string}"},"query-input":{"@type":"PropertyValueSpecification","valueRequired":true,"valueName":"search_term_string"}}],"inLanguage":"pt-BR"},{"@type":"Organization","@id":"https:\/\/femergs.com.br\/wfe\/#organization","name":"FEMERGS","url":"https:\/\/femergs.com.br\/wfe\/","logo":{"@type":"ImageObject","inLanguage":"pt-BR","@id":"https:\/\/femergs.com.br\/wfe\/#\/schema\/logo\/image\/","url":"https:\/\/femergs.com.br\/wfe\/wp-content\/uploads\/2025\/06\/logotipo.png","contentUrl":"https:\/\/femergs.com.br\/wfe\/wp-content\/uploads\/2025\/06\/logotipo.png","width":500,"height":500,"caption":"FEMERGS"},"image":{"@id":"https:\/\/femergs.com.br\/wfe\/#\/schema\/logo\/image\/"},"sameAs":["https:\/\/www.facebook.com\/profile.php?id=100057151733001","https:\/\/www.instagram.com\/femergs_rs\/"]},{"@type":"Person","@id":"https:\/\/femergs.com.br\/wfe\/#\/schema\/person\/f5558e6b5ffc044ee085016237dedb7f","name":"adminfemergs","image":{"@type":"ImageObject","inLanguage":"pt-BR","@id":"https:\/\/femergs.com.br\/wfe\/#\/schema\/person\/image\/","url":"https:\/\/secure.gravatar.com\/avatar\/398642fa557cdd524617ad9b31c938845f071aeb3448b9c0aeb29aefc495337b?s=96&d=mm&r=g","contentUrl":"https:\/\/secure.gravatar.com\/avatar\/398642fa557cdd524617ad9b31c938845f071aeb3448b9c0aeb29aefc495337b?s=96&d=mm&r=g","caption":"adminfemergs"},"sameAs":["https:\/\/femergs.com.br\/wfe"],"url":"https:\/\/femergs.com.br\/wfe\/blog\/author\/adminfemergs\/"}]}},"uagb_featured_image_src":{"full":false,"thumbnail":false,"medium":false,"medium_large":false,"large":false,"1536x1536":false,"2048x2048":false,"ultp_layout_landscape_large":false,"ultp_layout_landscape":false,"ultp_layout_portrait":false,"ultp_layout_square":false},"uagb_author_info":{"display_name":"adminfemergs","author_link":"https:\/\/femergs.com.br\/wfe\/blog\/author\/adminfemergs\/"},"uagb_comment_info":0,"uagb_excerpt":"Em um expressivo congresso extraordin\u00e1rio realizado na \u00faltima sexta-feira, dia 23 de novembro de 2018, na sede da Federa\u00e7\u00e3o dos Trabalhadores na Ind\u00fastria da Constru\u00e7\u00e3o do Mobili\u00e1rio do RS, na capital ga\u00facha, a Seccional Rio Grande do Sul da Central dos Sindicatos Brasileiro (CSB) elegeu sua nova diretoria. O encontro reuniu mais de uma centena&hellip;","_links":{"self":[{"href":"https:\/\/femergs.com.br\/wfe\/wp-json\/wp\/v2\/posts\/1163","targetHints":{"allow":["GET"]}}],"collection":[{"href":"https:\/\/femergs.com.br\/wfe\/wp-json\/wp\/v2\/posts"}],"about":[{"href":"https:\/\/femergs.com.br\/wfe\/wp-json\/wp\/v2\/types\/post"}],"author":[{"embeddable":true,"href":"https:\/\/femergs.com.br\/wfe\/wp-json\/wp\/v2\/users\/1"}],"replies":[{"embeddable":true,"href":"https:\/\/femergs.com.br\/wfe\/wp-json\/wp\/v2\/comments?post=1163"}],"version-history":[{"count":0,"href":"https:\/\/femergs.com.br\/wfe\/wp-json\/wp\/v2\/posts\/1163\/revisions"}],"wp:attachment":[{"href":"https:\/\/femergs.com.br\/wfe\/wp-json\/wp\/v2\/media?parent=1163"}],"wp:term":[{"taxonomy":"category","embeddable":true,"href":"https:\/\/femergs.com.br\/wfe\/wp-json\/wp\/v2\/categories?post=1163"},{"taxonomy":"post_tag","embeddable":true,"href":"https:\/\/femergs.com.br\/wfe\/wp-json\/wp\/v2\/tags?post=1163"}],"curies":[{"name":"wp","href":"https:\/\/api.w.org\/{rel}","templated":true}]}}