{"id":1165,"date":"2019-02-08T13:31:00","date_gmt":"2019-02-08T13:31:00","guid":{"rendered":"https:\/\/femergs.com.br\/wfe\/blog\/tce-pr-prefeito-de-doutor-ulysses-e-multado-por-perseguicao-a-servidor-municipal\/"},"modified":"2019-02-08T13:31:00","modified_gmt":"2019-02-08T13:31:00","slug":"tce-pr-prefeito-de-doutor-ulysses-e-multado-por-perseguicao-a-servidor-municipal","status":"publish","type":"post","link":"https:\/\/femergs.com.br\/wfe\/blog\/tce-pr-prefeito-de-doutor-ulysses-e-multado-por-perseguicao-a-servidor-municipal\/","title":{"rendered":"TCE\/PR \u2013 Prefeito de Doutor Ulysses \u00e9 multado por persegui\u00e7\u00e3o a servidor municipal"},"content":{"rendered":"<div style=\"text-align: justify;\">O Tribunal de Contas do Estado do Paran\u00e1 (TCE-PR) aplicou multa ao prefeito de Doutor Ulysses, Moiseis Branco da Silva (gest\u00e3o 2017-2020), pela pr\u00e1tica de desvio de finalidade no afastamento de um servidor municipal. A san\u00e7\u00e3o foi motivada ainda pela aus\u00eancia de imparcialidade na forma\u00e7\u00e3o da comiss\u00e3o de sindic\u00e2ncia instaurada contra o mesmo funcion\u00e1rio p\u00fablico. A decis\u00e3o foi tomada a partir de uma Den\u00fancia feita por Andr\u00e9 Lu\u00eds Sim\u00f5es, o servidor em quest\u00e3o. O valor da san\u00e7\u00e3o em fevereiro \u00e9 de R$ 4.068,80.<\/p>\n<p>Sim\u00f5es, ocupante do cargo efetivo de dentista e membro do Conselho Municipal de Sa\u00fade, acumulou tamb\u00e9m, entre 2014 e 2018, as fun\u00e7\u00f5es de presidente e superintendente do Conselho de Previd\u00eancia desse munic\u00edpio da Regi\u00e3o Metropolitana de Curitiba. Na Den\u00fancia, ele afirmou que foi afastado de suas fun\u00e7\u00f5es devido \u00e0 persegui\u00e7\u00e3o que sofria por parte do prefeito que assumiu a gest\u00e3o do munic\u00edpio em 2017.<\/p>\n<p>Cinco meses antes da instaura\u00e7\u00e3o de sindic\u00e2ncia contra Sim\u00f5es, o servidor havia entrado com uma Representa\u00e7\u00e3o da Lei n\u00ba 8.666\/93 (Lei de Licita\u00e7\u00f5es e Contratos) no TCE-PR contra Moiseis Branco da Silva e mais sete pessoas ligadas \u00e0 sua administra\u00e7\u00e3o, alegando a exist\u00eancia de supostas irregularidades no Edital de Preg\u00e3o Presencial n\u00ba 13\/2017, publicado pela prefeitura. Dos tr\u00eas integrantes da comiss\u00e3o sindicante instaurada pelo prefeito, dois figuravam como acusados na representa\u00e7\u00e3o impetrada por Sim\u00f5es.<\/p>\n<p>A sindic\u00e2ncia, cujo objetivo era apurar supostas irregularidades praticadas pelo funcion\u00e1rio, resultou em seu afastamento de todos os cargos que ocupava no munic\u00edpio. Quinze dias depois, foi publicado edital para a elei\u00e7\u00e3o do novo Conselho Municipal de Previd\u00eancia. Para Sim\u00f5es, os fatos evidenciam a inten\u00e7\u00e3o do prefeito de afast\u00e1-lo de uma eventual candidatura \u00e0 reelei\u00e7\u00e3o na presid\u00eancia do colegiado.<\/p>\n<p>Por sua vez, a defesa do prefeito alegou que Sim\u00f5es, al\u00e9m de ter cometido diversos atos fraudulentos no exerc\u00edcio de suas fun\u00e7\u00f5es, havia acumulado ilegalmente os cargos de presidente e superintendente do Conselho Municipal de Previd\u00eancia, o que teria resultado em uma situa\u00e7\u00e3o insustent\u00e1vel. A administra\u00e7\u00e3o afirmou ainda que, na gest\u00e3o anterior (2013-2016), o referido servidor e os demais membros do colegiado foram reconduzidos a seus postos por meio de um ato do Poder Executivo, sem a realiza\u00e7\u00e3o do procedimento eletivo previsto na legisla\u00e7\u00e3o, sendo assim irregular a continuidade da mesma composi\u00e7\u00e3o do conselho.<\/p>\n<p><strong> Decis\u00e3o<\/strong><\/p>\n<p>A Coordenadoria de Gest\u00e3o Municipal (CGM) manifestou-se pela proced\u00eancia parcial da Den\u00fancia. Na an\u00e1lise da unidade t\u00e9cnica do Tribunal, ficou clara a demonstra\u00e7\u00e3o do desvio de finalidade do ato de gest\u00e3o que resultou no afastamento do servidor. A instru\u00e7\u00e3o tamb\u00e9m destacou a aus\u00eancia de imparcialidade na composi\u00e7\u00e3o da comiss\u00e3o sindicante respons\u00e1vel pela apura\u00e7\u00e3o de supostas irregularidades praticadas por Sim\u00f5es.<\/p>\n<p>No entanto, a CGM concordou com a alega\u00e7\u00e3o do prefeito de que houve o ac\u00famulo ilegal das fun\u00e7\u00f5es administrativa e fiscalizat\u00f3ria por parte do servidor no Conselho Municipal de Previd\u00eancia. A unidade t\u00e9cnica reconheceu ainda a validade do argumento de que o colegiado comandado por Sim\u00f5es foi reconduzido de forma irregular na gest\u00e3o anterior \u00e0 de Moiseis Branco da Silva. O parecer do Minist\u00e9rio P\u00fablico de Contas (MPC-PR) corroborou o entendimento da CGM.<\/p>\n<p>Em seu voto, o relator do processo, conselheiro Artag\u00e3o de Mattos Le\u00e3o, concordou com os posicionamentos da CGM e do MPC-PR, determinando a aplica\u00e7\u00e3o da multa prevista no artigo 87, inciso IV, da Lei Org\u00e2nica do TCE-PR (Lei Complementar Estadual n\u00ba 113\/2005) ao prefeito de Doutor Ulysses. A san\u00e7\u00e3o totaliza 40 vezes o valor da Unidade Padr\u00e3o Fiscal do Estado do Paran\u00e1 (UPF-PR). O indexador, que tem atualiza\u00e7\u00e3o mensal, vale R$ 101,72 em fevereiro.<\/p>\n<p>O conselheiro tamb\u00e9m recomendou ao gestor que fundamente seus atos nos princ\u00edpios da legalidade e do interesse p\u00fablico, \u201csob pena de desvirtuamento da m\u00e1quina p\u00fablica para a satisfa\u00e7\u00e3o de interesses pessoais\u201d.<\/p>\n<p>Os demais membros do Pleno acompanharam, de forma un\u00e2nime, o voto do relator. O Ac\u00f3rd\u00e3o n\u00ba 3794\/18 \u2013 Tribunal Pleno, proferido na sess\u00e3o de 12 de dezembro, foi publicado em 8 de janeiro, na edi\u00e7\u00e3o n\u00ba 1.973 do Di\u00e1rio Eletr\u00f4nico do TCE-PR (DETC). Os prazos para recurso passaram a contar no dia 9, primeiro dia \u00fatil ap\u00f3s a publica\u00e7\u00e3o.<\/p><\/div>\n","protected":false},"excerpt":{"rendered":"<p>O Tribunal de Contas do Estado do Paran\u00e1 (TCE-PR) aplicou multa ao prefeito de Doutor Ulysses, Moiseis Branco da Silva (gest\u00e3o 2017-2020), pela pr\u00e1tica de desvio de finalidade no afastamento de um servidor municipal. A san\u00e7\u00e3o foi motivada ainda pela aus\u00eancia de imparcialidade na forma\u00e7\u00e3o da comiss\u00e3o de sindic\u00e2ncia instaurada contra o mesmo funcion\u00e1rio p\u00fablico. [&hellip;]<\/p>\n","protected":false},"author":1,"featured_media":0,"comment_status":"closed","ping_status":"closed","sticky":false,"template":"","format":"standard","meta":{"_eb_attr":"","_uag_custom_page_level_css":"","fifu_image_url":"","fifu_image_alt":"","footnotes":""},"categories":[1],"tags":[32],"class_list":["post-1165","post","type-post","status-publish","format-standard","hentry","category-arquivadas","tag-null"],"yoast_head":"<!-- This site is optimized with the Yoast SEO plugin v27.1.1 - https:\/\/yoast.com\/product\/yoast-seo-wordpress\/ -->\n<title>TCE\/PR \u2013 Prefeito de Doutor Ulysses \u00e9 multado por persegui\u00e7\u00e3o a servidor municipal - Federa\u00e7\u00e3o dos Municip\u00e1rios do Estado do Rio Grande do Sul<\/title>\n<meta name=\"robots\" content=\"index, follow, max-snippet:-1, max-image-preview:large, max-video-preview:-1\" \/>\n<link rel=\"canonical\" href=\"https:\/\/femergs.com.br\/wfe\/blog\/tce-pr-prefeito-de-doutor-ulysses-e-multado-por-perseguicao-a-servidor-municipal\/\" \/>\n<meta property=\"og:locale\" content=\"pt_BR\" \/>\n<meta property=\"og:type\" content=\"article\" \/>\n<meta property=\"og:title\" content=\"TCE\/PR \u2013 Prefeito de Doutor Ulysses \u00e9 multado por persegui\u00e7\u00e3o a servidor municipal - Federa\u00e7\u00e3o dos Municip\u00e1rios do Estado do Rio Grande do Sul\" \/>\n<meta property=\"og:description\" content=\"O Tribunal de Contas do Estado do Paran\u00e1 (TCE-PR) aplicou multa ao prefeito de Doutor Ulysses, Moiseis Branco da Silva (gest\u00e3o 2017-2020), pela pr\u00e1tica de desvio de finalidade no afastamento de um servidor municipal. A san\u00e7\u00e3o foi motivada ainda pela aus\u00eancia de imparcialidade na forma\u00e7\u00e3o da comiss\u00e3o de sindic\u00e2ncia instaurada contra o mesmo funcion\u00e1rio p\u00fablico. [&hellip;]\" \/>\n<meta property=\"og:url\" content=\"https:\/\/femergs.com.br\/wfe\/blog\/tce-pr-prefeito-de-doutor-ulysses-e-multado-por-perseguicao-a-servidor-municipal\/\" \/>\n<meta property=\"og:site_name\" content=\"Federa\u00e7\u00e3o dos Municip\u00e1rios do Estado do Rio Grande do Sul\" \/>\n<meta property=\"article:publisher\" content=\"https:\/\/www.facebook.com\/profile.php?id=100057151733001\" \/>\n<meta property=\"article:published_time\" content=\"2019-02-08T13:31:00+00:00\" \/>\n<meta name=\"author\" content=\"adminfemergs\" \/>\n<meta name=\"twitter:card\" content=\"summary_large_image\" \/>\n<meta name=\"twitter:label1\" content=\"Escrito por\" \/>\n\t<meta name=\"twitter:data1\" content=\"adminfemergs\" \/>\n\t<meta name=\"twitter:label2\" content=\"Est. tempo de leitura\" \/>\n\t<meta name=\"twitter:data2\" content=\"4 minutos\" \/>\n<script type=\"application\/ld+json\" class=\"yoast-schema-graph\">{\"@context\":\"https:\/\/schema.org\",\"@graph\":[{\"@type\":\"Article\",\"@id\":\"https:\/\/femergs.com.br\/wfe\/blog\/tce-pr-prefeito-de-doutor-ulysses-e-multado-por-perseguicao-a-servidor-municipal\/#article\",\"isPartOf\":{\"@id\":\"https:\/\/femergs.com.br\/wfe\/blog\/tce-pr-prefeito-de-doutor-ulysses-e-multado-por-perseguicao-a-servidor-municipal\/\"},\"author\":{\"name\":\"adminfemergs\",\"@id\":\"https:\/\/femergs.com.br\/wfe\/#\/schema\/person\/f5558e6b5ffc044ee085016237dedb7f\"},\"headline\":\"TCE\/PR \u2013 Prefeito de Doutor Ulysses \u00e9 multado por persegui\u00e7\u00e3o a servidor municipal\",\"datePublished\":\"2019-02-08T13:31:00+00:00\",\"mainEntityOfPage\":{\"@id\":\"https:\/\/femergs.com.br\/wfe\/blog\/tce-pr-prefeito-de-doutor-ulysses-e-multado-por-perseguicao-a-servidor-municipal\/\"},\"wordCount\":772,\"publisher\":{\"@id\":\"https:\/\/femergs.com.br\/wfe\/#organization\"},\"keywords\":[\"NULL\"],\"articleSection\":[\"ARQUIVADAS\"],\"inLanguage\":\"pt-BR\"},{\"@type\":\"WebPage\",\"@id\":\"https:\/\/femergs.com.br\/wfe\/blog\/tce-pr-prefeito-de-doutor-ulysses-e-multado-por-perseguicao-a-servidor-municipal\/\",\"url\":\"https:\/\/femergs.com.br\/wfe\/blog\/tce-pr-prefeito-de-doutor-ulysses-e-multado-por-perseguicao-a-servidor-municipal\/\",\"name\":\"TCE\/PR \u2013 Prefeito de Doutor Ulysses \u00e9 multado por persegui\u00e7\u00e3o a servidor municipal - Federa\u00e7\u00e3o dos Municip\u00e1rios do Estado do Rio Grande do Sul\",\"isPartOf\":{\"@id\":\"https:\/\/femergs.com.br\/wfe\/#website\"},\"datePublished\":\"2019-02-08T13:31:00+00:00\",\"breadcrumb\":{\"@id\":\"https:\/\/femergs.com.br\/wfe\/blog\/tce-pr-prefeito-de-doutor-ulysses-e-multado-por-perseguicao-a-servidor-municipal\/#breadcrumb\"},\"inLanguage\":\"pt-BR\",\"potentialAction\":[{\"@type\":\"ReadAction\",\"target\":[\"https:\/\/femergs.com.br\/wfe\/blog\/tce-pr-prefeito-de-doutor-ulysses-e-multado-por-perseguicao-a-servidor-municipal\/\"]}]},{\"@type\":\"BreadcrumbList\",\"@id\":\"https:\/\/femergs.com.br\/wfe\/blog\/tce-pr-prefeito-de-doutor-ulysses-e-multado-por-perseguicao-a-servidor-municipal\/#breadcrumb\",\"itemListElement\":[{\"@type\":\"ListItem\",\"position\":1,\"name\":\"In\u00edcio\",\"item\":\"https:\/\/femergs.com.br\/wfe\/\"},{\"@type\":\"ListItem\",\"position\":2,\"name\":\"TCE\/PR \u2013 Prefeito de Doutor Ulysses \u00e9 multado por persegui\u00e7\u00e3o a servidor municipal\"}]},{\"@type\":\"WebSite\",\"@id\":\"https:\/\/femergs.com.br\/wfe\/#website\",\"url\":\"https:\/\/femergs.com.br\/wfe\/\",\"name\":\"FEMERGS\",\"description\":\"FEDERA\u00c7\u00c3O DOS MUNICIP\u00c1RIOS DO ESTADO DO RIO GRANDE DO SUL\",\"publisher\":{\"@id\":\"https:\/\/femergs.com.br\/wfe\/#organization\"},\"potentialAction\":[{\"@type\":\"SearchAction\",\"target\":{\"@type\":\"EntryPoint\",\"urlTemplate\":\"https:\/\/femergs.com.br\/wfe\/?s={search_term_string}\"},\"query-input\":{\"@type\":\"PropertyValueSpecification\",\"valueRequired\":true,\"valueName\":\"search_term_string\"}}],\"inLanguage\":\"pt-BR\"},{\"@type\":\"Organization\",\"@id\":\"https:\/\/femergs.com.br\/wfe\/#organization\",\"name\":\"FEMERGS\",\"url\":\"https:\/\/femergs.com.br\/wfe\/\",\"logo\":{\"@type\":\"ImageObject\",\"inLanguage\":\"pt-BR\",\"@id\":\"https:\/\/femergs.com.br\/wfe\/#\/schema\/logo\/image\/\",\"url\":\"https:\/\/femergs.com.br\/wfe\/wp-content\/uploads\/2025\/06\/logotipo.png\",\"contentUrl\":\"https:\/\/femergs.com.br\/wfe\/wp-content\/uploads\/2025\/06\/logotipo.png\",\"width\":500,\"height\":500,\"caption\":\"FEMERGS\"},\"image\":{\"@id\":\"https:\/\/femergs.com.br\/wfe\/#\/schema\/logo\/image\/\"},\"sameAs\":[\"https:\/\/www.facebook.com\/profile.php?id=100057151733001\",\"https:\/\/www.instagram.com\/femergs_rs\/\"]},{\"@type\":\"Person\",\"@id\":\"https:\/\/femergs.com.br\/wfe\/#\/schema\/person\/f5558e6b5ffc044ee085016237dedb7f\",\"name\":\"adminfemergs\",\"image\":{\"@type\":\"ImageObject\",\"inLanguage\":\"pt-BR\",\"@id\":\"https:\/\/femergs.com.br\/wfe\/#\/schema\/person\/image\/\",\"url\":\"https:\/\/secure.gravatar.com\/avatar\/398642fa557cdd524617ad9b31c938845f071aeb3448b9c0aeb29aefc495337b?s=96&d=mm&r=g\",\"contentUrl\":\"https:\/\/secure.gravatar.com\/avatar\/398642fa557cdd524617ad9b31c938845f071aeb3448b9c0aeb29aefc495337b?s=96&d=mm&r=g\",\"caption\":\"adminfemergs\"},\"sameAs\":[\"https:\/\/femergs.com.br\/wfe\"],\"url\":\"https:\/\/femergs.com.br\/wfe\/blog\/author\/adminfemergs\/\"}]}<\/script>\n<!-- \/ Yoast SEO plugin. -->","yoast_head_json":{"title":"TCE\/PR \u2013 Prefeito de Doutor Ulysses \u00e9 multado por persegui\u00e7\u00e3o a servidor municipal - Federa\u00e7\u00e3o dos Municip\u00e1rios do Estado do Rio Grande do Sul","robots":{"index":"index","follow":"follow","max-snippet":"max-snippet:-1","max-image-preview":"max-image-preview:large","max-video-preview":"max-video-preview:-1"},"canonical":"https:\/\/femergs.com.br\/wfe\/blog\/tce-pr-prefeito-de-doutor-ulysses-e-multado-por-perseguicao-a-servidor-municipal\/","og_locale":"pt_BR","og_type":"article","og_title":"TCE\/PR \u2013 Prefeito de Doutor Ulysses \u00e9 multado por persegui\u00e7\u00e3o a servidor municipal - Federa\u00e7\u00e3o dos Municip\u00e1rios do Estado do Rio Grande do Sul","og_description":"O Tribunal de Contas do Estado do Paran\u00e1 (TCE-PR) aplicou multa ao prefeito de Doutor Ulysses, Moiseis Branco da Silva (gest\u00e3o 2017-2020), pela pr\u00e1tica de desvio de finalidade no afastamento de um servidor municipal. A san\u00e7\u00e3o foi motivada ainda pela aus\u00eancia de imparcialidade na forma\u00e7\u00e3o da comiss\u00e3o de sindic\u00e2ncia instaurada contra o mesmo funcion\u00e1rio p\u00fablico. [&hellip;]","og_url":"https:\/\/femergs.com.br\/wfe\/blog\/tce-pr-prefeito-de-doutor-ulysses-e-multado-por-perseguicao-a-servidor-municipal\/","og_site_name":"Federa\u00e7\u00e3o dos Municip\u00e1rios do Estado do Rio Grande do Sul","article_publisher":"https:\/\/www.facebook.com\/profile.php?id=100057151733001","article_published_time":"2019-02-08T13:31:00+00:00","author":"adminfemergs","twitter_card":"summary_large_image","twitter_misc":{"Escrito por":"adminfemergs","Est. tempo de leitura":"4 minutos"},"schema":{"@context":"https:\/\/schema.org","@graph":[{"@type":"Article","@id":"https:\/\/femergs.com.br\/wfe\/blog\/tce-pr-prefeito-de-doutor-ulysses-e-multado-por-perseguicao-a-servidor-municipal\/#article","isPartOf":{"@id":"https:\/\/femergs.com.br\/wfe\/blog\/tce-pr-prefeito-de-doutor-ulysses-e-multado-por-perseguicao-a-servidor-municipal\/"},"author":{"name":"adminfemergs","@id":"https:\/\/femergs.com.br\/wfe\/#\/schema\/person\/f5558e6b5ffc044ee085016237dedb7f"},"headline":"TCE\/PR \u2013 Prefeito de Doutor Ulysses \u00e9 multado por persegui\u00e7\u00e3o a servidor municipal","datePublished":"2019-02-08T13:31:00+00:00","mainEntityOfPage":{"@id":"https:\/\/femergs.com.br\/wfe\/blog\/tce-pr-prefeito-de-doutor-ulysses-e-multado-por-perseguicao-a-servidor-municipal\/"},"wordCount":772,"publisher":{"@id":"https:\/\/femergs.com.br\/wfe\/#organization"},"keywords":["NULL"],"articleSection":["ARQUIVADAS"],"inLanguage":"pt-BR"},{"@type":"WebPage","@id":"https:\/\/femergs.com.br\/wfe\/blog\/tce-pr-prefeito-de-doutor-ulysses-e-multado-por-perseguicao-a-servidor-municipal\/","url":"https:\/\/femergs.com.br\/wfe\/blog\/tce-pr-prefeito-de-doutor-ulysses-e-multado-por-perseguicao-a-servidor-municipal\/","name":"TCE\/PR \u2013 Prefeito de Doutor Ulysses \u00e9 multado por persegui\u00e7\u00e3o a servidor municipal - Federa\u00e7\u00e3o dos Municip\u00e1rios do Estado do Rio Grande do Sul","isPartOf":{"@id":"https:\/\/femergs.com.br\/wfe\/#website"},"datePublished":"2019-02-08T13:31:00+00:00","breadcrumb":{"@id":"https:\/\/femergs.com.br\/wfe\/blog\/tce-pr-prefeito-de-doutor-ulysses-e-multado-por-perseguicao-a-servidor-municipal\/#breadcrumb"},"inLanguage":"pt-BR","potentialAction":[{"@type":"ReadAction","target":["https:\/\/femergs.com.br\/wfe\/blog\/tce-pr-prefeito-de-doutor-ulysses-e-multado-por-perseguicao-a-servidor-municipal\/"]}]},{"@type":"BreadcrumbList","@id":"https:\/\/femergs.com.br\/wfe\/blog\/tce-pr-prefeito-de-doutor-ulysses-e-multado-por-perseguicao-a-servidor-municipal\/#breadcrumb","itemListElement":[{"@type":"ListItem","position":1,"name":"In\u00edcio","item":"https:\/\/femergs.com.br\/wfe\/"},{"@type":"ListItem","position":2,"name":"TCE\/PR \u2013 Prefeito de Doutor Ulysses \u00e9 multado por persegui\u00e7\u00e3o a servidor municipal"}]},{"@type":"WebSite","@id":"https:\/\/femergs.com.br\/wfe\/#website","url":"https:\/\/femergs.com.br\/wfe\/","name":"FEMERGS","description":"FEDERA\u00c7\u00c3O DOS MUNICIP\u00c1RIOS DO ESTADO DO RIO GRANDE DO SUL","publisher":{"@id":"https:\/\/femergs.com.br\/wfe\/#organization"},"potentialAction":[{"@type":"SearchAction","target":{"@type":"EntryPoint","urlTemplate":"https:\/\/femergs.com.br\/wfe\/?s={search_term_string}"},"query-input":{"@type":"PropertyValueSpecification","valueRequired":true,"valueName":"search_term_string"}}],"inLanguage":"pt-BR"},{"@type":"Organization","@id":"https:\/\/femergs.com.br\/wfe\/#organization","name":"FEMERGS","url":"https:\/\/femergs.com.br\/wfe\/","logo":{"@type":"ImageObject","inLanguage":"pt-BR","@id":"https:\/\/femergs.com.br\/wfe\/#\/schema\/logo\/image\/","url":"https:\/\/femergs.com.br\/wfe\/wp-content\/uploads\/2025\/06\/logotipo.png","contentUrl":"https:\/\/femergs.com.br\/wfe\/wp-content\/uploads\/2025\/06\/logotipo.png","width":500,"height":500,"caption":"FEMERGS"},"image":{"@id":"https:\/\/femergs.com.br\/wfe\/#\/schema\/logo\/image\/"},"sameAs":["https:\/\/www.facebook.com\/profile.php?id=100057151733001","https:\/\/www.instagram.com\/femergs_rs\/"]},{"@type":"Person","@id":"https:\/\/femergs.com.br\/wfe\/#\/schema\/person\/f5558e6b5ffc044ee085016237dedb7f","name":"adminfemergs","image":{"@type":"ImageObject","inLanguage":"pt-BR","@id":"https:\/\/femergs.com.br\/wfe\/#\/schema\/person\/image\/","url":"https:\/\/secure.gravatar.com\/avatar\/398642fa557cdd524617ad9b31c938845f071aeb3448b9c0aeb29aefc495337b?s=96&d=mm&r=g","contentUrl":"https:\/\/secure.gravatar.com\/avatar\/398642fa557cdd524617ad9b31c938845f071aeb3448b9c0aeb29aefc495337b?s=96&d=mm&r=g","caption":"adminfemergs"},"sameAs":["https:\/\/femergs.com.br\/wfe"],"url":"https:\/\/femergs.com.br\/wfe\/blog\/author\/adminfemergs\/"}]}},"uagb_featured_image_src":{"full":false,"thumbnail":false,"medium":false,"medium_large":false,"large":false,"1536x1536":false,"2048x2048":false,"ultp_layout_landscape_large":false,"ultp_layout_landscape":false,"ultp_layout_portrait":false,"ultp_layout_square":false},"uagb_author_info":{"display_name":"adminfemergs","author_link":"https:\/\/femergs.com.br\/wfe\/blog\/author\/adminfemergs\/"},"uagb_comment_info":0,"uagb_excerpt":"O Tribunal de Contas do Estado do Paran\u00e1 (TCE-PR) aplicou multa ao prefeito de Doutor Ulysses, Moiseis Branco da Silva (gest\u00e3o 2017-2020), pela pr\u00e1tica de desvio de finalidade no afastamento de um servidor municipal. A san\u00e7\u00e3o foi motivada ainda pela aus\u00eancia de imparcialidade na forma\u00e7\u00e3o da comiss\u00e3o de sindic\u00e2ncia instaurada contra o mesmo funcion\u00e1rio p\u00fablico.&hellip;","_links":{"self":[{"href":"https:\/\/femergs.com.br\/wfe\/wp-json\/wp\/v2\/posts\/1165","targetHints":{"allow":["GET"]}}],"collection":[{"href":"https:\/\/femergs.com.br\/wfe\/wp-json\/wp\/v2\/posts"}],"about":[{"href":"https:\/\/femergs.com.br\/wfe\/wp-json\/wp\/v2\/types\/post"}],"author":[{"embeddable":true,"href":"https:\/\/femergs.com.br\/wfe\/wp-json\/wp\/v2\/users\/1"}],"replies":[{"embeddable":true,"href":"https:\/\/femergs.com.br\/wfe\/wp-json\/wp\/v2\/comments?post=1165"}],"version-history":[{"count":0,"href":"https:\/\/femergs.com.br\/wfe\/wp-json\/wp\/v2\/posts\/1165\/revisions"}],"wp:attachment":[{"href":"https:\/\/femergs.com.br\/wfe\/wp-json\/wp\/v2\/media?parent=1165"}],"wp:term":[{"taxonomy":"category","embeddable":true,"href":"https:\/\/femergs.com.br\/wfe\/wp-json\/wp\/v2\/categories?post=1165"},{"taxonomy":"post_tag","embeddable":true,"href":"https:\/\/femergs.com.br\/wfe\/wp-json\/wp\/v2\/tags?post=1165"}],"curies":[{"name":"wp","href":"https:\/\/api.w.org\/{rel}","templated":true}]}}