{"id":1166,"date":"2019-02-14T15:11:24","date_gmt":"2019-02-14T15:11:24","guid":{"rendered":"https:\/\/femergs.com.br\/wfe\/blog\/nao-a-reforma-da-previdencia-nenhum-direito-a-menos\/"},"modified":"2019-02-14T15:11:24","modified_gmt":"2019-02-14T15:11:24","slug":"nao-a-reforma-da-previdencia-nenhum-direito-a-menos","status":"publish","type":"post","link":"https:\/\/femergs.com.br\/wfe\/blog\/nao-a-reforma-da-previdencia-nenhum-direito-a-menos\/","title":{"rendered":"N\u00c3O A REFORMA DA PREVID\u00caNCIA &#8211; NENHUM DIREITO A MENOS"},"content":{"rendered":"<div style=\"text-align:justify\">A FEMERGS FEDERA\u00c7\u00c3O DOS MUNICIP\u00c1RIOS DO ESTADO DO RIO GRANDE DO SUL DEFINIU EM SUAS INST\u00c2NCIAS DE DELIBERA\u00c7\u00c3O, A LUTA POR NENHUM DIREITO A MENOS.<\/p>\n<p>Refor\u00e7amos o resultado da CPI da Previd\u00eancia, presidida pelo &#8211; Senador Paulo Paim:<\/p><\/div>\n<div style=\"text-align:justify\">\u201cA Previd\u00eancia Social \u00e9 superavit\u00e1ria e os problemas existentes s\u00e3o consequ\u00eancia da m\u00e1 gest\u00e3o. O Senador Paim afirmou, que nos \u00faltimos 20 anos mais de R$ 2 trilh\u00f5es deixaram de entrar nos cofres do INSS. Boa parte disso \u00e9 resultado da sonega\u00e7\u00e3o de empresas que n\u00e3o recolhem os benef\u00edcios. E o governo federal, disse Paim, n\u00e3o cobra.<\/div>\n<p>\nREFORMA \u00c9 NECESS\u00c1RIA???<\/p>\n<p><img decoding=\"async\" src=\"data:image\/gif;base64,R0lGODlhAQABAIAAAAAAAP\/\/\/ywAAAAAAQABAAACAUwAOw==\" fifu-lazy=\"1\" fifu-data-sizes=\"auto\" fifu-data-srcset=\"\/Im4g3nsN0t1cia\/geral\/images\/Vilson.png?w=75&resize=75&ssl=1 75w, \/Im4g3nsN0t1cia\/geral\/images\/Vilson.png?w=100&resize=100&ssl=1 100w, \/Im4g3nsN0t1cia\/geral\/images\/Vilson.png?w=150&resize=150&ssl=1 150w, \/Im4g3nsN0t1cia\/geral\/images\/Vilson.png?w=240&resize=240&ssl=1 240w, \/Im4g3nsN0t1cia\/geral\/images\/Vilson.png?w=320&resize=320&ssl=1 320w, \/Im4g3nsN0t1cia\/geral\/images\/Vilson.png?w=500&resize=500&ssl=1 500w, \/Im4g3nsN0t1cia\/geral\/images\/Vilson.png?w=640&resize=640&ssl=1 640w, \/Im4g3nsN0t1cia\/geral\/images\/Vilson.png?w=800&resize=800&ssl=1 800w, \/Im4g3nsN0t1cia\/geral\/images\/Vilson.png?w=1024&resize=1024&ssl=1 1024w, \/Im4g3nsN0t1cia\/geral\/images\/Vilson.png?w=1280&resize=1280&ssl=1 1280w, \/Im4g3nsN0t1cia\/geral\/images\/Vilson.png?w=1600&resize=1600&ssl=1 1600w\" alt=\"\" fifu-data-src=\"\/Im4g3nsN0t1cia\/geral\/images\/Vilson.png\" style=\"height:265px; width:400px\" \/><\/p>\n<div style=\"text-align:justify\">\nGoverno Bolsonaro, a exemplo do Temer quer passar a todo o custo a Reforma. Veja alguns pontos divulgados ainda num ambiente de especula\u00e7\u00e3o.<\/div>\n<ul>\n<li>Aposentadoria as 65 anos;<\/li>\n<li>Acaba a Regra 85\/95 para segurados do INSS e servidores p\u00fablicos, que ter\u00e3o outra regra de 105 pontos para homens e mulheres;<\/li>\n<li>Aposentadoria integral somente com 40 anos de contribui\u00e7\u00e3o;<\/li>\n<li>Aposentadoria dos pobres das cidades piora muito com aumento de 15 para 20 anos de tempo de contribui\u00e7\u00e3o;<\/li>\n<li>Praticamente acaba com a aposentadoria dos trabalhadores rurais;<\/li>\n<li>Professores e professoras ter\u00e3o que trabalhar at\u00e9 os 60 anos;<\/li>\n<li>Governo reduz de 100% para 60% o valor da aposentadoria;<\/li>\n<li>Destr\u00f3i a aposentadoria especial dos trabalhadores das \u00e1reas insalubres com fixa\u00e7\u00e3o de idade m\u00ednima;<\/li>\n<li>Pens\u00e3o por morte \u00e9 destru\u00edda, com redu\u00e7\u00e3o de 100% para 50% e acaba a revers\u00e3o de cotas;<\/li>\n<li>Acaba o Benef\u00edcio de Presta\u00e7\u00e3o Continuada da LOAS, que \u00e9 substitu\u00eddo por uma renda miser\u00e1vel de R$ 500,00 a R$ 750,00 \u2013 DESVINCULA\u00c7\u00c3O DO SAL\u00c1RIO M\u00cdNIMO;<\/li>\n<li>O Abono Salarial de 1 sal\u00e1rio m\u00ednimo ser\u00e1 pago apenas para quem ganha 1 sal\u00e1rio m\u00ednimo (e n\u00e3o at\u00e9 dois sal\u00e1rios m\u00ednimos como \u00e9 atualmente);<\/li>\n<li>Os servidores p\u00fablicos que tem direito \u00e0 aposentadoria integral poder\u00e3o exercer o direito somente aos 65 anos de idade, e os professores e professoras aos 60 anos de idade;<\/li>\n<li>Previd\u00eancia Social ser\u00e1 extinta para os novos trabalhadores, que ser\u00e3o vinculados a uma previd\u00eancia privada;<\/li>\n<li>A Reforma da Previd\u00eancia vir\u00e1 acompanhada da carteira de trabalho verde e amarela\u201d, sem CLT, sem os direitos dos acordos coletivos e sem previd\u00eancia p\u00fablica;Que Reforma vir\u00e1? Os dados da CPI que tinha integrantes de todos os partidos e foi aprovada por unanimidade dos Senadores da Comiss\u00e3o provaram de que n\u00e3o existe d\u00e9ficit o que existe \u00e9 m\u00e1 gest\u00e3o.<\/li>\n<\/ul>\n<p>\nA Imagem abaixo com o presidente TEME que passou a DRU \u2013 Desvincula\u00e7\u00e3o das Receitas da Uni\u00e3o de 20% para 30%, ou seja,o Governo vai e tira trinta por cento dos recursos do Caixa da Seguridade Social e depois chama a imprensa para tentar fazer a cabe\u00e7a do povo que a Reforma \u00e9 Necess\u00e1ria.<br \/>\n<img decoding=\"async\" src=\"data:image\/gif;base64,R0lGODlhAQABAIAAAAAAAP\/\/\/ywAAAAAAQABAAACAUwAOw==\" fifu-lazy=\"1\" fifu-data-sizes=\"auto\" fifu-data-srcset=\"\/Im4g3nsN0t1cia\/geral\/images\/vilson_1.png?w=75&resize=75&ssl=1 75w, \/Im4g3nsN0t1cia\/geral\/images\/vilson_1.png?w=100&resize=100&ssl=1 100w, \/Im4g3nsN0t1cia\/geral\/images\/vilson_1.png?w=150&resize=150&ssl=1 150w, \/Im4g3nsN0t1cia\/geral\/images\/vilson_1.png?w=240&resize=240&ssl=1 240w, \/Im4g3nsN0t1cia\/geral\/images\/vilson_1.png?w=320&resize=320&ssl=1 320w, \/Im4g3nsN0t1cia\/geral\/images\/vilson_1.png?w=500&resize=500&ssl=1 500w, \/Im4g3nsN0t1cia\/geral\/images\/vilson_1.png?w=640&resize=640&ssl=1 640w, \/Im4g3nsN0t1cia\/geral\/images\/vilson_1.png?w=800&resize=800&ssl=1 800w, \/Im4g3nsN0t1cia\/geral\/images\/vilson_1.png?w=1024&resize=1024&ssl=1 1024w, \/Im4g3nsN0t1cia\/geral\/images\/vilson_1.png?w=1280&resize=1280&ssl=1 1280w, \/Im4g3nsN0t1cia\/geral\/images\/vilson_1.png?w=1600&resize=1600&ssl=1 1600w\" alt=\"\" fifu-data-src=\"\/Im4g3nsN0t1cia\/geral\/images\/vilson_1.png\" style=\"height:224px; width:400px\" \/><\/p>\n<p>Vejam j\u00e1 no Governo Bolsonaro o dinheiro que retirou da \u00e1rea da Seguridade Social aonde temos inclu\u00edda a Previd\u00eancia:<\/p>\n<div style=\"text-align:center\">\n<strong>DECRETO N\u00ba 9.699, DE 8 DE FEVEREIRO DE 2019<\/strong><\/div>\n<p>\nTransfere dota\u00e7\u00f5es or\u00e7ament\u00e1rias constantes dos Or\u00e7amentos Fiscal e da Seguridade Social da Uni\u00e3o para diversos \u00f3rg\u00e3os do Poder Executivo federal, para encargos financeiros da Uni\u00e3o e para transfer\u00eancias a Estados, Distrito Federal e Munic\u00edpios, no valor de R$ 606.056.926.691,00.<\/p>\n<p>O PRESIDENTE DA REP\u00daBLICA, no uso da atribui\u00e7\u00e3o que lhe confere o art. 84, caput, inciso IV, da Constitui\u00e7\u00e3o, tendo em vista a autoriza\u00e7\u00e3o contida no art. 54 da Lei n\u00ba 13.707, de 14 de agosto de 2018, e o disposto na Medida Provis\u00f3ria n\u00ba 870, de 1\u00ba de janeiro de 2019,<\/p>\n<p>DECRETA:<\/p>\n<div style=\"text-align:justify\">Art. 1\u00ba Ficam transferidas, para diversos \u00f3rg\u00e3os do Poder Executivo federal, para encargos financeiros da Uni\u00e3o e para transfer\u00eancias a Estados, Distrito Federal e Munic\u00edpios, dota\u00e7\u00f5es or\u00e7ament\u00e1rias constantes dos Or\u00e7amentos Fiscal e da Seguridade Social da Uni\u00e3o (Lei n\u00ba 13.808, de 15 de janeiro de 2019), no valor de R$ 606.056.926.691,00 (seiscentos e seis bilh\u00f5es, cinquenta e seis milh\u00f5es, novecentos e vinte e seis mil, seiscentos e noventa e um reais), conforme indicado nos Anexos I e II.<\/div>\n<p>Art. 2\u00ba Este Decreto entra em vigor na data de sua publica\u00e7\u00e3o.<\/p>\n<div style=\"text-align:center\">Bras\u00edlia, 8 de fevereiro de 2019; 198\u00ba da Independ\u00eancia e 131\u00ba da Rep\u00fablica.<br \/>\nJAIR MESSIAS BOLSONARO<\/div>\n<p>\nSER\u00c1 QUE \u00c9 NECESS\u00c1RIA A REFORMA???<br \/>\nPrecisamos clarear as informa\u00e7\u00f5es. Mas se comprovada a necessidade de Reforma, que inclua a todos(as) \u2013 que realmente seja para atacar privil\u00e9gios, dos militares do judici\u00e1rio, dos altos sal\u00e1rios.<br \/>\nN\u00c3O PODEMOS ACEITAR A DESVINCULA\u00c7\u00c3O da aposentadoria com o SAL\u00c1RIO M\u00cdNIMO.<br \/>\nPrecisamos todos(as) participar deste debate, e dos movimentos.<br \/>\nResist\u00eancia.<\/p>\n","protected":false},"excerpt":{"rendered":"<p>A FEMERGS FEDERA\u00c7\u00c3O DOS MUNICIP\u00c1RIOS DO ESTADO DO RIO GRANDE DO SUL DEFINIU EM SUAS INST\u00c2NCIAS DE DELIBERA\u00c7\u00c3O, A LUTA POR NENHUM DIREITO A MENOS. Refor\u00e7amos o resultado da CPI da Previd\u00eancia, presidida pelo &#8211; Senador Paulo Paim: \u201cA Previd\u00eancia Social \u00e9 superavit\u00e1ria e os problemas existentes s\u00e3o consequ\u00eancia da m\u00e1 gest\u00e3o. O Senador Paim [&hellip;]<\/p>\n","protected":false},"author":1,"featured_media":0,"comment_status":"closed","ping_status":"closed","sticky":false,"template":"","format":"standard","meta":{"_eb_attr":"","_uag_custom_page_level_css":"","fifu_image_url":"","fifu_image_alt":"","footnotes":""},"categories":[1],"tags":[32],"class_list":["post-1166","post","type-post","status-publish","format-standard","hentry","category-arquivadas","tag-null"],"yoast_head":"<!-- This site is optimized with the Yoast SEO plugin v27.1.1 - https:\/\/yoast.com\/product\/yoast-seo-wordpress\/ -->\n<title>N\u00c3O A REFORMA DA PREVID\u00caNCIA - NENHUM DIREITO A MENOS - Federa\u00e7\u00e3o dos Municip\u00e1rios do Estado do Rio Grande do Sul<\/title>\n<meta name=\"robots\" content=\"index, follow, max-snippet:-1, max-image-preview:large, max-video-preview:-1\" \/>\n<link rel=\"canonical\" href=\"https:\/\/femergs.com.br\/wfe\/blog\/nao-a-reforma-da-previdencia-nenhum-direito-a-menos\/\" \/>\n<meta property=\"og:locale\" content=\"pt_BR\" \/>\n<meta property=\"og:type\" content=\"article\" \/>\n<meta property=\"og:title\" content=\"N\u00c3O A REFORMA DA PREVID\u00caNCIA - NENHUM DIREITO A MENOS - Federa\u00e7\u00e3o dos Municip\u00e1rios do Estado do Rio Grande do Sul\" \/>\n<meta property=\"og:description\" content=\"A FEMERGS FEDERA\u00c7\u00c3O DOS MUNICIP\u00c1RIOS DO ESTADO DO RIO GRANDE DO SUL DEFINIU EM SUAS INST\u00c2NCIAS DE DELIBERA\u00c7\u00c3O, A LUTA POR NENHUM DIREITO A MENOS. Refor\u00e7amos o resultado da CPI da Previd\u00eancia, presidida pelo &#8211; Senador Paulo Paim: \u201cA Previd\u00eancia Social \u00e9 superavit\u00e1ria e os problemas existentes s\u00e3o consequ\u00eancia da m\u00e1 gest\u00e3o. O Senador Paim [&hellip;]\" \/>\n<meta property=\"og:url\" content=\"https:\/\/femergs.com.br\/wfe\/blog\/nao-a-reforma-da-previdencia-nenhum-direito-a-menos\/\" \/>\n<meta property=\"og:site_name\" content=\"Federa\u00e7\u00e3o dos Municip\u00e1rios do Estado do Rio Grande do Sul\" \/>\n<meta property=\"article:publisher\" content=\"https:\/\/www.facebook.com\/profile.php?id=100057151733001\" \/>\n<meta property=\"article:published_time\" content=\"2019-02-14T15:11:24+00:00\" \/>\n<meta name=\"author\" content=\"adminfemergs\" \/>\n<meta name=\"twitter:card\" content=\"summary_large_image\" \/>\n<meta name=\"twitter:label1\" content=\"Escrito por\" \/>\n\t<meta name=\"twitter:data1\" content=\"adminfemergs\" \/>\n\t<meta name=\"twitter:label2\" content=\"Est. tempo de leitura\" \/>\n\t<meta name=\"twitter:data2\" content=\"4 minutos\" \/>\n<script type=\"application\/ld+json\" class=\"yoast-schema-graph\">{\"@context\":\"https:\/\/schema.org\",\"@graph\":[{\"@type\":\"Article\",\"@id\":\"https:\/\/femergs.com.br\/wfe\/blog\/nao-a-reforma-da-previdencia-nenhum-direito-a-menos\/#article\",\"isPartOf\":{\"@id\":\"https:\/\/femergs.com.br\/wfe\/blog\/nao-a-reforma-da-previdencia-nenhum-direito-a-menos\/\"},\"author\":{\"name\":\"adminfemergs\",\"@id\":\"https:\/\/femergs.com.br\/wfe\/#\/schema\/person\/f5558e6b5ffc044ee085016237dedb7f\"},\"headline\":\"N\u00c3O A REFORMA DA PREVID\u00caNCIA &#8211; NENHUM DIREITO A MENOS\",\"datePublished\":\"2019-02-14T15:11:24+00:00\",\"mainEntityOfPage\":{\"@id\":\"https:\/\/femergs.com.br\/wfe\/blog\/nao-a-reforma-da-previdencia-nenhum-direito-a-menos\/\"},\"wordCount\":782,\"publisher\":{\"@id\":\"https:\/\/femergs.com.br\/wfe\/#organization\"},\"keywords\":[\"NULL\"],\"articleSection\":[\"ARQUIVADAS\"],\"inLanguage\":\"pt-BR\"},{\"@type\":\"WebPage\",\"@id\":\"https:\/\/femergs.com.br\/wfe\/blog\/nao-a-reforma-da-previdencia-nenhum-direito-a-menos\/\",\"url\":\"https:\/\/femergs.com.br\/wfe\/blog\/nao-a-reforma-da-previdencia-nenhum-direito-a-menos\/\",\"name\":\"N\u00c3O A REFORMA DA PREVID\u00caNCIA - NENHUM DIREITO A MENOS - Federa\u00e7\u00e3o dos Municip\u00e1rios do Estado do Rio Grande do Sul\",\"isPartOf\":{\"@id\":\"https:\/\/femergs.com.br\/wfe\/#website\"},\"datePublished\":\"2019-02-14T15:11:24+00:00\",\"breadcrumb\":{\"@id\":\"https:\/\/femergs.com.br\/wfe\/blog\/nao-a-reforma-da-previdencia-nenhum-direito-a-menos\/#breadcrumb\"},\"inLanguage\":\"pt-BR\",\"potentialAction\":[{\"@type\":\"ReadAction\",\"target\":[\"https:\/\/femergs.com.br\/wfe\/blog\/nao-a-reforma-da-previdencia-nenhum-direito-a-menos\/\"]}]},{\"@type\":\"BreadcrumbList\",\"@id\":\"https:\/\/femergs.com.br\/wfe\/blog\/nao-a-reforma-da-previdencia-nenhum-direito-a-menos\/#breadcrumb\",\"itemListElement\":[{\"@type\":\"ListItem\",\"position\":1,\"name\":\"In\u00edcio\",\"item\":\"https:\/\/femergs.com.br\/wfe\/\"},{\"@type\":\"ListItem\",\"position\":2,\"name\":\"N\u00c3O A REFORMA DA PREVID\u00caNCIA &#8211; NENHUM DIREITO A MENOS\"}]},{\"@type\":\"WebSite\",\"@id\":\"https:\/\/femergs.com.br\/wfe\/#website\",\"url\":\"https:\/\/femergs.com.br\/wfe\/\",\"name\":\"FEMERGS\",\"description\":\"FEDERA\u00c7\u00c3O DOS MUNICIP\u00c1RIOS DO ESTADO DO RIO GRANDE DO SUL\",\"publisher\":{\"@id\":\"https:\/\/femergs.com.br\/wfe\/#organization\"},\"potentialAction\":[{\"@type\":\"SearchAction\",\"target\":{\"@type\":\"EntryPoint\",\"urlTemplate\":\"https:\/\/femergs.com.br\/wfe\/?s={search_term_string}\"},\"query-input\":{\"@type\":\"PropertyValueSpecification\",\"valueRequired\":true,\"valueName\":\"search_term_string\"}}],\"inLanguage\":\"pt-BR\"},{\"@type\":\"Organization\",\"@id\":\"https:\/\/femergs.com.br\/wfe\/#organization\",\"name\":\"FEMERGS\",\"url\":\"https:\/\/femergs.com.br\/wfe\/\",\"logo\":{\"@type\":\"ImageObject\",\"inLanguage\":\"pt-BR\",\"@id\":\"https:\/\/femergs.com.br\/wfe\/#\/schema\/logo\/image\/\",\"url\":\"https:\/\/femergs.com.br\/wfe\/wp-content\/uploads\/2025\/06\/logotipo.png\",\"contentUrl\":\"https:\/\/femergs.com.br\/wfe\/wp-content\/uploads\/2025\/06\/logotipo.png\",\"width\":500,\"height\":500,\"caption\":\"FEMERGS\"},\"image\":{\"@id\":\"https:\/\/femergs.com.br\/wfe\/#\/schema\/logo\/image\/\"},\"sameAs\":[\"https:\/\/www.facebook.com\/profile.php?id=100057151733001\",\"https:\/\/www.instagram.com\/femergs_rs\/\"]},{\"@type\":\"Person\",\"@id\":\"https:\/\/femergs.com.br\/wfe\/#\/schema\/person\/f5558e6b5ffc044ee085016237dedb7f\",\"name\":\"adminfemergs\",\"image\":{\"@type\":\"ImageObject\",\"inLanguage\":\"pt-BR\",\"@id\":\"https:\/\/femergs.com.br\/wfe\/#\/schema\/person\/image\/\",\"url\":\"https:\/\/secure.gravatar.com\/avatar\/398642fa557cdd524617ad9b31c938845f071aeb3448b9c0aeb29aefc495337b?s=96&d=mm&r=g\",\"contentUrl\":\"https:\/\/secure.gravatar.com\/avatar\/398642fa557cdd524617ad9b31c938845f071aeb3448b9c0aeb29aefc495337b?s=96&d=mm&r=g\",\"caption\":\"adminfemergs\"},\"sameAs\":[\"https:\/\/femergs.com.br\/wfe\"],\"url\":\"https:\/\/femergs.com.br\/wfe\/blog\/author\/adminfemergs\/\"}]}<\/script>\n<!-- \/ Yoast SEO plugin. -->","yoast_head_json":{"title":"N\u00c3O A REFORMA DA PREVID\u00caNCIA - NENHUM DIREITO A MENOS - Federa\u00e7\u00e3o dos Municip\u00e1rios do Estado do Rio Grande do Sul","robots":{"index":"index","follow":"follow","max-snippet":"max-snippet:-1","max-image-preview":"max-image-preview:large","max-video-preview":"max-video-preview:-1"},"canonical":"https:\/\/femergs.com.br\/wfe\/blog\/nao-a-reforma-da-previdencia-nenhum-direito-a-menos\/","og_locale":"pt_BR","og_type":"article","og_title":"N\u00c3O A REFORMA DA PREVID\u00caNCIA - NENHUM DIREITO A MENOS - Federa\u00e7\u00e3o dos Municip\u00e1rios do Estado do Rio Grande do Sul","og_description":"A FEMERGS FEDERA\u00c7\u00c3O DOS MUNICIP\u00c1RIOS DO ESTADO DO RIO GRANDE DO SUL DEFINIU EM SUAS INST\u00c2NCIAS DE DELIBERA\u00c7\u00c3O, A LUTA POR NENHUM DIREITO A MENOS. Refor\u00e7amos o resultado da CPI da Previd\u00eancia, presidida pelo &#8211; Senador Paulo Paim: \u201cA Previd\u00eancia Social \u00e9 superavit\u00e1ria e os problemas existentes s\u00e3o consequ\u00eancia da m\u00e1 gest\u00e3o. O Senador Paim [&hellip;]","og_url":"https:\/\/femergs.com.br\/wfe\/blog\/nao-a-reforma-da-previdencia-nenhum-direito-a-menos\/","og_site_name":"Federa\u00e7\u00e3o dos Municip\u00e1rios do Estado do Rio Grande do Sul","article_publisher":"https:\/\/www.facebook.com\/profile.php?id=100057151733001","article_published_time":"2019-02-14T15:11:24+00:00","author":"adminfemergs","twitter_card":"summary_large_image","twitter_misc":{"Escrito por":"adminfemergs","Est. tempo de leitura":"4 minutos"},"schema":{"@context":"https:\/\/schema.org","@graph":[{"@type":"Article","@id":"https:\/\/femergs.com.br\/wfe\/blog\/nao-a-reforma-da-previdencia-nenhum-direito-a-menos\/#article","isPartOf":{"@id":"https:\/\/femergs.com.br\/wfe\/blog\/nao-a-reforma-da-previdencia-nenhum-direito-a-menos\/"},"author":{"name":"adminfemergs","@id":"https:\/\/femergs.com.br\/wfe\/#\/schema\/person\/f5558e6b5ffc044ee085016237dedb7f"},"headline":"N\u00c3O A REFORMA DA PREVID\u00caNCIA &#8211; NENHUM DIREITO A MENOS","datePublished":"2019-02-14T15:11:24+00:00","mainEntityOfPage":{"@id":"https:\/\/femergs.com.br\/wfe\/blog\/nao-a-reforma-da-previdencia-nenhum-direito-a-menos\/"},"wordCount":782,"publisher":{"@id":"https:\/\/femergs.com.br\/wfe\/#organization"},"keywords":["NULL"],"articleSection":["ARQUIVADAS"],"inLanguage":"pt-BR"},{"@type":"WebPage","@id":"https:\/\/femergs.com.br\/wfe\/blog\/nao-a-reforma-da-previdencia-nenhum-direito-a-menos\/","url":"https:\/\/femergs.com.br\/wfe\/blog\/nao-a-reforma-da-previdencia-nenhum-direito-a-menos\/","name":"N\u00c3O A REFORMA DA PREVID\u00caNCIA - NENHUM DIREITO A MENOS - Federa\u00e7\u00e3o dos Municip\u00e1rios do Estado do Rio Grande do Sul","isPartOf":{"@id":"https:\/\/femergs.com.br\/wfe\/#website"},"datePublished":"2019-02-14T15:11:24+00:00","breadcrumb":{"@id":"https:\/\/femergs.com.br\/wfe\/blog\/nao-a-reforma-da-previdencia-nenhum-direito-a-menos\/#breadcrumb"},"inLanguage":"pt-BR","potentialAction":[{"@type":"ReadAction","target":["https:\/\/femergs.com.br\/wfe\/blog\/nao-a-reforma-da-previdencia-nenhum-direito-a-menos\/"]}]},{"@type":"BreadcrumbList","@id":"https:\/\/femergs.com.br\/wfe\/blog\/nao-a-reforma-da-previdencia-nenhum-direito-a-menos\/#breadcrumb","itemListElement":[{"@type":"ListItem","position":1,"name":"In\u00edcio","item":"https:\/\/femergs.com.br\/wfe\/"},{"@type":"ListItem","position":2,"name":"N\u00c3O A REFORMA DA PREVID\u00caNCIA &#8211; NENHUM DIREITO A MENOS"}]},{"@type":"WebSite","@id":"https:\/\/femergs.com.br\/wfe\/#website","url":"https:\/\/femergs.com.br\/wfe\/","name":"FEMERGS","description":"FEDERA\u00c7\u00c3O DOS MUNICIP\u00c1RIOS DO ESTADO DO RIO GRANDE DO SUL","publisher":{"@id":"https:\/\/femergs.com.br\/wfe\/#organization"},"potentialAction":[{"@type":"SearchAction","target":{"@type":"EntryPoint","urlTemplate":"https:\/\/femergs.com.br\/wfe\/?s={search_term_string}"},"query-input":{"@type":"PropertyValueSpecification","valueRequired":true,"valueName":"search_term_string"}}],"inLanguage":"pt-BR"},{"@type":"Organization","@id":"https:\/\/femergs.com.br\/wfe\/#organization","name":"FEMERGS","url":"https:\/\/femergs.com.br\/wfe\/","logo":{"@type":"ImageObject","inLanguage":"pt-BR","@id":"https:\/\/femergs.com.br\/wfe\/#\/schema\/logo\/image\/","url":"https:\/\/femergs.com.br\/wfe\/wp-content\/uploads\/2025\/06\/logotipo.png","contentUrl":"https:\/\/femergs.com.br\/wfe\/wp-content\/uploads\/2025\/06\/logotipo.png","width":500,"height":500,"caption":"FEMERGS"},"image":{"@id":"https:\/\/femergs.com.br\/wfe\/#\/schema\/logo\/image\/"},"sameAs":["https:\/\/www.facebook.com\/profile.php?id=100057151733001","https:\/\/www.instagram.com\/femergs_rs\/"]},{"@type":"Person","@id":"https:\/\/femergs.com.br\/wfe\/#\/schema\/person\/f5558e6b5ffc044ee085016237dedb7f","name":"adminfemergs","image":{"@type":"ImageObject","inLanguage":"pt-BR","@id":"https:\/\/femergs.com.br\/wfe\/#\/schema\/person\/image\/","url":"https:\/\/secure.gravatar.com\/avatar\/398642fa557cdd524617ad9b31c938845f071aeb3448b9c0aeb29aefc495337b?s=96&d=mm&r=g","contentUrl":"https:\/\/secure.gravatar.com\/avatar\/398642fa557cdd524617ad9b31c938845f071aeb3448b9c0aeb29aefc495337b?s=96&d=mm&r=g","caption":"adminfemergs"},"sameAs":["https:\/\/femergs.com.br\/wfe"],"url":"https:\/\/femergs.com.br\/wfe\/blog\/author\/adminfemergs\/"}]}},"uagb_featured_image_src":{"full":false,"thumbnail":false,"medium":false,"medium_large":false,"large":false,"1536x1536":false,"2048x2048":false,"ultp_layout_landscape_large":false,"ultp_layout_landscape":false,"ultp_layout_portrait":false,"ultp_layout_square":false},"uagb_author_info":{"display_name":"adminfemergs","author_link":"https:\/\/femergs.com.br\/wfe\/blog\/author\/adminfemergs\/"},"uagb_comment_info":0,"uagb_excerpt":"A FEMERGS FEDERA\u00c7\u00c3O DOS MUNICIP\u00c1RIOS DO ESTADO DO RIO GRANDE DO SUL DEFINIU EM SUAS INST\u00c2NCIAS DE DELIBERA\u00c7\u00c3O, A LUTA POR NENHUM DIREITO A MENOS. Refor\u00e7amos o resultado da CPI da Previd\u00eancia, presidida pelo &#8211; Senador Paulo Paim: \u201cA Previd\u00eancia Social \u00e9 superavit\u00e1ria e os problemas existentes s\u00e3o consequ\u00eancia da m\u00e1 gest\u00e3o. O Senador Paim&hellip;","_links":{"self":[{"href":"https:\/\/femergs.com.br\/wfe\/wp-json\/wp\/v2\/posts\/1166","targetHints":{"allow":["GET"]}}],"collection":[{"href":"https:\/\/femergs.com.br\/wfe\/wp-json\/wp\/v2\/posts"}],"about":[{"href":"https:\/\/femergs.com.br\/wfe\/wp-json\/wp\/v2\/types\/post"}],"author":[{"embeddable":true,"href":"https:\/\/femergs.com.br\/wfe\/wp-json\/wp\/v2\/users\/1"}],"replies":[{"embeddable":true,"href":"https:\/\/femergs.com.br\/wfe\/wp-json\/wp\/v2\/comments?post=1166"}],"version-history":[{"count":0,"href":"https:\/\/femergs.com.br\/wfe\/wp-json\/wp\/v2\/posts\/1166\/revisions"}],"wp:attachment":[{"href":"https:\/\/femergs.com.br\/wfe\/wp-json\/wp\/v2\/media?parent=1166"}],"wp:term":[{"taxonomy":"category","embeddable":true,"href":"https:\/\/femergs.com.br\/wfe\/wp-json\/wp\/v2\/categories?post=1166"},{"taxonomy":"post_tag","embeddable":true,"href":"https:\/\/femergs.com.br\/wfe\/wp-json\/wp\/v2\/tags?post=1166"}],"curies":[{"name":"wp","href":"https:\/\/api.w.org\/{rel}","templated":true}]}}