{"id":1167,"date":"2019-02-26T10:12:45","date_gmt":"2019-02-26T10:12:45","guid":{"rendered":"https:\/\/femergs.com.br\/wfe\/blog\/femergs-em-encontro-com-o-governador-eduardo-leite\/"},"modified":"2019-02-26T10:12:45","modified_gmt":"2019-02-26T10:12:45","slug":"femergs-em-encontro-com-o-governador-eduardo-leite","status":"publish","type":"post","link":"https:\/\/femergs.com.br\/wfe\/blog\/femergs-em-encontro-com-o-governador-eduardo-leite\/","title":{"rendered":"FEMERGS EM ENCONTRO COM O GOVERNADOR EDUARDO LEITE"},"content":{"rendered":"<p>A FEMERGS, juntamente com a Fessergs (Federa\u00e7\u00e3o Sindical dos Servidores P\u00fablicos no Estado do RGS) na presen\u00e7a de mais 30 entidades sindicais ligadas a CSB RS, recebeu a visita do governador do Estado Eduardo Leite na tarde da quarta-feira, 06 de Fevereiro.<\/p>\n<p>O presidente da FESSERGS, S\u00e9rgio Arnoud, destacou a import\u00e2ncia da atitude do governador em vir ao encontro das categorias para manter a postura de di\u00e1logo e reafirmou a disponibilidade das entidades em colaborar com o governo na busca de solu\u00e7\u00f5es que n\u00e3o penalizem ainda mais os servidores e a popula\u00e7\u00e3o.<\/p>\n<p>J\u00e1 o Presidente Vilson Weber, destacou que \u201cA Federa\u00e7\u00e3o dos Municip\u00e1rios do Estado do Rio Grande do Sul, apresenta uma s\u00e9rie de demandas importantes em rela\u00e7\u00e3o ao estado, onde destaco duas que s\u00e3o important\u00edssimas para n\u00f3s, temos 309 munic\u00edpios hoje que s\u00e3o ligados ao IPE, e pedimos para que os trabalhadores, tamb\u00e9m tenham acesso a participa\u00e7\u00e3o, estando juntos e que agreguem as melhorias que realmente queremos com o IPE. E a outra situa\u00e7\u00e3o que levantamos com muita propriedade, s\u00e3o os Regimes Pr\u00f3prios de Previd\u00eancia, dos 497 munic\u00edpios, 325 tem os RPPs, tendo mais de 18 bilhoes de reais guardados nos Bancos P\u00fablicos do Estado, e estamos vendo com muita preocupa\u00e7\u00e3o a quest\u00e3o da Reforma da Previdencia, na forma como est\u00e1 sendo colocada, onde ventila para se apropriarem dos recursos dos RPPs. Gostariamos de apoio efetivo para que o Estado se pronunciasse quanto a isso, que \u00e9 importante a vida salutar desse Regimes\u201d. <br \/>\nNa oportunidade foi entregue uma pauta dos Servidores P\u00fablicos Municipais, tendo como destaque: a sonega\u00e7\u00e3o e os benef\u00edcios fiscais das empresas, os repasses municipais &#8211; principalmente na \u00e1rea da sa\u00fade, melhoria dos acessos aos munic\u00edpios. <\/p>\n<p>Leia na integra a Carta entregue:<\/p>\n<p>Eduardo Leite foi acompanhado do Vice-governador Ranolfo Vieira J\u00fanior, do Chefe da Casa Civil Otomar Vivian e da Secret\u00e1ria do Planejamento Leany Lemos.<\/p>\n<p>O governador foi objetivo ao falar da adequa\u00e7\u00e3o do estado para aderir ao regime de de recupera\u00e7\u00e3o fiscal e dos projetos que encaminhou \u00e0 Assembleia Legislativa. Relatou a situa\u00e7\u00e3o financeira que encontrou, mas garantiu o di\u00e1logo: \u201co caminho poss\u00edvel \u00e9 o di\u00e1logo, para reafirmar o que foi dito em campanha, com a disposi\u00e7\u00e3o de ouvindo mais e entender os pontos convergentes, tentarmos construir consensos estrat\u00e9gicos para os Estado. O que n\u00e3o significa a anula\u00e7\u00e3o de nossas diverg\u00eancias&#8221;. <\/p>\n<p>Por fim, foi solicitado que o IPE seja valorizado e preservado por ser a porta de entrada e continuidade para a fam\u00edlia dos servidores.<\/p>\n","protected":false},"excerpt":{"rendered":"<p>A FEMERGS, juntamente com a Fessergs (Federa\u00e7\u00e3o Sindical dos Servidores P\u00fablicos no Estado do RGS) na presen\u00e7a de mais 30 entidades sindicais ligadas a CSB RS, recebeu a visita do governador do Estado Eduardo Leite na tarde da quarta-feira, 06 de Fevereiro. O presidente da FESSERGS, S\u00e9rgio Arnoud, destacou a import\u00e2ncia da atitude do governador [&hellip;]<\/p>\n","protected":false},"author":1,"featured_media":0,"comment_status":"closed","ping_status":"closed","sticky":false,"template":"","format":"standard","meta":{"_eb_attr":"","_uag_custom_page_level_css":"","fifu_image_url":"","fifu_image_alt":"","footnotes":""},"categories":[1],"tags":[32],"class_list":["post-1167","post","type-post","status-publish","format-standard","hentry","category-arquivadas","tag-null"],"yoast_head":"<!-- This site is optimized with the Yoast SEO plugin v27.1.1 - https:\/\/yoast.com\/product\/yoast-seo-wordpress\/ -->\n<title>FEMERGS EM ENCONTRO COM O GOVERNADOR EDUARDO LEITE - Federa\u00e7\u00e3o dos Municip\u00e1rios do Estado do Rio Grande do Sul<\/title>\n<meta name=\"robots\" content=\"index, follow, max-snippet:-1, max-image-preview:large, max-video-preview:-1\" \/>\n<link rel=\"canonical\" href=\"https:\/\/femergs.com.br\/wfe\/blog\/femergs-em-encontro-com-o-governador-eduardo-leite\/\" \/>\n<meta property=\"og:locale\" content=\"pt_BR\" \/>\n<meta property=\"og:type\" content=\"article\" \/>\n<meta property=\"og:title\" content=\"FEMERGS EM ENCONTRO COM O GOVERNADOR EDUARDO LEITE - Federa\u00e7\u00e3o dos Municip\u00e1rios do Estado do Rio Grande do Sul\" \/>\n<meta property=\"og:description\" content=\"A FEMERGS, juntamente com a Fessergs (Federa\u00e7\u00e3o Sindical dos Servidores P\u00fablicos no Estado do RGS) na presen\u00e7a de mais 30 entidades sindicais ligadas a CSB RS, recebeu a visita do governador do Estado Eduardo Leite na tarde da quarta-feira, 06 de Fevereiro. O presidente da FESSERGS, S\u00e9rgio Arnoud, destacou a import\u00e2ncia da atitude do governador [&hellip;]\" \/>\n<meta property=\"og:url\" content=\"https:\/\/femergs.com.br\/wfe\/blog\/femergs-em-encontro-com-o-governador-eduardo-leite\/\" \/>\n<meta property=\"og:site_name\" content=\"Federa\u00e7\u00e3o dos Municip\u00e1rios do Estado do Rio Grande do Sul\" \/>\n<meta property=\"article:publisher\" content=\"https:\/\/www.facebook.com\/profile.php?id=100057151733001\" \/>\n<meta property=\"article:published_time\" content=\"2019-02-26T10:12:45+00:00\" \/>\n<meta name=\"author\" content=\"adminfemergs\" \/>\n<meta name=\"twitter:card\" content=\"summary_large_image\" \/>\n<meta name=\"twitter:label1\" content=\"Escrito por\" \/>\n\t<meta name=\"twitter:data1\" content=\"adminfemergs\" \/>\n\t<meta name=\"twitter:label2\" content=\"Est. tempo de leitura\" \/>\n\t<meta name=\"twitter:data2\" content=\"2 minutos\" \/>\n<script type=\"application\/ld+json\" class=\"yoast-schema-graph\">{\"@context\":\"https:\/\/schema.org\",\"@graph\":[{\"@type\":\"Article\",\"@id\":\"https:\/\/femergs.com.br\/wfe\/blog\/femergs-em-encontro-com-o-governador-eduardo-leite\/#article\",\"isPartOf\":{\"@id\":\"https:\/\/femergs.com.br\/wfe\/blog\/femergs-em-encontro-com-o-governador-eduardo-leite\/\"},\"author\":{\"name\":\"adminfemergs\",\"@id\":\"https:\/\/femergs.com.br\/wfe\/#\/schema\/person\/f5558e6b5ffc044ee085016237dedb7f\"},\"headline\":\"FEMERGS EM ENCONTRO COM O GOVERNADOR EDUARDO LEITE\",\"datePublished\":\"2019-02-26T10:12:45+00:00\",\"mainEntityOfPage\":{\"@id\":\"https:\/\/femergs.com.br\/wfe\/blog\/femergs-em-encontro-com-o-governador-eduardo-leite\/\"},\"wordCount\":455,\"publisher\":{\"@id\":\"https:\/\/femergs.com.br\/wfe\/#organization\"},\"keywords\":[\"NULL\"],\"articleSection\":[\"ARQUIVADAS\"],\"inLanguage\":\"pt-BR\"},{\"@type\":\"WebPage\",\"@id\":\"https:\/\/femergs.com.br\/wfe\/blog\/femergs-em-encontro-com-o-governador-eduardo-leite\/\",\"url\":\"https:\/\/femergs.com.br\/wfe\/blog\/femergs-em-encontro-com-o-governador-eduardo-leite\/\",\"name\":\"FEMERGS EM ENCONTRO COM O GOVERNADOR EDUARDO LEITE - Federa\u00e7\u00e3o dos Municip\u00e1rios do Estado do Rio Grande do Sul\",\"isPartOf\":{\"@id\":\"https:\/\/femergs.com.br\/wfe\/#website\"},\"datePublished\":\"2019-02-26T10:12:45+00:00\",\"breadcrumb\":{\"@id\":\"https:\/\/femergs.com.br\/wfe\/blog\/femergs-em-encontro-com-o-governador-eduardo-leite\/#breadcrumb\"},\"inLanguage\":\"pt-BR\",\"potentialAction\":[{\"@type\":\"ReadAction\",\"target\":[\"https:\/\/femergs.com.br\/wfe\/blog\/femergs-em-encontro-com-o-governador-eduardo-leite\/\"]}]},{\"@type\":\"BreadcrumbList\",\"@id\":\"https:\/\/femergs.com.br\/wfe\/blog\/femergs-em-encontro-com-o-governador-eduardo-leite\/#breadcrumb\",\"itemListElement\":[{\"@type\":\"ListItem\",\"position\":1,\"name\":\"In\u00edcio\",\"item\":\"https:\/\/femergs.com.br\/wfe\/\"},{\"@type\":\"ListItem\",\"position\":2,\"name\":\"FEMERGS EM ENCONTRO COM O GOVERNADOR EDUARDO LEITE\"}]},{\"@type\":\"WebSite\",\"@id\":\"https:\/\/femergs.com.br\/wfe\/#website\",\"url\":\"https:\/\/femergs.com.br\/wfe\/\",\"name\":\"FEMERGS\",\"description\":\"FEDERA\u00c7\u00c3O DOS MUNICIP\u00c1RIOS DO ESTADO DO RIO GRANDE DO SUL\",\"publisher\":{\"@id\":\"https:\/\/femergs.com.br\/wfe\/#organization\"},\"potentialAction\":[{\"@type\":\"SearchAction\",\"target\":{\"@type\":\"EntryPoint\",\"urlTemplate\":\"https:\/\/femergs.com.br\/wfe\/?s={search_term_string}\"},\"query-input\":{\"@type\":\"PropertyValueSpecification\",\"valueRequired\":true,\"valueName\":\"search_term_string\"}}],\"inLanguage\":\"pt-BR\"},{\"@type\":\"Organization\",\"@id\":\"https:\/\/femergs.com.br\/wfe\/#organization\",\"name\":\"FEMERGS\",\"url\":\"https:\/\/femergs.com.br\/wfe\/\",\"logo\":{\"@type\":\"ImageObject\",\"inLanguage\":\"pt-BR\",\"@id\":\"https:\/\/femergs.com.br\/wfe\/#\/schema\/logo\/image\/\",\"url\":\"https:\/\/femergs.com.br\/wfe\/wp-content\/uploads\/2025\/06\/logotipo.png\",\"contentUrl\":\"https:\/\/femergs.com.br\/wfe\/wp-content\/uploads\/2025\/06\/logotipo.png\",\"width\":500,\"height\":500,\"caption\":\"FEMERGS\"},\"image\":{\"@id\":\"https:\/\/femergs.com.br\/wfe\/#\/schema\/logo\/image\/\"},\"sameAs\":[\"https:\/\/www.facebook.com\/profile.php?id=100057151733001\",\"https:\/\/www.instagram.com\/femergs_rs\/\"]},{\"@type\":\"Person\",\"@id\":\"https:\/\/femergs.com.br\/wfe\/#\/schema\/person\/f5558e6b5ffc044ee085016237dedb7f\",\"name\":\"adminfemergs\",\"image\":{\"@type\":\"ImageObject\",\"inLanguage\":\"pt-BR\",\"@id\":\"https:\/\/femergs.com.br\/wfe\/#\/schema\/person\/image\/\",\"url\":\"https:\/\/secure.gravatar.com\/avatar\/398642fa557cdd524617ad9b31c938845f071aeb3448b9c0aeb29aefc495337b?s=96&d=mm&r=g\",\"contentUrl\":\"https:\/\/secure.gravatar.com\/avatar\/398642fa557cdd524617ad9b31c938845f071aeb3448b9c0aeb29aefc495337b?s=96&d=mm&r=g\",\"caption\":\"adminfemergs\"},\"sameAs\":[\"https:\/\/femergs.com.br\/wfe\"],\"url\":\"https:\/\/femergs.com.br\/wfe\/blog\/author\/adminfemergs\/\"}]}<\/script>\n<!-- \/ Yoast SEO plugin. -->","yoast_head_json":{"title":"FEMERGS EM ENCONTRO COM O GOVERNADOR EDUARDO LEITE - Federa\u00e7\u00e3o dos Municip\u00e1rios do Estado do Rio Grande do Sul","robots":{"index":"index","follow":"follow","max-snippet":"max-snippet:-1","max-image-preview":"max-image-preview:large","max-video-preview":"max-video-preview:-1"},"canonical":"https:\/\/femergs.com.br\/wfe\/blog\/femergs-em-encontro-com-o-governador-eduardo-leite\/","og_locale":"pt_BR","og_type":"article","og_title":"FEMERGS EM ENCONTRO COM O GOVERNADOR EDUARDO LEITE - Federa\u00e7\u00e3o dos Municip\u00e1rios do Estado do Rio Grande do Sul","og_description":"A FEMERGS, juntamente com a Fessergs (Federa\u00e7\u00e3o Sindical dos Servidores P\u00fablicos no Estado do RGS) na presen\u00e7a de mais 30 entidades sindicais ligadas a CSB RS, recebeu a visita do governador do Estado Eduardo Leite na tarde da quarta-feira, 06 de Fevereiro. O presidente da FESSERGS, S\u00e9rgio Arnoud, destacou a import\u00e2ncia da atitude do governador [&hellip;]","og_url":"https:\/\/femergs.com.br\/wfe\/blog\/femergs-em-encontro-com-o-governador-eduardo-leite\/","og_site_name":"Federa\u00e7\u00e3o dos Municip\u00e1rios do Estado do Rio Grande do Sul","article_publisher":"https:\/\/www.facebook.com\/profile.php?id=100057151733001","article_published_time":"2019-02-26T10:12:45+00:00","author":"adminfemergs","twitter_card":"summary_large_image","twitter_misc":{"Escrito por":"adminfemergs","Est. tempo de leitura":"2 minutos"},"schema":{"@context":"https:\/\/schema.org","@graph":[{"@type":"Article","@id":"https:\/\/femergs.com.br\/wfe\/blog\/femergs-em-encontro-com-o-governador-eduardo-leite\/#article","isPartOf":{"@id":"https:\/\/femergs.com.br\/wfe\/blog\/femergs-em-encontro-com-o-governador-eduardo-leite\/"},"author":{"name":"adminfemergs","@id":"https:\/\/femergs.com.br\/wfe\/#\/schema\/person\/f5558e6b5ffc044ee085016237dedb7f"},"headline":"FEMERGS EM ENCONTRO COM O GOVERNADOR EDUARDO LEITE","datePublished":"2019-02-26T10:12:45+00:00","mainEntityOfPage":{"@id":"https:\/\/femergs.com.br\/wfe\/blog\/femergs-em-encontro-com-o-governador-eduardo-leite\/"},"wordCount":455,"publisher":{"@id":"https:\/\/femergs.com.br\/wfe\/#organization"},"keywords":["NULL"],"articleSection":["ARQUIVADAS"],"inLanguage":"pt-BR"},{"@type":"WebPage","@id":"https:\/\/femergs.com.br\/wfe\/blog\/femergs-em-encontro-com-o-governador-eduardo-leite\/","url":"https:\/\/femergs.com.br\/wfe\/blog\/femergs-em-encontro-com-o-governador-eduardo-leite\/","name":"FEMERGS EM ENCONTRO COM O GOVERNADOR EDUARDO LEITE - Federa\u00e7\u00e3o dos Municip\u00e1rios do Estado do Rio Grande do Sul","isPartOf":{"@id":"https:\/\/femergs.com.br\/wfe\/#website"},"datePublished":"2019-02-26T10:12:45+00:00","breadcrumb":{"@id":"https:\/\/femergs.com.br\/wfe\/blog\/femergs-em-encontro-com-o-governador-eduardo-leite\/#breadcrumb"},"inLanguage":"pt-BR","potentialAction":[{"@type":"ReadAction","target":["https:\/\/femergs.com.br\/wfe\/blog\/femergs-em-encontro-com-o-governador-eduardo-leite\/"]}]},{"@type":"BreadcrumbList","@id":"https:\/\/femergs.com.br\/wfe\/blog\/femergs-em-encontro-com-o-governador-eduardo-leite\/#breadcrumb","itemListElement":[{"@type":"ListItem","position":1,"name":"In\u00edcio","item":"https:\/\/femergs.com.br\/wfe\/"},{"@type":"ListItem","position":2,"name":"FEMERGS EM ENCONTRO COM O GOVERNADOR EDUARDO LEITE"}]},{"@type":"WebSite","@id":"https:\/\/femergs.com.br\/wfe\/#website","url":"https:\/\/femergs.com.br\/wfe\/","name":"FEMERGS","description":"FEDERA\u00c7\u00c3O DOS MUNICIP\u00c1RIOS DO ESTADO DO RIO GRANDE DO SUL","publisher":{"@id":"https:\/\/femergs.com.br\/wfe\/#organization"},"potentialAction":[{"@type":"SearchAction","target":{"@type":"EntryPoint","urlTemplate":"https:\/\/femergs.com.br\/wfe\/?s={search_term_string}"},"query-input":{"@type":"PropertyValueSpecification","valueRequired":true,"valueName":"search_term_string"}}],"inLanguage":"pt-BR"},{"@type":"Organization","@id":"https:\/\/femergs.com.br\/wfe\/#organization","name":"FEMERGS","url":"https:\/\/femergs.com.br\/wfe\/","logo":{"@type":"ImageObject","inLanguage":"pt-BR","@id":"https:\/\/femergs.com.br\/wfe\/#\/schema\/logo\/image\/","url":"https:\/\/femergs.com.br\/wfe\/wp-content\/uploads\/2025\/06\/logotipo.png","contentUrl":"https:\/\/femergs.com.br\/wfe\/wp-content\/uploads\/2025\/06\/logotipo.png","width":500,"height":500,"caption":"FEMERGS"},"image":{"@id":"https:\/\/femergs.com.br\/wfe\/#\/schema\/logo\/image\/"},"sameAs":["https:\/\/www.facebook.com\/profile.php?id=100057151733001","https:\/\/www.instagram.com\/femergs_rs\/"]},{"@type":"Person","@id":"https:\/\/femergs.com.br\/wfe\/#\/schema\/person\/f5558e6b5ffc044ee085016237dedb7f","name":"adminfemergs","image":{"@type":"ImageObject","inLanguage":"pt-BR","@id":"https:\/\/femergs.com.br\/wfe\/#\/schema\/person\/image\/","url":"https:\/\/secure.gravatar.com\/avatar\/398642fa557cdd524617ad9b31c938845f071aeb3448b9c0aeb29aefc495337b?s=96&d=mm&r=g","contentUrl":"https:\/\/secure.gravatar.com\/avatar\/398642fa557cdd524617ad9b31c938845f071aeb3448b9c0aeb29aefc495337b?s=96&d=mm&r=g","caption":"adminfemergs"},"sameAs":["https:\/\/femergs.com.br\/wfe"],"url":"https:\/\/femergs.com.br\/wfe\/blog\/author\/adminfemergs\/"}]}},"uagb_featured_image_src":{"full":false,"thumbnail":false,"medium":false,"medium_large":false,"large":false,"1536x1536":false,"2048x2048":false,"ultp_layout_landscape_large":false,"ultp_layout_landscape":false,"ultp_layout_portrait":false,"ultp_layout_square":false},"uagb_author_info":{"display_name":"adminfemergs","author_link":"https:\/\/femergs.com.br\/wfe\/blog\/author\/adminfemergs\/"},"uagb_comment_info":0,"uagb_excerpt":"A FEMERGS, juntamente com a Fessergs (Federa\u00e7\u00e3o Sindical dos Servidores P\u00fablicos no Estado do RGS) na presen\u00e7a de mais 30 entidades sindicais ligadas a CSB RS, recebeu a visita do governador do Estado Eduardo Leite na tarde da quarta-feira, 06 de Fevereiro. O presidente da FESSERGS, S\u00e9rgio Arnoud, destacou a import\u00e2ncia da atitude do governador&hellip;","_links":{"self":[{"href":"https:\/\/femergs.com.br\/wfe\/wp-json\/wp\/v2\/posts\/1167","targetHints":{"allow":["GET"]}}],"collection":[{"href":"https:\/\/femergs.com.br\/wfe\/wp-json\/wp\/v2\/posts"}],"about":[{"href":"https:\/\/femergs.com.br\/wfe\/wp-json\/wp\/v2\/types\/post"}],"author":[{"embeddable":true,"href":"https:\/\/femergs.com.br\/wfe\/wp-json\/wp\/v2\/users\/1"}],"replies":[{"embeddable":true,"href":"https:\/\/femergs.com.br\/wfe\/wp-json\/wp\/v2\/comments?post=1167"}],"version-history":[{"count":0,"href":"https:\/\/femergs.com.br\/wfe\/wp-json\/wp\/v2\/posts\/1167\/revisions"}],"wp:attachment":[{"href":"https:\/\/femergs.com.br\/wfe\/wp-json\/wp\/v2\/media?parent=1167"}],"wp:term":[{"taxonomy":"category","embeddable":true,"href":"https:\/\/femergs.com.br\/wfe\/wp-json\/wp\/v2\/categories?post=1167"},{"taxonomy":"post_tag","embeddable":true,"href":"https:\/\/femergs.com.br\/wfe\/wp-json\/wp\/v2\/tags?post=1167"}],"curies":[{"name":"wp","href":"https:\/\/api.w.org\/{rel}","templated":true}]}}