{"id":1170,"date":"2019-03-06T10:20:10","date_gmt":"2019-03-06T10:20:10","guid":{"rendered":"https:\/\/femergs.com.br\/wfe\/blog\/vamos-juntar-argumentos-reforma-da-previdencia-nao\/"},"modified":"2019-03-06T10:20:10","modified_gmt":"2019-03-06T10:20:10","slug":"vamos-juntar-argumentos-reforma-da-previdencia-nao","status":"publish","type":"post","link":"https:\/\/femergs.com.br\/wfe\/blog\/vamos-juntar-argumentos-reforma-da-previdencia-nao\/","title":{"rendered":"VAMOS JUNTAR ARGUMENTOS: REFORMA DA PREVID\u00caNCIA, N\u00c3O!"},"content":{"rendered":"<p>Em 2006 em sua tese para o Doutorado em Economia na Universidade Federal do Rio de Janeiro, a Pesquisadora Denise Gentil, depois de muita pesquisa e estudo j\u00e1 provava a FARSA SOBRE A CRISE NA PREVIDENCIA SOCIAL BRASILEIRA; link &#8220;A falsa crise da Seguridade Social no Brasil: uma an\u00e1lise financeira do per\u00edodo 1990 &#8211; 2005&#8221; (leia a tese na \u00edntegra).<\/p>\n<p><a href=\"http:\/\/www.ie.ufrj.br\/images\/pesquisa\/publicacoes\/teses\/2006\/a_politica_fiscal_e_a_falsa_crise_da_seguraridade_social_brasileira_analise_financeira_do_periodo_1990_2005.pdf\">http:\/\/www.ie.ufrj.br\/images\/pesquisa\/publicacoes\/teses\/2006\/a_politica_fiscal_e_a_falsa_crise_da_seguraridade_social_brasileira_analise_financeira_do_periodo_1990_2005.pdf<\/a><\/p>\n<p>Podem perguntar o que o hist\u00f3rico desta pesquisadora pode nos auxiliar neste momento, se ela tem raz\u00e3o, qual o motivo de muitos defenderem a reforma para garantir a SOBREVIVENCIA da previd\u00eancia? Tudo, tem tudo a ver, primeiro, precisamos entender como funciona a forma\u00e7\u00e3o de opini\u00e3o. E neste contexto qual nosso papel como sindicalistas. Gutemberg quando criou a imprensa jamais imaginaria que ela teria este papel. De MANIPULAR a opini\u00e3o p\u00fablica, precisamos entender como surgem os MODISMOS, e o quanto isto influencia nossa vida como sindicalistas, e como estes modismos s\u00e3o manipulados por aqueles que possuem o monop\u00f3lio da informa\u00e7\u00e3o.<\/p>\n<p>Fomos educados a cobrar Forma\u00e7\u00e3o, ensinamentos, s\u00f3 nos consideramos capazes de fazer algo, se recebemos forma\u00e7\u00e3o formal para isso, a nossa gera\u00e7\u00e3o principalmente, que \u00e9 fruto de educa\u00e7\u00e3o fragmentada, cont\u00e1bil, magist\u00e9rio, secretariado, etc. este tipo de forma\u00e7\u00e3o possu\u00eda uma vantagem, era pratica e funcionava, mas funcionava principalmente pela falta da nova ferramenta, MIDIA SOCIAL E GLOBAL, a famosa INTERNET. Prova disso \u00e9 que no futuro certamente estudaram neste pa\u00eds, uma elei\u00e7\u00e3o vencida atrav\u00e9s do uso do FAKE na ferramenta conhecida como WATTS, e que aproveitou e usou o novo individuo, o analfabeto funcional. Aquele que continua querendo tudo pronto e pr\u00e1tico, que pega a primeira informa\u00e7\u00e3o e a absorve como verdade atual, n\u00e3o pesquisa, n\u00e3o compara, n\u00e3o analisa.<\/p>\n<p>Os pol\u00edticos, sempre atualizados nas novas formas e maneiras de continuar no poder, usam esta t\u00e1tica, a de convencer seus eleitores de que a crise existe, e \u00e9 real a gente percebe isso quando ouve pessoas, formadas, inteligentes, e capazes de lideran\u00e7a dizer: \u201c\u00e9 muito vagabundo enganando a previd\u00eancia, tenho um vizinho que at\u00e9 em baile vai, mas na hora da per\u00edcia, \u00e9 doente\u201d. E isto acontece, justamente por estarmos mais conectados a nossa realidade, e esquecemos que hoje a internet nos permite estar conectados ao MUNDO, se formos capazes de usar isso como ferramenta construtiva. Acabamos sem argumentos, ou por desinteresse nosso, ou por interesse maldoso de alguns que insistem em dizer, \u201cvoc\u00ea n\u00e3o tem forma\u00e7\u00e3o\u201d, \u201cprecisamos chamar especialistas\u201d, para APRENDER. A principal forma\u00e7\u00e3o n\u00f3s tivemos quando aprendemos ler, como crian\u00e7as precisamos voltar a fazer pesquisa, n\u00e3o mais na famosa BARSA, mas na INTERNET, buscando nome, curr\u00edculo, vida de quem escreve, para a\u00ed decidir de que lado n\u00f3s estamos SE CONTRA A PREVIDENCIA, ent\u00e3o, vamos pesquisar e buscar, mestres, doutores como esta que citei a cima, ler seus artigos, nos alimentar de argumentos para defender nosso ponto de vista frente as nossas bases, pois desta forma, quando algum pol\u00edtico, apresentar uma tese de seu guru, tipo Olavo De Carvalho.<\/p>\n<p>Para contrapor precisaremos ter em m\u00e3os o nome de um estudioso, que tenha um curr\u00edculo invej\u00e1vel e comprovadamente verdadeiro. E principalmente que as institui\u00e7\u00f5es que eles participam, que eles trabalham, n\u00e3o sejam BANCOS PRIVADOS, e cuidado, as institui\u00e7\u00f5es que eles ESTUDARAM, para receber o diploma, sejam deste mundo, e n\u00e3o do outro. Al\u00e9m de ver as biografias de suas teses, suas coautorias, pois para ser coautor \u00e9 necess\u00e1rio que os mesmos estejam vivos ao mesmo tempo.<\/p>\n","protected":false},"excerpt":{"rendered":"<p>Em 2006 em sua tese para o Doutorado em Economia na Universidade Federal do Rio de Janeiro, a Pesquisadora Denise Gentil, depois de muita pesquisa e estudo j\u00e1 provava a FARSA SOBRE A CRISE NA PREVIDENCIA SOCIAL BRASILEIRA; link &#8220;A falsa crise da Seguridade Social no Brasil: uma an\u00e1lise financeira do per\u00edodo 1990 &#8211; 2005&#8221; [&hellip;]<\/p>\n","protected":false},"author":1,"featured_media":0,"comment_status":"closed","ping_status":"closed","sticky":false,"template":"","format":"standard","meta":{"_eb_attr":"","_uag_custom_page_level_css":"","fifu_image_url":"","fifu_image_alt":"","footnotes":""},"categories":[1],"tags":[32],"class_list":["post-1170","post","type-post","status-publish","format-standard","hentry","category-arquivadas","tag-null"],"yoast_head":"<!-- This site is optimized with the Yoast SEO plugin v27.1.1 - https:\/\/yoast.com\/product\/yoast-seo-wordpress\/ -->\n<title>VAMOS JUNTAR ARGUMENTOS: REFORMA DA PREVID\u00caNCIA, N\u00c3O! - Federa\u00e7\u00e3o dos Municip\u00e1rios do Estado do Rio Grande do Sul<\/title>\n<meta name=\"robots\" content=\"index, follow, max-snippet:-1, max-image-preview:large, max-video-preview:-1\" \/>\n<link rel=\"canonical\" href=\"https:\/\/femergs.com.br\/wfe\/blog\/vamos-juntar-argumentos-reforma-da-previdencia-nao\/\" \/>\n<meta property=\"og:locale\" content=\"pt_BR\" \/>\n<meta property=\"og:type\" content=\"article\" \/>\n<meta property=\"og:title\" content=\"VAMOS JUNTAR ARGUMENTOS: REFORMA DA PREVID\u00caNCIA, N\u00c3O! - Federa\u00e7\u00e3o dos Municip\u00e1rios do Estado do Rio Grande do Sul\" \/>\n<meta property=\"og:description\" content=\"Em 2006 em sua tese para o Doutorado em Economia na Universidade Federal do Rio de Janeiro, a Pesquisadora Denise Gentil, depois de muita pesquisa e estudo j\u00e1 provava a FARSA SOBRE A CRISE NA PREVIDENCIA SOCIAL BRASILEIRA; link &#8220;A falsa crise da Seguridade Social no Brasil: uma an\u00e1lise financeira do per\u00edodo 1990 &#8211; 2005&#8221; [&hellip;]\" \/>\n<meta property=\"og:url\" content=\"https:\/\/femergs.com.br\/wfe\/blog\/vamos-juntar-argumentos-reforma-da-previdencia-nao\/\" \/>\n<meta property=\"og:site_name\" content=\"Federa\u00e7\u00e3o dos Municip\u00e1rios do Estado do Rio Grande do Sul\" \/>\n<meta property=\"article:publisher\" content=\"https:\/\/www.facebook.com\/profile.php?id=100057151733001\" \/>\n<meta property=\"article:published_time\" content=\"2019-03-06T10:20:10+00:00\" \/>\n<meta name=\"author\" content=\"adminfemergs\" \/>\n<meta name=\"twitter:card\" content=\"summary_large_image\" \/>\n<meta name=\"twitter:label1\" content=\"Escrito por\" \/>\n\t<meta name=\"twitter:data1\" content=\"adminfemergs\" \/>\n\t<meta name=\"twitter:label2\" content=\"Est. tempo de leitura\" \/>\n\t<meta name=\"twitter:data2\" content=\"3 minutos\" \/>\n<script type=\"application\/ld+json\" class=\"yoast-schema-graph\">{\"@context\":\"https:\/\/schema.org\",\"@graph\":[{\"@type\":\"Article\",\"@id\":\"https:\/\/femergs.com.br\/wfe\/blog\/vamos-juntar-argumentos-reforma-da-previdencia-nao\/#article\",\"isPartOf\":{\"@id\":\"https:\/\/femergs.com.br\/wfe\/blog\/vamos-juntar-argumentos-reforma-da-previdencia-nao\/\"},\"author\":{\"name\":\"adminfemergs\",\"@id\":\"https:\/\/femergs.com.br\/wfe\/#\/schema\/person\/f5558e6b5ffc044ee085016237dedb7f\"},\"headline\":\"VAMOS JUNTAR ARGUMENTOS: REFORMA DA PREVID\u00caNCIA, N\u00c3O!\",\"datePublished\":\"2019-03-06T10:20:10+00:00\",\"mainEntityOfPage\":{\"@id\":\"https:\/\/femergs.com.br\/wfe\/blog\/vamos-juntar-argumentos-reforma-da-previdencia-nao\/\"},\"wordCount\":640,\"publisher\":{\"@id\":\"https:\/\/femergs.com.br\/wfe\/#organization\"},\"keywords\":[\"NULL\"],\"articleSection\":[\"ARQUIVADAS\"],\"inLanguage\":\"pt-BR\"},{\"@type\":\"WebPage\",\"@id\":\"https:\/\/femergs.com.br\/wfe\/blog\/vamos-juntar-argumentos-reforma-da-previdencia-nao\/\",\"url\":\"https:\/\/femergs.com.br\/wfe\/blog\/vamos-juntar-argumentos-reforma-da-previdencia-nao\/\",\"name\":\"VAMOS JUNTAR ARGUMENTOS: REFORMA DA PREVID\u00caNCIA, N\u00c3O! - Federa\u00e7\u00e3o dos Municip\u00e1rios do Estado do Rio Grande do Sul\",\"isPartOf\":{\"@id\":\"https:\/\/femergs.com.br\/wfe\/#website\"},\"datePublished\":\"2019-03-06T10:20:10+00:00\",\"breadcrumb\":{\"@id\":\"https:\/\/femergs.com.br\/wfe\/blog\/vamos-juntar-argumentos-reforma-da-previdencia-nao\/#breadcrumb\"},\"inLanguage\":\"pt-BR\",\"potentialAction\":[{\"@type\":\"ReadAction\",\"target\":[\"https:\/\/femergs.com.br\/wfe\/blog\/vamos-juntar-argumentos-reforma-da-previdencia-nao\/\"]}]},{\"@type\":\"BreadcrumbList\",\"@id\":\"https:\/\/femergs.com.br\/wfe\/blog\/vamos-juntar-argumentos-reforma-da-previdencia-nao\/#breadcrumb\",\"itemListElement\":[{\"@type\":\"ListItem\",\"position\":1,\"name\":\"In\u00edcio\",\"item\":\"https:\/\/femergs.com.br\/wfe\/\"},{\"@type\":\"ListItem\",\"position\":2,\"name\":\"VAMOS JUNTAR ARGUMENTOS: REFORMA DA PREVID\u00caNCIA, N\u00c3O!\"}]},{\"@type\":\"WebSite\",\"@id\":\"https:\/\/femergs.com.br\/wfe\/#website\",\"url\":\"https:\/\/femergs.com.br\/wfe\/\",\"name\":\"FEMERGS\",\"description\":\"FEDERA\u00c7\u00c3O DOS MUNICIP\u00c1RIOS DO ESTADO DO RIO GRANDE DO SUL\",\"publisher\":{\"@id\":\"https:\/\/femergs.com.br\/wfe\/#organization\"},\"potentialAction\":[{\"@type\":\"SearchAction\",\"target\":{\"@type\":\"EntryPoint\",\"urlTemplate\":\"https:\/\/femergs.com.br\/wfe\/?s={search_term_string}\"},\"query-input\":{\"@type\":\"PropertyValueSpecification\",\"valueRequired\":true,\"valueName\":\"search_term_string\"}}],\"inLanguage\":\"pt-BR\"},{\"@type\":\"Organization\",\"@id\":\"https:\/\/femergs.com.br\/wfe\/#organization\",\"name\":\"FEMERGS\",\"url\":\"https:\/\/femergs.com.br\/wfe\/\",\"logo\":{\"@type\":\"ImageObject\",\"inLanguage\":\"pt-BR\",\"@id\":\"https:\/\/femergs.com.br\/wfe\/#\/schema\/logo\/image\/\",\"url\":\"https:\/\/femergs.com.br\/wfe\/wp-content\/uploads\/2025\/06\/logotipo.png\",\"contentUrl\":\"https:\/\/femergs.com.br\/wfe\/wp-content\/uploads\/2025\/06\/logotipo.png\",\"width\":500,\"height\":500,\"caption\":\"FEMERGS\"},\"image\":{\"@id\":\"https:\/\/femergs.com.br\/wfe\/#\/schema\/logo\/image\/\"},\"sameAs\":[\"https:\/\/www.facebook.com\/profile.php?id=100057151733001\",\"https:\/\/www.instagram.com\/femergs_rs\/\"]},{\"@type\":\"Person\",\"@id\":\"https:\/\/femergs.com.br\/wfe\/#\/schema\/person\/f5558e6b5ffc044ee085016237dedb7f\",\"name\":\"adminfemergs\",\"image\":{\"@type\":\"ImageObject\",\"inLanguage\":\"pt-BR\",\"@id\":\"https:\/\/femergs.com.br\/wfe\/#\/schema\/person\/image\/\",\"url\":\"https:\/\/secure.gravatar.com\/avatar\/398642fa557cdd524617ad9b31c938845f071aeb3448b9c0aeb29aefc495337b?s=96&d=mm&r=g\",\"contentUrl\":\"https:\/\/secure.gravatar.com\/avatar\/398642fa557cdd524617ad9b31c938845f071aeb3448b9c0aeb29aefc495337b?s=96&d=mm&r=g\",\"caption\":\"adminfemergs\"},\"sameAs\":[\"https:\/\/femergs.com.br\/wfe\"],\"url\":\"https:\/\/femergs.com.br\/wfe\/blog\/author\/adminfemergs\/\"}]}<\/script>\n<!-- \/ Yoast SEO plugin. -->","yoast_head_json":{"title":"VAMOS JUNTAR ARGUMENTOS: REFORMA DA PREVID\u00caNCIA, N\u00c3O! - Federa\u00e7\u00e3o dos Municip\u00e1rios do Estado do Rio Grande do Sul","robots":{"index":"index","follow":"follow","max-snippet":"max-snippet:-1","max-image-preview":"max-image-preview:large","max-video-preview":"max-video-preview:-1"},"canonical":"https:\/\/femergs.com.br\/wfe\/blog\/vamos-juntar-argumentos-reforma-da-previdencia-nao\/","og_locale":"pt_BR","og_type":"article","og_title":"VAMOS JUNTAR ARGUMENTOS: REFORMA DA PREVID\u00caNCIA, N\u00c3O! - Federa\u00e7\u00e3o dos Municip\u00e1rios do Estado do Rio Grande do Sul","og_description":"Em 2006 em sua tese para o Doutorado em Economia na Universidade Federal do Rio de Janeiro, a Pesquisadora Denise Gentil, depois de muita pesquisa e estudo j\u00e1 provava a FARSA SOBRE A CRISE NA PREVIDENCIA SOCIAL BRASILEIRA; link &#8220;A falsa crise da Seguridade Social no Brasil: uma an\u00e1lise financeira do per\u00edodo 1990 &#8211; 2005&#8221; [&hellip;]","og_url":"https:\/\/femergs.com.br\/wfe\/blog\/vamos-juntar-argumentos-reforma-da-previdencia-nao\/","og_site_name":"Federa\u00e7\u00e3o dos Municip\u00e1rios do Estado do Rio Grande do Sul","article_publisher":"https:\/\/www.facebook.com\/profile.php?id=100057151733001","article_published_time":"2019-03-06T10:20:10+00:00","author":"adminfemergs","twitter_card":"summary_large_image","twitter_misc":{"Escrito por":"adminfemergs","Est. tempo de leitura":"3 minutos"},"schema":{"@context":"https:\/\/schema.org","@graph":[{"@type":"Article","@id":"https:\/\/femergs.com.br\/wfe\/blog\/vamos-juntar-argumentos-reforma-da-previdencia-nao\/#article","isPartOf":{"@id":"https:\/\/femergs.com.br\/wfe\/blog\/vamos-juntar-argumentos-reforma-da-previdencia-nao\/"},"author":{"name":"adminfemergs","@id":"https:\/\/femergs.com.br\/wfe\/#\/schema\/person\/f5558e6b5ffc044ee085016237dedb7f"},"headline":"VAMOS JUNTAR ARGUMENTOS: REFORMA DA PREVID\u00caNCIA, N\u00c3O!","datePublished":"2019-03-06T10:20:10+00:00","mainEntityOfPage":{"@id":"https:\/\/femergs.com.br\/wfe\/blog\/vamos-juntar-argumentos-reforma-da-previdencia-nao\/"},"wordCount":640,"publisher":{"@id":"https:\/\/femergs.com.br\/wfe\/#organization"},"keywords":["NULL"],"articleSection":["ARQUIVADAS"],"inLanguage":"pt-BR"},{"@type":"WebPage","@id":"https:\/\/femergs.com.br\/wfe\/blog\/vamos-juntar-argumentos-reforma-da-previdencia-nao\/","url":"https:\/\/femergs.com.br\/wfe\/blog\/vamos-juntar-argumentos-reforma-da-previdencia-nao\/","name":"VAMOS JUNTAR ARGUMENTOS: REFORMA DA PREVID\u00caNCIA, N\u00c3O! - Federa\u00e7\u00e3o dos Municip\u00e1rios do Estado do Rio Grande do Sul","isPartOf":{"@id":"https:\/\/femergs.com.br\/wfe\/#website"},"datePublished":"2019-03-06T10:20:10+00:00","breadcrumb":{"@id":"https:\/\/femergs.com.br\/wfe\/blog\/vamos-juntar-argumentos-reforma-da-previdencia-nao\/#breadcrumb"},"inLanguage":"pt-BR","potentialAction":[{"@type":"ReadAction","target":["https:\/\/femergs.com.br\/wfe\/blog\/vamos-juntar-argumentos-reforma-da-previdencia-nao\/"]}]},{"@type":"BreadcrumbList","@id":"https:\/\/femergs.com.br\/wfe\/blog\/vamos-juntar-argumentos-reforma-da-previdencia-nao\/#breadcrumb","itemListElement":[{"@type":"ListItem","position":1,"name":"In\u00edcio","item":"https:\/\/femergs.com.br\/wfe\/"},{"@type":"ListItem","position":2,"name":"VAMOS JUNTAR ARGUMENTOS: REFORMA DA PREVID\u00caNCIA, N\u00c3O!"}]},{"@type":"WebSite","@id":"https:\/\/femergs.com.br\/wfe\/#website","url":"https:\/\/femergs.com.br\/wfe\/","name":"FEMERGS","description":"FEDERA\u00c7\u00c3O DOS MUNICIP\u00c1RIOS DO ESTADO DO RIO GRANDE DO SUL","publisher":{"@id":"https:\/\/femergs.com.br\/wfe\/#organization"},"potentialAction":[{"@type":"SearchAction","target":{"@type":"EntryPoint","urlTemplate":"https:\/\/femergs.com.br\/wfe\/?s={search_term_string}"},"query-input":{"@type":"PropertyValueSpecification","valueRequired":true,"valueName":"search_term_string"}}],"inLanguage":"pt-BR"},{"@type":"Organization","@id":"https:\/\/femergs.com.br\/wfe\/#organization","name":"FEMERGS","url":"https:\/\/femergs.com.br\/wfe\/","logo":{"@type":"ImageObject","inLanguage":"pt-BR","@id":"https:\/\/femergs.com.br\/wfe\/#\/schema\/logo\/image\/","url":"https:\/\/femergs.com.br\/wfe\/wp-content\/uploads\/2025\/06\/logotipo.png","contentUrl":"https:\/\/femergs.com.br\/wfe\/wp-content\/uploads\/2025\/06\/logotipo.png","width":500,"height":500,"caption":"FEMERGS"},"image":{"@id":"https:\/\/femergs.com.br\/wfe\/#\/schema\/logo\/image\/"},"sameAs":["https:\/\/www.facebook.com\/profile.php?id=100057151733001","https:\/\/www.instagram.com\/femergs_rs\/"]},{"@type":"Person","@id":"https:\/\/femergs.com.br\/wfe\/#\/schema\/person\/f5558e6b5ffc044ee085016237dedb7f","name":"adminfemergs","image":{"@type":"ImageObject","inLanguage":"pt-BR","@id":"https:\/\/femergs.com.br\/wfe\/#\/schema\/person\/image\/","url":"https:\/\/secure.gravatar.com\/avatar\/398642fa557cdd524617ad9b31c938845f071aeb3448b9c0aeb29aefc495337b?s=96&d=mm&r=g","contentUrl":"https:\/\/secure.gravatar.com\/avatar\/398642fa557cdd524617ad9b31c938845f071aeb3448b9c0aeb29aefc495337b?s=96&d=mm&r=g","caption":"adminfemergs"},"sameAs":["https:\/\/femergs.com.br\/wfe"],"url":"https:\/\/femergs.com.br\/wfe\/blog\/author\/adminfemergs\/"}]}},"uagb_featured_image_src":{"full":false,"thumbnail":false,"medium":false,"medium_large":false,"large":false,"1536x1536":false,"2048x2048":false,"ultp_layout_landscape_large":false,"ultp_layout_landscape":false,"ultp_layout_portrait":false,"ultp_layout_square":false},"uagb_author_info":{"display_name":"adminfemergs","author_link":"https:\/\/femergs.com.br\/wfe\/blog\/author\/adminfemergs\/"},"uagb_comment_info":0,"uagb_excerpt":"Em 2006 em sua tese para o Doutorado em Economia na Universidade Federal do Rio de Janeiro, a Pesquisadora Denise Gentil, depois de muita pesquisa e estudo j\u00e1 provava a FARSA SOBRE A CRISE NA PREVIDENCIA SOCIAL BRASILEIRA; link &#8220;A falsa crise da Seguridade Social no Brasil: uma an\u00e1lise financeira do per\u00edodo 1990 &#8211; 2005&#8221;&hellip;","_links":{"self":[{"href":"https:\/\/femergs.com.br\/wfe\/wp-json\/wp\/v2\/posts\/1170","targetHints":{"allow":["GET"]}}],"collection":[{"href":"https:\/\/femergs.com.br\/wfe\/wp-json\/wp\/v2\/posts"}],"about":[{"href":"https:\/\/femergs.com.br\/wfe\/wp-json\/wp\/v2\/types\/post"}],"author":[{"embeddable":true,"href":"https:\/\/femergs.com.br\/wfe\/wp-json\/wp\/v2\/users\/1"}],"replies":[{"embeddable":true,"href":"https:\/\/femergs.com.br\/wfe\/wp-json\/wp\/v2\/comments?post=1170"}],"version-history":[{"count":0,"href":"https:\/\/femergs.com.br\/wfe\/wp-json\/wp\/v2\/posts\/1170\/revisions"}],"wp:attachment":[{"href":"https:\/\/femergs.com.br\/wfe\/wp-json\/wp\/v2\/media?parent=1170"}],"wp:term":[{"taxonomy":"category","embeddable":true,"href":"https:\/\/femergs.com.br\/wfe\/wp-json\/wp\/v2\/categories?post=1170"},{"taxonomy":"post_tag","embeddable":true,"href":"https:\/\/femergs.com.br\/wfe\/wp-json\/wp\/v2\/tags?post=1170"}],"curies":[{"name":"wp","href":"https:\/\/api.w.org\/{rel}","templated":true}]}}