{"id":1171,"date":"2019-03-08T18:05:23","date_gmt":"2019-03-08T18:05:23","guid":{"rendered":"https:\/\/femergs.com.br\/wfe\/blog\/dia-da-mulher-08-de-marco\/"},"modified":"2019-03-08T18:05:23","modified_gmt":"2019-03-08T18:05:23","slug":"dia-da-mulher-08-de-marco","status":"publish","type":"post","link":"https:\/\/femergs.com.br\/wfe\/blog\/dia-da-mulher-08-de-marco\/","title":{"rendered":"DIA DA MULHER &#8211; 08 DE MAR\u00c7O"},"content":{"rendered":"<p>DIA DA MULHER 08 DE MAR\u00c7O<br \/>\nCOMEMORAR? COM O N\u00daMERO DE FEMINIC\u00cdDIOS ESTOURANDO?<br \/>\nE DE PRESENTE O GOVERNO ENVIA A REFORMA DE PREVID\u00caNCIA MAIS CRUEL POSS\u00cdVEL<br \/>\nPARA AS MULHERES?<\/p>\n<p>Vamos tratar do tema da seguinte forma, como a reforma previdenci\u00e1ria afeta mais as mulheres que os homens?<br \/>\nPara iniciar as coloca\u00e7\u00f5es, fa\u00e7o a seguinte pergunta. Quantas vezes por dia, voc\u00ea chamou a palavra m\u00e3e, querida, amor, para que a pessoa que est\u00e1 por tr\u00e1s destas palavras te oriente, te fa\u00e7a, ou te d\u00ea algo?<\/p>\n<p>Perguntou? Ent\u00e3o vamos l\u00e1, mesmo que hoje o homem esteja muito mais ativo nas atividades dom\u00e9sticas, ainda cabe a mulher a maior parte das obriga\u00e7\u00f5es dom\u00e9sticas e familiares. Podemos sem nenhuma sombra de d\u00favidas afirmar que a mulher tem no m\u00ednimo mais QUATRO horas de jornada al\u00e9m da executada no seu local de trabalho, come\u00e7am na adolesc\u00eancia, n\u00e3o tem f\u00e9rias, s\u00e1bados, domingos, feriado e normalmente s\u00e3o executadas no turno da noite, e como.<\/p>\n<p>Multiplique isso:<\/p>\n<div style=\"text-align:center\"><img decoding=\"async\" src=\"data:image\/gif;base64,R0lGODlhAQABAIAAAAAAAP\/\/\/ywAAAAAAQABAAACAUwAOw==\" fifu-lazy=\"1\" fifu-data-sizes=\"auto\" fifu-data-srcset=\"\/Im4g3nsN0t1cia\/geral\/images\/flflflflf.png?w=75&resize=75&ssl=1 75w, \/Im4g3nsN0t1cia\/geral\/images\/flflflflf.png?w=100&resize=100&ssl=1 100w, \/Im4g3nsN0t1cia\/geral\/images\/flflflflf.png?w=150&resize=150&ssl=1 150w, \/Im4g3nsN0t1cia\/geral\/images\/flflflflf.png?w=240&resize=240&ssl=1 240w, \/Im4g3nsN0t1cia\/geral\/images\/flflflflf.png?w=320&resize=320&ssl=1 320w, \/Im4g3nsN0t1cia\/geral\/images\/flflflflf.png?w=500&resize=500&ssl=1 500w, \/Im4g3nsN0t1cia\/geral\/images\/flflflflf.png?w=640&resize=640&ssl=1 640w, \/Im4g3nsN0t1cia\/geral\/images\/flflflflf.png?w=800&resize=800&ssl=1 800w, \/Im4g3nsN0t1cia\/geral\/images\/flflflflf.png?w=1024&resize=1024&ssl=1 1024w, \/Im4g3nsN0t1cia\/geral\/images\/flflflflf.png?w=1280&resize=1280&ssl=1 1280w, \/Im4g3nsN0t1cia\/geral\/images\/flflflflf.png?w=1600&resize=1600&ssl=1 1600w\" alt=\"\" fifu-data-src=\"\/Im4g3nsN0t1cia\/geral\/images\/flflflflf.png\" style=\"height:128px; width:500px\" \/><\/div>\n<p>Outros dados importantes s\u00e3o os disponibilizados pelo IBGE, que mostram as mulheres, como chefes de fam\u00edlia na maioria dos domic\u00edlios, ou seja, sem participa\u00e7\u00e3o de um companheiro, isto por diversos fatores, mas um deles \u00e9 o fato de que mulheres, morrem menos em acidentes, homic\u00eddios e que naturalmente em fun\u00e7\u00e3o destes dados, elas vivem mais do que o homem. E a pens\u00e3o por morte nesta reforma \u00e9 extremamente cruel para com vi\u00favos e vi\u00favas. Quer enquanto as mulheres gastam 20 horas em afazeres dom\u00e9sticos, os homens no m\u00e1ximo 10 horas.<\/p>\n<p>N\u00e3o podemos, e nem temos coragem de aqui, no dia da mulher falar, ou pensar na aposentadoria da trabalhadora rural, existem crimes hediondos contra as mulheres, e esta reforma, \u00e9 um destes crimes, pois atinge a dignidade humana das mulheres, como, m\u00e3es, esposas e profissionais. N\u00f3s, mulheres, somos a maioria deste pa\u00eds, precisamos tornar este dia 08 de mar\u00e7o um marco de luta, para que n\u00e3o nos tratem desta forma em qualquer lugar que estivermos neste dia, vamos nos manifestar, vamos demonstrar que n\u00e3o PERMITIREMOS A APROVA\u00c7\u00c3O DA REFORMA DA PREVID\u00caNCIA.<\/p>\n<p>Lutaremos como verdadeiras mulheres, m\u00e3es, esposas e cidad\u00e3s pelo futuro saud\u00e1vel de nossa gera\u00e7\u00e3o.<\/p>\n","protected":false},"excerpt":{"rendered":"<p>DIA DA MULHER 08 DE MAR\u00c7O COMEMORAR? COM O N\u00daMERO DE FEMINIC\u00cdDIOS ESTOURANDO? E DE PRESENTE O GOVERNO ENVIA A REFORMA DE PREVID\u00caNCIA MAIS CRUEL POSS\u00cdVEL PARA AS MULHERES? Vamos tratar do tema da seguinte forma, como a reforma previdenci\u00e1ria afeta mais as mulheres que os homens? Para iniciar as coloca\u00e7\u00f5es, fa\u00e7o a seguinte pergunta. [&hellip;]<\/p>\n","protected":false},"author":1,"featured_media":0,"comment_status":"closed","ping_status":"closed","sticky":false,"template":"","format":"standard","meta":{"_eb_attr":"","_uag_custom_page_level_css":"","fifu_image_url":"","fifu_image_alt":"","footnotes":""},"categories":[1],"tags":[32],"class_list":["post-1171","post","type-post","status-publish","format-standard","hentry","category-arquivadas","tag-null"],"yoast_head":"<!-- This site is optimized with the Yoast SEO plugin v27.1.1 - https:\/\/yoast.com\/product\/yoast-seo-wordpress\/ -->\n<title>DIA DA MULHER - 08 DE MAR\u00c7O - Federa\u00e7\u00e3o dos Municip\u00e1rios do Estado do Rio Grande do Sul<\/title>\n<meta name=\"robots\" content=\"index, follow, max-snippet:-1, max-image-preview:large, max-video-preview:-1\" \/>\n<link rel=\"canonical\" href=\"https:\/\/femergs.com.br\/wfe\/blog\/dia-da-mulher-08-de-marco\/\" \/>\n<meta property=\"og:locale\" content=\"pt_BR\" \/>\n<meta property=\"og:type\" content=\"article\" \/>\n<meta property=\"og:title\" content=\"DIA DA MULHER - 08 DE MAR\u00c7O - Federa\u00e7\u00e3o dos Municip\u00e1rios do Estado do Rio Grande do Sul\" \/>\n<meta property=\"og:description\" content=\"DIA DA MULHER 08 DE MAR\u00c7O COMEMORAR? COM O N\u00daMERO DE FEMINIC\u00cdDIOS ESTOURANDO? E DE PRESENTE O GOVERNO ENVIA A REFORMA DE PREVID\u00caNCIA MAIS CRUEL POSS\u00cdVEL PARA AS MULHERES? Vamos tratar do tema da seguinte forma, como a reforma previdenci\u00e1ria afeta mais as mulheres que os homens? Para iniciar as coloca\u00e7\u00f5es, fa\u00e7o a seguinte pergunta. [&hellip;]\" \/>\n<meta property=\"og:url\" content=\"https:\/\/femergs.com.br\/wfe\/blog\/dia-da-mulher-08-de-marco\/\" \/>\n<meta property=\"og:site_name\" content=\"Federa\u00e7\u00e3o dos Municip\u00e1rios do Estado do Rio Grande do Sul\" \/>\n<meta property=\"article:publisher\" content=\"https:\/\/www.facebook.com\/profile.php?id=100057151733001\" \/>\n<meta property=\"article:published_time\" content=\"2019-03-08T18:05:23+00:00\" \/>\n<meta name=\"author\" content=\"adminfemergs\" \/>\n<meta name=\"twitter:card\" content=\"summary_large_image\" \/>\n<meta name=\"twitter:label1\" content=\"Escrito por\" \/>\n\t<meta name=\"twitter:data1\" content=\"adminfemergs\" \/>\n\t<meta name=\"twitter:label2\" content=\"Est. tempo de leitura\" \/>\n\t<meta name=\"twitter:data2\" content=\"2 minutos\" \/>\n<script type=\"application\/ld+json\" class=\"yoast-schema-graph\">{\"@context\":\"https:\/\/schema.org\",\"@graph\":[{\"@type\":\"Article\",\"@id\":\"https:\/\/femergs.com.br\/wfe\/blog\/dia-da-mulher-08-de-marco\/#article\",\"isPartOf\":{\"@id\":\"https:\/\/femergs.com.br\/wfe\/blog\/dia-da-mulher-08-de-marco\/\"},\"author\":{\"name\":\"adminfemergs\",\"@id\":\"https:\/\/femergs.com.br\/wfe\/#\/schema\/person\/f5558e6b5ffc044ee085016237dedb7f\"},\"headline\":\"DIA DA MULHER &#8211; 08 DE MAR\u00c7O\",\"datePublished\":\"2019-03-08T18:05:23+00:00\",\"mainEntityOfPage\":{\"@id\":\"https:\/\/femergs.com.br\/wfe\/blog\/dia-da-mulher-08-de-marco\/\"},\"wordCount\":402,\"publisher\":{\"@id\":\"https:\/\/femergs.com.br\/wfe\/#organization\"},\"keywords\":[\"NULL\"],\"articleSection\":[\"ARQUIVADAS\"],\"inLanguage\":\"pt-BR\"},{\"@type\":\"WebPage\",\"@id\":\"https:\/\/femergs.com.br\/wfe\/blog\/dia-da-mulher-08-de-marco\/\",\"url\":\"https:\/\/femergs.com.br\/wfe\/blog\/dia-da-mulher-08-de-marco\/\",\"name\":\"DIA DA MULHER - 08 DE MAR\u00c7O - Federa\u00e7\u00e3o dos Municip\u00e1rios do Estado do Rio Grande do Sul\",\"isPartOf\":{\"@id\":\"https:\/\/femergs.com.br\/wfe\/#website\"},\"datePublished\":\"2019-03-08T18:05:23+00:00\",\"breadcrumb\":{\"@id\":\"https:\/\/femergs.com.br\/wfe\/blog\/dia-da-mulher-08-de-marco\/#breadcrumb\"},\"inLanguage\":\"pt-BR\",\"potentialAction\":[{\"@type\":\"ReadAction\",\"target\":[\"https:\/\/femergs.com.br\/wfe\/blog\/dia-da-mulher-08-de-marco\/\"]}]},{\"@type\":\"BreadcrumbList\",\"@id\":\"https:\/\/femergs.com.br\/wfe\/blog\/dia-da-mulher-08-de-marco\/#breadcrumb\",\"itemListElement\":[{\"@type\":\"ListItem\",\"position\":1,\"name\":\"In\u00edcio\",\"item\":\"https:\/\/femergs.com.br\/wfe\/\"},{\"@type\":\"ListItem\",\"position\":2,\"name\":\"DIA DA MULHER &#8211; 08 DE MAR\u00c7O\"}]},{\"@type\":\"WebSite\",\"@id\":\"https:\/\/femergs.com.br\/wfe\/#website\",\"url\":\"https:\/\/femergs.com.br\/wfe\/\",\"name\":\"FEMERGS\",\"description\":\"FEDERA\u00c7\u00c3O DOS MUNICIP\u00c1RIOS DO ESTADO DO RIO GRANDE DO SUL\",\"publisher\":{\"@id\":\"https:\/\/femergs.com.br\/wfe\/#organization\"},\"potentialAction\":[{\"@type\":\"SearchAction\",\"target\":{\"@type\":\"EntryPoint\",\"urlTemplate\":\"https:\/\/femergs.com.br\/wfe\/?s={search_term_string}\"},\"query-input\":{\"@type\":\"PropertyValueSpecification\",\"valueRequired\":true,\"valueName\":\"search_term_string\"}}],\"inLanguage\":\"pt-BR\"},{\"@type\":\"Organization\",\"@id\":\"https:\/\/femergs.com.br\/wfe\/#organization\",\"name\":\"FEMERGS\",\"url\":\"https:\/\/femergs.com.br\/wfe\/\",\"logo\":{\"@type\":\"ImageObject\",\"inLanguage\":\"pt-BR\",\"@id\":\"https:\/\/femergs.com.br\/wfe\/#\/schema\/logo\/image\/\",\"url\":\"https:\/\/femergs.com.br\/wfe\/wp-content\/uploads\/2025\/06\/logotipo.png\",\"contentUrl\":\"https:\/\/femergs.com.br\/wfe\/wp-content\/uploads\/2025\/06\/logotipo.png\",\"width\":500,\"height\":500,\"caption\":\"FEMERGS\"},\"image\":{\"@id\":\"https:\/\/femergs.com.br\/wfe\/#\/schema\/logo\/image\/\"},\"sameAs\":[\"https:\/\/www.facebook.com\/profile.php?id=100057151733001\",\"https:\/\/www.instagram.com\/femergs_rs\/\"]},{\"@type\":\"Person\",\"@id\":\"https:\/\/femergs.com.br\/wfe\/#\/schema\/person\/f5558e6b5ffc044ee085016237dedb7f\",\"name\":\"adminfemergs\",\"image\":{\"@type\":\"ImageObject\",\"inLanguage\":\"pt-BR\",\"@id\":\"https:\/\/femergs.com.br\/wfe\/#\/schema\/person\/image\/\",\"url\":\"https:\/\/secure.gravatar.com\/avatar\/398642fa557cdd524617ad9b31c938845f071aeb3448b9c0aeb29aefc495337b?s=96&d=mm&r=g\",\"contentUrl\":\"https:\/\/secure.gravatar.com\/avatar\/398642fa557cdd524617ad9b31c938845f071aeb3448b9c0aeb29aefc495337b?s=96&d=mm&r=g\",\"caption\":\"adminfemergs\"},\"sameAs\":[\"https:\/\/femergs.com.br\/wfe\"],\"url\":\"https:\/\/femergs.com.br\/wfe\/blog\/author\/adminfemergs\/\"}]}<\/script>\n<!-- \/ Yoast SEO plugin. -->","yoast_head_json":{"title":"DIA DA MULHER - 08 DE MAR\u00c7O - Federa\u00e7\u00e3o dos Municip\u00e1rios do Estado do Rio Grande do Sul","robots":{"index":"index","follow":"follow","max-snippet":"max-snippet:-1","max-image-preview":"max-image-preview:large","max-video-preview":"max-video-preview:-1"},"canonical":"https:\/\/femergs.com.br\/wfe\/blog\/dia-da-mulher-08-de-marco\/","og_locale":"pt_BR","og_type":"article","og_title":"DIA DA MULHER - 08 DE MAR\u00c7O - Federa\u00e7\u00e3o dos Municip\u00e1rios do Estado do Rio Grande do Sul","og_description":"DIA DA MULHER 08 DE MAR\u00c7O COMEMORAR? COM O N\u00daMERO DE FEMINIC\u00cdDIOS ESTOURANDO? E DE PRESENTE O GOVERNO ENVIA A REFORMA DE PREVID\u00caNCIA MAIS CRUEL POSS\u00cdVEL PARA AS MULHERES? Vamos tratar do tema da seguinte forma, como a reforma previdenci\u00e1ria afeta mais as mulheres que os homens? Para iniciar as coloca\u00e7\u00f5es, fa\u00e7o a seguinte pergunta. [&hellip;]","og_url":"https:\/\/femergs.com.br\/wfe\/blog\/dia-da-mulher-08-de-marco\/","og_site_name":"Federa\u00e7\u00e3o dos Municip\u00e1rios do Estado do Rio Grande do Sul","article_publisher":"https:\/\/www.facebook.com\/profile.php?id=100057151733001","article_published_time":"2019-03-08T18:05:23+00:00","author":"adminfemergs","twitter_card":"summary_large_image","twitter_misc":{"Escrito por":"adminfemergs","Est. tempo de leitura":"2 minutos"},"schema":{"@context":"https:\/\/schema.org","@graph":[{"@type":"Article","@id":"https:\/\/femergs.com.br\/wfe\/blog\/dia-da-mulher-08-de-marco\/#article","isPartOf":{"@id":"https:\/\/femergs.com.br\/wfe\/blog\/dia-da-mulher-08-de-marco\/"},"author":{"name":"adminfemergs","@id":"https:\/\/femergs.com.br\/wfe\/#\/schema\/person\/f5558e6b5ffc044ee085016237dedb7f"},"headline":"DIA DA MULHER &#8211; 08 DE MAR\u00c7O","datePublished":"2019-03-08T18:05:23+00:00","mainEntityOfPage":{"@id":"https:\/\/femergs.com.br\/wfe\/blog\/dia-da-mulher-08-de-marco\/"},"wordCount":402,"publisher":{"@id":"https:\/\/femergs.com.br\/wfe\/#organization"},"keywords":["NULL"],"articleSection":["ARQUIVADAS"],"inLanguage":"pt-BR"},{"@type":"WebPage","@id":"https:\/\/femergs.com.br\/wfe\/blog\/dia-da-mulher-08-de-marco\/","url":"https:\/\/femergs.com.br\/wfe\/blog\/dia-da-mulher-08-de-marco\/","name":"DIA DA MULHER - 08 DE MAR\u00c7O - Federa\u00e7\u00e3o dos Municip\u00e1rios do Estado do Rio Grande do Sul","isPartOf":{"@id":"https:\/\/femergs.com.br\/wfe\/#website"},"datePublished":"2019-03-08T18:05:23+00:00","breadcrumb":{"@id":"https:\/\/femergs.com.br\/wfe\/blog\/dia-da-mulher-08-de-marco\/#breadcrumb"},"inLanguage":"pt-BR","potentialAction":[{"@type":"ReadAction","target":["https:\/\/femergs.com.br\/wfe\/blog\/dia-da-mulher-08-de-marco\/"]}]},{"@type":"BreadcrumbList","@id":"https:\/\/femergs.com.br\/wfe\/blog\/dia-da-mulher-08-de-marco\/#breadcrumb","itemListElement":[{"@type":"ListItem","position":1,"name":"In\u00edcio","item":"https:\/\/femergs.com.br\/wfe\/"},{"@type":"ListItem","position":2,"name":"DIA DA MULHER &#8211; 08 DE MAR\u00c7O"}]},{"@type":"WebSite","@id":"https:\/\/femergs.com.br\/wfe\/#website","url":"https:\/\/femergs.com.br\/wfe\/","name":"FEMERGS","description":"FEDERA\u00c7\u00c3O DOS MUNICIP\u00c1RIOS DO ESTADO DO RIO GRANDE DO SUL","publisher":{"@id":"https:\/\/femergs.com.br\/wfe\/#organization"},"potentialAction":[{"@type":"SearchAction","target":{"@type":"EntryPoint","urlTemplate":"https:\/\/femergs.com.br\/wfe\/?s={search_term_string}"},"query-input":{"@type":"PropertyValueSpecification","valueRequired":true,"valueName":"search_term_string"}}],"inLanguage":"pt-BR"},{"@type":"Organization","@id":"https:\/\/femergs.com.br\/wfe\/#organization","name":"FEMERGS","url":"https:\/\/femergs.com.br\/wfe\/","logo":{"@type":"ImageObject","inLanguage":"pt-BR","@id":"https:\/\/femergs.com.br\/wfe\/#\/schema\/logo\/image\/","url":"https:\/\/femergs.com.br\/wfe\/wp-content\/uploads\/2025\/06\/logotipo.png","contentUrl":"https:\/\/femergs.com.br\/wfe\/wp-content\/uploads\/2025\/06\/logotipo.png","width":500,"height":500,"caption":"FEMERGS"},"image":{"@id":"https:\/\/femergs.com.br\/wfe\/#\/schema\/logo\/image\/"},"sameAs":["https:\/\/www.facebook.com\/profile.php?id=100057151733001","https:\/\/www.instagram.com\/femergs_rs\/"]},{"@type":"Person","@id":"https:\/\/femergs.com.br\/wfe\/#\/schema\/person\/f5558e6b5ffc044ee085016237dedb7f","name":"adminfemergs","image":{"@type":"ImageObject","inLanguage":"pt-BR","@id":"https:\/\/femergs.com.br\/wfe\/#\/schema\/person\/image\/","url":"https:\/\/secure.gravatar.com\/avatar\/398642fa557cdd524617ad9b31c938845f071aeb3448b9c0aeb29aefc495337b?s=96&d=mm&r=g","contentUrl":"https:\/\/secure.gravatar.com\/avatar\/398642fa557cdd524617ad9b31c938845f071aeb3448b9c0aeb29aefc495337b?s=96&d=mm&r=g","caption":"adminfemergs"},"sameAs":["https:\/\/femergs.com.br\/wfe"],"url":"https:\/\/femergs.com.br\/wfe\/blog\/author\/adminfemergs\/"}]}},"uagb_featured_image_src":{"full":false,"thumbnail":false,"medium":false,"medium_large":false,"large":false,"1536x1536":false,"2048x2048":false,"ultp_layout_landscape_large":false,"ultp_layout_landscape":false,"ultp_layout_portrait":false,"ultp_layout_square":false},"uagb_author_info":{"display_name":"adminfemergs","author_link":"https:\/\/femergs.com.br\/wfe\/blog\/author\/adminfemergs\/"},"uagb_comment_info":0,"uagb_excerpt":"DIA DA MULHER 08 DE MAR\u00c7O COMEMORAR? COM O N\u00daMERO DE FEMINIC\u00cdDIOS ESTOURANDO? E DE PRESENTE O GOVERNO ENVIA A REFORMA DE PREVID\u00caNCIA MAIS CRUEL POSS\u00cdVEL PARA AS MULHERES? Vamos tratar do tema da seguinte forma, como a reforma previdenci\u00e1ria afeta mais as mulheres que os homens? Para iniciar as coloca\u00e7\u00f5es, fa\u00e7o a seguinte pergunta.&hellip;","_links":{"self":[{"href":"https:\/\/femergs.com.br\/wfe\/wp-json\/wp\/v2\/posts\/1171","targetHints":{"allow":["GET"]}}],"collection":[{"href":"https:\/\/femergs.com.br\/wfe\/wp-json\/wp\/v2\/posts"}],"about":[{"href":"https:\/\/femergs.com.br\/wfe\/wp-json\/wp\/v2\/types\/post"}],"author":[{"embeddable":true,"href":"https:\/\/femergs.com.br\/wfe\/wp-json\/wp\/v2\/users\/1"}],"replies":[{"embeddable":true,"href":"https:\/\/femergs.com.br\/wfe\/wp-json\/wp\/v2\/comments?post=1171"}],"version-history":[{"count":0,"href":"https:\/\/femergs.com.br\/wfe\/wp-json\/wp\/v2\/posts\/1171\/revisions"}],"wp:attachment":[{"href":"https:\/\/femergs.com.br\/wfe\/wp-json\/wp\/v2\/media?parent=1171"}],"wp:term":[{"taxonomy":"category","embeddable":true,"href":"https:\/\/femergs.com.br\/wfe\/wp-json\/wp\/v2\/categories?post=1171"},{"taxonomy":"post_tag","embeddable":true,"href":"https:\/\/femergs.com.br\/wfe\/wp-json\/wp\/v2\/tags?post=1171"}],"curies":[{"name":"wp","href":"https:\/\/api.w.org\/{rel}","templated":true}]}}