{"id":1173,"date":"2019-03-15T10:34:38","date_gmt":"2019-03-15T10:34:38","guid":{"rendered":"https:\/\/femergs.com.br\/wfe\/blog\/csb-rs-e-femergs-unidos-na-luta-contra-a-mp-873\/"},"modified":"2019-03-15T10:34:38","modified_gmt":"2019-03-15T10:34:38","slug":"csb-rs-e-femergs-unidos-na-luta-contra-a-mp-873","status":"publish","type":"post","link":"https:\/\/femergs.com.br\/wfe\/blog\/csb-rs-e-femergs-unidos-na-luta-contra-a-mp-873\/","title":{"rendered":"CSB \/ RS e FEMERGS unidos na luta contra a MP 873."},"content":{"rendered":"<p>A Central dos Sindicatos Brasileiros (CSB), junto a demais entidades sindicais, se reuniu na noite desta ter\u00e7a-feira (12) com o presidente do Senado, Davi Alcolumbre, para tratar da Medida Provis\u00f3ria (MP) 873, publicada pelo Di\u00e1rio Oficial da Uni\u00e3o no \u00faltimo dia 1\u00ba de mar\u00e7o, que, de maneira inconstitucional, fere os princ\u00edpios da liberdade e autonomia sindical, al\u00e9m de n\u00e3o cumprir os requisitos de urg\u00eancia necess\u00e1rios \u00e0 edi\u00e7\u00e3o de uma MP.<br \/>\nDurante a reuni\u00e3o, Sergio Arnoud, Presidente da CSB \/ RS, entregou um documento assinado pela CSB, Nova Central Sindical, CTB e Confedera\u00e7\u00e3o dos Servidores P\u00fablicos do Brasil, que demonstra que a medida provis\u00f3ria pode agravar ainda mais a recess\u00e3o econ\u00f4mica do Pa\u00eds, dificultando a retomada do desenvolvimento e gerando mais desemprego.<br \/>\nA nota diz que a MP 873 confronta o Decreto 9571\/2018, assinado pelo presidente da C\u00e2mara, Rodrigo Maia \u2013 presidente em exerc\u00edcio na \u00e9poca \u2013 e publicado em 22 de novembro do ano passado. Segundo as entidades, o Brasil sofrer\u00e1 ainda mais com a recess\u00e3o que j\u00e1 toma conta do Pa\u00eds.<br \/>\nNo decreto, estabelece diretrizes de Direitos Humanos nas empresas dos setores p\u00fablicos e privados no Brasil, ficam claras as condi\u00e7\u00f5es que regulamentam as transa\u00e7\u00f5es comerciais com pa\u00edses integrantes de grandes blocos econ\u00f4micos.<br \/>\nDe acordo com a nota das entidades sindicais, existe uma grave contradi\u00e7\u00e3o entre a MP e as Conven\u00e7\u00f5es 95, no artigo 8\u00ba, a 98, a 144, no artigo 2\u00ba, a e a 151, todas da Organiza\u00e7\u00e3o Internacional de Trabalho (OIT) e tamb\u00e9m afronta os artigos 7\u00ba e 8\u00ba do Pacto Internacional de Direitos Econ\u00f4micos, Sociais e Culturais (PIDESC).<br \/>\n\u201cUma den\u00fancia a qualquer \u00f3rg\u00e3o internacional das quais o Brasil \u00e9 signat\u00e1rio de suas Conven\u00e7\u00f5es e Tratados, inviabilizaria a continuidade da plena rela\u00e7\u00e3o comercial deste para com os demais pa\u00edses da OCDE; outrossim poderia gerar advert\u00eancias de ordem moral culminando com a exclus\u00e3o do Pa\u00eds infrator da respectiva organiza\u00e7\u00e3o, no caso a ONU, o que mesmo n\u00e3o sendo uma san\u00e7\u00e3o condenat\u00f3ria em esp\u00e9cie, seria uma san\u00e7\u00e3o condenat\u00f3ria de ordem moral e consequentemente, atingiria de forma dr\u00e1stica as rela\u00e7\u00f5es comerciais do nosso Pa\u00eds\u201d, diz o documento.<br \/>\nPortanto, a Medida Provis\u00f3ria do governo Bolsonaro, segundo a entidades, \u201clevar\u00e1 o Brasil a uma recess\u00e3o econ\u00f4mica ainda mais dr\u00e1stica do que a ora vivenciada, dificultando a retomada do desenvolvimento e agravando o desemprego\u201d.<br \/>\nReiterando o compromisso com a na\u00e7\u00e3o brasileira por uma sociedade mais justa, equilibrada, humana e com oportunidade para todos, CSB, Nova Central, CTB e CSPB pediram a devolu\u00e7\u00e3o ou suspens\u00e3o da MP 873.<br \/>\nSegundo Sergio Arnoud, o presidente do Senado constituiu uma comiss\u00e3o formada por senadores que ir\u00e1 analisar e emitir uma posi\u00e7\u00e3o sobre a MP.<br \/>\nA FEMERGS esteve representada pelo seu Secret\u00e1rio Geral Luciano dos Santos, que acompanhou S\u00e9rgio Arnoud, nos compromissos em Bras\u00edlia. Segundo Luciano: \u201c- A CSB\/RS trouxe um novo modelo de discuss\u00e3o, estabelecendo novas diretrizes a discuss\u00e3o dos graves problemas que esta MP 873 poder\u00e1 trazer a economia do Brasil e a manuten\u00e7\u00e3o econ\u00f4mica das entidades sindicais. Estivemos presentes, al\u00e9m do importante encontro com o Exmo Ministro Sr. Dias T\u00f3ffoli, nas reuni\u00f5es da Comiss\u00e3o das Minorias (junto a partidos, entidades sindicais, centrais sindicais e movimentos sociais; na reuni\u00e3o preparat\u00f3ria para a cria\u00e7\u00e3o da Frente Parlamentar Mista de Defesa da Previd\u00eancia Social e em reuni\u00f5es com o Presidente do Senado Davi Alcolumbre e com o Presidente do Senado Deputado Rodrigo Maia. O documento que apresentamos foi tamb\u00e9m, ap\u00f3s ampla divulga\u00e7\u00e3o, encaminhado a v\u00e1rios deputados e senadores. Enfim, uma semana produtiva, de muitas reuni\u00f5es e debates, que certamente far\u00e3o a diferen\u00e7a nesta luta que estamos travando em prol das entidades que representamos.\u201d<br \/>\nO documento encaminhado RS e FEMERGS segue em anexo.<\/p>\n<p><img decoding=\"async\" src=\"data:image\/gif;base64,R0lGODlhAQABAIAAAAAAAP\/\/\/ywAAAAAAQABAAACAUwAOw==\" fifu-lazy=\"1\" fifu-data-sizes=\"auto\" fifu-data-srcset=\"\/Im4g3nsN0t1cia\/geral\/images\/0001_(2).jpg?w=75&resize=75&ssl=1 75w, \/Im4g3nsN0t1cia\/geral\/images\/0001_(2).jpg?w=100&resize=100&ssl=1 100w, \/Im4g3nsN0t1cia\/geral\/images\/0001_(2).jpg?w=150&resize=150&ssl=1 150w, \/Im4g3nsN0t1cia\/geral\/images\/0001_(2).jpg?w=240&resize=240&ssl=1 240w, \/Im4g3nsN0t1cia\/geral\/images\/0001_(2).jpg?w=320&resize=320&ssl=1 320w, \/Im4g3nsN0t1cia\/geral\/images\/0001_(2).jpg?w=500&resize=500&ssl=1 500w, \/Im4g3nsN0t1cia\/geral\/images\/0001_(2).jpg?w=640&resize=640&ssl=1 640w, \/Im4g3nsN0t1cia\/geral\/images\/0001_(2).jpg?w=800&resize=800&ssl=1 800w, \/Im4g3nsN0t1cia\/geral\/images\/0001_(2).jpg?w=1024&resize=1024&ssl=1 1024w, \/Im4g3nsN0t1cia\/geral\/images\/0001_(2).jpg?w=1280&resize=1280&ssl=1 1280w, \/Im4g3nsN0t1cia\/geral\/images\/0001_(2).jpg?w=1600&resize=1600&ssl=1 1600w\" alt=\"\" fifu-data-src=\"\/Im4g3nsN0t1cia\/geral\/images\/0001_(2).jpg\" style=\"height:890px; width:500px\" \/><br \/>\n<img decoding=\"async\" src=\"data:image\/gif;base64,R0lGODlhAQABAIAAAAAAAP\/\/\/ywAAAAAAQABAAACAUwAOw==\" fifu-lazy=\"1\" fifu-data-sizes=\"auto\" fifu-data-srcset=\"\/Im4g3nsN0t1cia\/geral\/images\/0002(1).jpg?w=75&resize=75&ssl=1 75w, \/Im4g3nsN0t1cia\/geral\/images\/0002(1).jpg?w=100&resize=100&ssl=1 100w, \/Im4g3nsN0t1cia\/geral\/images\/0002(1).jpg?w=150&resize=150&ssl=1 150w, \/Im4g3nsN0t1cia\/geral\/images\/0002(1).jpg?w=240&resize=240&ssl=1 240w, \/Im4g3nsN0t1cia\/geral\/images\/0002(1).jpg?w=320&resize=320&ssl=1 320w, \/Im4g3nsN0t1cia\/geral\/images\/0002(1).jpg?w=500&resize=500&ssl=1 500w, \/Im4g3nsN0t1cia\/geral\/images\/0002(1).jpg?w=640&resize=640&ssl=1 640w, \/Im4g3nsN0t1cia\/geral\/images\/0002(1).jpg?w=800&resize=800&ssl=1 800w, \/Im4g3nsN0t1cia\/geral\/images\/0002(1).jpg?w=1024&resize=1024&ssl=1 1024w, \/Im4g3nsN0t1cia\/geral\/images\/0002(1).jpg?w=1280&resize=1280&ssl=1 1280w, \/Im4g3nsN0t1cia\/geral\/images\/0002(1).jpg?w=1600&resize=1600&ssl=1 1600w\" alt=\"\" fifu-data-src=\"\/Im4g3nsN0t1cia\/geral\/images\/0002(1).jpg\" style=\"height:890px; width:500px\" \/><\/p>\n","protected":false},"excerpt":{"rendered":"<p>A Central dos Sindicatos Brasileiros (CSB), junto a demais entidades sindicais, se reuniu na noite desta ter\u00e7a-feira (12) com o presidente do Senado, Davi Alcolumbre, para tratar da Medida Provis\u00f3ria (MP) 873, publicada pelo Di\u00e1rio Oficial da Uni\u00e3o no \u00faltimo dia 1\u00ba de mar\u00e7o, que, de maneira inconstitucional, fere os princ\u00edpios da liberdade e autonomia [&hellip;]<\/p>\n","protected":false},"author":1,"featured_media":0,"comment_status":"closed","ping_status":"closed","sticky":false,"template":"","format":"standard","meta":{"_eb_attr":"","_uag_custom_page_level_css":"","fifu_image_url":"","fifu_image_alt":"","footnotes":""},"categories":[1],"tags":[32],"class_list":["post-1173","post","type-post","status-publish","format-standard","hentry","category-arquivadas","tag-null"],"yoast_head":"<!-- This site is optimized with the Yoast SEO plugin v27.1.1 - https:\/\/yoast.com\/product\/yoast-seo-wordpress\/ -->\n<title>CSB \/ RS e FEMERGS unidos na luta contra a MP 873. - Federa\u00e7\u00e3o dos Municip\u00e1rios do Estado do Rio Grande do Sul<\/title>\n<meta name=\"robots\" content=\"index, follow, max-snippet:-1, max-image-preview:large, max-video-preview:-1\" \/>\n<link rel=\"canonical\" href=\"https:\/\/femergs.com.br\/wfe\/blog\/csb-rs-e-femergs-unidos-na-luta-contra-a-mp-873\/\" \/>\n<meta property=\"og:locale\" content=\"pt_BR\" \/>\n<meta property=\"og:type\" content=\"article\" \/>\n<meta property=\"og:title\" content=\"CSB \/ RS e FEMERGS unidos na luta contra a MP 873. - Federa\u00e7\u00e3o dos Municip\u00e1rios do Estado do Rio Grande do Sul\" \/>\n<meta property=\"og:description\" content=\"A Central dos Sindicatos Brasileiros (CSB), junto a demais entidades sindicais, se reuniu na noite desta ter\u00e7a-feira (12) com o presidente do Senado, Davi Alcolumbre, para tratar da Medida Provis\u00f3ria (MP) 873, publicada pelo Di\u00e1rio Oficial da Uni\u00e3o no \u00faltimo dia 1\u00ba de mar\u00e7o, que, de maneira inconstitucional, fere os princ\u00edpios da liberdade e autonomia [&hellip;]\" \/>\n<meta property=\"og:url\" content=\"https:\/\/femergs.com.br\/wfe\/blog\/csb-rs-e-femergs-unidos-na-luta-contra-a-mp-873\/\" \/>\n<meta property=\"og:site_name\" content=\"Federa\u00e7\u00e3o dos Municip\u00e1rios do Estado do Rio Grande do Sul\" \/>\n<meta property=\"article:publisher\" content=\"https:\/\/www.facebook.com\/profile.php?id=100057151733001\" \/>\n<meta property=\"article:published_time\" content=\"2019-03-15T10:34:38+00:00\" \/>\n<meta name=\"author\" content=\"adminfemergs\" \/>\n<meta name=\"twitter:card\" content=\"summary_large_image\" \/>\n<meta name=\"twitter:label1\" content=\"Escrito por\" \/>\n\t<meta name=\"twitter:data1\" content=\"adminfemergs\" \/>\n\t<meta name=\"twitter:label2\" content=\"Est. tempo de leitura\" \/>\n\t<meta name=\"twitter:data2\" content=\"3 minutos\" \/>\n<script type=\"application\/ld+json\" class=\"yoast-schema-graph\">{\"@context\":\"https:\/\/schema.org\",\"@graph\":[{\"@type\":\"Article\",\"@id\":\"https:\/\/femergs.com.br\/wfe\/blog\/csb-rs-e-femergs-unidos-na-luta-contra-a-mp-873\/#article\",\"isPartOf\":{\"@id\":\"https:\/\/femergs.com.br\/wfe\/blog\/csb-rs-e-femergs-unidos-na-luta-contra-a-mp-873\/\"},\"author\":{\"name\":\"adminfemergs\",\"@id\":\"https:\/\/femergs.com.br\/wfe\/#\/schema\/person\/f5558e6b5ffc044ee085016237dedb7f\"},\"headline\":\"CSB \/ RS e FEMERGS unidos na luta contra a MP 873.\",\"datePublished\":\"2019-03-15T10:34:38+00:00\",\"mainEntityOfPage\":{\"@id\":\"https:\/\/femergs.com.br\/wfe\/blog\/csb-rs-e-femergs-unidos-na-luta-contra-a-mp-873\/\"},\"wordCount\":677,\"publisher\":{\"@id\":\"https:\/\/femergs.com.br\/wfe\/#organization\"},\"keywords\":[\"NULL\"],\"articleSection\":[\"ARQUIVADAS\"],\"inLanguage\":\"pt-BR\"},{\"@type\":\"WebPage\",\"@id\":\"https:\/\/femergs.com.br\/wfe\/blog\/csb-rs-e-femergs-unidos-na-luta-contra-a-mp-873\/\",\"url\":\"https:\/\/femergs.com.br\/wfe\/blog\/csb-rs-e-femergs-unidos-na-luta-contra-a-mp-873\/\",\"name\":\"CSB \/ RS e FEMERGS unidos na luta contra a MP 873. - Federa\u00e7\u00e3o dos Municip\u00e1rios do Estado do Rio Grande do Sul\",\"isPartOf\":{\"@id\":\"https:\/\/femergs.com.br\/wfe\/#website\"},\"datePublished\":\"2019-03-15T10:34:38+00:00\",\"breadcrumb\":{\"@id\":\"https:\/\/femergs.com.br\/wfe\/blog\/csb-rs-e-femergs-unidos-na-luta-contra-a-mp-873\/#breadcrumb\"},\"inLanguage\":\"pt-BR\",\"potentialAction\":[{\"@type\":\"ReadAction\",\"target\":[\"https:\/\/femergs.com.br\/wfe\/blog\/csb-rs-e-femergs-unidos-na-luta-contra-a-mp-873\/\"]}]},{\"@type\":\"BreadcrumbList\",\"@id\":\"https:\/\/femergs.com.br\/wfe\/blog\/csb-rs-e-femergs-unidos-na-luta-contra-a-mp-873\/#breadcrumb\",\"itemListElement\":[{\"@type\":\"ListItem\",\"position\":1,\"name\":\"In\u00edcio\",\"item\":\"https:\/\/femergs.com.br\/wfe\/\"},{\"@type\":\"ListItem\",\"position\":2,\"name\":\"CSB \/ RS e FEMERGS unidos na luta contra a MP 873.\"}]},{\"@type\":\"WebSite\",\"@id\":\"https:\/\/femergs.com.br\/wfe\/#website\",\"url\":\"https:\/\/femergs.com.br\/wfe\/\",\"name\":\"FEMERGS\",\"description\":\"FEDERA\u00c7\u00c3O DOS MUNICIP\u00c1RIOS DO ESTADO DO RIO GRANDE DO SUL\",\"publisher\":{\"@id\":\"https:\/\/femergs.com.br\/wfe\/#organization\"},\"potentialAction\":[{\"@type\":\"SearchAction\",\"target\":{\"@type\":\"EntryPoint\",\"urlTemplate\":\"https:\/\/femergs.com.br\/wfe\/?s={search_term_string}\"},\"query-input\":{\"@type\":\"PropertyValueSpecification\",\"valueRequired\":true,\"valueName\":\"search_term_string\"}}],\"inLanguage\":\"pt-BR\"},{\"@type\":\"Organization\",\"@id\":\"https:\/\/femergs.com.br\/wfe\/#organization\",\"name\":\"FEMERGS\",\"url\":\"https:\/\/femergs.com.br\/wfe\/\",\"logo\":{\"@type\":\"ImageObject\",\"inLanguage\":\"pt-BR\",\"@id\":\"https:\/\/femergs.com.br\/wfe\/#\/schema\/logo\/image\/\",\"url\":\"https:\/\/femergs.com.br\/wfe\/wp-content\/uploads\/2025\/06\/logotipo.png\",\"contentUrl\":\"https:\/\/femergs.com.br\/wfe\/wp-content\/uploads\/2025\/06\/logotipo.png\",\"width\":500,\"height\":500,\"caption\":\"FEMERGS\"},\"image\":{\"@id\":\"https:\/\/femergs.com.br\/wfe\/#\/schema\/logo\/image\/\"},\"sameAs\":[\"https:\/\/www.facebook.com\/profile.php?id=100057151733001\",\"https:\/\/www.instagram.com\/femergs_rs\/\"]},{\"@type\":\"Person\",\"@id\":\"https:\/\/femergs.com.br\/wfe\/#\/schema\/person\/f5558e6b5ffc044ee085016237dedb7f\",\"name\":\"adminfemergs\",\"image\":{\"@type\":\"ImageObject\",\"inLanguage\":\"pt-BR\",\"@id\":\"https:\/\/femergs.com.br\/wfe\/#\/schema\/person\/image\/\",\"url\":\"https:\/\/secure.gravatar.com\/avatar\/398642fa557cdd524617ad9b31c938845f071aeb3448b9c0aeb29aefc495337b?s=96&d=mm&r=g\",\"contentUrl\":\"https:\/\/secure.gravatar.com\/avatar\/398642fa557cdd524617ad9b31c938845f071aeb3448b9c0aeb29aefc495337b?s=96&d=mm&r=g\",\"caption\":\"adminfemergs\"},\"sameAs\":[\"https:\/\/femergs.com.br\/wfe\"],\"url\":\"https:\/\/femergs.com.br\/wfe\/blog\/author\/adminfemergs\/\"}]}<\/script>\n<!-- \/ Yoast SEO plugin. -->","yoast_head_json":{"title":"CSB \/ RS e FEMERGS unidos na luta contra a MP 873. - Federa\u00e7\u00e3o dos Municip\u00e1rios do Estado do Rio Grande do Sul","robots":{"index":"index","follow":"follow","max-snippet":"max-snippet:-1","max-image-preview":"max-image-preview:large","max-video-preview":"max-video-preview:-1"},"canonical":"https:\/\/femergs.com.br\/wfe\/blog\/csb-rs-e-femergs-unidos-na-luta-contra-a-mp-873\/","og_locale":"pt_BR","og_type":"article","og_title":"CSB \/ RS e FEMERGS unidos na luta contra a MP 873. - Federa\u00e7\u00e3o dos Municip\u00e1rios do Estado do Rio Grande do Sul","og_description":"A Central dos Sindicatos Brasileiros (CSB), junto a demais entidades sindicais, se reuniu na noite desta ter\u00e7a-feira (12) com o presidente do Senado, Davi Alcolumbre, para tratar da Medida Provis\u00f3ria (MP) 873, publicada pelo Di\u00e1rio Oficial da Uni\u00e3o no \u00faltimo dia 1\u00ba de mar\u00e7o, que, de maneira inconstitucional, fere os princ\u00edpios da liberdade e autonomia [&hellip;]","og_url":"https:\/\/femergs.com.br\/wfe\/blog\/csb-rs-e-femergs-unidos-na-luta-contra-a-mp-873\/","og_site_name":"Federa\u00e7\u00e3o dos Municip\u00e1rios do Estado do Rio Grande do Sul","article_publisher":"https:\/\/www.facebook.com\/profile.php?id=100057151733001","article_published_time":"2019-03-15T10:34:38+00:00","author":"adminfemergs","twitter_card":"summary_large_image","twitter_misc":{"Escrito por":"adminfemergs","Est. tempo de leitura":"3 minutos"},"schema":{"@context":"https:\/\/schema.org","@graph":[{"@type":"Article","@id":"https:\/\/femergs.com.br\/wfe\/blog\/csb-rs-e-femergs-unidos-na-luta-contra-a-mp-873\/#article","isPartOf":{"@id":"https:\/\/femergs.com.br\/wfe\/blog\/csb-rs-e-femergs-unidos-na-luta-contra-a-mp-873\/"},"author":{"name":"adminfemergs","@id":"https:\/\/femergs.com.br\/wfe\/#\/schema\/person\/f5558e6b5ffc044ee085016237dedb7f"},"headline":"CSB \/ RS e FEMERGS unidos na luta contra a MP 873.","datePublished":"2019-03-15T10:34:38+00:00","mainEntityOfPage":{"@id":"https:\/\/femergs.com.br\/wfe\/blog\/csb-rs-e-femergs-unidos-na-luta-contra-a-mp-873\/"},"wordCount":677,"publisher":{"@id":"https:\/\/femergs.com.br\/wfe\/#organization"},"keywords":["NULL"],"articleSection":["ARQUIVADAS"],"inLanguage":"pt-BR"},{"@type":"WebPage","@id":"https:\/\/femergs.com.br\/wfe\/blog\/csb-rs-e-femergs-unidos-na-luta-contra-a-mp-873\/","url":"https:\/\/femergs.com.br\/wfe\/blog\/csb-rs-e-femergs-unidos-na-luta-contra-a-mp-873\/","name":"CSB \/ RS e FEMERGS unidos na luta contra a MP 873. - Federa\u00e7\u00e3o dos Municip\u00e1rios do Estado do Rio Grande do Sul","isPartOf":{"@id":"https:\/\/femergs.com.br\/wfe\/#website"},"datePublished":"2019-03-15T10:34:38+00:00","breadcrumb":{"@id":"https:\/\/femergs.com.br\/wfe\/blog\/csb-rs-e-femergs-unidos-na-luta-contra-a-mp-873\/#breadcrumb"},"inLanguage":"pt-BR","potentialAction":[{"@type":"ReadAction","target":["https:\/\/femergs.com.br\/wfe\/blog\/csb-rs-e-femergs-unidos-na-luta-contra-a-mp-873\/"]}]},{"@type":"BreadcrumbList","@id":"https:\/\/femergs.com.br\/wfe\/blog\/csb-rs-e-femergs-unidos-na-luta-contra-a-mp-873\/#breadcrumb","itemListElement":[{"@type":"ListItem","position":1,"name":"In\u00edcio","item":"https:\/\/femergs.com.br\/wfe\/"},{"@type":"ListItem","position":2,"name":"CSB \/ RS e FEMERGS unidos na luta contra a MP 873."}]},{"@type":"WebSite","@id":"https:\/\/femergs.com.br\/wfe\/#website","url":"https:\/\/femergs.com.br\/wfe\/","name":"FEMERGS","description":"FEDERA\u00c7\u00c3O DOS MUNICIP\u00c1RIOS DO ESTADO DO RIO GRANDE DO SUL","publisher":{"@id":"https:\/\/femergs.com.br\/wfe\/#organization"},"potentialAction":[{"@type":"SearchAction","target":{"@type":"EntryPoint","urlTemplate":"https:\/\/femergs.com.br\/wfe\/?s={search_term_string}"},"query-input":{"@type":"PropertyValueSpecification","valueRequired":true,"valueName":"search_term_string"}}],"inLanguage":"pt-BR"},{"@type":"Organization","@id":"https:\/\/femergs.com.br\/wfe\/#organization","name":"FEMERGS","url":"https:\/\/femergs.com.br\/wfe\/","logo":{"@type":"ImageObject","inLanguage":"pt-BR","@id":"https:\/\/femergs.com.br\/wfe\/#\/schema\/logo\/image\/","url":"https:\/\/femergs.com.br\/wfe\/wp-content\/uploads\/2025\/06\/logotipo.png","contentUrl":"https:\/\/femergs.com.br\/wfe\/wp-content\/uploads\/2025\/06\/logotipo.png","width":500,"height":500,"caption":"FEMERGS"},"image":{"@id":"https:\/\/femergs.com.br\/wfe\/#\/schema\/logo\/image\/"},"sameAs":["https:\/\/www.facebook.com\/profile.php?id=100057151733001","https:\/\/www.instagram.com\/femergs_rs\/"]},{"@type":"Person","@id":"https:\/\/femergs.com.br\/wfe\/#\/schema\/person\/f5558e6b5ffc044ee085016237dedb7f","name":"adminfemergs","image":{"@type":"ImageObject","inLanguage":"pt-BR","@id":"https:\/\/femergs.com.br\/wfe\/#\/schema\/person\/image\/","url":"https:\/\/secure.gravatar.com\/avatar\/398642fa557cdd524617ad9b31c938845f071aeb3448b9c0aeb29aefc495337b?s=96&d=mm&r=g","contentUrl":"https:\/\/secure.gravatar.com\/avatar\/398642fa557cdd524617ad9b31c938845f071aeb3448b9c0aeb29aefc495337b?s=96&d=mm&r=g","caption":"adminfemergs"},"sameAs":["https:\/\/femergs.com.br\/wfe"],"url":"https:\/\/femergs.com.br\/wfe\/blog\/author\/adminfemergs\/"}]}},"uagb_featured_image_src":{"full":false,"thumbnail":false,"medium":false,"medium_large":false,"large":false,"1536x1536":false,"2048x2048":false,"ultp_layout_landscape_large":false,"ultp_layout_landscape":false,"ultp_layout_portrait":false,"ultp_layout_square":false},"uagb_author_info":{"display_name":"adminfemergs","author_link":"https:\/\/femergs.com.br\/wfe\/blog\/author\/adminfemergs\/"},"uagb_comment_info":0,"uagb_excerpt":"A Central dos Sindicatos Brasileiros (CSB), junto a demais entidades sindicais, se reuniu na noite desta ter\u00e7a-feira (12) com o presidente do Senado, Davi Alcolumbre, para tratar da Medida Provis\u00f3ria (MP) 873, publicada pelo Di\u00e1rio Oficial da Uni\u00e3o no \u00faltimo dia 1\u00ba de mar\u00e7o, que, de maneira inconstitucional, fere os princ\u00edpios da liberdade e autonomia&hellip;","_links":{"self":[{"href":"https:\/\/femergs.com.br\/wfe\/wp-json\/wp\/v2\/posts\/1173","targetHints":{"allow":["GET"]}}],"collection":[{"href":"https:\/\/femergs.com.br\/wfe\/wp-json\/wp\/v2\/posts"}],"about":[{"href":"https:\/\/femergs.com.br\/wfe\/wp-json\/wp\/v2\/types\/post"}],"author":[{"embeddable":true,"href":"https:\/\/femergs.com.br\/wfe\/wp-json\/wp\/v2\/users\/1"}],"replies":[{"embeddable":true,"href":"https:\/\/femergs.com.br\/wfe\/wp-json\/wp\/v2\/comments?post=1173"}],"version-history":[{"count":0,"href":"https:\/\/femergs.com.br\/wfe\/wp-json\/wp\/v2\/posts\/1173\/revisions"}],"wp:attachment":[{"href":"https:\/\/femergs.com.br\/wfe\/wp-json\/wp\/v2\/media?parent=1173"}],"wp:term":[{"taxonomy":"category","embeddable":true,"href":"https:\/\/femergs.com.br\/wfe\/wp-json\/wp\/v2\/categories?post=1173"},{"taxonomy":"post_tag","embeddable":true,"href":"https:\/\/femergs.com.br\/wfe\/wp-json\/wp\/v2\/tags?post=1173"}],"curies":[{"name":"wp","href":"https:\/\/api.w.org\/{rel}","templated":true}]}}