{"id":1176,"date":"2019-04-05T09:25:23","date_gmt":"2019-04-05T09:25:23","guid":{"rendered":"https:\/\/femergs.com.br\/wfe\/blog\/femergs-lanca-abaixo-assinado-contra-reforma-da-previdencia\/"},"modified":"2019-04-05T09:25:23","modified_gmt":"2019-04-05T09:25:23","slug":"femergs-lanca-abaixo-assinado-contra-reforma-da-previdencia","status":"publish","type":"post","link":"https:\/\/femergs.com.br\/wfe\/blog\/femergs-lanca-abaixo-assinado-contra-reforma-da-previdencia\/","title":{"rendered":"FEMERGS lan\u00e7a abaixo-assinado contra reforma da Previd\u00eancia"},"content":{"rendered":"<p>Segundo o texto, a emenda constitucional n\u00e3o mexe com os devedores da Previd\u00eancia, incentiva a \u201ccapitaliza\u00e7\u00e3o individual\u201d, que deixa o trabalhador abandonado pelo Estado na sua velhice ou invalidez, \u201cs\u00f3 beneficiando os bancos e grandes empresas\u201d. De acordo com o Presidente Vilson Jo\u00e3o Weber, &#8220;a PEC n\u00e3o combate privil\u00e9gios, ela desconstitualiza a quest\u00e3o previd\u00eanciaria, s\u00f3 \u00e9 boa para quem ficar de fora dela e para quem com ela lucrar.&#8221;<\/p>\n<p>No documento, as Centrais e a Federa\u00e7\u00e3o dos Municip\u00e1rios do Estado do Rio Grande do Sul, destacam que a PEC 06\/2019 \u201catinge todos os segmentos da classe trabalhadora, dificultando o acesso \u00e0 aposentadoria e for\u00e7ando as pessoas a trabalhar por mais tempo e receber menores benef\u00edcios\u201d. Tamb\u00e9m alertam que a<br \/>\nproposta de Bolsonaro leva \u00e0 desconstitucionaliza\u00e7\u00e3o do sistema de Seguridade Social.<\/p>\n<p>No documento, que deve ser entregue ao presidente da C\u00e2mara, Rodrigo Maia (DEM-RJ), ap\u00f3s o 1\u00ba de maio unificado, as entidades sindicais apontam que esta reforma dificultar\u00e1 o acesso \u00e0 aposentadoria, al\u00e9m de aumentar o tempo de contribui\u00e7\u00e3o, diminuir os valores dos benef\u00edcios e amea\u00e7ar a Seguridade Social. O projeto tamb\u00e9m n\u00e3o combate a sonega\u00e7\u00e3o das empresas devedoras e incentiva a previd\u00eancia privada.<\/p>\n<p>As listas ficar\u00e3o dispon\u00edveis, e os sindicatos devem repassar para assinatura dos trabalhadores de suas bases.<\/p>\n<p>ACESSO AO ABAIXO ASSINADO:<br \/>\n <a href=\"http:\/\/www.femergs.com.br\/documento\/4\/abaixo-assinado-reforma-trabalhista\">http:\/\/www.femergs.com.br\/documento\/4\/abaixo-assinado-reforma-trabalhista<\/a><\/p>\n","protected":false},"excerpt":{"rendered":"<p>Segundo o texto, a emenda constitucional n\u00e3o mexe com os devedores da Previd\u00eancia, incentiva a \u201ccapitaliza\u00e7\u00e3o individual\u201d, que deixa o trabalhador abandonado pelo Estado na sua velhice ou invalidez, \u201cs\u00f3 beneficiando os bancos e grandes empresas\u201d. De acordo com o Presidente Vilson Jo\u00e3o Weber, &#8220;a PEC n\u00e3o combate privil\u00e9gios, ela desconstitualiza a quest\u00e3o previd\u00eanciaria, s\u00f3 [&hellip;]<\/p>\n","protected":false},"author":1,"featured_media":0,"comment_status":"closed","ping_status":"closed","sticky":false,"template":"","format":"standard","meta":{"_eb_attr":"","_uag_custom_page_level_css":"","fifu_image_url":"","fifu_image_alt":"","footnotes":""},"categories":[1],"tags":[32],"class_list":["post-1176","post","type-post","status-publish","format-standard","hentry","category-arquivadas","tag-null"],"yoast_head":"<!-- This site is optimized with the Yoast SEO plugin v27.1.1 - https:\/\/yoast.com\/product\/yoast-seo-wordpress\/ -->\n<title>FEMERGS lan\u00e7a abaixo-assinado contra reforma da Previd\u00eancia - Federa\u00e7\u00e3o dos Municip\u00e1rios do Estado do Rio Grande do Sul<\/title>\n<meta name=\"robots\" content=\"index, follow, max-snippet:-1, max-image-preview:large, max-video-preview:-1\" \/>\n<link rel=\"canonical\" href=\"https:\/\/femergs.com.br\/wfe\/blog\/femergs-lanca-abaixo-assinado-contra-reforma-da-previdencia\/\" \/>\n<meta property=\"og:locale\" content=\"pt_BR\" \/>\n<meta property=\"og:type\" content=\"article\" \/>\n<meta property=\"og:title\" content=\"FEMERGS lan\u00e7a abaixo-assinado contra reforma da Previd\u00eancia - Federa\u00e7\u00e3o dos Municip\u00e1rios do Estado do Rio Grande do Sul\" \/>\n<meta property=\"og:description\" content=\"Segundo o texto, a emenda constitucional n\u00e3o mexe com os devedores da Previd\u00eancia, incentiva a \u201ccapitaliza\u00e7\u00e3o individual\u201d, que deixa o trabalhador abandonado pelo Estado na sua velhice ou invalidez, \u201cs\u00f3 beneficiando os bancos e grandes empresas\u201d. De acordo com o Presidente Vilson Jo\u00e3o Weber, &#8220;a PEC n\u00e3o combate privil\u00e9gios, ela desconstitualiza a quest\u00e3o previd\u00eanciaria, s\u00f3 [&hellip;]\" \/>\n<meta property=\"og:url\" content=\"https:\/\/femergs.com.br\/wfe\/blog\/femergs-lanca-abaixo-assinado-contra-reforma-da-previdencia\/\" \/>\n<meta property=\"og:site_name\" content=\"Federa\u00e7\u00e3o dos Municip\u00e1rios do Estado do Rio Grande do Sul\" \/>\n<meta property=\"article:publisher\" content=\"https:\/\/www.facebook.com\/profile.php?id=100057151733001\" \/>\n<meta property=\"article:published_time\" content=\"2019-04-05T09:25:23+00:00\" \/>\n<meta name=\"author\" content=\"adminfemergs\" \/>\n<meta name=\"twitter:card\" content=\"summary_large_image\" \/>\n<meta name=\"twitter:label1\" content=\"Escrito por\" \/>\n\t<meta name=\"twitter:data1\" content=\"adminfemergs\" \/>\n\t<meta name=\"twitter:label2\" content=\"Est. tempo de leitura\" \/>\n\t<meta name=\"twitter:data2\" content=\"1 minuto\" \/>\n<script type=\"application\/ld+json\" class=\"yoast-schema-graph\">{\"@context\":\"https:\/\/schema.org\",\"@graph\":[{\"@type\":\"Article\",\"@id\":\"https:\/\/femergs.com.br\/wfe\/blog\/femergs-lanca-abaixo-assinado-contra-reforma-da-previdencia\/#article\",\"isPartOf\":{\"@id\":\"https:\/\/femergs.com.br\/wfe\/blog\/femergs-lanca-abaixo-assinado-contra-reforma-da-previdencia\/\"},\"author\":{\"name\":\"adminfemergs\",\"@id\":\"https:\/\/femergs.com.br\/wfe\/#\/schema\/person\/f5558e6b5ffc044ee085016237dedb7f\"},\"headline\":\"FEMERGS lan\u00e7a abaixo-assinado contra reforma da Previd\u00eancia\",\"datePublished\":\"2019-04-05T09:25:23+00:00\",\"mainEntityOfPage\":{\"@id\":\"https:\/\/femergs.com.br\/wfe\/blog\/femergs-lanca-abaixo-assinado-contra-reforma-da-previdencia\/\"},\"wordCount\":249,\"publisher\":{\"@id\":\"https:\/\/femergs.com.br\/wfe\/#organization\"},\"keywords\":[\"NULL\"],\"articleSection\":[\"ARQUIVADAS\"],\"inLanguage\":\"pt-BR\"},{\"@type\":\"WebPage\",\"@id\":\"https:\/\/femergs.com.br\/wfe\/blog\/femergs-lanca-abaixo-assinado-contra-reforma-da-previdencia\/\",\"url\":\"https:\/\/femergs.com.br\/wfe\/blog\/femergs-lanca-abaixo-assinado-contra-reforma-da-previdencia\/\",\"name\":\"FEMERGS lan\u00e7a abaixo-assinado contra reforma da Previd\u00eancia - Federa\u00e7\u00e3o dos Municip\u00e1rios do Estado do Rio Grande do Sul\",\"isPartOf\":{\"@id\":\"https:\/\/femergs.com.br\/wfe\/#website\"},\"datePublished\":\"2019-04-05T09:25:23+00:00\",\"breadcrumb\":{\"@id\":\"https:\/\/femergs.com.br\/wfe\/blog\/femergs-lanca-abaixo-assinado-contra-reforma-da-previdencia\/#breadcrumb\"},\"inLanguage\":\"pt-BR\",\"potentialAction\":[{\"@type\":\"ReadAction\",\"target\":[\"https:\/\/femergs.com.br\/wfe\/blog\/femergs-lanca-abaixo-assinado-contra-reforma-da-previdencia\/\"]}]},{\"@type\":\"BreadcrumbList\",\"@id\":\"https:\/\/femergs.com.br\/wfe\/blog\/femergs-lanca-abaixo-assinado-contra-reforma-da-previdencia\/#breadcrumb\",\"itemListElement\":[{\"@type\":\"ListItem\",\"position\":1,\"name\":\"In\u00edcio\",\"item\":\"https:\/\/femergs.com.br\/wfe\/\"},{\"@type\":\"ListItem\",\"position\":2,\"name\":\"FEMERGS lan\u00e7a abaixo-assinado contra reforma da Previd\u00eancia\"}]},{\"@type\":\"WebSite\",\"@id\":\"https:\/\/femergs.com.br\/wfe\/#website\",\"url\":\"https:\/\/femergs.com.br\/wfe\/\",\"name\":\"FEMERGS\",\"description\":\"FEDERA\u00c7\u00c3O DOS MUNICIP\u00c1RIOS DO ESTADO DO RIO GRANDE DO SUL\",\"publisher\":{\"@id\":\"https:\/\/femergs.com.br\/wfe\/#organization\"},\"potentialAction\":[{\"@type\":\"SearchAction\",\"target\":{\"@type\":\"EntryPoint\",\"urlTemplate\":\"https:\/\/femergs.com.br\/wfe\/?s={search_term_string}\"},\"query-input\":{\"@type\":\"PropertyValueSpecification\",\"valueRequired\":true,\"valueName\":\"search_term_string\"}}],\"inLanguage\":\"pt-BR\"},{\"@type\":\"Organization\",\"@id\":\"https:\/\/femergs.com.br\/wfe\/#organization\",\"name\":\"FEMERGS\",\"url\":\"https:\/\/femergs.com.br\/wfe\/\",\"logo\":{\"@type\":\"ImageObject\",\"inLanguage\":\"pt-BR\",\"@id\":\"https:\/\/femergs.com.br\/wfe\/#\/schema\/logo\/image\/\",\"url\":\"https:\/\/femergs.com.br\/wfe\/wp-content\/uploads\/2025\/06\/logotipo.png\",\"contentUrl\":\"https:\/\/femergs.com.br\/wfe\/wp-content\/uploads\/2025\/06\/logotipo.png\",\"width\":500,\"height\":500,\"caption\":\"FEMERGS\"},\"image\":{\"@id\":\"https:\/\/femergs.com.br\/wfe\/#\/schema\/logo\/image\/\"},\"sameAs\":[\"https:\/\/www.facebook.com\/profile.php?id=100057151733001\",\"https:\/\/www.instagram.com\/femergs_rs\/\"]},{\"@type\":\"Person\",\"@id\":\"https:\/\/femergs.com.br\/wfe\/#\/schema\/person\/f5558e6b5ffc044ee085016237dedb7f\",\"name\":\"adminfemergs\",\"image\":{\"@type\":\"ImageObject\",\"inLanguage\":\"pt-BR\",\"@id\":\"https:\/\/femergs.com.br\/wfe\/#\/schema\/person\/image\/\",\"url\":\"https:\/\/secure.gravatar.com\/avatar\/398642fa557cdd524617ad9b31c938845f071aeb3448b9c0aeb29aefc495337b?s=96&d=mm&r=g\",\"contentUrl\":\"https:\/\/secure.gravatar.com\/avatar\/398642fa557cdd524617ad9b31c938845f071aeb3448b9c0aeb29aefc495337b?s=96&d=mm&r=g\",\"caption\":\"adminfemergs\"},\"sameAs\":[\"https:\/\/femergs.com.br\/wfe\"],\"url\":\"https:\/\/femergs.com.br\/wfe\/blog\/author\/adminfemergs\/\"}]}<\/script>\n<!-- \/ Yoast SEO plugin. -->","yoast_head_json":{"title":"FEMERGS lan\u00e7a abaixo-assinado contra reforma da Previd\u00eancia - Federa\u00e7\u00e3o dos Municip\u00e1rios do Estado do Rio Grande do Sul","robots":{"index":"index","follow":"follow","max-snippet":"max-snippet:-1","max-image-preview":"max-image-preview:large","max-video-preview":"max-video-preview:-1"},"canonical":"https:\/\/femergs.com.br\/wfe\/blog\/femergs-lanca-abaixo-assinado-contra-reforma-da-previdencia\/","og_locale":"pt_BR","og_type":"article","og_title":"FEMERGS lan\u00e7a abaixo-assinado contra reforma da Previd\u00eancia - Federa\u00e7\u00e3o dos Municip\u00e1rios do Estado do Rio Grande do Sul","og_description":"Segundo o texto, a emenda constitucional n\u00e3o mexe com os devedores da Previd\u00eancia, incentiva a \u201ccapitaliza\u00e7\u00e3o individual\u201d, que deixa o trabalhador abandonado pelo Estado na sua velhice ou invalidez, \u201cs\u00f3 beneficiando os bancos e grandes empresas\u201d. De acordo com o Presidente Vilson Jo\u00e3o Weber, &#8220;a PEC n\u00e3o combate privil\u00e9gios, ela desconstitualiza a quest\u00e3o previd\u00eanciaria, s\u00f3 [&hellip;]","og_url":"https:\/\/femergs.com.br\/wfe\/blog\/femergs-lanca-abaixo-assinado-contra-reforma-da-previdencia\/","og_site_name":"Federa\u00e7\u00e3o dos Municip\u00e1rios do Estado do Rio Grande do Sul","article_publisher":"https:\/\/www.facebook.com\/profile.php?id=100057151733001","article_published_time":"2019-04-05T09:25:23+00:00","author":"adminfemergs","twitter_card":"summary_large_image","twitter_misc":{"Escrito por":"adminfemergs","Est. tempo de leitura":"1 minuto"},"schema":{"@context":"https:\/\/schema.org","@graph":[{"@type":"Article","@id":"https:\/\/femergs.com.br\/wfe\/blog\/femergs-lanca-abaixo-assinado-contra-reforma-da-previdencia\/#article","isPartOf":{"@id":"https:\/\/femergs.com.br\/wfe\/blog\/femergs-lanca-abaixo-assinado-contra-reforma-da-previdencia\/"},"author":{"name":"adminfemergs","@id":"https:\/\/femergs.com.br\/wfe\/#\/schema\/person\/f5558e6b5ffc044ee085016237dedb7f"},"headline":"FEMERGS lan\u00e7a abaixo-assinado contra reforma da Previd\u00eancia","datePublished":"2019-04-05T09:25:23+00:00","mainEntityOfPage":{"@id":"https:\/\/femergs.com.br\/wfe\/blog\/femergs-lanca-abaixo-assinado-contra-reforma-da-previdencia\/"},"wordCount":249,"publisher":{"@id":"https:\/\/femergs.com.br\/wfe\/#organization"},"keywords":["NULL"],"articleSection":["ARQUIVADAS"],"inLanguage":"pt-BR"},{"@type":"WebPage","@id":"https:\/\/femergs.com.br\/wfe\/blog\/femergs-lanca-abaixo-assinado-contra-reforma-da-previdencia\/","url":"https:\/\/femergs.com.br\/wfe\/blog\/femergs-lanca-abaixo-assinado-contra-reforma-da-previdencia\/","name":"FEMERGS lan\u00e7a abaixo-assinado contra reforma da Previd\u00eancia - Federa\u00e7\u00e3o dos Municip\u00e1rios do Estado do Rio Grande do Sul","isPartOf":{"@id":"https:\/\/femergs.com.br\/wfe\/#website"},"datePublished":"2019-04-05T09:25:23+00:00","breadcrumb":{"@id":"https:\/\/femergs.com.br\/wfe\/blog\/femergs-lanca-abaixo-assinado-contra-reforma-da-previdencia\/#breadcrumb"},"inLanguage":"pt-BR","potentialAction":[{"@type":"ReadAction","target":["https:\/\/femergs.com.br\/wfe\/blog\/femergs-lanca-abaixo-assinado-contra-reforma-da-previdencia\/"]}]},{"@type":"BreadcrumbList","@id":"https:\/\/femergs.com.br\/wfe\/blog\/femergs-lanca-abaixo-assinado-contra-reforma-da-previdencia\/#breadcrumb","itemListElement":[{"@type":"ListItem","position":1,"name":"In\u00edcio","item":"https:\/\/femergs.com.br\/wfe\/"},{"@type":"ListItem","position":2,"name":"FEMERGS lan\u00e7a abaixo-assinado contra reforma da Previd\u00eancia"}]},{"@type":"WebSite","@id":"https:\/\/femergs.com.br\/wfe\/#website","url":"https:\/\/femergs.com.br\/wfe\/","name":"FEMERGS","description":"FEDERA\u00c7\u00c3O DOS MUNICIP\u00c1RIOS DO ESTADO DO RIO GRANDE DO SUL","publisher":{"@id":"https:\/\/femergs.com.br\/wfe\/#organization"},"potentialAction":[{"@type":"SearchAction","target":{"@type":"EntryPoint","urlTemplate":"https:\/\/femergs.com.br\/wfe\/?s={search_term_string}"},"query-input":{"@type":"PropertyValueSpecification","valueRequired":true,"valueName":"search_term_string"}}],"inLanguage":"pt-BR"},{"@type":"Organization","@id":"https:\/\/femergs.com.br\/wfe\/#organization","name":"FEMERGS","url":"https:\/\/femergs.com.br\/wfe\/","logo":{"@type":"ImageObject","inLanguage":"pt-BR","@id":"https:\/\/femergs.com.br\/wfe\/#\/schema\/logo\/image\/","url":"https:\/\/femergs.com.br\/wfe\/wp-content\/uploads\/2025\/06\/logotipo.png","contentUrl":"https:\/\/femergs.com.br\/wfe\/wp-content\/uploads\/2025\/06\/logotipo.png","width":500,"height":500,"caption":"FEMERGS"},"image":{"@id":"https:\/\/femergs.com.br\/wfe\/#\/schema\/logo\/image\/"},"sameAs":["https:\/\/www.facebook.com\/profile.php?id=100057151733001","https:\/\/www.instagram.com\/femergs_rs\/"]},{"@type":"Person","@id":"https:\/\/femergs.com.br\/wfe\/#\/schema\/person\/f5558e6b5ffc044ee085016237dedb7f","name":"adminfemergs","image":{"@type":"ImageObject","inLanguage":"pt-BR","@id":"https:\/\/femergs.com.br\/wfe\/#\/schema\/person\/image\/","url":"https:\/\/secure.gravatar.com\/avatar\/398642fa557cdd524617ad9b31c938845f071aeb3448b9c0aeb29aefc495337b?s=96&d=mm&r=g","contentUrl":"https:\/\/secure.gravatar.com\/avatar\/398642fa557cdd524617ad9b31c938845f071aeb3448b9c0aeb29aefc495337b?s=96&d=mm&r=g","caption":"adminfemergs"},"sameAs":["https:\/\/femergs.com.br\/wfe"],"url":"https:\/\/femergs.com.br\/wfe\/blog\/author\/adminfemergs\/"}]}},"uagb_featured_image_src":{"full":false,"thumbnail":false,"medium":false,"medium_large":false,"large":false,"1536x1536":false,"2048x2048":false,"ultp_layout_landscape_large":false,"ultp_layout_landscape":false,"ultp_layout_portrait":false,"ultp_layout_square":false},"uagb_author_info":{"display_name":"adminfemergs","author_link":"https:\/\/femergs.com.br\/wfe\/blog\/author\/adminfemergs\/"},"uagb_comment_info":0,"uagb_excerpt":"Segundo o texto, a emenda constitucional n\u00e3o mexe com os devedores da Previd\u00eancia, incentiva a \u201ccapitaliza\u00e7\u00e3o individual\u201d, que deixa o trabalhador abandonado pelo Estado na sua velhice ou invalidez, \u201cs\u00f3 beneficiando os bancos e grandes empresas\u201d. De acordo com o Presidente Vilson Jo\u00e3o Weber, &#8220;a PEC n\u00e3o combate privil\u00e9gios, ela desconstitualiza a quest\u00e3o previd\u00eanciaria, s\u00f3&hellip;","_links":{"self":[{"href":"https:\/\/femergs.com.br\/wfe\/wp-json\/wp\/v2\/posts\/1176","targetHints":{"allow":["GET"]}}],"collection":[{"href":"https:\/\/femergs.com.br\/wfe\/wp-json\/wp\/v2\/posts"}],"about":[{"href":"https:\/\/femergs.com.br\/wfe\/wp-json\/wp\/v2\/types\/post"}],"author":[{"embeddable":true,"href":"https:\/\/femergs.com.br\/wfe\/wp-json\/wp\/v2\/users\/1"}],"replies":[{"embeddable":true,"href":"https:\/\/femergs.com.br\/wfe\/wp-json\/wp\/v2\/comments?post=1176"}],"version-history":[{"count":0,"href":"https:\/\/femergs.com.br\/wfe\/wp-json\/wp\/v2\/posts\/1176\/revisions"}],"wp:attachment":[{"href":"https:\/\/femergs.com.br\/wfe\/wp-json\/wp\/v2\/media?parent=1176"}],"wp:term":[{"taxonomy":"category","embeddable":true,"href":"https:\/\/femergs.com.br\/wfe\/wp-json\/wp\/v2\/categories?post=1176"},{"taxonomy":"post_tag","embeddable":true,"href":"https:\/\/femergs.com.br\/wfe\/wp-json\/wp\/v2\/tags?post=1176"}],"curies":[{"name":"wp","href":"https:\/\/api.w.org\/{rel}","templated":true}]}}