{"id":1177,"date":"2019-04-08T13:27:14","date_gmt":"2019-04-08T13:27:14","guid":{"rendered":"https:\/\/femergs.com.br\/wfe\/blog\/sindicato-dos-municiparios-de-serafina-correa-realiza-assembleia-importante\/"},"modified":"2019-04-08T13:27:14","modified_gmt":"2019-04-08T13:27:14","slug":"sindicato-dos-municiparios-de-serafina-correa-realiza-assembleia-importante","status":"publish","type":"post","link":"https:\/\/femergs.com.br\/wfe\/blog\/sindicato-dos-municiparios-de-serafina-correa-realiza-assembleia-importante\/","title":{"rendered":"SINDICATO DOS MUNICIP\u00c1RIOS DE SERAFINA C\u00d4RREA REALIZA ASSEMBLEIA IMPORTANTE"},"content":{"rendered":"<p>\nNa noite de ter\u00e7a-feira, dia 02 de abril, no audit\u00f3rio da Escola Municipal de Ensino Fundamental Leonora Marchioro Bellenzier no munic\u00edpio de Serafina Corr\u00eaa, reuniram-se Diretoria executiva, s\u00f3cios do Sindicato dos Municip\u00e1rios, representante da Femergs e demais colegas servidores p\u00fablicos para Assembleia Geral, de acordo com o Edital 02\/2019 Pauta: Discuss\u00e3o de proposta salarial.<br \/>\nA Presidente Cristina inicialmente exp\u00f4s assuntos referentes as sindicato, como andamento da constru\u00e7\u00e3o da sede pr\u00f3pria, a feira de P\u00e1scoa que ser\u00e1 realizada na pr\u00f3xima semana. Aproveitou para apresentar o Sr. Mariano da Empresa NEO EXECUTIVA que ofereceu os servi\u00e7os de assist\u00eancia odontol\u00f3gica e funeral para poss\u00edvel acordo com os associados do sindicato.<br \/>\nDepois lembrou que a assembleia \u00e9 o momento para todos os servidores tirarem suas d\u00favidas e buscarem expor suas opini\u00f5es, e este foi o momento que o sindicato proporcionou a seus associados, agradeceu aos servidores que se propuseram a fazer parte da comiss\u00e3o junto a diretoria do sindicato para as negocia\u00e7\u00f5es deste ano.<br \/>\nFoi exposta a proposta entregue pelo sindicato ao Prefeito, Sr\u00ba Valdir Bianchet, proposta decidida pelos presentes da assembleia anterior com os s\u00f3cios que \u00e9 de reposi\u00e7\u00e3o do IGP-M de 8,26 mais 2% de aumento, tamb\u00e9m sobre quest\u00f5es que v\u00e3o al\u00e9m do salarial.<br \/>\nDepois de apresentada novamente aos associados e refor\u00e7ando ser essa a proposta, abriu-se o espa\u00e7o para que o Prefeito Sr. Valdir Bianchet e secret\u00e1rio de finan\u00e7as Sr. Dimorvan Cantelli, se pronunciassem a respeito da mesma e pudessem colocar os seus pontos de vistas, explicar o que est\u00e1 acontecendo com o munic\u00edpio nesse momento e tamb\u00e9m responder os questionamentos levantados pelo sindicato e demais presentes. Falaram sobre os gastos do executivo e o esfor\u00e7o para manter as contas em dia, bem como que foi revisto com cuidado a proposta do sindicato para beneficiar os servidores p\u00fablicos. Sr. Valdir enalteceu os servidores, elogiando-os em suas diferentes fun\u00e7\u00f5es e cargos e que merecem sim serem valorizados pois s\u00e3o os que fazem o servi\u00e7o p\u00fablico acontecer .<br \/>\nA proposta do executivo foi ent\u00e3o colocada como sendo poss\u00edvel dar 9% (infla\u00e7\u00e3o e aumento), lembrando que o vale alimenta\u00e7\u00e3o ser\u00e1 reajustado pelo IGP-M (8,26). E que demais pedidos ser\u00e3o pensados e tratados com o sindicato. Foi colocado em vota\u00e7\u00e3o aos servidores que aceitaram com unanimidade a proposta do executivo para os reajustes salariais de 2019.<br \/>\nO Sr. Lucianos dos Santos, da FEMERGS, agradece a presen\u00e7a do executivo, parabeniza a todos os servidores p\u00fablicos pela presen\u00e7a e ressalta que somente com a categoria unida \u00e9 que o sindicato se torna mais forte para assim termos voz perante ao poder p\u00fablico, e que os servidores s\u00e3o merecedores de toda a valoriza\u00e7\u00e3o vinda do executivo pois \u00e9 no local de trabalho, dando o seu melhor, passando a maior parte de sua vida para transformar a cidade num lugar com maior qualidade de vida.<br \/>\nO Sindicato agradece a presen\u00e7a de todos neste momento de reivindicarmos nossos direitos, pois somente quando a categoria se une \u00e9 nossa voz \u00e9 ouvida de forma mais forte e determinada perante o poder p\u00fablico.<\/p>\n","protected":false},"excerpt":{"rendered":"<p>Na noite de ter\u00e7a-feira, dia 02 de abril, no audit\u00f3rio da Escola Municipal de Ensino Fundamental Leonora Marchioro Bellenzier no munic\u00edpio de Serafina Corr\u00eaa, reuniram-se Diretoria executiva, s\u00f3cios do Sindicato dos Municip\u00e1rios, representante da Femergs e demais colegas servidores p\u00fablicos para Assembleia Geral, de acordo com o Edital 02\/2019 Pauta: Discuss\u00e3o de proposta salarial. A [&hellip;]<\/p>\n","protected":false},"author":1,"featured_media":0,"comment_status":"closed","ping_status":"closed","sticky":false,"template":"","format":"standard","meta":{"_eb_attr":"","_uag_custom_page_level_css":"","fifu_image_url":"","fifu_image_alt":"","footnotes":""},"categories":[1],"tags":[32],"class_list":["post-1177","post","type-post","status-publish","format-standard","hentry","category-arquivadas","tag-null"],"yoast_head":"<!-- This site is optimized with the Yoast SEO plugin v27.1.1 - https:\/\/yoast.com\/product\/yoast-seo-wordpress\/ -->\n<title>SINDICATO DOS MUNICIP\u00c1RIOS DE SERAFINA C\u00d4RREA REALIZA ASSEMBLEIA IMPORTANTE - Federa\u00e7\u00e3o dos Municip\u00e1rios do Estado do Rio Grande do Sul<\/title>\n<meta name=\"robots\" content=\"index, follow, max-snippet:-1, max-image-preview:large, max-video-preview:-1\" \/>\n<link rel=\"canonical\" href=\"https:\/\/femergs.com.br\/wfe\/blog\/sindicato-dos-municiparios-de-serafina-correa-realiza-assembleia-importante\/\" \/>\n<meta property=\"og:locale\" content=\"pt_BR\" \/>\n<meta property=\"og:type\" content=\"article\" \/>\n<meta property=\"og:title\" content=\"SINDICATO DOS MUNICIP\u00c1RIOS DE SERAFINA C\u00d4RREA REALIZA ASSEMBLEIA IMPORTANTE - Federa\u00e7\u00e3o dos Municip\u00e1rios do Estado do Rio Grande do Sul\" \/>\n<meta property=\"og:description\" content=\"Na noite de ter\u00e7a-feira, dia 02 de abril, no audit\u00f3rio da Escola Municipal de Ensino Fundamental Leonora Marchioro Bellenzier no munic\u00edpio de Serafina Corr\u00eaa, reuniram-se Diretoria executiva, s\u00f3cios do Sindicato dos Municip\u00e1rios, representante da Femergs e demais colegas servidores p\u00fablicos para Assembleia Geral, de acordo com o Edital 02\/2019 Pauta: Discuss\u00e3o de proposta salarial. A [&hellip;]\" \/>\n<meta property=\"og:url\" content=\"https:\/\/femergs.com.br\/wfe\/blog\/sindicato-dos-municiparios-de-serafina-correa-realiza-assembleia-importante\/\" \/>\n<meta property=\"og:site_name\" content=\"Federa\u00e7\u00e3o dos Municip\u00e1rios do Estado do Rio Grande do Sul\" \/>\n<meta property=\"article:publisher\" content=\"https:\/\/www.facebook.com\/profile.php?id=100057151733001\" \/>\n<meta property=\"article:published_time\" content=\"2019-04-08T13:27:14+00:00\" \/>\n<meta name=\"author\" content=\"adminfemergs\" \/>\n<meta name=\"twitter:card\" content=\"summary_large_image\" \/>\n<meta name=\"twitter:label1\" content=\"Escrito por\" \/>\n\t<meta name=\"twitter:data1\" content=\"adminfemergs\" \/>\n\t<meta name=\"twitter:label2\" content=\"Est. tempo de leitura\" \/>\n\t<meta name=\"twitter:data2\" content=\"3 minutos\" \/>\n<script type=\"application\/ld+json\" class=\"yoast-schema-graph\">{\"@context\":\"https:\/\/schema.org\",\"@graph\":[{\"@type\":\"Article\",\"@id\":\"https:\/\/femergs.com.br\/wfe\/blog\/sindicato-dos-municiparios-de-serafina-correa-realiza-assembleia-importante\/#article\",\"isPartOf\":{\"@id\":\"https:\/\/femergs.com.br\/wfe\/blog\/sindicato-dos-municiparios-de-serafina-correa-realiza-assembleia-importante\/\"},\"author\":{\"name\":\"adminfemergs\",\"@id\":\"https:\/\/femergs.com.br\/wfe\/#\/schema\/person\/f5558e6b5ffc044ee085016237dedb7f\"},\"headline\":\"SINDICATO DOS MUNICIP\u00c1RIOS DE SERAFINA C\u00d4RREA REALIZA ASSEMBLEIA IMPORTANTE\",\"datePublished\":\"2019-04-08T13:27:14+00:00\",\"mainEntityOfPage\":{\"@id\":\"https:\/\/femergs.com.br\/wfe\/blog\/sindicato-dos-municiparios-de-serafina-correa-realiza-assembleia-importante\/\"},\"wordCount\":551,\"publisher\":{\"@id\":\"https:\/\/femergs.com.br\/wfe\/#organization\"},\"keywords\":[\"NULL\"],\"articleSection\":[\"ARQUIVADAS\"],\"inLanguage\":\"pt-BR\"},{\"@type\":\"WebPage\",\"@id\":\"https:\/\/femergs.com.br\/wfe\/blog\/sindicato-dos-municiparios-de-serafina-correa-realiza-assembleia-importante\/\",\"url\":\"https:\/\/femergs.com.br\/wfe\/blog\/sindicato-dos-municiparios-de-serafina-correa-realiza-assembleia-importante\/\",\"name\":\"SINDICATO DOS MUNICIP\u00c1RIOS DE SERAFINA C\u00d4RREA REALIZA ASSEMBLEIA IMPORTANTE - Federa\u00e7\u00e3o dos Municip\u00e1rios do Estado do Rio Grande do Sul\",\"isPartOf\":{\"@id\":\"https:\/\/femergs.com.br\/wfe\/#website\"},\"datePublished\":\"2019-04-08T13:27:14+00:00\",\"breadcrumb\":{\"@id\":\"https:\/\/femergs.com.br\/wfe\/blog\/sindicato-dos-municiparios-de-serafina-correa-realiza-assembleia-importante\/#breadcrumb\"},\"inLanguage\":\"pt-BR\",\"potentialAction\":[{\"@type\":\"ReadAction\",\"target\":[\"https:\/\/femergs.com.br\/wfe\/blog\/sindicato-dos-municiparios-de-serafina-correa-realiza-assembleia-importante\/\"]}]},{\"@type\":\"BreadcrumbList\",\"@id\":\"https:\/\/femergs.com.br\/wfe\/blog\/sindicato-dos-municiparios-de-serafina-correa-realiza-assembleia-importante\/#breadcrumb\",\"itemListElement\":[{\"@type\":\"ListItem\",\"position\":1,\"name\":\"In\u00edcio\",\"item\":\"https:\/\/femergs.com.br\/wfe\/\"},{\"@type\":\"ListItem\",\"position\":2,\"name\":\"SINDICATO DOS MUNICIP\u00c1RIOS DE SERAFINA C\u00d4RREA REALIZA ASSEMBLEIA IMPORTANTE\"}]},{\"@type\":\"WebSite\",\"@id\":\"https:\/\/femergs.com.br\/wfe\/#website\",\"url\":\"https:\/\/femergs.com.br\/wfe\/\",\"name\":\"FEMERGS\",\"description\":\"FEDERA\u00c7\u00c3O DOS MUNICIP\u00c1RIOS DO ESTADO DO RIO GRANDE DO SUL\",\"publisher\":{\"@id\":\"https:\/\/femergs.com.br\/wfe\/#organization\"},\"potentialAction\":[{\"@type\":\"SearchAction\",\"target\":{\"@type\":\"EntryPoint\",\"urlTemplate\":\"https:\/\/femergs.com.br\/wfe\/?s={search_term_string}\"},\"query-input\":{\"@type\":\"PropertyValueSpecification\",\"valueRequired\":true,\"valueName\":\"search_term_string\"}}],\"inLanguage\":\"pt-BR\"},{\"@type\":\"Organization\",\"@id\":\"https:\/\/femergs.com.br\/wfe\/#organization\",\"name\":\"FEMERGS\",\"url\":\"https:\/\/femergs.com.br\/wfe\/\",\"logo\":{\"@type\":\"ImageObject\",\"inLanguage\":\"pt-BR\",\"@id\":\"https:\/\/femergs.com.br\/wfe\/#\/schema\/logo\/image\/\",\"url\":\"https:\/\/femergs.com.br\/wfe\/wp-content\/uploads\/2025\/06\/logotipo.png\",\"contentUrl\":\"https:\/\/femergs.com.br\/wfe\/wp-content\/uploads\/2025\/06\/logotipo.png\",\"width\":500,\"height\":500,\"caption\":\"FEMERGS\"},\"image\":{\"@id\":\"https:\/\/femergs.com.br\/wfe\/#\/schema\/logo\/image\/\"},\"sameAs\":[\"https:\/\/www.facebook.com\/profile.php?id=100057151733001\",\"https:\/\/www.instagram.com\/femergs_rs\/\"]},{\"@type\":\"Person\",\"@id\":\"https:\/\/femergs.com.br\/wfe\/#\/schema\/person\/f5558e6b5ffc044ee085016237dedb7f\",\"name\":\"adminfemergs\",\"image\":{\"@type\":\"ImageObject\",\"inLanguage\":\"pt-BR\",\"@id\":\"https:\/\/femergs.com.br\/wfe\/#\/schema\/person\/image\/\",\"url\":\"https:\/\/secure.gravatar.com\/avatar\/398642fa557cdd524617ad9b31c938845f071aeb3448b9c0aeb29aefc495337b?s=96&d=mm&r=g\",\"contentUrl\":\"https:\/\/secure.gravatar.com\/avatar\/398642fa557cdd524617ad9b31c938845f071aeb3448b9c0aeb29aefc495337b?s=96&d=mm&r=g\",\"caption\":\"adminfemergs\"},\"sameAs\":[\"https:\/\/femergs.com.br\/wfe\"],\"url\":\"https:\/\/femergs.com.br\/wfe\/blog\/author\/adminfemergs\/\"}]}<\/script>\n<!-- \/ Yoast SEO plugin. -->","yoast_head_json":{"title":"SINDICATO DOS MUNICIP\u00c1RIOS DE SERAFINA C\u00d4RREA REALIZA ASSEMBLEIA IMPORTANTE - Federa\u00e7\u00e3o dos Municip\u00e1rios do Estado do Rio Grande do Sul","robots":{"index":"index","follow":"follow","max-snippet":"max-snippet:-1","max-image-preview":"max-image-preview:large","max-video-preview":"max-video-preview:-1"},"canonical":"https:\/\/femergs.com.br\/wfe\/blog\/sindicato-dos-municiparios-de-serafina-correa-realiza-assembleia-importante\/","og_locale":"pt_BR","og_type":"article","og_title":"SINDICATO DOS MUNICIP\u00c1RIOS DE SERAFINA C\u00d4RREA REALIZA ASSEMBLEIA IMPORTANTE - Federa\u00e7\u00e3o dos Municip\u00e1rios do Estado do Rio Grande do Sul","og_description":"Na noite de ter\u00e7a-feira, dia 02 de abril, no audit\u00f3rio da Escola Municipal de Ensino Fundamental Leonora Marchioro Bellenzier no munic\u00edpio de Serafina Corr\u00eaa, reuniram-se Diretoria executiva, s\u00f3cios do Sindicato dos Municip\u00e1rios, representante da Femergs e demais colegas servidores p\u00fablicos para Assembleia Geral, de acordo com o Edital 02\/2019 Pauta: Discuss\u00e3o de proposta salarial. A [&hellip;]","og_url":"https:\/\/femergs.com.br\/wfe\/blog\/sindicato-dos-municiparios-de-serafina-correa-realiza-assembleia-importante\/","og_site_name":"Federa\u00e7\u00e3o dos Municip\u00e1rios do Estado do Rio Grande do Sul","article_publisher":"https:\/\/www.facebook.com\/profile.php?id=100057151733001","article_published_time":"2019-04-08T13:27:14+00:00","author":"adminfemergs","twitter_card":"summary_large_image","twitter_misc":{"Escrito por":"adminfemergs","Est. tempo de leitura":"3 minutos"},"schema":{"@context":"https:\/\/schema.org","@graph":[{"@type":"Article","@id":"https:\/\/femergs.com.br\/wfe\/blog\/sindicato-dos-municiparios-de-serafina-correa-realiza-assembleia-importante\/#article","isPartOf":{"@id":"https:\/\/femergs.com.br\/wfe\/blog\/sindicato-dos-municiparios-de-serafina-correa-realiza-assembleia-importante\/"},"author":{"name":"adminfemergs","@id":"https:\/\/femergs.com.br\/wfe\/#\/schema\/person\/f5558e6b5ffc044ee085016237dedb7f"},"headline":"SINDICATO DOS MUNICIP\u00c1RIOS DE SERAFINA C\u00d4RREA REALIZA ASSEMBLEIA IMPORTANTE","datePublished":"2019-04-08T13:27:14+00:00","mainEntityOfPage":{"@id":"https:\/\/femergs.com.br\/wfe\/blog\/sindicato-dos-municiparios-de-serafina-correa-realiza-assembleia-importante\/"},"wordCount":551,"publisher":{"@id":"https:\/\/femergs.com.br\/wfe\/#organization"},"keywords":["NULL"],"articleSection":["ARQUIVADAS"],"inLanguage":"pt-BR"},{"@type":"WebPage","@id":"https:\/\/femergs.com.br\/wfe\/blog\/sindicato-dos-municiparios-de-serafina-correa-realiza-assembleia-importante\/","url":"https:\/\/femergs.com.br\/wfe\/blog\/sindicato-dos-municiparios-de-serafina-correa-realiza-assembleia-importante\/","name":"SINDICATO DOS MUNICIP\u00c1RIOS DE SERAFINA C\u00d4RREA REALIZA ASSEMBLEIA IMPORTANTE - Federa\u00e7\u00e3o dos Municip\u00e1rios do Estado do Rio Grande do Sul","isPartOf":{"@id":"https:\/\/femergs.com.br\/wfe\/#website"},"datePublished":"2019-04-08T13:27:14+00:00","breadcrumb":{"@id":"https:\/\/femergs.com.br\/wfe\/blog\/sindicato-dos-municiparios-de-serafina-correa-realiza-assembleia-importante\/#breadcrumb"},"inLanguage":"pt-BR","potentialAction":[{"@type":"ReadAction","target":["https:\/\/femergs.com.br\/wfe\/blog\/sindicato-dos-municiparios-de-serafina-correa-realiza-assembleia-importante\/"]}]},{"@type":"BreadcrumbList","@id":"https:\/\/femergs.com.br\/wfe\/blog\/sindicato-dos-municiparios-de-serafina-correa-realiza-assembleia-importante\/#breadcrumb","itemListElement":[{"@type":"ListItem","position":1,"name":"In\u00edcio","item":"https:\/\/femergs.com.br\/wfe\/"},{"@type":"ListItem","position":2,"name":"SINDICATO DOS MUNICIP\u00c1RIOS DE SERAFINA C\u00d4RREA REALIZA ASSEMBLEIA IMPORTANTE"}]},{"@type":"WebSite","@id":"https:\/\/femergs.com.br\/wfe\/#website","url":"https:\/\/femergs.com.br\/wfe\/","name":"FEMERGS","description":"FEDERA\u00c7\u00c3O DOS MUNICIP\u00c1RIOS DO ESTADO DO RIO GRANDE DO SUL","publisher":{"@id":"https:\/\/femergs.com.br\/wfe\/#organization"},"potentialAction":[{"@type":"SearchAction","target":{"@type":"EntryPoint","urlTemplate":"https:\/\/femergs.com.br\/wfe\/?s={search_term_string}"},"query-input":{"@type":"PropertyValueSpecification","valueRequired":true,"valueName":"search_term_string"}}],"inLanguage":"pt-BR"},{"@type":"Organization","@id":"https:\/\/femergs.com.br\/wfe\/#organization","name":"FEMERGS","url":"https:\/\/femergs.com.br\/wfe\/","logo":{"@type":"ImageObject","inLanguage":"pt-BR","@id":"https:\/\/femergs.com.br\/wfe\/#\/schema\/logo\/image\/","url":"https:\/\/femergs.com.br\/wfe\/wp-content\/uploads\/2025\/06\/logotipo.png","contentUrl":"https:\/\/femergs.com.br\/wfe\/wp-content\/uploads\/2025\/06\/logotipo.png","width":500,"height":500,"caption":"FEMERGS"},"image":{"@id":"https:\/\/femergs.com.br\/wfe\/#\/schema\/logo\/image\/"},"sameAs":["https:\/\/www.facebook.com\/profile.php?id=100057151733001","https:\/\/www.instagram.com\/femergs_rs\/"]},{"@type":"Person","@id":"https:\/\/femergs.com.br\/wfe\/#\/schema\/person\/f5558e6b5ffc044ee085016237dedb7f","name":"adminfemergs","image":{"@type":"ImageObject","inLanguage":"pt-BR","@id":"https:\/\/femergs.com.br\/wfe\/#\/schema\/person\/image\/","url":"https:\/\/secure.gravatar.com\/avatar\/398642fa557cdd524617ad9b31c938845f071aeb3448b9c0aeb29aefc495337b?s=96&d=mm&r=g","contentUrl":"https:\/\/secure.gravatar.com\/avatar\/398642fa557cdd524617ad9b31c938845f071aeb3448b9c0aeb29aefc495337b?s=96&d=mm&r=g","caption":"adminfemergs"},"sameAs":["https:\/\/femergs.com.br\/wfe"],"url":"https:\/\/femergs.com.br\/wfe\/blog\/author\/adminfemergs\/"}]}},"uagb_featured_image_src":{"full":false,"thumbnail":false,"medium":false,"medium_large":false,"large":false,"1536x1536":false,"2048x2048":false,"ultp_layout_landscape_large":false,"ultp_layout_landscape":false,"ultp_layout_portrait":false,"ultp_layout_square":false},"uagb_author_info":{"display_name":"adminfemergs","author_link":"https:\/\/femergs.com.br\/wfe\/blog\/author\/adminfemergs\/"},"uagb_comment_info":0,"uagb_excerpt":"Na noite de ter\u00e7a-feira, dia 02 de abril, no audit\u00f3rio da Escola Municipal de Ensino Fundamental Leonora Marchioro Bellenzier no munic\u00edpio de Serafina Corr\u00eaa, reuniram-se Diretoria executiva, s\u00f3cios do Sindicato dos Municip\u00e1rios, representante da Femergs e demais colegas servidores p\u00fablicos para Assembleia Geral, de acordo com o Edital 02\/2019 Pauta: Discuss\u00e3o de proposta salarial. A&hellip;","_links":{"self":[{"href":"https:\/\/femergs.com.br\/wfe\/wp-json\/wp\/v2\/posts\/1177","targetHints":{"allow":["GET"]}}],"collection":[{"href":"https:\/\/femergs.com.br\/wfe\/wp-json\/wp\/v2\/posts"}],"about":[{"href":"https:\/\/femergs.com.br\/wfe\/wp-json\/wp\/v2\/types\/post"}],"author":[{"embeddable":true,"href":"https:\/\/femergs.com.br\/wfe\/wp-json\/wp\/v2\/users\/1"}],"replies":[{"embeddable":true,"href":"https:\/\/femergs.com.br\/wfe\/wp-json\/wp\/v2\/comments?post=1177"}],"version-history":[{"count":0,"href":"https:\/\/femergs.com.br\/wfe\/wp-json\/wp\/v2\/posts\/1177\/revisions"}],"wp:attachment":[{"href":"https:\/\/femergs.com.br\/wfe\/wp-json\/wp\/v2\/media?parent=1177"}],"wp:term":[{"taxonomy":"category","embeddable":true,"href":"https:\/\/femergs.com.br\/wfe\/wp-json\/wp\/v2\/categories?post=1177"},{"taxonomy":"post_tag","embeddable":true,"href":"https:\/\/femergs.com.br\/wfe\/wp-json\/wp\/v2\/tags?post=1177"}],"curies":[{"name":"wp","href":"https:\/\/api.w.org\/{rel}","templated":true}]}}