{"id":1178,"date":"2019-04-11T00:20:50","date_gmt":"2019-04-11T00:20:50","guid":{"rendered":"https:\/\/femergs.com.br\/wfe\/blog\/diretora-rosani-stocker-participa-do-30-forum-do-undime\/"},"modified":"2019-04-11T00:20:50","modified_gmt":"2019-04-11T00:20:50","slug":"diretora-rosani-stocker-participa-do-30-forum-do-undime","status":"publish","type":"post","link":"https:\/\/femergs.com.br\/wfe\/blog\/diretora-rosani-stocker-participa-do-30-forum-do-undime\/","title":{"rendered":"DIRETORA ROSANI STOCKER PARTICIPA DO 30\u00b0 F\u00d3RUM  DO UNDIME"},"content":{"rendered":"<p>No \u00faltimo dia 04 e 05 de abril de 2019, no sal\u00e3o de Atos da UFRGS aconteceu o 30\u00b0 F\u00d3RUM Estadual dos Secret\u00e1rios Municipais de Educa\u00e7\u00e3o do RS, e F\u00f3rum Ordin\u00e1rio da Undime \/ RS.<\/p>\n<p>No evento, FEMERGS esteve representada pela Diretora da Pasta da Educa\u00e7\u00e3o Rosani Maria Lima Stocker, no mesmo momento tamb\u00e9m representando o Conselho Municipal de Educa\u00e7\u00e3o de Santo \u00c2ngelo e o Conselho do FUNDEB.<\/p>\n<p>Foram discutidos v\u00e1rios assuntos de interesse da Educa\u00e7\u00e3o, entre eles: \u201cA constru\u00e7\u00e3o do Documento Orientador no Munic\u00edpio \u00e0 Luz da BNCC e do Referencial Curricular Ga\u00facho\u201d, \u201cOs desafios da gest\u00e3o educacional na sociedade contempor\u00e2nea\u201d, \u201c Gest\u00e3o administrativa da SME: a plataforma do Conviva Educa\u00e7\u00e3o como ferramenta para o planejamento estrat\u00e9gico\u201d, \u201cFinanciamento da Educa\u00e7\u00e3o e FUNDEB\u201d, \u201cProcesso eleitoral e Posse da Gest\u00e3o UNDIME\/RS 2019\/2021 e CONSEME\u201d, \u201cA Base Nacional Curricular na Educa\u00e7\u00e3o Infantil: uma reflex\u00e3o necess\u00e1ria, \u201c Oficina: A Educa\u00e7\u00e3o Infantil no Rio Grande do Sul\u201d.<\/p>\n<p>Neste foi lan\u00e7ada uma carta do 30\u00b0 F\u00f3rum Estadual das Secret\u00e1rias Municipais de Educa\u00e7\u00e3o do RS e F\u00f3rum Ordin\u00e1rio da UNDIME\/RS. A carta foi redigida com as proposi\u00e7\u00f5es e encaminhamentos, ap\u00f3s lida na plen\u00e1ria, foi aprovada por unanimidade e ser\u00e1 encaminhada aos diversos \u00f3rg\u00e3os onde a FEMERGS \u00e9 participante na constru\u00e7\u00e3o.<\/p>\n<p>Acompanhe:<\/p>\n<div style=\"text-align:center\"><strong>CARTA DO 30\u00ba F\u00d3RUM ESTADUAL DAS SECRETARIAS MUNICIPAIS DE EDUCA\u00c7\u00c3O DO RS<br \/>\nE F\u00d3RUM ORDIN\u00c1RIO DA UNDIME\/RS<\/strong><\/div>\n<p>\nNos dias 04 e 05 de abril de 2019, tendo por local o Sal\u00e3o de Atos da Universidade Federal do Rio Grande do Sul (UFRGS), realizou-se o 30\u00ba F\u00f3rum Estadual dos Secret\u00e1rios Municipais de Educa\u00e7\u00e3o, anualmente promovido pela Uni\u00e3o dos Dirigentes Municipais de Educa\u00e7\u00e3o (UNDIME RS). Esta edi\u00e7\u00e3o do evento abordou o \u201cProtagonismo na gest\u00e3o: itiner\u00e1rios poss\u00edveis\u201d, ensejando dois dias de intensos debates relacionados \u00e0 gest\u00e3o das redes de ensino, com uma vis\u00e3o sist\u00eamica na organiza\u00e7\u00e3o da educa\u00e7\u00e3o, fortalecendo o Regime de Colabora\u00e7\u00e3o entre os entes federados.<\/p>\n<p>Participaram deste F\u00f3rum aproximadamente 1.000 educadores, dentre os quais secret\u00e1rios municipais de educa\u00e7\u00e3o, assessores, equipes t\u00e9cnicas, professores, representa\u00e7\u00f5es das Coordenadorias Regionais de Educa\u00e7\u00e3o, institui\u00e7\u00f5es de ensino superior, prefeitos e demais autoridades, al\u00e9m de representa\u00e7\u00f5es da Federa\u00e7\u00e3o dos Municip\u00e1rios do RS (FEMERGS) e da Uni\u00e3o Nacional dos Conselhos Municipais de Educa\u00e7\u00e3o (UNCME RS). Considerando a complexidade do cen\u00e1rio educacional no momento atual, tornou-se imperativo que ao longo da programa\u00e7\u00e3o fosse produzido o presente documento, materializando os anseios de centenas de gestores educacionais preocupados com os rumos das pol\u00edticas p\u00fablicas no pa\u00eds e os impactos que atingem diretamente a gest\u00e3o municipal. Dentre os diversos temas discutidos, destacou-se o financiamento da educa\u00e7\u00e3o.<\/p>\n<p>Como eixo central do debate, enfatizou-se a Meta 20 do Plano Nacional de Educa\u00e7\u00e3o (PNE), a qual trata dos recursos para execu\u00e7\u00e3o das a\u00e7\u00f5es nas redes de ensino e que, at\u00e9 o momento, n\u00e3o teve nenhuma de suas estrat\u00e9gias cumpridas. Preocupantemente, ao contr\u00e1rio do estabelecido no PNE, constata-se que o Governo Federal vem realizando cortes nos poucos recursos j\u00e1 consolidados, o que acaba gerando consequ\u00eancias no atendimento \u00e0 popula\u00e7\u00e3o educacional, especialmente nos munic\u00edpios, que desde a aprova\u00e7\u00e3o do Plano Nacional de Educa\u00e7\u00e3o vem sendo demandados pelo Minist\u00e9rio P\u00fablico, Tribunal de Contas e outros \u00f3rg\u00e3os de controle quanto ao cumprimento das metas, sobretudo em rela\u00e7\u00e3o \u00e0 Meta 01.<\/p>\n<p>As discuss\u00f5es tamb\u00e9m abordaram o vencimento do Fundo Nacional de Manuten\u00e7\u00e3o e Desenvolvimento da Educa\u00e7\u00e3o B\u00e1sica (FUNDEB), o qual expira em 2020, sendo que at\u00e9 ent\u00e3o n\u00e3o h\u00e1 perspectivas quanto a novos mecanismos de financiamento. Estamos muito pr\u00f3ximos de testemunharmos um colapso, tendo em vista que atualmente os professores e demais profissionais da educa\u00e7\u00e3o p\u00fablica, de estados e munic\u00edpios, s\u00e3o pagos com os recursos deste fundo, pouco ou nada restando ao aparelhamento das escolas. Neste sentido, consideramos urgente n\u00e3o apenas a discuss\u00e3o, mas a aprova\u00e7\u00e3o de uma nova fonte permanente de financiamento para a educa\u00e7\u00e3o que tenha como premissa a qualidade do ensino. \u00c9 consenso deste F\u00f3rum a necessidade de amplia\u00e7\u00e3o dos recursos oriundos do Governo Federal para a manuten\u00e7\u00e3o da educa\u00e7\u00e3o b\u00e1sica.<\/p>\n<p>A regulamenta\u00e7\u00e3o e implementa\u00e7\u00e3o do Custo Aluno Qualidade-Inicial (CAQi) tamb\u00e9m esteve entre as pautas de relev\u00e2ncia, considerando a necessidade de revoga\u00e7\u00e3o da Emenda Constitucional n\u00b0 95\/2016 e o respeito aos percentuais m\u00ednimos de vincula\u00e7\u00e3o estabelecidos pela Constitui\u00e7\u00e3o Federal. O estabelecimento de crit\u00e9rios t\u00e9cnicos para o c\u00e1lculo do valor\/aluno deve ser garantido e compat\u00edvel com as diferentes etapas e modalidades da educa\u00e7\u00e3o b\u00e1sica, sendo imperativo que todos os agentes envolvidos tratem o assunto com a seriedade que o mesmo requer.<\/p>\n<p>As redes p\u00fablicas de ensino est\u00e3o, ao longo dos \u00faltimos anos, assumindo cada vez mais demandas. Ocorre que as fontes de financiamento permanecem estagnadas, quando n\u00e3o reduzidas, o que gera efeitos grav\u00edssimos na gest\u00e3o educacional. O futuro da educa\u00e7\u00e3o apresenta-se incerto e vulner\u00e1vel, onde estados e munic\u00edpios continuamente perdem receitas e, ao mesmo tempo, tem a obriga\u00e7\u00e3o de continuar garantindo o direito \u00e0 educa\u00e7\u00e3o p\u00fablica de qualidade. Os desafios enfrentados cotidianamente pelos gestores s\u00e3o avassaladores, motivo pelo qual \u00e9 imprescind\u00edvel avan\u00e7armos no debate a respeito do tema financiamento, com a\u00e7\u00f5es concretas e efetivas.<\/p>\n<p>O 30\u00b0 F\u00f3rum Estadual das Secretarias Municipais de Educa\u00e7\u00e3o do RS e F\u00f3rum Ordin\u00e1rio da UNDIME\/RS reitera seu compromisso com a qualidade, acesso e perman\u00eancia no ensino p\u00fablico, onde o aluno \u00e9 o foco central.<\/p>\n<div style=\"text-align:center\">Porto Alegre, RS, 05 de abril de 2019.<\/p>\n<p>Marcelo Augusto Mallmann<\/p>\n<p>Presidente da UNDIME\/RS<\/p><\/div>\n","protected":false},"excerpt":{"rendered":"<p>No \u00faltimo dia 04 e 05 de abril de 2019, no sal\u00e3o de Atos da UFRGS aconteceu o 30\u00b0 F\u00d3RUM Estadual dos Secret\u00e1rios Municipais de Educa\u00e7\u00e3o do RS, e F\u00f3rum Ordin\u00e1rio da Undime \/ RS. No evento, FEMERGS esteve representada pela Diretora da Pasta da Educa\u00e7\u00e3o Rosani Maria Lima Stocker, no mesmo momento tamb\u00e9m representando [&hellip;]<\/p>\n","protected":false},"author":1,"featured_media":0,"comment_status":"closed","ping_status":"closed","sticky":false,"template":"","format":"standard","meta":{"_eb_attr":"","_uag_custom_page_level_css":"","fifu_image_url":"","fifu_image_alt":"","footnotes":""},"categories":[1],"tags":[32],"class_list":["post-1178","post","type-post","status-publish","format-standard","hentry","category-arquivadas","tag-null"],"yoast_head":"<!-- This site is optimized with the Yoast SEO plugin v27.1.1 - https:\/\/yoast.com\/product\/yoast-seo-wordpress\/ -->\n<title>DIRETORA ROSANI STOCKER PARTICIPA DO 30\u00b0 F\u00d3RUM DO UNDIME - Federa\u00e7\u00e3o dos Municip\u00e1rios do Estado do Rio Grande do Sul<\/title>\n<meta name=\"robots\" content=\"index, follow, max-snippet:-1, max-image-preview:large, max-video-preview:-1\" \/>\n<link rel=\"canonical\" href=\"https:\/\/femergs.com.br\/wfe\/blog\/diretora-rosani-stocker-participa-do-30-forum-do-undime\/\" \/>\n<meta property=\"og:locale\" content=\"pt_BR\" \/>\n<meta property=\"og:type\" content=\"article\" \/>\n<meta property=\"og:title\" content=\"DIRETORA ROSANI STOCKER PARTICIPA DO 30\u00b0 F\u00d3RUM DO UNDIME - Federa\u00e7\u00e3o dos Municip\u00e1rios do Estado do Rio Grande do Sul\" \/>\n<meta property=\"og:description\" content=\"No \u00faltimo dia 04 e 05 de abril de 2019, no sal\u00e3o de Atos da UFRGS aconteceu o 30\u00b0 F\u00d3RUM Estadual dos Secret\u00e1rios Municipais de Educa\u00e7\u00e3o do RS, e F\u00f3rum Ordin\u00e1rio da Undime \/ RS. No evento, FEMERGS esteve representada pela Diretora da Pasta da Educa\u00e7\u00e3o Rosani Maria Lima Stocker, no mesmo momento tamb\u00e9m representando [&hellip;]\" \/>\n<meta property=\"og:url\" content=\"https:\/\/femergs.com.br\/wfe\/blog\/diretora-rosani-stocker-participa-do-30-forum-do-undime\/\" \/>\n<meta property=\"og:site_name\" content=\"Federa\u00e7\u00e3o dos Municip\u00e1rios do Estado do Rio Grande do Sul\" \/>\n<meta property=\"article:publisher\" content=\"https:\/\/www.facebook.com\/profile.php?id=100057151733001\" \/>\n<meta property=\"article:published_time\" content=\"2019-04-11T00:20:50+00:00\" \/>\n<meta name=\"author\" content=\"adminfemergs\" \/>\n<meta name=\"twitter:card\" content=\"summary_large_image\" \/>\n<meta name=\"twitter:label1\" content=\"Escrito por\" \/>\n\t<meta name=\"twitter:data1\" content=\"adminfemergs\" \/>\n\t<meta name=\"twitter:label2\" content=\"Est. tempo de leitura\" \/>\n\t<meta name=\"twitter:data2\" content=\"5 minutos\" \/>\n<script type=\"application\/ld+json\" class=\"yoast-schema-graph\">{\"@context\":\"https:\/\/schema.org\",\"@graph\":[{\"@type\":\"Article\",\"@id\":\"https:\/\/femergs.com.br\/wfe\/blog\/diretora-rosani-stocker-participa-do-30-forum-do-undime\/#article\",\"isPartOf\":{\"@id\":\"https:\/\/femergs.com.br\/wfe\/blog\/diretora-rosani-stocker-participa-do-30-forum-do-undime\/\"},\"author\":{\"name\":\"adminfemergs\",\"@id\":\"https:\/\/femergs.com.br\/wfe\/#\/schema\/person\/f5558e6b5ffc044ee085016237dedb7f\"},\"headline\":\"DIRETORA ROSANI STOCKER PARTICIPA DO 30\u00b0 F\u00d3RUM DO UNDIME\",\"datePublished\":\"2019-04-11T00:20:50+00:00\",\"mainEntityOfPage\":{\"@id\":\"https:\/\/femergs.com.br\/wfe\/blog\/diretora-rosani-stocker-participa-do-30-forum-do-undime\/\"},\"wordCount\":1000,\"publisher\":{\"@id\":\"https:\/\/femergs.com.br\/wfe\/#organization\"},\"keywords\":[\"NULL\"],\"articleSection\":[\"ARQUIVADAS\"],\"inLanguage\":\"pt-BR\"},{\"@type\":\"WebPage\",\"@id\":\"https:\/\/femergs.com.br\/wfe\/blog\/diretora-rosani-stocker-participa-do-30-forum-do-undime\/\",\"url\":\"https:\/\/femergs.com.br\/wfe\/blog\/diretora-rosani-stocker-participa-do-30-forum-do-undime\/\",\"name\":\"DIRETORA ROSANI STOCKER PARTICIPA DO 30\u00b0 F\u00d3RUM DO UNDIME - Federa\u00e7\u00e3o dos Municip\u00e1rios do Estado do Rio Grande do Sul\",\"isPartOf\":{\"@id\":\"https:\/\/femergs.com.br\/wfe\/#website\"},\"datePublished\":\"2019-04-11T00:20:50+00:00\",\"breadcrumb\":{\"@id\":\"https:\/\/femergs.com.br\/wfe\/blog\/diretora-rosani-stocker-participa-do-30-forum-do-undime\/#breadcrumb\"},\"inLanguage\":\"pt-BR\",\"potentialAction\":[{\"@type\":\"ReadAction\",\"target\":[\"https:\/\/femergs.com.br\/wfe\/blog\/diretora-rosani-stocker-participa-do-30-forum-do-undime\/\"]}]},{\"@type\":\"BreadcrumbList\",\"@id\":\"https:\/\/femergs.com.br\/wfe\/blog\/diretora-rosani-stocker-participa-do-30-forum-do-undime\/#breadcrumb\",\"itemListElement\":[{\"@type\":\"ListItem\",\"position\":1,\"name\":\"In\u00edcio\",\"item\":\"https:\/\/femergs.com.br\/wfe\/\"},{\"@type\":\"ListItem\",\"position\":2,\"name\":\"DIRETORA ROSANI STOCKER PARTICIPA DO 30\u00b0 F\u00d3RUM DO UNDIME\"}]},{\"@type\":\"WebSite\",\"@id\":\"https:\/\/femergs.com.br\/wfe\/#website\",\"url\":\"https:\/\/femergs.com.br\/wfe\/\",\"name\":\"FEMERGS\",\"description\":\"FEDERA\u00c7\u00c3O DOS MUNICIP\u00c1RIOS DO ESTADO DO RIO GRANDE DO SUL\",\"publisher\":{\"@id\":\"https:\/\/femergs.com.br\/wfe\/#organization\"},\"potentialAction\":[{\"@type\":\"SearchAction\",\"target\":{\"@type\":\"EntryPoint\",\"urlTemplate\":\"https:\/\/femergs.com.br\/wfe\/?s={search_term_string}\"},\"query-input\":{\"@type\":\"PropertyValueSpecification\",\"valueRequired\":true,\"valueName\":\"search_term_string\"}}],\"inLanguage\":\"pt-BR\"},{\"@type\":\"Organization\",\"@id\":\"https:\/\/femergs.com.br\/wfe\/#organization\",\"name\":\"FEMERGS\",\"url\":\"https:\/\/femergs.com.br\/wfe\/\",\"logo\":{\"@type\":\"ImageObject\",\"inLanguage\":\"pt-BR\",\"@id\":\"https:\/\/femergs.com.br\/wfe\/#\/schema\/logo\/image\/\",\"url\":\"https:\/\/femergs.com.br\/wfe\/wp-content\/uploads\/2025\/06\/logotipo.png\",\"contentUrl\":\"https:\/\/femergs.com.br\/wfe\/wp-content\/uploads\/2025\/06\/logotipo.png\",\"width\":500,\"height\":500,\"caption\":\"FEMERGS\"},\"image\":{\"@id\":\"https:\/\/femergs.com.br\/wfe\/#\/schema\/logo\/image\/\"},\"sameAs\":[\"https:\/\/www.facebook.com\/profile.php?id=100057151733001\",\"https:\/\/www.instagram.com\/femergs_rs\/\"]},{\"@type\":\"Person\",\"@id\":\"https:\/\/femergs.com.br\/wfe\/#\/schema\/person\/f5558e6b5ffc044ee085016237dedb7f\",\"name\":\"adminfemergs\",\"image\":{\"@type\":\"ImageObject\",\"inLanguage\":\"pt-BR\",\"@id\":\"https:\/\/femergs.com.br\/wfe\/#\/schema\/person\/image\/\",\"url\":\"https:\/\/secure.gravatar.com\/avatar\/398642fa557cdd524617ad9b31c938845f071aeb3448b9c0aeb29aefc495337b?s=96&d=mm&r=g\",\"contentUrl\":\"https:\/\/secure.gravatar.com\/avatar\/398642fa557cdd524617ad9b31c938845f071aeb3448b9c0aeb29aefc495337b?s=96&d=mm&r=g\",\"caption\":\"adminfemergs\"},\"sameAs\":[\"https:\/\/femergs.com.br\/wfe\"],\"url\":\"https:\/\/femergs.com.br\/wfe\/blog\/author\/adminfemergs\/\"}]}<\/script>\n<!-- \/ Yoast SEO plugin. -->","yoast_head_json":{"title":"DIRETORA ROSANI STOCKER PARTICIPA DO 30\u00b0 F\u00d3RUM DO UNDIME - Federa\u00e7\u00e3o dos Municip\u00e1rios do Estado do Rio Grande do Sul","robots":{"index":"index","follow":"follow","max-snippet":"max-snippet:-1","max-image-preview":"max-image-preview:large","max-video-preview":"max-video-preview:-1"},"canonical":"https:\/\/femergs.com.br\/wfe\/blog\/diretora-rosani-stocker-participa-do-30-forum-do-undime\/","og_locale":"pt_BR","og_type":"article","og_title":"DIRETORA ROSANI STOCKER PARTICIPA DO 30\u00b0 F\u00d3RUM DO UNDIME - Federa\u00e7\u00e3o dos Municip\u00e1rios do Estado do Rio Grande do Sul","og_description":"No \u00faltimo dia 04 e 05 de abril de 2019, no sal\u00e3o de Atos da UFRGS aconteceu o 30\u00b0 F\u00d3RUM Estadual dos Secret\u00e1rios Municipais de Educa\u00e7\u00e3o do RS, e F\u00f3rum Ordin\u00e1rio da Undime \/ RS. No evento, FEMERGS esteve representada pela Diretora da Pasta da Educa\u00e7\u00e3o Rosani Maria Lima Stocker, no mesmo momento tamb\u00e9m representando [&hellip;]","og_url":"https:\/\/femergs.com.br\/wfe\/blog\/diretora-rosani-stocker-participa-do-30-forum-do-undime\/","og_site_name":"Federa\u00e7\u00e3o dos Municip\u00e1rios do Estado do Rio Grande do Sul","article_publisher":"https:\/\/www.facebook.com\/profile.php?id=100057151733001","article_published_time":"2019-04-11T00:20:50+00:00","author":"adminfemergs","twitter_card":"summary_large_image","twitter_misc":{"Escrito por":"adminfemergs","Est. tempo de leitura":"5 minutos"},"schema":{"@context":"https:\/\/schema.org","@graph":[{"@type":"Article","@id":"https:\/\/femergs.com.br\/wfe\/blog\/diretora-rosani-stocker-participa-do-30-forum-do-undime\/#article","isPartOf":{"@id":"https:\/\/femergs.com.br\/wfe\/blog\/diretora-rosani-stocker-participa-do-30-forum-do-undime\/"},"author":{"name":"adminfemergs","@id":"https:\/\/femergs.com.br\/wfe\/#\/schema\/person\/f5558e6b5ffc044ee085016237dedb7f"},"headline":"DIRETORA ROSANI STOCKER PARTICIPA DO 30\u00b0 F\u00d3RUM DO UNDIME","datePublished":"2019-04-11T00:20:50+00:00","mainEntityOfPage":{"@id":"https:\/\/femergs.com.br\/wfe\/blog\/diretora-rosani-stocker-participa-do-30-forum-do-undime\/"},"wordCount":1000,"publisher":{"@id":"https:\/\/femergs.com.br\/wfe\/#organization"},"keywords":["NULL"],"articleSection":["ARQUIVADAS"],"inLanguage":"pt-BR"},{"@type":"WebPage","@id":"https:\/\/femergs.com.br\/wfe\/blog\/diretora-rosani-stocker-participa-do-30-forum-do-undime\/","url":"https:\/\/femergs.com.br\/wfe\/blog\/diretora-rosani-stocker-participa-do-30-forum-do-undime\/","name":"DIRETORA ROSANI STOCKER PARTICIPA DO 30\u00b0 F\u00d3RUM DO UNDIME - Federa\u00e7\u00e3o dos Municip\u00e1rios do Estado do Rio Grande do Sul","isPartOf":{"@id":"https:\/\/femergs.com.br\/wfe\/#website"},"datePublished":"2019-04-11T00:20:50+00:00","breadcrumb":{"@id":"https:\/\/femergs.com.br\/wfe\/blog\/diretora-rosani-stocker-participa-do-30-forum-do-undime\/#breadcrumb"},"inLanguage":"pt-BR","potentialAction":[{"@type":"ReadAction","target":["https:\/\/femergs.com.br\/wfe\/blog\/diretora-rosani-stocker-participa-do-30-forum-do-undime\/"]}]},{"@type":"BreadcrumbList","@id":"https:\/\/femergs.com.br\/wfe\/blog\/diretora-rosani-stocker-participa-do-30-forum-do-undime\/#breadcrumb","itemListElement":[{"@type":"ListItem","position":1,"name":"In\u00edcio","item":"https:\/\/femergs.com.br\/wfe\/"},{"@type":"ListItem","position":2,"name":"DIRETORA ROSANI STOCKER PARTICIPA DO 30\u00b0 F\u00d3RUM DO UNDIME"}]},{"@type":"WebSite","@id":"https:\/\/femergs.com.br\/wfe\/#website","url":"https:\/\/femergs.com.br\/wfe\/","name":"FEMERGS","description":"FEDERA\u00c7\u00c3O DOS MUNICIP\u00c1RIOS DO ESTADO DO RIO GRANDE DO SUL","publisher":{"@id":"https:\/\/femergs.com.br\/wfe\/#organization"},"potentialAction":[{"@type":"SearchAction","target":{"@type":"EntryPoint","urlTemplate":"https:\/\/femergs.com.br\/wfe\/?s={search_term_string}"},"query-input":{"@type":"PropertyValueSpecification","valueRequired":true,"valueName":"search_term_string"}}],"inLanguage":"pt-BR"},{"@type":"Organization","@id":"https:\/\/femergs.com.br\/wfe\/#organization","name":"FEMERGS","url":"https:\/\/femergs.com.br\/wfe\/","logo":{"@type":"ImageObject","inLanguage":"pt-BR","@id":"https:\/\/femergs.com.br\/wfe\/#\/schema\/logo\/image\/","url":"https:\/\/femergs.com.br\/wfe\/wp-content\/uploads\/2025\/06\/logotipo.png","contentUrl":"https:\/\/femergs.com.br\/wfe\/wp-content\/uploads\/2025\/06\/logotipo.png","width":500,"height":500,"caption":"FEMERGS"},"image":{"@id":"https:\/\/femergs.com.br\/wfe\/#\/schema\/logo\/image\/"},"sameAs":["https:\/\/www.facebook.com\/profile.php?id=100057151733001","https:\/\/www.instagram.com\/femergs_rs\/"]},{"@type":"Person","@id":"https:\/\/femergs.com.br\/wfe\/#\/schema\/person\/f5558e6b5ffc044ee085016237dedb7f","name":"adminfemergs","image":{"@type":"ImageObject","inLanguage":"pt-BR","@id":"https:\/\/femergs.com.br\/wfe\/#\/schema\/person\/image\/","url":"https:\/\/secure.gravatar.com\/avatar\/398642fa557cdd524617ad9b31c938845f071aeb3448b9c0aeb29aefc495337b?s=96&d=mm&r=g","contentUrl":"https:\/\/secure.gravatar.com\/avatar\/398642fa557cdd524617ad9b31c938845f071aeb3448b9c0aeb29aefc495337b?s=96&d=mm&r=g","caption":"adminfemergs"},"sameAs":["https:\/\/femergs.com.br\/wfe"],"url":"https:\/\/femergs.com.br\/wfe\/blog\/author\/adminfemergs\/"}]}},"uagb_featured_image_src":{"full":false,"thumbnail":false,"medium":false,"medium_large":false,"large":false,"1536x1536":false,"2048x2048":false,"ultp_layout_landscape_large":false,"ultp_layout_landscape":false,"ultp_layout_portrait":false,"ultp_layout_square":false},"uagb_author_info":{"display_name":"adminfemergs","author_link":"https:\/\/femergs.com.br\/wfe\/blog\/author\/adminfemergs\/"},"uagb_comment_info":0,"uagb_excerpt":"No \u00faltimo dia 04 e 05 de abril de 2019, no sal\u00e3o de Atos da UFRGS aconteceu o 30\u00b0 F\u00d3RUM Estadual dos Secret\u00e1rios Municipais de Educa\u00e7\u00e3o do RS, e F\u00f3rum Ordin\u00e1rio da Undime \/ RS. No evento, FEMERGS esteve representada pela Diretora da Pasta da Educa\u00e7\u00e3o Rosani Maria Lima Stocker, no mesmo momento tamb\u00e9m representando&hellip;","_links":{"self":[{"href":"https:\/\/femergs.com.br\/wfe\/wp-json\/wp\/v2\/posts\/1178","targetHints":{"allow":["GET"]}}],"collection":[{"href":"https:\/\/femergs.com.br\/wfe\/wp-json\/wp\/v2\/posts"}],"about":[{"href":"https:\/\/femergs.com.br\/wfe\/wp-json\/wp\/v2\/types\/post"}],"author":[{"embeddable":true,"href":"https:\/\/femergs.com.br\/wfe\/wp-json\/wp\/v2\/users\/1"}],"replies":[{"embeddable":true,"href":"https:\/\/femergs.com.br\/wfe\/wp-json\/wp\/v2\/comments?post=1178"}],"version-history":[{"count":0,"href":"https:\/\/femergs.com.br\/wfe\/wp-json\/wp\/v2\/posts\/1178\/revisions"}],"wp:attachment":[{"href":"https:\/\/femergs.com.br\/wfe\/wp-json\/wp\/v2\/media?parent=1178"}],"wp:term":[{"taxonomy":"category","embeddable":true,"href":"https:\/\/femergs.com.br\/wfe\/wp-json\/wp\/v2\/categories?post=1178"},{"taxonomy":"post_tag","embeddable":true,"href":"https:\/\/femergs.com.br\/wfe\/wp-json\/wp\/v2\/tags?post=1178"}],"curies":[{"name":"wp","href":"https:\/\/api.w.org\/{rel}","templated":true}]}}