{"id":1183,"date":"2019-05-01T21:11:33","date_gmt":"2019-05-01T21:11:33","guid":{"rendered":"https:\/\/femergs.com.br\/wfe\/blog\/nota-de-repudio-secretaria-de-educacao\/"},"modified":"2019-05-01T21:11:33","modified_gmt":"2019-05-01T21:11:33","slug":"nota-de-repudio-secretaria-de-educacao","status":"publish","type":"post","link":"https:\/\/femergs.com.br\/wfe\/blog\/nota-de-repudio-secretaria-de-educacao\/","title":{"rendered":"NOTA DE REP\u00daDIO &#8211; SECRETARIA DE EDUCA\u00c7\u00c3O"},"content":{"rendered":"<div style=\"text-align: justify;\">A FEMERGS \u2013 Federa\u00e7\u00e3o dos Municip\u00e1rios do Estado do Rio Grande do Sul, repudia veemente as manifesta\u00e7\u00f5es do Presidente Jair Bolsonaro e do Ministro da Educa\u00e7\u00e3o Abraham Weintraub de apoio \u00e0 dela\u00e7\u00e3o de Professores, por meio de grava\u00e7\u00f5es e filmagens ilegais na sala de aula. Al\u00e9m disso, declara sua indigna\u00e7\u00e3o e repudio no desvio de investimentos dos cursos de Filosofia e Sociologia em institui\u00e7\u00f5es Federais de Ensino Superior. N\u00e3o se trata de uma doutrina\u00e7\u00e3o, mas sim de incentivo \u00e0 postura critica e ao debate de ideais.<\/p>\n<p>Entende- se que o incentivo a grava\u00e7\u00e3o das aulas com o objetivo de expor o professor \u00e9 uma atitude que incentiva o \u00f3dio e o denuncismo em sala de aula. Lamentam-se as atitudes do Presidente e do Ministro de Educa\u00e7\u00e3o e considera como ass\u00e9dio qualquer tentativa de cerceamento da liberdade de c\u00e1tedra, especialmente na tentativa de estimular a grava\u00e7\u00e3o e veicula\u00e7\u00e3o de aulas.<\/p>\n<p>A grava\u00e7\u00e3o de aulas sem autoriza\u00e7\u00e3o \u00e9 ilegal e atenta tamb\u00e9m contra a liberdade de c\u00e1tedra dos docentes. Uma aula s\u00f3 pode ser filmada ou gravada mediante autoriza\u00e7\u00e3o expressa do professor. A Constitui\u00e7\u00e3o protege a imagem da pessoa, \u00e9 o que est\u00e1 garantido no artigo 5\u00b0, inciso X: \u201cs\u00e3o inviol\u00e1veis a intimidade, a vida privada, a honra e a imagem das pessoas, assegurado o direito a indeniza\u00e7\u00e3o pelo dano material e moral decorrente de sua viola\u00e7\u00e3o\u201d. Ainda tem o respaldo do artigo 5\u00b0, inciso XXVII, que fala da prote\u00e7\u00e3o ao conte\u00fado intelectual. Por outro lado a constitui\u00e7\u00e3o prev\u00ea a liberdade de c\u00e1tedra, principio que permite aos Professores que se expressem livremente nas aulas. \u201cO que o professor da na aula, diante de um plano de aula \u00e9 liberdade dele\u201d.<\/p>\n<p>Este discurso inculto e autorit\u00e1rio reflete em um profundo desprezo pela intelig\u00eancia, pela diversidade de id\u00e9ias, e pelo professor. Comprovando-se assim, mais uma vez a total aus\u00eancia de capacita\u00e7\u00e3o destes dois senhores para o cargo em que ocupam.<\/p><\/div>\n","protected":false},"excerpt":{"rendered":"<p>A FEMERGS \u2013 Federa\u00e7\u00e3o dos Municip\u00e1rios do Estado do Rio Grande do Sul, repudia veemente as manifesta\u00e7\u00f5es do Presidente Jair Bolsonaro e do Ministro da Educa\u00e7\u00e3o Abraham Weintraub de apoio \u00e0 dela\u00e7\u00e3o de Professores, por meio de grava\u00e7\u00f5es e filmagens ilegais na sala de aula. Al\u00e9m disso, declara sua indigna\u00e7\u00e3o e repudio no desvio de [&hellip;]<\/p>\n","protected":false},"author":1,"featured_media":0,"comment_status":"closed","ping_status":"closed","sticky":false,"template":"","format":"standard","meta":{"_eb_attr":"","_uag_custom_page_level_css":"","fifu_image_url":"","fifu_image_alt":"","footnotes":""},"categories":[1],"tags":[32],"class_list":["post-1183","post","type-post","status-publish","format-standard","hentry","category-arquivadas","tag-null"],"yoast_head":"<!-- This site is optimized with the Yoast SEO plugin v27.1.1 - https:\/\/yoast.com\/product\/yoast-seo-wordpress\/ -->\n<title>NOTA DE REP\u00daDIO - SECRETARIA DE EDUCA\u00c7\u00c3O - Federa\u00e7\u00e3o dos Municip\u00e1rios do Estado do Rio Grande do Sul<\/title>\n<meta name=\"robots\" content=\"index, follow, max-snippet:-1, max-image-preview:large, max-video-preview:-1\" \/>\n<link rel=\"canonical\" href=\"https:\/\/femergs.com.br\/wfe\/blog\/nota-de-repudio-secretaria-de-educacao\/\" \/>\n<meta property=\"og:locale\" content=\"pt_BR\" \/>\n<meta property=\"og:type\" content=\"article\" \/>\n<meta property=\"og:title\" content=\"NOTA DE REP\u00daDIO - SECRETARIA DE EDUCA\u00c7\u00c3O - Federa\u00e7\u00e3o dos Municip\u00e1rios do Estado do Rio Grande do Sul\" \/>\n<meta property=\"og:description\" content=\"A FEMERGS \u2013 Federa\u00e7\u00e3o dos Municip\u00e1rios do Estado do Rio Grande do Sul, repudia veemente as manifesta\u00e7\u00f5es do Presidente Jair Bolsonaro e do Ministro da Educa\u00e7\u00e3o Abraham Weintraub de apoio \u00e0 dela\u00e7\u00e3o de Professores, por meio de grava\u00e7\u00f5es e filmagens ilegais na sala de aula. Al\u00e9m disso, declara sua indigna\u00e7\u00e3o e repudio no desvio de [&hellip;]\" \/>\n<meta property=\"og:url\" content=\"https:\/\/femergs.com.br\/wfe\/blog\/nota-de-repudio-secretaria-de-educacao\/\" \/>\n<meta property=\"og:site_name\" content=\"Federa\u00e7\u00e3o dos Municip\u00e1rios do Estado do Rio Grande do Sul\" \/>\n<meta property=\"article:publisher\" content=\"https:\/\/www.facebook.com\/profile.php?id=100057151733001\" \/>\n<meta property=\"article:published_time\" content=\"2019-05-01T21:11:33+00:00\" \/>\n<meta name=\"author\" content=\"adminfemergs\" \/>\n<meta name=\"twitter:card\" content=\"summary_large_image\" \/>\n<meta name=\"twitter:label1\" content=\"Escrito por\" \/>\n\t<meta name=\"twitter:data1\" content=\"adminfemergs\" \/>\n\t<meta name=\"twitter:label2\" content=\"Est. tempo de leitura\" \/>\n\t<meta name=\"twitter:data2\" content=\"2 minutos\" \/>\n<script type=\"application\/ld+json\" class=\"yoast-schema-graph\">{\"@context\":\"https:\/\/schema.org\",\"@graph\":[{\"@type\":\"Article\",\"@id\":\"https:\/\/femergs.com.br\/wfe\/blog\/nota-de-repudio-secretaria-de-educacao\/#article\",\"isPartOf\":{\"@id\":\"https:\/\/femergs.com.br\/wfe\/blog\/nota-de-repudio-secretaria-de-educacao\/\"},\"author\":{\"name\":\"adminfemergs\",\"@id\":\"https:\/\/femergs.com.br\/wfe\/#\/schema\/person\/f5558e6b5ffc044ee085016237dedb7f\"},\"headline\":\"NOTA DE REP\u00daDIO &#8211; SECRETARIA DE EDUCA\u00c7\u00c3O\",\"datePublished\":\"2019-05-01T21:11:33+00:00\",\"mainEntityOfPage\":{\"@id\":\"https:\/\/femergs.com.br\/wfe\/blog\/nota-de-repudio-secretaria-de-educacao\/\"},\"wordCount\":352,\"publisher\":{\"@id\":\"https:\/\/femergs.com.br\/wfe\/#organization\"},\"keywords\":[\"NULL\"],\"articleSection\":[\"ARQUIVADAS\"],\"inLanguage\":\"pt-BR\"},{\"@type\":\"WebPage\",\"@id\":\"https:\/\/femergs.com.br\/wfe\/blog\/nota-de-repudio-secretaria-de-educacao\/\",\"url\":\"https:\/\/femergs.com.br\/wfe\/blog\/nota-de-repudio-secretaria-de-educacao\/\",\"name\":\"NOTA DE REP\u00daDIO - SECRETARIA DE EDUCA\u00c7\u00c3O - Federa\u00e7\u00e3o dos Municip\u00e1rios do Estado do Rio Grande do Sul\",\"isPartOf\":{\"@id\":\"https:\/\/femergs.com.br\/wfe\/#website\"},\"datePublished\":\"2019-05-01T21:11:33+00:00\",\"breadcrumb\":{\"@id\":\"https:\/\/femergs.com.br\/wfe\/blog\/nota-de-repudio-secretaria-de-educacao\/#breadcrumb\"},\"inLanguage\":\"pt-BR\",\"potentialAction\":[{\"@type\":\"ReadAction\",\"target\":[\"https:\/\/femergs.com.br\/wfe\/blog\/nota-de-repudio-secretaria-de-educacao\/\"]}]},{\"@type\":\"BreadcrumbList\",\"@id\":\"https:\/\/femergs.com.br\/wfe\/blog\/nota-de-repudio-secretaria-de-educacao\/#breadcrumb\",\"itemListElement\":[{\"@type\":\"ListItem\",\"position\":1,\"name\":\"In\u00edcio\",\"item\":\"https:\/\/femergs.com.br\/wfe\/\"},{\"@type\":\"ListItem\",\"position\":2,\"name\":\"NOTA DE REP\u00daDIO &#8211; SECRETARIA DE EDUCA\u00c7\u00c3O\"}]},{\"@type\":\"WebSite\",\"@id\":\"https:\/\/femergs.com.br\/wfe\/#website\",\"url\":\"https:\/\/femergs.com.br\/wfe\/\",\"name\":\"FEMERGS\",\"description\":\"FEDERA\u00c7\u00c3O DOS MUNICIP\u00c1RIOS DO ESTADO DO RIO GRANDE DO SUL\",\"publisher\":{\"@id\":\"https:\/\/femergs.com.br\/wfe\/#organization\"},\"potentialAction\":[{\"@type\":\"SearchAction\",\"target\":{\"@type\":\"EntryPoint\",\"urlTemplate\":\"https:\/\/femergs.com.br\/wfe\/?s={search_term_string}\"},\"query-input\":{\"@type\":\"PropertyValueSpecification\",\"valueRequired\":true,\"valueName\":\"search_term_string\"}}],\"inLanguage\":\"pt-BR\"},{\"@type\":\"Organization\",\"@id\":\"https:\/\/femergs.com.br\/wfe\/#organization\",\"name\":\"FEMERGS\",\"url\":\"https:\/\/femergs.com.br\/wfe\/\",\"logo\":{\"@type\":\"ImageObject\",\"inLanguage\":\"pt-BR\",\"@id\":\"https:\/\/femergs.com.br\/wfe\/#\/schema\/logo\/image\/\",\"url\":\"https:\/\/femergs.com.br\/wfe\/wp-content\/uploads\/2025\/06\/logotipo.png\",\"contentUrl\":\"https:\/\/femergs.com.br\/wfe\/wp-content\/uploads\/2025\/06\/logotipo.png\",\"width\":500,\"height\":500,\"caption\":\"FEMERGS\"},\"image\":{\"@id\":\"https:\/\/femergs.com.br\/wfe\/#\/schema\/logo\/image\/\"},\"sameAs\":[\"https:\/\/www.facebook.com\/profile.php?id=100057151733001\",\"https:\/\/www.instagram.com\/femergs_rs\/\"]},{\"@type\":\"Person\",\"@id\":\"https:\/\/femergs.com.br\/wfe\/#\/schema\/person\/f5558e6b5ffc044ee085016237dedb7f\",\"name\":\"adminfemergs\",\"image\":{\"@type\":\"ImageObject\",\"inLanguage\":\"pt-BR\",\"@id\":\"https:\/\/femergs.com.br\/wfe\/#\/schema\/person\/image\/\",\"url\":\"https:\/\/secure.gravatar.com\/avatar\/398642fa557cdd524617ad9b31c938845f071aeb3448b9c0aeb29aefc495337b?s=96&d=mm&r=g\",\"contentUrl\":\"https:\/\/secure.gravatar.com\/avatar\/398642fa557cdd524617ad9b31c938845f071aeb3448b9c0aeb29aefc495337b?s=96&d=mm&r=g\",\"caption\":\"adminfemergs\"},\"sameAs\":[\"https:\/\/femergs.com.br\/wfe\"],\"url\":\"https:\/\/femergs.com.br\/wfe\/blog\/author\/adminfemergs\/\"}]}<\/script>\n<!-- \/ Yoast SEO plugin. -->","yoast_head_json":{"title":"NOTA DE REP\u00daDIO - SECRETARIA DE EDUCA\u00c7\u00c3O - Federa\u00e7\u00e3o dos Municip\u00e1rios do Estado do Rio Grande do Sul","robots":{"index":"index","follow":"follow","max-snippet":"max-snippet:-1","max-image-preview":"max-image-preview:large","max-video-preview":"max-video-preview:-1"},"canonical":"https:\/\/femergs.com.br\/wfe\/blog\/nota-de-repudio-secretaria-de-educacao\/","og_locale":"pt_BR","og_type":"article","og_title":"NOTA DE REP\u00daDIO - SECRETARIA DE EDUCA\u00c7\u00c3O - Federa\u00e7\u00e3o dos Municip\u00e1rios do Estado do Rio Grande do Sul","og_description":"A FEMERGS \u2013 Federa\u00e7\u00e3o dos Municip\u00e1rios do Estado do Rio Grande do Sul, repudia veemente as manifesta\u00e7\u00f5es do Presidente Jair Bolsonaro e do Ministro da Educa\u00e7\u00e3o Abraham Weintraub de apoio \u00e0 dela\u00e7\u00e3o de Professores, por meio de grava\u00e7\u00f5es e filmagens ilegais na sala de aula. Al\u00e9m disso, declara sua indigna\u00e7\u00e3o e repudio no desvio de [&hellip;]","og_url":"https:\/\/femergs.com.br\/wfe\/blog\/nota-de-repudio-secretaria-de-educacao\/","og_site_name":"Federa\u00e7\u00e3o dos Municip\u00e1rios do Estado do Rio Grande do Sul","article_publisher":"https:\/\/www.facebook.com\/profile.php?id=100057151733001","article_published_time":"2019-05-01T21:11:33+00:00","author":"adminfemergs","twitter_card":"summary_large_image","twitter_misc":{"Escrito por":"adminfemergs","Est. tempo de leitura":"2 minutos"},"schema":{"@context":"https:\/\/schema.org","@graph":[{"@type":"Article","@id":"https:\/\/femergs.com.br\/wfe\/blog\/nota-de-repudio-secretaria-de-educacao\/#article","isPartOf":{"@id":"https:\/\/femergs.com.br\/wfe\/blog\/nota-de-repudio-secretaria-de-educacao\/"},"author":{"name":"adminfemergs","@id":"https:\/\/femergs.com.br\/wfe\/#\/schema\/person\/f5558e6b5ffc044ee085016237dedb7f"},"headline":"NOTA DE REP\u00daDIO &#8211; SECRETARIA DE EDUCA\u00c7\u00c3O","datePublished":"2019-05-01T21:11:33+00:00","mainEntityOfPage":{"@id":"https:\/\/femergs.com.br\/wfe\/blog\/nota-de-repudio-secretaria-de-educacao\/"},"wordCount":352,"publisher":{"@id":"https:\/\/femergs.com.br\/wfe\/#organization"},"keywords":["NULL"],"articleSection":["ARQUIVADAS"],"inLanguage":"pt-BR"},{"@type":"WebPage","@id":"https:\/\/femergs.com.br\/wfe\/blog\/nota-de-repudio-secretaria-de-educacao\/","url":"https:\/\/femergs.com.br\/wfe\/blog\/nota-de-repudio-secretaria-de-educacao\/","name":"NOTA DE REP\u00daDIO - SECRETARIA DE EDUCA\u00c7\u00c3O - Federa\u00e7\u00e3o dos Municip\u00e1rios do Estado do Rio Grande do Sul","isPartOf":{"@id":"https:\/\/femergs.com.br\/wfe\/#website"},"datePublished":"2019-05-01T21:11:33+00:00","breadcrumb":{"@id":"https:\/\/femergs.com.br\/wfe\/blog\/nota-de-repudio-secretaria-de-educacao\/#breadcrumb"},"inLanguage":"pt-BR","potentialAction":[{"@type":"ReadAction","target":["https:\/\/femergs.com.br\/wfe\/blog\/nota-de-repudio-secretaria-de-educacao\/"]}]},{"@type":"BreadcrumbList","@id":"https:\/\/femergs.com.br\/wfe\/blog\/nota-de-repudio-secretaria-de-educacao\/#breadcrumb","itemListElement":[{"@type":"ListItem","position":1,"name":"In\u00edcio","item":"https:\/\/femergs.com.br\/wfe\/"},{"@type":"ListItem","position":2,"name":"NOTA DE REP\u00daDIO &#8211; SECRETARIA DE EDUCA\u00c7\u00c3O"}]},{"@type":"WebSite","@id":"https:\/\/femergs.com.br\/wfe\/#website","url":"https:\/\/femergs.com.br\/wfe\/","name":"FEMERGS","description":"FEDERA\u00c7\u00c3O DOS MUNICIP\u00c1RIOS DO ESTADO DO RIO GRANDE DO SUL","publisher":{"@id":"https:\/\/femergs.com.br\/wfe\/#organization"},"potentialAction":[{"@type":"SearchAction","target":{"@type":"EntryPoint","urlTemplate":"https:\/\/femergs.com.br\/wfe\/?s={search_term_string}"},"query-input":{"@type":"PropertyValueSpecification","valueRequired":true,"valueName":"search_term_string"}}],"inLanguage":"pt-BR"},{"@type":"Organization","@id":"https:\/\/femergs.com.br\/wfe\/#organization","name":"FEMERGS","url":"https:\/\/femergs.com.br\/wfe\/","logo":{"@type":"ImageObject","inLanguage":"pt-BR","@id":"https:\/\/femergs.com.br\/wfe\/#\/schema\/logo\/image\/","url":"https:\/\/femergs.com.br\/wfe\/wp-content\/uploads\/2025\/06\/logotipo.png","contentUrl":"https:\/\/femergs.com.br\/wfe\/wp-content\/uploads\/2025\/06\/logotipo.png","width":500,"height":500,"caption":"FEMERGS"},"image":{"@id":"https:\/\/femergs.com.br\/wfe\/#\/schema\/logo\/image\/"},"sameAs":["https:\/\/www.facebook.com\/profile.php?id=100057151733001","https:\/\/www.instagram.com\/femergs_rs\/"]},{"@type":"Person","@id":"https:\/\/femergs.com.br\/wfe\/#\/schema\/person\/f5558e6b5ffc044ee085016237dedb7f","name":"adminfemergs","image":{"@type":"ImageObject","inLanguage":"pt-BR","@id":"https:\/\/femergs.com.br\/wfe\/#\/schema\/person\/image\/","url":"https:\/\/secure.gravatar.com\/avatar\/398642fa557cdd524617ad9b31c938845f071aeb3448b9c0aeb29aefc495337b?s=96&d=mm&r=g","contentUrl":"https:\/\/secure.gravatar.com\/avatar\/398642fa557cdd524617ad9b31c938845f071aeb3448b9c0aeb29aefc495337b?s=96&d=mm&r=g","caption":"adminfemergs"},"sameAs":["https:\/\/femergs.com.br\/wfe"],"url":"https:\/\/femergs.com.br\/wfe\/blog\/author\/adminfemergs\/"}]}},"uagb_featured_image_src":{"full":false,"thumbnail":false,"medium":false,"medium_large":false,"large":false,"1536x1536":false,"2048x2048":false,"ultp_layout_landscape_large":false,"ultp_layout_landscape":false,"ultp_layout_portrait":false,"ultp_layout_square":false},"uagb_author_info":{"display_name":"adminfemergs","author_link":"https:\/\/femergs.com.br\/wfe\/blog\/author\/adminfemergs\/"},"uagb_comment_info":0,"uagb_excerpt":"A FEMERGS \u2013 Federa\u00e7\u00e3o dos Municip\u00e1rios do Estado do Rio Grande do Sul, repudia veemente as manifesta\u00e7\u00f5es do Presidente Jair Bolsonaro e do Ministro da Educa\u00e7\u00e3o Abraham Weintraub de apoio \u00e0 dela\u00e7\u00e3o de Professores, por meio de grava\u00e7\u00f5es e filmagens ilegais na sala de aula. Al\u00e9m disso, declara sua indigna\u00e7\u00e3o e repudio no desvio de&hellip;","_links":{"self":[{"href":"https:\/\/femergs.com.br\/wfe\/wp-json\/wp\/v2\/posts\/1183","targetHints":{"allow":["GET"]}}],"collection":[{"href":"https:\/\/femergs.com.br\/wfe\/wp-json\/wp\/v2\/posts"}],"about":[{"href":"https:\/\/femergs.com.br\/wfe\/wp-json\/wp\/v2\/types\/post"}],"author":[{"embeddable":true,"href":"https:\/\/femergs.com.br\/wfe\/wp-json\/wp\/v2\/users\/1"}],"replies":[{"embeddable":true,"href":"https:\/\/femergs.com.br\/wfe\/wp-json\/wp\/v2\/comments?post=1183"}],"version-history":[{"count":0,"href":"https:\/\/femergs.com.br\/wfe\/wp-json\/wp\/v2\/posts\/1183\/revisions"}],"wp:attachment":[{"href":"https:\/\/femergs.com.br\/wfe\/wp-json\/wp\/v2\/media?parent=1183"}],"wp:term":[{"taxonomy":"category","embeddable":true,"href":"https:\/\/femergs.com.br\/wfe\/wp-json\/wp\/v2\/categories?post=1183"},{"taxonomy":"post_tag","embeddable":true,"href":"https:\/\/femergs.com.br\/wfe\/wp-json\/wp\/v2\/tags?post=1183"}],"curies":[{"name":"wp","href":"https:\/\/api.w.org\/{rel}","templated":true}]}}