{"id":1184,"date":"2019-05-05T09:28:49","date_gmt":"2019-05-05T09:28:49","guid":{"rendered":"https:\/\/femergs.com.br\/wfe\/blog\/uniao-e-forca-marcam-o-1o-de-maio-em-porto-alegre-contra-a-reforma-da-previdencia\/"},"modified":"2019-05-05T09:28:49","modified_gmt":"2019-05-05T09:28:49","slug":"uniao-e-forca-marcam-o-1o-de-maio-em-porto-alegre-contra-a-reforma-da-previdencia","status":"publish","type":"post","link":"https:\/\/femergs.com.br\/wfe\/blog\/uniao-e-forca-marcam-o-1o-de-maio-em-porto-alegre-contra-a-reforma-da-previdencia\/","title":{"rendered":"Uni\u00e3o e for\u00e7a marcam o 1\u00ba de maio em Porto Alegre contra a reforma da Previd\u00eancia"},"content":{"rendered":"<p>O Dia do Trabalhador na capital ga\u00facha reuniu as centrais sindicais, pol\u00edticos e movimentos sociais. A Seccional da CSB esteve \u00e0 frente do ato pelo 1\u00ba de maio em Porto Alegre, que reuniu trabalhadores e a popula\u00e7\u00e3o em geral contra a reforma da Previd\u00eancia.<\/p>\n<p>Para o presidente da CSB RS, S\u00e9rgio Arnoud, \u00e9 fundamental que a representa\u00e7\u00e3o da classe oper\u00e1ria fale n\u00e3o apenas para os trabalhadores nesse momento. \u201cEstamos falando tamb\u00e9m para 28 milh\u00f5es de desempregados e desalentados, contrariando o discurso da grande m\u00eddia e do governo de que a reforma trabalhista era para trazer empregos; trouxe desemprego e trouxe desgra\u00e7a, da mesma forma que a reforma previdenci\u00e1ria vai trazer mais desemprego, e [o trabalhador] vai aposentar apenas no cemit\u00e9rio e vai atingir a todos\u201d, disse Arnoud durante o evento.<\/p>\n<p>O dirigente lembrou a import\u00e2ncia da data para a classe trabalhadora. Segundo ele, \u201cesse 1\u00ba de maio \u00e9 uma data muito especial para todos n\u00f3s, porque foi num 1\u00ba de maio que os sindicatos conquistaram a jornada de 8 horas de trabalho\u201d. \u201cAntes era escravid\u00e3o, trabalh\u00e1vamos, 12, 14 e at\u00e9 16 horas, homens, mulheres e crian\u00e7as\u201d, completou.<\/p>\n<p>Junto \u00e0s demais entidades, o representante da Central destacou tamb\u00e9m a necessidade de uni\u00e3o de todos os segmentos da sociedade para vencer a PEC 06, que tramita na Comiss\u00e3o Especial da C\u00e2mara dos Deputados.<\/p>\n<p>\u201cVamos construir com carinho a unidade sem atropelos, juntando todas as centrais. A CSB est\u00e1 junto em todo o Pa\u00eds para construir uma grande greve geral em 14 de junho. S\u00f3 o povo na rua vai derrotar esses que querem tirar nossos direitos\u201d, conclamou S\u00e9rgio Arnoud.<\/p>\n<p>Junto \u00e0s demais entidades, o representante da Central destacou tamb\u00e9m a necessidade de uni\u00e3o de todos os segmentos da sociedade para vencer a PEC 06, que tramita na Comiss\u00e3o Especial da C\u00e2mara dos Deputados.<\/p>\n<p>\u201cVamos construir com carinho a unidade sem atropelos, juntando todas as centrais. A CSB est\u00e1 junto em todo o Pa\u00eds para construir uma grande greve geral em 14 de junho. S\u00f3 o povo na rua vai derrotar esses que querem tirar nossos direitos\u201d, conclamou S\u00e9rgio Arnoud.<\/p>\n<p>Luciano dos Santos, Secret\u00e1rio Geral da CSB \/ RS e da Federa\u00e7\u00e3o dos Municip\u00e1rios do Estado do Rio Grande do Sul \u2013 FEMERGS sentenciou: \u201cO ato foi grandioso, fam\u00edlias inteiras, vindo \u00e0 rua dizer N\u00c3O a esta \u201cDeforma Previdenci\u00e1ria\u201d. A FEMERGS esta atuando em grandes frentes de enfrentamento neste 1\u00ba de Maio. Nossa Federa\u00e7\u00e3o \u00e9 atuante e mostra em todo o RS, que os Servidores P\u00fablicos Municipais est\u00e3o descontentes com esta proposta que literalmente ACABA com nossa Aposentadoria. Precisamos valorizar os RPPSs, o IP\u00ca e dizer que N\u00c3O aceitaremos perder nosso direito a aposentadoria. A FEMERGS, com grande empenho do Presidente Vilson Jo\u00e3o Weber e a CSB RS com o trabalho qualificado do Presidente S\u00e9rgio Arnoud est\u00e3o unidas contra esta reforma. Vamos lutar, resistir a estes desmandos e garantir nossa Aposentadoria. Municip\u00e1rios e CSB unidos contra este projeto fascista.\u201d <\/p>\n<p>\n<a href=\"http:\/\/csb.org.br\/noticias\/uniao-forca-1o-maio-porto-alegre-previdencia\">http:\/\/csb.org.br\/noticias\/uniao-forca-1o-maio-porto-alegre-previdencia<\/a><\/p>\n","protected":false},"excerpt":{"rendered":"<p>O Dia do Trabalhador na capital ga\u00facha reuniu as centrais sindicais, pol\u00edticos e movimentos sociais. A Seccional da CSB esteve \u00e0 frente do ato pelo 1\u00ba de maio em Porto Alegre, que reuniu trabalhadores e a popula\u00e7\u00e3o em geral contra a reforma da Previd\u00eancia. Para o presidente da CSB RS, S\u00e9rgio Arnoud, \u00e9 fundamental que [&hellip;]<\/p>\n","protected":false},"author":1,"featured_media":0,"comment_status":"closed","ping_status":"closed","sticky":false,"template":"","format":"standard","meta":{"_eb_attr":"","_uag_custom_page_level_css":"","fifu_image_url":"","fifu_image_alt":"","footnotes":""},"categories":[1],"tags":[32],"class_list":["post-1184","post","type-post","status-publish","format-standard","hentry","category-arquivadas","tag-null"],"yoast_head":"<!-- This site is optimized with the Yoast SEO plugin v27.1.1 - https:\/\/yoast.com\/product\/yoast-seo-wordpress\/ -->\n<title>Uni\u00e3o e for\u00e7a marcam o 1\u00ba de maio em Porto Alegre contra a reforma da Previd\u00eancia - Federa\u00e7\u00e3o dos Municip\u00e1rios do Estado do Rio Grande do Sul<\/title>\n<meta name=\"robots\" content=\"index, follow, max-snippet:-1, max-image-preview:large, max-video-preview:-1\" \/>\n<link rel=\"canonical\" href=\"https:\/\/femergs.com.br\/wfe\/blog\/uniao-e-forca-marcam-o-1o-de-maio-em-porto-alegre-contra-a-reforma-da-previdencia\/\" \/>\n<meta property=\"og:locale\" content=\"pt_BR\" \/>\n<meta property=\"og:type\" content=\"article\" \/>\n<meta property=\"og:title\" content=\"Uni\u00e3o e for\u00e7a marcam o 1\u00ba de maio em Porto Alegre contra a reforma da Previd\u00eancia - Federa\u00e7\u00e3o dos Municip\u00e1rios do Estado do Rio Grande do Sul\" \/>\n<meta property=\"og:description\" content=\"O Dia do Trabalhador na capital ga\u00facha reuniu as centrais sindicais, pol\u00edticos e movimentos sociais. A Seccional da CSB esteve \u00e0 frente do ato pelo 1\u00ba de maio em Porto Alegre, que reuniu trabalhadores e a popula\u00e7\u00e3o em geral contra a reforma da Previd\u00eancia. Para o presidente da CSB RS, S\u00e9rgio Arnoud, \u00e9 fundamental que [&hellip;]\" \/>\n<meta property=\"og:url\" content=\"https:\/\/femergs.com.br\/wfe\/blog\/uniao-e-forca-marcam-o-1o-de-maio-em-porto-alegre-contra-a-reforma-da-previdencia\/\" \/>\n<meta property=\"og:site_name\" content=\"Federa\u00e7\u00e3o dos Municip\u00e1rios do Estado do Rio Grande do Sul\" \/>\n<meta property=\"article:publisher\" content=\"https:\/\/www.facebook.com\/profile.php?id=100057151733001\" \/>\n<meta property=\"article:published_time\" content=\"2019-05-05T09:28:49+00:00\" \/>\n<meta name=\"author\" content=\"adminfemergs\" \/>\n<meta name=\"twitter:card\" content=\"summary_large_image\" \/>\n<meta name=\"twitter:label1\" content=\"Escrito por\" \/>\n\t<meta name=\"twitter:data1\" content=\"adminfemergs\" \/>\n\t<meta name=\"twitter:label2\" content=\"Est. tempo de leitura\" \/>\n\t<meta name=\"twitter:data2\" content=\"3 minutos\" \/>\n<script type=\"application\/ld+json\" class=\"yoast-schema-graph\">{\"@context\":\"https:\/\/schema.org\",\"@graph\":[{\"@type\":\"Article\",\"@id\":\"https:\/\/femergs.com.br\/wfe\/blog\/uniao-e-forca-marcam-o-1o-de-maio-em-porto-alegre-contra-a-reforma-da-previdencia\/#article\",\"isPartOf\":{\"@id\":\"https:\/\/femergs.com.br\/wfe\/blog\/uniao-e-forca-marcam-o-1o-de-maio-em-porto-alegre-contra-a-reforma-da-previdencia\/\"},\"author\":{\"name\":\"adminfemergs\",\"@id\":\"https:\/\/femergs.com.br\/wfe\/#\/schema\/person\/f5558e6b5ffc044ee085016237dedb7f\"},\"headline\":\"Uni\u00e3o e for\u00e7a marcam o 1\u00ba de maio em Porto Alegre contra a reforma da Previd\u00eancia\",\"datePublished\":\"2019-05-05T09:28:49+00:00\",\"mainEntityOfPage\":{\"@id\":\"https:\/\/femergs.com.br\/wfe\/blog\/uniao-e-forca-marcam-o-1o-de-maio-em-porto-alegre-contra-a-reforma-da-previdencia\/\"},\"wordCount\":536,\"publisher\":{\"@id\":\"https:\/\/femergs.com.br\/wfe\/#organization\"},\"keywords\":[\"NULL\"],\"articleSection\":[\"ARQUIVADAS\"],\"inLanguage\":\"pt-BR\"},{\"@type\":\"WebPage\",\"@id\":\"https:\/\/femergs.com.br\/wfe\/blog\/uniao-e-forca-marcam-o-1o-de-maio-em-porto-alegre-contra-a-reforma-da-previdencia\/\",\"url\":\"https:\/\/femergs.com.br\/wfe\/blog\/uniao-e-forca-marcam-o-1o-de-maio-em-porto-alegre-contra-a-reforma-da-previdencia\/\",\"name\":\"Uni\u00e3o e for\u00e7a marcam o 1\u00ba de maio em Porto Alegre contra a reforma da Previd\u00eancia - Federa\u00e7\u00e3o dos Municip\u00e1rios do Estado do Rio Grande do Sul\",\"isPartOf\":{\"@id\":\"https:\/\/femergs.com.br\/wfe\/#website\"},\"datePublished\":\"2019-05-05T09:28:49+00:00\",\"breadcrumb\":{\"@id\":\"https:\/\/femergs.com.br\/wfe\/blog\/uniao-e-forca-marcam-o-1o-de-maio-em-porto-alegre-contra-a-reforma-da-previdencia\/#breadcrumb\"},\"inLanguage\":\"pt-BR\",\"potentialAction\":[{\"@type\":\"ReadAction\",\"target\":[\"https:\/\/femergs.com.br\/wfe\/blog\/uniao-e-forca-marcam-o-1o-de-maio-em-porto-alegre-contra-a-reforma-da-previdencia\/\"]}]},{\"@type\":\"BreadcrumbList\",\"@id\":\"https:\/\/femergs.com.br\/wfe\/blog\/uniao-e-forca-marcam-o-1o-de-maio-em-porto-alegre-contra-a-reforma-da-previdencia\/#breadcrumb\",\"itemListElement\":[{\"@type\":\"ListItem\",\"position\":1,\"name\":\"In\u00edcio\",\"item\":\"https:\/\/femergs.com.br\/wfe\/\"},{\"@type\":\"ListItem\",\"position\":2,\"name\":\"Uni\u00e3o e for\u00e7a marcam o 1\u00ba de maio em Porto Alegre contra a reforma da Previd\u00eancia\"}]},{\"@type\":\"WebSite\",\"@id\":\"https:\/\/femergs.com.br\/wfe\/#website\",\"url\":\"https:\/\/femergs.com.br\/wfe\/\",\"name\":\"FEMERGS\",\"description\":\"FEDERA\u00c7\u00c3O DOS MUNICIP\u00c1RIOS DO ESTADO DO RIO GRANDE DO SUL\",\"publisher\":{\"@id\":\"https:\/\/femergs.com.br\/wfe\/#organization\"},\"potentialAction\":[{\"@type\":\"SearchAction\",\"target\":{\"@type\":\"EntryPoint\",\"urlTemplate\":\"https:\/\/femergs.com.br\/wfe\/?s={search_term_string}\"},\"query-input\":{\"@type\":\"PropertyValueSpecification\",\"valueRequired\":true,\"valueName\":\"search_term_string\"}}],\"inLanguage\":\"pt-BR\"},{\"@type\":\"Organization\",\"@id\":\"https:\/\/femergs.com.br\/wfe\/#organization\",\"name\":\"FEMERGS\",\"url\":\"https:\/\/femergs.com.br\/wfe\/\",\"logo\":{\"@type\":\"ImageObject\",\"inLanguage\":\"pt-BR\",\"@id\":\"https:\/\/femergs.com.br\/wfe\/#\/schema\/logo\/image\/\",\"url\":\"https:\/\/femergs.com.br\/wfe\/wp-content\/uploads\/2025\/06\/logotipo.png\",\"contentUrl\":\"https:\/\/femergs.com.br\/wfe\/wp-content\/uploads\/2025\/06\/logotipo.png\",\"width\":500,\"height\":500,\"caption\":\"FEMERGS\"},\"image\":{\"@id\":\"https:\/\/femergs.com.br\/wfe\/#\/schema\/logo\/image\/\"},\"sameAs\":[\"https:\/\/www.facebook.com\/profile.php?id=100057151733001\",\"https:\/\/www.instagram.com\/femergs_rs\/\"]},{\"@type\":\"Person\",\"@id\":\"https:\/\/femergs.com.br\/wfe\/#\/schema\/person\/f5558e6b5ffc044ee085016237dedb7f\",\"name\":\"adminfemergs\",\"image\":{\"@type\":\"ImageObject\",\"inLanguage\":\"pt-BR\",\"@id\":\"https:\/\/femergs.com.br\/wfe\/#\/schema\/person\/image\/\",\"url\":\"https:\/\/secure.gravatar.com\/avatar\/398642fa557cdd524617ad9b31c938845f071aeb3448b9c0aeb29aefc495337b?s=96&d=mm&r=g\",\"contentUrl\":\"https:\/\/secure.gravatar.com\/avatar\/398642fa557cdd524617ad9b31c938845f071aeb3448b9c0aeb29aefc495337b?s=96&d=mm&r=g\",\"caption\":\"adminfemergs\"},\"sameAs\":[\"https:\/\/femergs.com.br\/wfe\"],\"url\":\"https:\/\/femergs.com.br\/wfe\/blog\/author\/adminfemergs\/\"}]}<\/script>\n<!-- \/ Yoast SEO plugin. -->","yoast_head_json":{"title":"Uni\u00e3o e for\u00e7a marcam o 1\u00ba de maio em Porto Alegre contra a reforma da Previd\u00eancia - Federa\u00e7\u00e3o dos Municip\u00e1rios do Estado do Rio Grande do Sul","robots":{"index":"index","follow":"follow","max-snippet":"max-snippet:-1","max-image-preview":"max-image-preview:large","max-video-preview":"max-video-preview:-1"},"canonical":"https:\/\/femergs.com.br\/wfe\/blog\/uniao-e-forca-marcam-o-1o-de-maio-em-porto-alegre-contra-a-reforma-da-previdencia\/","og_locale":"pt_BR","og_type":"article","og_title":"Uni\u00e3o e for\u00e7a marcam o 1\u00ba de maio em Porto Alegre contra a reforma da Previd\u00eancia - Federa\u00e7\u00e3o dos Municip\u00e1rios do Estado do Rio Grande do Sul","og_description":"O Dia do Trabalhador na capital ga\u00facha reuniu as centrais sindicais, pol\u00edticos e movimentos sociais. A Seccional da CSB esteve \u00e0 frente do ato pelo 1\u00ba de maio em Porto Alegre, que reuniu trabalhadores e a popula\u00e7\u00e3o em geral contra a reforma da Previd\u00eancia. Para o presidente da CSB RS, S\u00e9rgio Arnoud, \u00e9 fundamental que [&hellip;]","og_url":"https:\/\/femergs.com.br\/wfe\/blog\/uniao-e-forca-marcam-o-1o-de-maio-em-porto-alegre-contra-a-reforma-da-previdencia\/","og_site_name":"Federa\u00e7\u00e3o dos Municip\u00e1rios do Estado do Rio Grande do Sul","article_publisher":"https:\/\/www.facebook.com\/profile.php?id=100057151733001","article_published_time":"2019-05-05T09:28:49+00:00","author":"adminfemergs","twitter_card":"summary_large_image","twitter_misc":{"Escrito por":"adminfemergs","Est. tempo de leitura":"3 minutos"},"schema":{"@context":"https:\/\/schema.org","@graph":[{"@type":"Article","@id":"https:\/\/femergs.com.br\/wfe\/blog\/uniao-e-forca-marcam-o-1o-de-maio-em-porto-alegre-contra-a-reforma-da-previdencia\/#article","isPartOf":{"@id":"https:\/\/femergs.com.br\/wfe\/blog\/uniao-e-forca-marcam-o-1o-de-maio-em-porto-alegre-contra-a-reforma-da-previdencia\/"},"author":{"name":"adminfemergs","@id":"https:\/\/femergs.com.br\/wfe\/#\/schema\/person\/f5558e6b5ffc044ee085016237dedb7f"},"headline":"Uni\u00e3o e for\u00e7a marcam o 1\u00ba de maio em Porto Alegre contra a reforma da Previd\u00eancia","datePublished":"2019-05-05T09:28:49+00:00","mainEntityOfPage":{"@id":"https:\/\/femergs.com.br\/wfe\/blog\/uniao-e-forca-marcam-o-1o-de-maio-em-porto-alegre-contra-a-reforma-da-previdencia\/"},"wordCount":536,"publisher":{"@id":"https:\/\/femergs.com.br\/wfe\/#organization"},"keywords":["NULL"],"articleSection":["ARQUIVADAS"],"inLanguage":"pt-BR"},{"@type":"WebPage","@id":"https:\/\/femergs.com.br\/wfe\/blog\/uniao-e-forca-marcam-o-1o-de-maio-em-porto-alegre-contra-a-reforma-da-previdencia\/","url":"https:\/\/femergs.com.br\/wfe\/blog\/uniao-e-forca-marcam-o-1o-de-maio-em-porto-alegre-contra-a-reforma-da-previdencia\/","name":"Uni\u00e3o e for\u00e7a marcam o 1\u00ba de maio em Porto Alegre contra a reforma da Previd\u00eancia - Federa\u00e7\u00e3o dos Municip\u00e1rios do Estado do Rio Grande do Sul","isPartOf":{"@id":"https:\/\/femergs.com.br\/wfe\/#website"},"datePublished":"2019-05-05T09:28:49+00:00","breadcrumb":{"@id":"https:\/\/femergs.com.br\/wfe\/blog\/uniao-e-forca-marcam-o-1o-de-maio-em-porto-alegre-contra-a-reforma-da-previdencia\/#breadcrumb"},"inLanguage":"pt-BR","potentialAction":[{"@type":"ReadAction","target":["https:\/\/femergs.com.br\/wfe\/blog\/uniao-e-forca-marcam-o-1o-de-maio-em-porto-alegre-contra-a-reforma-da-previdencia\/"]}]},{"@type":"BreadcrumbList","@id":"https:\/\/femergs.com.br\/wfe\/blog\/uniao-e-forca-marcam-o-1o-de-maio-em-porto-alegre-contra-a-reforma-da-previdencia\/#breadcrumb","itemListElement":[{"@type":"ListItem","position":1,"name":"In\u00edcio","item":"https:\/\/femergs.com.br\/wfe\/"},{"@type":"ListItem","position":2,"name":"Uni\u00e3o e for\u00e7a marcam o 1\u00ba de maio em Porto Alegre contra a reforma da Previd\u00eancia"}]},{"@type":"WebSite","@id":"https:\/\/femergs.com.br\/wfe\/#website","url":"https:\/\/femergs.com.br\/wfe\/","name":"FEMERGS","description":"FEDERA\u00c7\u00c3O DOS MUNICIP\u00c1RIOS DO ESTADO DO RIO GRANDE DO SUL","publisher":{"@id":"https:\/\/femergs.com.br\/wfe\/#organization"},"potentialAction":[{"@type":"SearchAction","target":{"@type":"EntryPoint","urlTemplate":"https:\/\/femergs.com.br\/wfe\/?s={search_term_string}"},"query-input":{"@type":"PropertyValueSpecification","valueRequired":true,"valueName":"search_term_string"}}],"inLanguage":"pt-BR"},{"@type":"Organization","@id":"https:\/\/femergs.com.br\/wfe\/#organization","name":"FEMERGS","url":"https:\/\/femergs.com.br\/wfe\/","logo":{"@type":"ImageObject","inLanguage":"pt-BR","@id":"https:\/\/femergs.com.br\/wfe\/#\/schema\/logo\/image\/","url":"https:\/\/femergs.com.br\/wfe\/wp-content\/uploads\/2025\/06\/logotipo.png","contentUrl":"https:\/\/femergs.com.br\/wfe\/wp-content\/uploads\/2025\/06\/logotipo.png","width":500,"height":500,"caption":"FEMERGS"},"image":{"@id":"https:\/\/femergs.com.br\/wfe\/#\/schema\/logo\/image\/"},"sameAs":["https:\/\/www.facebook.com\/profile.php?id=100057151733001","https:\/\/www.instagram.com\/femergs_rs\/"]},{"@type":"Person","@id":"https:\/\/femergs.com.br\/wfe\/#\/schema\/person\/f5558e6b5ffc044ee085016237dedb7f","name":"adminfemergs","image":{"@type":"ImageObject","inLanguage":"pt-BR","@id":"https:\/\/femergs.com.br\/wfe\/#\/schema\/person\/image\/","url":"https:\/\/secure.gravatar.com\/avatar\/398642fa557cdd524617ad9b31c938845f071aeb3448b9c0aeb29aefc495337b?s=96&d=mm&r=g","contentUrl":"https:\/\/secure.gravatar.com\/avatar\/398642fa557cdd524617ad9b31c938845f071aeb3448b9c0aeb29aefc495337b?s=96&d=mm&r=g","caption":"adminfemergs"},"sameAs":["https:\/\/femergs.com.br\/wfe"],"url":"https:\/\/femergs.com.br\/wfe\/blog\/author\/adminfemergs\/"}]}},"uagb_featured_image_src":{"full":false,"thumbnail":false,"medium":false,"medium_large":false,"large":false,"1536x1536":false,"2048x2048":false,"ultp_layout_landscape_large":false,"ultp_layout_landscape":false,"ultp_layout_portrait":false,"ultp_layout_square":false},"uagb_author_info":{"display_name":"adminfemergs","author_link":"https:\/\/femergs.com.br\/wfe\/blog\/author\/adminfemergs\/"},"uagb_comment_info":0,"uagb_excerpt":"O Dia do Trabalhador na capital ga\u00facha reuniu as centrais sindicais, pol\u00edticos e movimentos sociais. A Seccional da CSB esteve \u00e0 frente do ato pelo 1\u00ba de maio em Porto Alegre, que reuniu trabalhadores e a popula\u00e7\u00e3o em geral contra a reforma da Previd\u00eancia. Para o presidente da CSB RS, S\u00e9rgio Arnoud, \u00e9 fundamental que&hellip;","_links":{"self":[{"href":"https:\/\/femergs.com.br\/wfe\/wp-json\/wp\/v2\/posts\/1184","targetHints":{"allow":["GET"]}}],"collection":[{"href":"https:\/\/femergs.com.br\/wfe\/wp-json\/wp\/v2\/posts"}],"about":[{"href":"https:\/\/femergs.com.br\/wfe\/wp-json\/wp\/v2\/types\/post"}],"author":[{"embeddable":true,"href":"https:\/\/femergs.com.br\/wfe\/wp-json\/wp\/v2\/users\/1"}],"replies":[{"embeddable":true,"href":"https:\/\/femergs.com.br\/wfe\/wp-json\/wp\/v2\/comments?post=1184"}],"version-history":[{"count":0,"href":"https:\/\/femergs.com.br\/wfe\/wp-json\/wp\/v2\/posts\/1184\/revisions"}],"wp:attachment":[{"href":"https:\/\/femergs.com.br\/wfe\/wp-json\/wp\/v2\/media?parent=1184"}],"wp:term":[{"taxonomy":"category","embeddable":true,"href":"https:\/\/femergs.com.br\/wfe\/wp-json\/wp\/v2\/categories?post=1184"},{"taxonomy":"post_tag","embeddable":true,"href":"https:\/\/femergs.com.br\/wfe\/wp-json\/wp\/v2\/tags?post=1184"}],"curies":[{"name":"wp","href":"https:\/\/api.w.org\/{rel}","templated":true}]}}