{"id":1185,"date":"2019-05-15T08:19:44","date_gmt":"2019-05-15T08:19:44","guid":{"rendered":"https:\/\/femergs.com.br\/wfe\/blog\/15m-dia-de-lutar-e-defender-a-educacao-publica\/"},"modified":"2019-05-15T08:19:44","modified_gmt":"2019-05-15T08:19:44","slug":"15m-dia-de-lutar-e-defender-a-educacao-publica","status":"publish","type":"post","link":"https:\/\/femergs.com.br\/wfe\/blog\/15m-dia-de-lutar-e-defender-a-educacao-publica\/","title":{"rendered":"15M &#8211; DIA DE LUTAR E DEFENDER A EDUCA\u00c7\u00c3O P\u00daBLICA"},"content":{"rendered":"<p>A FEMERGS &#8211; Federa\u00e7\u00e3o dos Municip\u00e1rios do Estado do Rio Grande do Sul, atrav\u00e9s da Diretora da pasta da Educa\u00e7\u00e3o, Rosani Maria Lima Stocker, vem conclamar a todos os trabalhadores da educa\u00e7\u00e3o, bem como a comunidade em geral, a aderirem ao chamamento pela CNTE &#8211; Confedera\u00e7\u00e3o Nacional dos Trabalhadores em Educa\u00e7\u00e3o para HOJE, dia 15\/05\/2019, que ocorre a &#8220;GREVE NACIONAL DA EDUCA\u00c7\u00c3O&#8221; em protesto ao desmonte da educa\u00e7\u00e3o, que vem sendo realizado pelo governo de Jair Bolsonaro.<\/p>\n<p>Desmonte este que a cada dia vem se agravando com o anuncio de corte de verbas da educa\u00e7\u00e3o.<\/p>\n<p>Protesto este tamb\u00e9m se da contra a PEC\/06-2019, que diz respeito a REFORMA DA PREVID\u00caNCIA.<\/p>\n<p>Este \u00e9 o momento de nos unirmos e lutarmos por nossos direitos.<\/p>\n<p>N\u00e3o fique de fora, vem pra rua voc\u00ea tamb\u00e9m!<\/p>\n<div style=\"text-align: center;\">\n<p><strong>O QUE DIZ A CNTE?<\/strong><\/div>\n<p>\nNa pr\u00f3xima semana acontecer\u00e1, em todo pa\u00eds, a primeira grande mobiliza\u00e7\u00e3o dos\/as trabalhadores em educa\u00e7\u00e3o e de toda a comunidade educacional contra as medidas absurdas do governo Bolsonaro, entre as quais se destacam:<\/p>\n<p>\u00b7 A proposta de reforma da Previd\u00eancia altamente prejudicial para os mais pobres e para o magist\u00e9rio e trabalhadores\/as rurais;<\/p>\n<p>\u00b7 Os sucessivos cortes nas pol\u00edticas educacionais (ensino superior e educa\u00e7\u00e3o b\u00e1sica) e a amea\u00e7a de acabar com a vincula\u00e7\u00e3o constitucional que assegura recursos para a educa\u00e7\u00e3o (Fundeb e outras pol\u00edticas);<\/p>\n<p>\u00b7 O patrulhamento ideol\u00f3gico nas universidades e a ofensiva da Lei da Morda\u00e7a (Escola sem Partido ou de Partido \u00danico?);<\/p>\n<p>\u00b7 A persegui\u00e7\u00e3o ao pensamento cr\u00edtico com enxugamento de verbas para os cursos de filosofia e sociologia nas universidades;<\/p>\n<p>\u00b7 O vi\u00e9s privatista e sect\u00e1rio que fomenta as pol\u00edticas de vouchers e a educa\u00e7\u00e3o domiciliar;<\/p>\n<p>\u00b7 A agress\u00e3o \u00e0 gest\u00e3o democr\u00e1tica e \u00e0 autonomia das escolas atrav\u00e9s da militariza\u00e7\u00e3o escolar;<\/p>\n<p>\u00b7 A inoper\u00e2ncia inescrupulosa do Minist\u00e9rio da Educa\u00e7\u00e3o, que afeta a qualidade do atendimento p\u00fablico nas escolas, institutos federais e universidades;<\/p>\n<p>\u00b7 A revoga\u00e7\u00e3o de in\u00fameros conselhos de acompanhamento social, impondo retrocessos \u00e0 gest\u00e3o democr\u00e1tica estatal;<\/p>\n<p>\u00b7 O ataque \u00e0 organiza\u00e7\u00e3o sindical (MP 873) com o objetivo de enfraquecer a luta social contra esses desmandos praticados em pouco mais de quatro meses.<\/p>\n<p>Al\u00e9m das pautas retrogradas na educa\u00e7\u00e3o, v\u00e1rias outras a\u00e7\u00f5es governamentais t\u00eam colocado em risco a sociedade, o meio ambiente e o trabalho no Brasil, a exemplo do que segue abaixo:<\/p>\n<p>\u00b7 Decreto 9.685 revogou parte do Estatuto do Desarmamento para permitir o porte desmedido de armas de fogo por cidad\u00e3os comuns;<\/p>\n<p>\u00b7 Projeto de Lei \u201cAnticrime\u201d, do ministro S\u00e9rgio Moro, pretende tornar inimput\u00e1vel a for\u00e7a policial contra cidad\u00e3os, sobretudo jovens e negros;<\/p>\n<p>\u00b7 Transfer\u00eancia da demarca\u00e7\u00e3o de terras ind\u00edgenas da Funai para o Minist\u00e9rio da Agricultura, amplamente controlado pelo agroneg\u00f3cio;<\/p>\n<p>\u00b7 Degrada\u00e7\u00e3o do meio ambiente com a amplia\u00e7\u00e3o do desmatamento e a libera\u00e7\u00e3o de defensivos agr\u00edcolas nas lavouras, com est\u00edmulo \u00e0 ca\u00e7a e \u00e0 comercializa\u00e7\u00e3o da fauna e da flora;<\/p>\n<p>\u00b7 Fim do Minist\u00e9rio do Trabalho, tornando a classe trabalhadora ainda mais ref\u00e9m da gan\u00e2ncia do capital;<\/p>\n<p>\u00b7 Revoga\u00e7\u00e3o da pol\u00edtica de ganho real do sal\u00e1rio m\u00ednimo e suspens\u00e3o de benef\u00edcios assistenciais e previdenci\u00e1rios que atingem os mais necessitados;<\/p>\n<p>\u00b7 Cortes na base de atendimento do programa Bolsa Fam\u00edlia, medida iniciada ainda no governo Temer, entre tantas outras (des)medidas que visam aniquilar direitos e garantias assegurados na Constitui\u00e7\u00e3o Federal.<\/p>\n<p>O governo Bolsonaro, repudiado no Brasil e no mundo, n\u00e3o se cansa de impor retrocessos civilizat\u00f3rios \u00e0 Na\u00e7\u00e3o. Agride a democracia, estimula a viol\u00eancia contra mulheres, negros, ind\u00edgenas e LGBT, frustra a perspectiva dos jovens de acessar a escola, a universidade e o trabalho decente, oprime os\/as trabalhadores\/as da cidade e do campo com normas que degradam as condi\u00e7\u00f5es de trabalho e retiram o poder de compra das fam\u00edlias, estimula a viol\u00eancia em vez de investir na paz social. N\u00e3o \u00e9 coincid\u00eancia que nos primeiros meses de governo o feminic\u00eddio e a agress\u00e3o a estudantes e trabalhadores em educa\u00e7\u00e3o tenham se elevado no Brasil, com destaque para a chacina escolar em Suzano, para o professor esfaqueado em sala de aula em Formosa do Oeste (PR) e para o caso do docente J\u00falio C\u00e9sar Barroso, morto com arma de fogo numa escola em Valpara\u00edso de Goi\u00e1s.<\/p>\n<p>Trata-se de um governo reacion\u00e1rio, retr\u00f3grado e em constante disputa fraticida entre seus integrantes, o que o torna inoperante em certos aspectos e altamente injusto e perigoso em outros \u2013 com amea\u00e7a de declara\u00e7\u00e3o de guerra contra pa\u00eds vizinho, em total afronta \u00e0 Constitui\u00e7\u00e3o Federal que preconiza a autodetermina\u00e7\u00e3o dos povos.<\/p>\n<p>Ao mesmo tempo, esse governo possui um banqueiro no comando da economia nacional com o \u00fanico intuito de saquear as riquezas naturais, de privatizar as empresas estatais e os fundos p\u00fablicos (Educa\u00e7\u00e3o, Sa\u00fade e Previd\u00eancia) e de explorar sem piedade a for\u00e7a de trabalho do povo. O senhor Paulo Guedes, dono do Banco Pactual e de outras empresas, inclusive no setor educacional, se mostra totalmente insens\u00edvel e inepto para combater a escalada sem precedentes do desemprego no pa\u00eds. E, agora, junto com Bolsonaro, quer destruir a Previd\u00eancia e a Assist\u00eancia Social p\u00fablicas por meio da PEC 6\/2019. N\u00e3o deixaremos!<\/p>\n<p>No campo externo, a soberania do Brasil cai por terra diante da constante submiss\u00e3o aos desejos norte-americanos, inclusive de controle de parte do territ\u00f3rio nacional, das reservas naturais e do com\u00e9rcio externo, inviabilizando qualquer projeto de na\u00e7\u00e3o pr\u00f3spera, altiva, inclusiva e de boas rela\u00e7\u00f5es com os diferentes pa\u00edses e civiliza\u00e7\u00f5es. A discrimina\u00e7\u00e3o ideol\u00f3gica que impera na educa\u00e7\u00e3o tamb\u00e9m rege as rela\u00e7\u00f5es internacionais do Brasil, que ressuscitou o macarthismo e imp\u00f5e ideologias religiosas para selecionar parceiros externos, inclusive comerciais.<\/p>\n<p>Por essas e outras raz\u00f5es, que cotidianamente afrontam a soberania nacional e os avan\u00e7os conquistados a duras penas por nossa sociedade, a CNTE refor\u00e7a a convoca\u00e7\u00e3o de suas entidades filiadas para a Greve Nacional da Educa\u00e7\u00e3o, no pr\u00f3ximo dia 15 de maio, devendo ser articuladas outras ades\u00f5es do campo educacional, social e sindical em todos os estados.<\/p>\n<p>Juntos, vamos barrar a c\u00f3lera desse governo anti-povo e anti-na\u00e7\u00e3o!<\/p>\n<p>Por educa\u00e7\u00e3o p\u00fablica, gratuita, plural, laica, desmilitarizada, democr\u00e1tica, sem viol\u00eancia, de qualidade, integral, com profissionais valorizados e para todos\/as!<\/p>\n<p>Por um projeto de sociedade inclusivo, com emprego e renda para todos\/as!<\/p>\n<p>Pelo respeito \u00e0 vida e \u00e0 dignidade de todos\/as!<\/p>\n<p>Pela revoga\u00e7\u00e3o da Emenda Constitucional 95 &#8211; PEC da Morte!<\/p>\n<p>Contra a reforma da Previd\u00eancia que retira direitos de quem mais precisa!<\/p>\n<p>Bras\u00edlia, 7 de maio de 2019<br \/>\nDiretoria da CNTE<\/p>\n","protected":false},"excerpt":{"rendered":"<p>A FEMERGS &#8211; Federa\u00e7\u00e3o dos Municip\u00e1rios do Estado do Rio Grande do Sul, atrav\u00e9s da Diretora da pasta da Educa\u00e7\u00e3o, Rosani Maria Lima Stocker, vem conclamar a todos os trabalhadores da educa\u00e7\u00e3o, bem como a comunidade em geral, a aderirem ao chamamento pela CNTE &#8211; Confedera\u00e7\u00e3o Nacional dos Trabalhadores em Educa\u00e7\u00e3o para HOJE, dia 15\/05\/2019, [&hellip;]<\/p>\n","protected":false},"author":1,"featured_media":0,"comment_status":"closed","ping_status":"closed","sticky":false,"template":"","format":"standard","meta":{"_eb_attr":"","_uag_custom_page_level_css":"","fifu_image_url":"","fifu_image_alt":"","footnotes":""},"categories":[1],"tags":[32],"class_list":["post-1185","post","type-post","status-publish","format-standard","hentry","category-arquivadas","tag-null"],"yoast_head":"<!-- This site is optimized with the Yoast SEO plugin v27.1.1 - https:\/\/yoast.com\/product\/yoast-seo-wordpress\/ -->\n<title>15M - DIA DE LUTAR E DEFENDER A EDUCA\u00c7\u00c3O P\u00daBLICA - Federa\u00e7\u00e3o dos Municip\u00e1rios do Estado do Rio Grande do Sul<\/title>\n<meta name=\"robots\" content=\"index, follow, max-snippet:-1, max-image-preview:large, max-video-preview:-1\" \/>\n<link rel=\"canonical\" href=\"https:\/\/femergs.com.br\/wfe\/blog\/15m-dia-de-lutar-e-defender-a-educacao-publica\/\" \/>\n<meta property=\"og:locale\" content=\"pt_BR\" \/>\n<meta property=\"og:type\" content=\"article\" \/>\n<meta property=\"og:title\" content=\"15M - DIA DE LUTAR E DEFENDER A EDUCA\u00c7\u00c3O P\u00daBLICA - Federa\u00e7\u00e3o dos Municip\u00e1rios do Estado do Rio Grande do Sul\" \/>\n<meta property=\"og:description\" content=\"A FEMERGS &#8211; Federa\u00e7\u00e3o dos Municip\u00e1rios do Estado do Rio Grande do Sul, atrav\u00e9s da Diretora da pasta da Educa\u00e7\u00e3o, Rosani Maria Lima Stocker, vem conclamar a todos os trabalhadores da educa\u00e7\u00e3o, bem como a comunidade em geral, a aderirem ao chamamento pela CNTE &#8211; Confedera\u00e7\u00e3o Nacional dos Trabalhadores em Educa\u00e7\u00e3o para HOJE, dia 15\/05\/2019, [&hellip;]\" \/>\n<meta property=\"og:url\" content=\"https:\/\/femergs.com.br\/wfe\/blog\/15m-dia-de-lutar-e-defender-a-educacao-publica\/\" \/>\n<meta property=\"og:site_name\" content=\"Federa\u00e7\u00e3o dos Municip\u00e1rios do Estado do Rio Grande do Sul\" \/>\n<meta property=\"article:publisher\" content=\"https:\/\/www.facebook.com\/profile.php?id=100057151733001\" \/>\n<meta property=\"article:published_time\" content=\"2019-05-15T08:19:44+00:00\" \/>\n<meta name=\"author\" content=\"adminfemergs\" \/>\n<meta name=\"twitter:card\" content=\"summary_large_image\" \/>\n<meta name=\"twitter:label1\" content=\"Escrito por\" \/>\n\t<meta name=\"twitter:data1\" content=\"adminfemergs\" \/>\n\t<meta name=\"twitter:label2\" content=\"Est. tempo de leitura\" \/>\n\t<meta name=\"twitter:data2\" content=\"6 minutos\" \/>\n<script type=\"application\/ld+json\" class=\"yoast-schema-graph\">{\"@context\":\"https:\/\/schema.org\",\"@graph\":[{\"@type\":\"Article\",\"@id\":\"https:\/\/femergs.com.br\/wfe\/blog\/15m-dia-de-lutar-e-defender-a-educacao-publica\/#article\",\"isPartOf\":{\"@id\":\"https:\/\/femergs.com.br\/wfe\/blog\/15m-dia-de-lutar-e-defender-a-educacao-publica\/\"},\"author\":{\"name\":\"adminfemergs\",\"@id\":\"https:\/\/femergs.com.br\/wfe\/#\/schema\/person\/f5558e6b5ffc044ee085016237dedb7f\"},\"headline\":\"15M &#8211; DIA DE LUTAR E DEFENDER A EDUCA\u00c7\u00c3O P\u00daBLICA\",\"datePublished\":\"2019-05-15T08:19:44+00:00\",\"mainEntityOfPage\":{\"@id\":\"https:\/\/femergs.com.br\/wfe\/blog\/15m-dia-de-lutar-e-defender-a-educacao-publica\/\"},\"wordCount\":1184,\"publisher\":{\"@id\":\"https:\/\/femergs.com.br\/wfe\/#organization\"},\"keywords\":[\"NULL\"],\"articleSection\":[\"ARQUIVADAS\"],\"inLanguage\":\"pt-BR\"},{\"@type\":\"WebPage\",\"@id\":\"https:\/\/femergs.com.br\/wfe\/blog\/15m-dia-de-lutar-e-defender-a-educacao-publica\/\",\"url\":\"https:\/\/femergs.com.br\/wfe\/blog\/15m-dia-de-lutar-e-defender-a-educacao-publica\/\",\"name\":\"15M - DIA DE LUTAR E DEFENDER A EDUCA\u00c7\u00c3O P\u00daBLICA - Federa\u00e7\u00e3o dos Municip\u00e1rios do Estado do Rio Grande do Sul\",\"isPartOf\":{\"@id\":\"https:\/\/femergs.com.br\/wfe\/#website\"},\"datePublished\":\"2019-05-15T08:19:44+00:00\",\"breadcrumb\":{\"@id\":\"https:\/\/femergs.com.br\/wfe\/blog\/15m-dia-de-lutar-e-defender-a-educacao-publica\/#breadcrumb\"},\"inLanguage\":\"pt-BR\",\"potentialAction\":[{\"@type\":\"ReadAction\",\"target\":[\"https:\/\/femergs.com.br\/wfe\/blog\/15m-dia-de-lutar-e-defender-a-educacao-publica\/\"]}]},{\"@type\":\"BreadcrumbList\",\"@id\":\"https:\/\/femergs.com.br\/wfe\/blog\/15m-dia-de-lutar-e-defender-a-educacao-publica\/#breadcrumb\",\"itemListElement\":[{\"@type\":\"ListItem\",\"position\":1,\"name\":\"In\u00edcio\",\"item\":\"https:\/\/femergs.com.br\/wfe\/\"},{\"@type\":\"ListItem\",\"position\":2,\"name\":\"15M &#8211; DIA DE LUTAR E DEFENDER A EDUCA\u00c7\u00c3O P\u00daBLICA\"}]},{\"@type\":\"WebSite\",\"@id\":\"https:\/\/femergs.com.br\/wfe\/#website\",\"url\":\"https:\/\/femergs.com.br\/wfe\/\",\"name\":\"FEMERGS\",\"description\":\"FEDERA\u00c7\u00c3O DOS MUNICIP\u00c1RIOS DO ESTADO DO RIO GRANDE DO SUL\",\"publisher\":{\"@id\":\"https:\/\/femergs.com.br\/wfe\/#organization\"},\"potentialAction\":[{\"@type\":\"SearchAction\",\"target\":{\"@type\":\"EntryPoint\",\"urlTemplate\":\"https:\/\/femergs.com.br\/wfe\/?s={search_term_string}\"},\"query-input\":{\"@type\":\"PropertyValueSpecification\",\"valueRequired\":true,\"valueName\":\"search_term_string\"}}],\"inLanguage\":\"pt-BR\"},{\"@type\":\"Organization\",\"@id\":\"https:\/\/femergs.com.br\/wfe\/#organization\",\"name\":\"FEMERGS\",\"url\":\"https:\/\/femergs.com.br\/wfe\/\",\"logo\":{\"@type\":\"ImageObject\",\"inLanguage\":\"pt-BR\",\"@id\":\"https:\/\/femergs.com.br\/wfe\/#\/schema\/logo\/image\/\",\"url\":\"https:\/\/femergs.com.br\/wfe\/wp-content\/uploads\/2025\/06\/logotipo.png\",\"contentUrl\":\"https:\/\/femergs.com.br\/wfe\/wp-content\/uploads\/2025\/06\/logotipo.png\",\"width\":500,\"height\":500,\"caption\":\"FEMERGS\"},\"image\":{\"@id\":\"https:\/\/femergs.com.br\/wfe\/#\/schema\/logo\/image\/\"},\"sameAs\":[\"https:\/\/www.facebook.com\/profile.php?id=100057151733001\",\"https:\/\/www.instagram.com\/femergs_rs\/\"]},{\"@type\":\"Person\",\"@id\":\"https:\/\/femergs.com.br\/wfe\/#\/schema\/person\/f5558e6b5ffc044ee085016237dedb7f\",\"name\":\"adminfemergs\",\"image\":{\"@type\":\"ImageObject\",\"inLanguage\":\"pt-BR\",\"@id\":\"https:\/\/femergs.com.br\/wfe\/#\/schema\/person\/image\/\",\"url\":\"https:\/\/secure.gravatar.com\/avatar\/398642fa557cdd524617ad9b31c938845f071aeb3448b9c0aeb29aefc495337b?s=96&d=mm&r=g\",\"contentUrl\":\"https:\/\/secure.gravatar.com\/avatar\/398642fa557cdd524617ad9b31c938845f071aeb3448b9c0aeb29aefc495337b?s=96&d=mm&r=g\",\"caption\":\"adminfemergs\"},\"sameAs\":[\"https:\/\/femergs.com.br\/wfe\"],\"url\":\"https:\/\/femergs.com.br\/wfe\/blog\/author\/adminfemergs\/\"}]}<\/script>\n<!-- \/ Yoast SEO plugin. -->","yoast_head_json":{"title":"15M - DIA DE LUTAR E DEFENDER A EDUCA\u00c7\u00c3O P\u00daBLICA - Federa\u00e7\u00e3o dos Municip\u00e1rios do Estado do Rio Grande do Sul","robots":{"index":"index","follow":"follow","max-snippet":"max-snippet:-1","max-image-preview":"max-image-preview:large","max-video-preview":"max-video-preview:-1"},"canonical":"https:\/\/femergs.com.br\/wfe\/blog\/15m-dia-de-lutar-e-defender-a-educacao-publica\/","og_locale":"pt_BR","og_type":"article","og_title":"15M - DIA DE LUTAR E DEFENDER A EDUCA\u00c7\u00c3O P\u00daBLICA - Federa\u00e7\u00e3o dos Municip\u00e1rios do Estado do Rio Grande do Sul","og_description":"A FEMERGS &#8211; Federa\u00e7\u00e3o dos Municip\u00e1rios do Estado do Rio Grande do Sul, atrav\u00e9s da Diretora da pasta da Educa\u00e7\u00e3o, Rosani Maria Lima Stocker, vem conclamar a todos os trabalhadores da educa\u00e7\u00e3o, bem como a comunidade em geral, a aderirem ao chamamento pela CNTE &#8211; Confedera\u00e7\u00e3o Nacional dos Trabalhadores em Educa\u00e7\u00e3o para HOJE, dia 15\/05\/2019, [&hellip;]","og_url":"https:\/\/femergs.com.br\/wfe\/blog\/15m-dia-de-lutar-e-defender-a-educacao-publica\/","og_site_name":"Federa\u00e7\u00e3o dos Municip\u00e1rios do Estado do Rio Grande do Sul","article_publisher":"https:\/\/www.facebook.com\/profile.php?id=100057151733001","article_published_time":"2019-05-15T08:19:44+00:00","author":"adminfemergs","twitter_card":"summary_large_image","twitter_misc":{"Escrito por":"adminfemergs","Est. tempo de leitura":"6 minutos"},"schema":{"@context":"https:\/\/schema.org","@graph":[{"@type":"Article","@id":"https:\/\/femergs.com.br\/wfe\/blog\/15m-dia-de-lutar-e-defender-a-educacao-publica\/#article","isPartOf":{"@id":"https:\/\/femergs.com.br\/wfe\/blog\/15m-dia-de-lutar-e-defender-a-educacao-publica\/"},"author":{"name":"adminfemergs","@id":"https:\/\/femergs.com.br\/wfe\/#\/schema\/person\/f5558e6b5ffc044ee085016237dedb7f"},"headline":"15M &#8211; DIA DE LUTAR E DEFENDER A EDUCA\u00c7\u00c3O P\u00daBLICA","datePublished":"2019-05-15T08:19:44+00:00","mainEntityOfPage":{"@id":"https:\/\/femergs.com.br\/wfe\/blog\/15m-dia-de-lutar-e-defender-a-educacao-publica\/"},"wordCount":1184,"publisher":{"@id":"https:\/\/femergs.com.br\/wfe\/#organization"},"keywords":["NULL"],"articleSection":["ARQUIVADAS"],"inLanguage":"pt-BR"},{"@type":"WebPage","@id":"https:\/\/femergs.com.br\/wfe\/blog\/15m-dia-de-lutar-e-defender-a-educacao-publica\/","url":"https:\/\/femergs.com.br\/wfe\/blog\/15m-dia-de-lutar-e-defender-a-educacao-publica\/","name":"15M - DIA DE LUTAR E DEFENDER A EDUCA\u00c7\u00c3O P\u00daBLICA - Federa\u00e7\u00e3o dos Municip\u00e1rios do Estado do Rio Grande do Sul","isPartOf":{"@id":"https:\/\/femergs.com.br\/wfe\/#website"},"datePublished":"2019-05-15T08:19:44+00:00","breadcrumb":{"@id":"https:\/\/femergs.com.br\/wfe\/blog\/15m-dia-de-lutar-e-defender-a-educacao-publica\/#breadcrumb"},"inLanguage":"pt-BR","potentialAction":[{"@type":"ReadAction","target":["https:\/\/femergs.com.br\/wfe\/blog\/15m-dia-de-lutar-e-defender-a-educacao-publica\/"]}]},{"@type":"BreadcrumbList","@id":"https:\/\/femergs.com.br\/wfe\/blog\/15m-dia-de-lutar-e-defender-a-educacao-publica\/#breadcrumb","itemListElement":[{"@type":"ListItem","position":1,"name":"In\u00edcio","item":"https:\/\/femergs.com.br\/wfe\/"},{"@type":"ListItem","position":2,"name":"15M &#8211; DIA DE LUTAR E DEFENDER A EDUCA\u00c7\u00c3O P\u00daBLICA"}]},{"@type":"WebSite","@id":"https:\/\/femergs.com.br\/wfe\/#website","url":"https:\/\/femergs.com.br\/wfe\/","name":"FEMERGS","description":"FEDERA\u00c7\u00c3O DOS MUNICIP\u00c1RIOS DO ESTADO DO RIO GRANDE DO SUL","publisher":{"@id":"https:\/\/femergs.com.br\/wfe\/#organization"},"potentialAction":[{"@type":"SearchAction","target":{"@type":"EntryPoint","urlTemplate":"https:\/\/femergs.com.br\/wfe\/?s={search_term_string}"},"query-input":{"@type":"PropertyValueSpecification","valueRequired":true,"valueName":"search_term_string"}}],"inLanguage":"pt-BR"},{"@type":"Organization","@id":"https:\/\/femergs.com.br\/wfe\/#organization","name":"FEMERGS","url":"https:\/\/femergs.com.br\/wfe\/","logo":{"@type":"ImageObject","inLanguage":"pt-BR","@id":"https:\/\/femergs.com.br\/wfe\/#\/schema\/logo\/image\/","url":"https:\/\/femergs.com.br\/wfe\/wp-content\/uploads\/2025\/06\/logotipo.png","contentUrl":"https:\/\/femergs.com.br\/wfe\/wp-content\/uploads\/2025\/06\/logotipo.png","width":500,"height":500,"caption":"FEMERGS"},"image":{"@id":"https:\/\/femergs.com.br\/wfe\/#\/schema\/logo\/image\/"},"sameAs":["https:\/\/www.facebook.com\/profile.php?id=100057151733001","https:\/\/www.instagram.com\/femergs_rs\/"]},{"@type":"Person","@id":"https:\/\/femergs.com.br\/wfe\/#\/schema\/person\/f5558e6b5ffc044ee085016237dedb7f","name":"adminfemergs","image":{"@type":"ImageObject","inLanguage":"pt-BR","@id":"https:\/\/femergs.com.br\/wfe\/#\/schema\/person\/image\/","url":"https:\/\/secure.gravatar.com\/avatar\/398642fa557cdd524617ad9b31c938845f071aeb3448b9c0aeb29aefc495337b?s=96&d=mm&r=g","contentUrl":"https:\/\/secure.gravatar.com\/avatar\/398642fa557cdd524617ad9b31c938845f071aeb3448b9c0aeb29aefc495337b?s=96&d=mm&r=g","caption":"adminfemergs"},"sameAs":["https:\/\/femergs.com.br\/wfe"],"url":"https:\/\/femergs.com.br\/wfe\/blog\/author\/adminfemergs\/"}]}},"uagb_featured_image_src":{"full":false,"thumbnail":false,"medium":false,"medium_large":false,"large":false,"1536x1536":false,"2048x2048":false,"ultp_layout_landscape_large":false,"ultp_layout_landscape":false,"ultp_layout_portrait":false,"ultp_layout_square":false},"uagb_author_info":{"display_name":"adminfemergs","author_link":"https:\/\/femergs.com.br\/wfe\/blog\/author\/adminfemergs\/"},"uagb_comment_info":0,"uagb_excerpt":"A FEMERGS &#8211; Federa\u00e7\u00e3o dos Municip\u00e1rios do Estado do Rio Grande do Sul, atrav\u00e9s da Diretora da pasta da Educa\u00e7\u00e3o, Rosani Maria Lima Stocker, vem conclamar a todos os trabalhadores da educa\u00e7\u00e3o, bem como a comunidade em geral, a aderirem ao chamamento pela CNTE &#8211; Confedera\u00e7\u00e3o Nacional dos Trabalhadores em Educa\u00e7\u00e3o para HOJE, dia 15\/05\/2019,&hellip;","_links":{"self":[{"href":"https:\/\/femergs.com.br\/wfe\/wp-json\/wp\/v2\/posts\/1185","targetHints":{"allow":["GET"]}}],"collection":[{"href":"https:\/\/femergs.com.br\/wfe\/wp-json\/wp\/v2\/posts"}],"about":[{"href":"https:\/\/femergs.com.br\/wfe\/wp-json\/wp\/v2\/types\/post"}],"author":[{"embeddable":true,"href":"https:\/\/femergs.com.br\/wfe\/wp-json\/wp\/v2\/users\/1"}],"replies":[{"embeddable":true,"href":"https:\/\/femergs.com.br\/wfe\/wp-json\/wp\/v2\/comments?post=1185"}],"version-history":[{"count":0,"href":"https:\/\/femergs.com.br\/wfe\/wp-json\/wp\/v2\/posts\/1185\/revisions"}],"wp:attachment":[{"href":"https:\/\/femergs.com.br\/wfe\/wp-json\/wp\/v2\/media?parent=1185"}],"wp:term":[{"taxonomy":"category","embeddable":true,"href":"https:\/\/femergs.com.br\/wfe\/wp-json\/wp\/v2\/categories?post=1185"},{"taxonomy":"post_tag","embeddable":true,"href":"https:\/\/femergs.com.br\/wfe\/wp-json\/wp\/v2\/tags?post=1185"}],"curies":[{"name":"wp","href":"https:\/\/api.w.org\/{rel}","templated":true}]}}