{"id":1186,"date":"2019-05-27T21:06:32","date_gmt":"2019-05-27T21:06:32","guid":{"rendered":"https:\/\/femergs.com.br\/wfe\/blog\/30-de-maio-e-14-de-junho-dias-de-luta\/"},"modified":"2019-05-27T21:06:32","modified_gmt":"2019-05-27T21:06:32","slug":"30-de-maio-e-14-de-junho-dias-de-luta","status":"publish","type":"post","link":"https:\/\/femergs.com.br\/wfe\/blog\/30-de-maio-e-14-de-junho-dias-de-luta\/","title":{"rendered":"30 de Maio e 14 de Junho &#8211; DIAS DE LUTA"},"content":{"rendered":"<p>Considerando a convoca\u00e7\u00e3o para uma mobiliza\u00e7\u00e3o nacional, para fins de manifesta\u00e7\u00e3o sobre a Reforma da Previd\u00eancia e a Escola P\u00fablica, neste dia 30 de maio, solicitamos perante a administra\u00e7\u00e3o municipal seja possibilitado o ponto livre, para os servidores que tiverem interesse em participar da referida mobiliza\u00e7\u00e3o.<\/p>\n<p>Estaremos incentivando reflex\u00f5es, no sentido de expor a realidade da escola p\u00fablica, frente o corte de verbas, frente a redu\u00e7\u00e3o de direitos e propriamente a qualidade do servi\u00e7o p\u00fablico.<\/p>\n<p>A atividade deste dia 30 \u00e9 para fins de oportunizar uma efetiva compreens\u00e3o de todos os aspectos que est\u00e3o sendo atingidos, de maneira a alcan\u00e7ar a grande paralisa\u00e7\u00e3o nacional, marcada para o dia 14\/06\/2019.<\/p>\n<p>A participa\u00e7\u00e3o dos trabalhadores e trabalhadoras do servi\u00e7o p\u00fablico municipal, na Greve Geral do dia 14 de junho, \u00e9 um alerta sobre as graves consequ\u00eancias que estas pol\u00edticas ultra liberais que est\u00e3o em voga no pa\u00eds, trar\u00e3o aos munic\u00edpios, em especial a Reforma da Previd\u00eancia, considerando que \u00e9 hoje o maior Programa de Distribui\u00e7\u00e3o de Renda no pa\u00eds, e que beneficia muito as economias nos munic\u00edpios.<\/p>\n<p>Neste caminho, importante o entendimento da administra\u00e7\u00e3o, uma vez que toda esta pauta de luta, repercute positivamente, n\u00e3o apenas para os servidores, mas tamb\u00e9m aos gestores, raz\u00e3o pela qual busca a libera\u00e7\u00e3o de ponto dos servidores, nos dias 30 de maio e 14 de junho de 2019.<\/p>\n<p>O direito de greve \u00e9 um direito constitucional, previsto na Constitui\u00e7\u00e3o Federal de 1988, em seu artigo 9\u00ba, que disp\u00f5e:<br \/>\nArt. 9\u00ba: \u00c9 assegurado o direito de greve, competindo aos trabalhadores decidir sobre a oportunidade de exerc\u00ea-lo e sobre os interesses que devam por meio dele defender.<\/p>\n<p>Lei 7.783\/89:<\/p>\n<p>Artigo 3\u00ba &#8211; Frustrada a negocia\u00e7\u00e3o ou verificada a impossibilidade de recursos via arbitral, \u00e9 facultada a cessa\u00e7\u00e3o coletiva do trabalho.<\/p>\n<p>Artigo 13 &#8211; Na greve, em servi\u00e7os ou atividades essenciais, ficam as entidades sindicais ou os trabalhadores, conforme o caso, obrigados a comunicar a decis\u00e3o aos empregadores e aos usu\u00e1rios com anteced\u00eancia m\u00ednima de 72 (setenta e duas) horas da paralisa\u00e7\u00e3o.<\/p>\n","protected":false},"excerpt":{"rendered":"<p>Considerando a convoca\u00e7\u00e3o para uma mobiliza\u00e7\u00e3o nacional, para fins de manifesta\u00e7\u00e3o sobre a Reforma da Previd\u00eancia e a Escola P\u00fablica, neste dia 30 de maio, solicitamos perante a administra\u00e7\u00e3o municipal seja possibilitado o ponto livre, para os servidores que tiverem interesse em participar da referida mobiliza\u00e7\u00e3o. Estaremos incentivando reflex\u00f5es, no sentido de expor a realidade [&hellip;]<\/p>\n","protected":false},"author":1,"featured_media":0,"comment_status":"closed","ping_status":"closed","sticky":false,"template":"","format":"standard","meta":{"_eb_attr":"","_uag_custom_page_level_css":"","fifu_image_url":"","fifu_image_alt":"","footnotes":""},"categories":[1],"tags":[32],"class_list":["post-1186","post","type-post","status-publish","format-standard","hentry","category-arquivadas","tag-null"],"yoast_head":"<!-- This site is optimized with the Yoast SEO plugin v27.1.1 - https:\/\/yoast.com\/product\/yoast-seo-wordpress\/ -->\n<title>30 de Maio e 14 de Junho - DIAS DE LUTA - Federa\u00e7\u00e3o dos Municip\u00e1rios do Estado do Rio Grande do Sul<\/title>\n<meta name=\"robots\" content=\"index, follow, max-snippet:-1, max-image-preview:large, max-video-preview:-1\" \/>\n<link rel=\"canonical\" href=\"https:\/\/femergs.com.br\/wfe\/blog\/30-de-maio-e-14-de-junho-dias-de-luta\/\" \/>\n<meta property=\"og:locale\" content=\"pt_BR\" \/>\n<meta property=\"og:type\" content=\"article\" \/>\n<meta property=\"og:title\" content=\"30 de Maio e 14 de Junho - DIAS DE LUTA - Federa\u00e7\u00e3o dos Municip\u00e1rios do Estado do Rio Grande do Sul\" \/>\n<meta property=\"og:description\" content=\"Considerando a convoca\u00e7\u00e3o para uma mobiliza\u00e7\u00e3o nacional, para fins de manifesta\u00e7\u00e3o sobre a Reforma da Previd\u00eancia e a Escola P\u00fablica, neste dia 30 de maio, solicitamos perante a administra\u00e7\u00e3o municipal seja possibilitado o ponto livre, para os servidores que tiverem interesse em participar da referida mobiliza\u00e7\u00e3o. Estaremos incentivando reflex\u00f5es, no sentido de expor a realidade [&hellip;]\" \/>\n<meta property=\"og:url\" content=\"https:\/\/femergs.com.br\/wfe\/blog\/30-de-maio-e-14-de-junho-dias-de-luta\/\" \/>\n<meta property=\"og:site_name\" content=\"Federa\u00e7\u00e3o dos Municip\u00e1rios do Estado do Rio Grande do Sul\" \/>\n<meta property=\"article:publisher\" content=\"https:\/\/www.facebook.com\/profile.php?id=100057151733001\" \/>\n<meta property=\"article:published_time\" content=\"2019-05-27T21:06:32+00:00\" \/>\n<meta name=\"author\" content=\"adminfemergs\" \/>\n<meta name=\"twitter:card\" content=\"summary_large_image\" \/>\n<meta name=\"twitter:label1\" content=\"Escrito por\" \/>\n\t<meta name=\"twitter:data1\" content=\"adminfemergs\" \/>\n\t<meta name=\"twitter:label2\" content=\"Est. tempo de leitura\" \/>\n\t<meta name=\"twitter:data2\" content=\"2 minutos\" \/>\n<script type=\"application\/ld+json\" class=\"yoast-schema-graph\">{\"@context\":\"https:\/\/schema.org\",\"@graph\":[{\"@type\":\"Article\",\"@id\":\"https:\/\/femergs.com.br\/wfe\/blog\/30-de-maio-e-14-de-junho-dias-de-luta\/#article\",\"isPartOf\":{\"@id\":\"https:\/\/femergs.com.br\/wfe\/blog\/30-de-maio-e-14-de-junho-dias-de-luta\/\"},\"author\":{\"name\":\"adminfemergs\",\"@id\":\"https:\/\/femergs.com.br\/wfe\/#\/schema\/person\/f5558e6b5ffc044ee085016237dedb7f\"},\"headline\":\"30 de Maio e 14 de Junho &#8211; DIAS DE LUTA\",\"datePublished\":\"2019-05-27T21:06:32+00:00\",\"mainEntityOfPage\":{\"@id\":\"https:\/\/femergs.com.br\/wfe\/blog\/30-de-maio-e-14-de-junho-dias-de-luta\/\"},\"wordCount\":367,\"publisher\":{\"@id\":\"https:\/\/femergs.com.br\/wfe\/#organization\"},\"keywords\":[\"NULL\"],\"articleSection\":[\"ARQUIVADAS\"],\"inLanguage\":\"pt-BR\"},{\"@type\":\"WebPage\",\"@id\":\"https:\/\/femergs.com.br\/wfe\/blog\/30-de-maio-e-14-de-junho-dias-de-luta\/\",\"url\":\"https:\/\/femergs.com.br\/wfe\/blog\/30-de-maio-e-14-de-junho-dias-de-luta\/\",\"name\":\"30 de Maio e 14 de Junho - DIAS DE LUTA - Federa\u00e7\u00e3o dos Municip\u00e1rios do Estado do Rio Grande do Sul\",\"isPartOf\":{\"@id\":\"https:\/\/femergs.com.br\/wfe\/#website\"},\"datePublished\":\"2019-05-27T21:06:32+00:00\",\"breadcrumb\":{\"@id\":\"https:\/\/femergs.com.br\/wfe\/blog\/30-de-maio-e-14-de-junho-dias-de-luta\/#breadcrumb\"},\"inLanguage\":\"pt-BR\",\"potentialAction\":[{\"@type\":\"ReadAction\",\"target\":[\"https:\/\/femergs.com.br\/wfe\/blog\/30-de-maio-e-14-de-junho-dias-de-luta\/\"]}]},{\"@type\":\"BreadcrumbList\",\"@id\":\"https:\/\/femergs.com.br\/wfe\/blog\/30-de-maio-e-14-de-junho-dias-de-luta\/#breadcrumb\",\"itemListElement\":[{\"@type\":\"ListItem\",\"position\":1,\"name\":\"In\u00edcio\",\"item\":\"https:\/\/femergs.com.br\/wfe\/\"},{\"@type\":\"ListItem\",\"position\":2,\"name\":\"30 de Maio e 14 de Junho &#8211; DIAS DE LUTA\"}]},{\"@type\":\"WebSite\",\"@id\":\"https:\/\/femergs.com.br\/wfe\/#website\",\"url\":\"https:\/\/femergs.com.br\/wfe\/\",\"name\":\"FEMERGS\",\"description\":\"FEDERA\u00c7\u00c3O DOS MUNICIP\u00c1RIOS DO ESTADO DO RIO GRANDE DO SUL\",\"publisher\":{\"@id\":\"https:\/\/femergs.com.br\/wfe\/#organization\"},\"potentialAction\":[{\"@type\":\"SearchAction\",\"target\":{\"@type\":\"EntryPoint\",\"urlTemplate\":\"https:\/\/femergs.com.br\/wfe\/?s={search_term_string}\"},\"query-input\":{\"@type\":\"PropertyValueSpecification\",\"valueRequired\":true,\"valueName\":\"search_term_string\"}}],\"inLanguage\":\"pt-BR\"},{\"@type\":\"Organization\",\"@id\":\"https:\/\/femergs.com.br\/wfe\/#organization\",\"name\":\"FEMERGS\",\"url\":\"https:\/\/femergs.com.br\/wfe\/\",\"logo\":{\"@type\":\"ImageObject\",\"inLanguage\":\"pt-BR\",\"@id\":\"https:\/\/femergs.com.br\/wfe\/#\/schema\/logo\/image\/\",\"url\":\"https:\/\/femergs.com.br\/wfe\/wp-content\/uploads\/2025\/06\/logotipo.png\",\"contentUrl\":\"https:\/\/femergs.com.br\/wfe\/wp-content\/uploads\/2025\/06\/logotipo.png\",\"width\":500,\"height\":500,\"caption\":\"FEMERGS\"},\"image\":{\"@id\":\"https:\/\/femergs.com.br\/wfe\/#\/schema\/logo\/image\/\"},\"sameAs\":[\"https:\/\/www.facebook.com\/profile.php?id=100057151733001\",\"https:\/\/www.instagram.com\/femergs_rs\/\"]},{\"@type\":\"Person\",\"@id\":\"https:\/\/femergs.com.br\/wfe\/#\/schema\/person\/f5558e6b5ffc044ee085016237dedb7f\",\"name\":\"adminfemergs\",\"image\":{\"@type\":\"ImageObject\",\"inLanguage\":\"pt-BR\",\"@id\":\"https:\/\/femergs.com.br\/wfe\/#\/schema\/person\/image\/\",\"url\":\"https:\/\/secure.gravatar.com\/avatar\/398642fa557cdd524617ad9b31c938845f071aeb3448b9c0aeb29aefc495337b?s=96&d=mm&r=g\",\"contentUrl\":\"https:\/\/secure.gravatar.com\/avatar\/398642fa557cdd524617ad9b31c938845f071aeb3448b9c0aeb29aefc495337b?s=96&d=mm&r=g\",\"caption\":\"adminfemergs\"},\"sameAs\":[\"https:\/\/femergs.com.br\/wfe\"],\"url\":\"https:\/\/femergs.com.br\/wfe\/blog\/author\/adminfemergs\/\"}]}<\/script>\n<!-- \/ Yoast SEO plugin. -->","yoast_head_json":{"title":"30 de Maio e 14 de Junho - DIAS DE LUTA - Federa\u00e7\u00e3o dos Municip\u00e1rios do Estado do Rio Grande do Sul","robots":{"index":"index","follow":"follow","max-snippet":"max-snippet:-1","max-image-preview":"max-image-preview:large","max-video-preview":"max-video-preview:-1"},"canonical":"https:\/\/femergs.com.br\/wfe\/blog\/30-de-maio-e-14-de-junho-dias-de-luta\/","og_locale":"pt_BR","og_type":"article","og_title":"30 de Maio e 14 de Junho - DIAS DE LUTA - Federa\u00e7\u00e3o dos Municip\u00e1rios do Estado do Rio Grande do Sul","og_description":"Considerando a convoca\u00e7\u00e3o para uma mobiliza\u00e7\u00e3o nacional, para fins de manifesta\u00e7\u00e3o sobre a Reforma da Previd\u00eancia e a Escola P\u00fablica, neste dia 30 de maio, solicitamos perante a administra\u00e7\u00e3o municipal seja possibilitado o ponto livre, para os servidores que tiverem interesse em participar da referida mobiliza\u00e7\u00e3o. Estaremos incentivando reflex\u00f5es, no sentido de expor a realidade [&hellip;]","og_url":"https:\/\/femergs.com.br\/wfe\/blog\/30-de-maio-e-14-de-junho-dias-de-luta\/","og_site_name":"Federa\u00e7\u00e3o dos Municip\u00e1rios do Estado do Rio Grande do Sul","article_publisher":"https:\/\/www.facebook.com\/profile.php?id=100057151733001","article_published_time":"2019-05-27T21:06:32+00:00","author":"adminfemergs","twitter_card":"summary_large_image","twitter_misc":{"Escrito por":"adminfemergs","Est. tempo de leitura":"2 minutos"},"schema":{"@context":"https:\/\/schema.org","@graph":[{"@type":"Article","@id":"https:\/\/femergs.com.br\/wfe\/blog\/30-de-maio-e-14-de-junho-dias-de-luta\/#article","isPartOf":{"@id":"https:\/\/femergs.com.br\/wfe\/blog\/30-de-maio-e-14-de-junho-dias-de-luta\/"},"author":{"name":"adminfemergs","@id":"https:\/\/femergs.com.br\/wfe\/#\/schema\/person\/f5558e6b5ffc044ee085016237dedb7f"},"headline":"30 de Maio e 14 de Junho &#8211; DIAS DE LUTA","datePublished":"2019-05-27T21:06:32+00:00","mainEntityOfPage":{"@id":"https:\/\/femergs.com.br\/wfe\/blog\/30-de-maio-e-14-de-junho-dias-de-luta\/"},"wordCount":367,"publisher":{"@id":"https:\/\/femergs.com.br\/wfe\/#organization"},"keywords":["NULL"],"articleSection":["ARQUIVADAS"],"inLanguage":"pt-BR"},{"@type":"WebPage","@id":"https:\/\/femergs.com.br\/wfe\/blog\/30-de-maio-e-14-de-junho-dias-de-luta\/","url":"https:\/\/femergs.com.br\/wfe\/blog\/30-de-maio-e-14-de-junho-dias-de-luta\/","name":"30 de Maio e 14 de Junho - DIAS DE LUTA - Federa\u00e7\u00e3o dos Municip\u00e1rios do Estado do Rio Grande do Sul","isPartOf":{"@id":"https:\/\/femergs.com.br\/wfe\/#website"},"datePublished":"2019-05-27T21:06:32+00:00","breadcrumb":{"@id":"https:\/\/femergs.com.br\/wfe\/blog\/30-de-maio-e-14-de-junho-dias-de-luta\/#breadcrumb"},"inLanguage":"pt-BR","potentialAction":[{"@type":"ReadAction","target":["https:\/\/femergs.com.br\/wfe\/blog\/30-de-maio-e-14-de-junho-dias-de-luta\/"]}]},{"@type":"BreadcrumbList","@id":"https:\/\/femergs.com.br\/wfe\/blog\/30-de-maio-e-14-de-junho-dias-de-luta\/#breadcrumb","itemListElement":[{"@type":"ListItem","position":1,"name":"In\u00edcio","item":"https:\/\/femergs.com.br\/wfe\/"},{"@type":"ListItem","position":2,"name":"30 de Maio e 14 de Junho &#8211; DIAS DE LUTA"}]},{"@type":"WebSite","@id":"https:\/\/femergs.com.br\/wfe\/#website","url":"https:\/\/femergs.com.br\/wfe\/","name":"FEMERGS","description":"FEDERA\u00c7\u00c3O DOS MUNICIP\u00c1RIOS DO ESTADO DO RIO GRANDE DO SUL","publisher":{"@id":"https:\/\/femergs.com.br\/wfe\/#organization"},"potentialAction":[{"@type":"SearchAction","target":{"@type":"EntryPoint","urlTemplate":"https:\/\/femergs.com.br\/wfe\/?s={search_term_string}"},"query-input":{"@type":"PropertyValueSpecification","valueRequired":true,"valueName":"search_term_string"}}],"inLanguage":"pt-BR"},{"@type":"Organization","@id":"https:\/\/femergs.com.br\/wfe\/#organization","name":"FEMERGS","url":"https:\/\/femergs.com.br\/wfe\/","logo":{"@type":"ImageObject","inLanguage":"pt-BR","@id":"https:\/\/femergs.com.br\/wfe\/#\/schema\/logo\/image\/","url":"https:\/\/femergs.com.br\/wfe\/wp-content\/uploads\/2025\/06\/logotipo.png","contentUrl":"https:\/\/femergs.com.br\/wfe\/wp-content\/uploads\/2025\/06\/logotipo.png","width":500,"height":500,"caption":"FEMERGS"},"image":{"@id":"https:\/\/femergs.com.br\/wfe\/#\/schema\/logo\/image\/"},"sameAs":["https:\/\/www.facebook.com\/profile.php?id=100057151733001","https:\/\/www.instagram.com\/femergs_rs\/"]},{"@type":"Person","@id":"https:\/\/femergs.com.br\/wfe\/#\/schema\/person\/f5558e6b5ffc044ee085016237dedb7f","name":"adminfemergs","image":{"@type":"ImageObject","inLanguage":"pt-BR","@id":"https:\/\/femergs.com.br\/wfe\/#\/schema\/person\/image\/","url":"https:\/\/secure.gravatar.com\/avatar\/398642fa557cdd524617ad9b31c938845f071aeb3448b9c0aeb29aefc495337b?s=96&d=mm&r=g","contentUrl":"https:\/\/secure.gravatar.com\/avatar\/398642fa557cdd524617ad9b31c938845f071aeb3448b9c0aeb29aefc495337b?s=96&d=mm&r=g","caption":"adminfemergs"},"sameAs":["https:\/\/femergs.com.br\/wfe"],"url":"https:\/\/femergs.com.br\/wfe\/blog\/author\/adminfemergs\/"}]}},"uagb_featured_image_src":{"full":false,"thumbnail":false,"medium":false,"medium_large":false,"large":false,"1536x1536":false,"2048x2048":false,"ultp_layout_landscape_large":false,"ultp_layout_landscape":false,"ultp_layout_portrait":false,"ultp_layout_square":false},"uagb_author_info":{"display_name":"adminfemergs","author_link":"https:\/\/femergs.com.br\/wfe\/blog\/author\/adminfemergs\/"},"uagb_comment_info":0,"uagb_excerpt":"Considerando a convoca\u00e7\u00e3o para uma mobiliza\u00e7\u00e3o nacional, para fins de manifesta\u00e7\u00e3o sobre a Reforma da Previd\u00eancia e a Escola P\u00fablica, neste dia 30 de maio, solicitamos perante a administra\u00e7\u00e3o municipal seja possibilitado o ponto livre, para os servidores que tiverem interesse em participar da referida mobiliza\u00e7\u00e3o. Estaremos incentivando reflex\u00f5es, no sentido de expor a realidade&hellip;","_links":{"self":[{"href":"https:\/\/femergs.com.br\/wfe\/wp-json\/wp\/v2\/posts\/1186","targetHints":{"allow":["GET"]}}],"collection":[{"href":"https:\/\/femergs.com.br\/wfe\/wp-json\/wp\/v2\/posts"}],"about":[{"href":"https:\/\/femergs.com.br\/wfe\/wp-json\/wp\/v2\/types\/post"}],"author":[{"embeddable":true,"href":"https:\/\/femergs.com.br\/wfe\/wp-json\/wp\/v2\/users\/1"}],"replies":[{"embeddable":true,"href":"https:\/\/femergs.com.br\/wfe\/wp-json\/wp\/v2\/comments?post=1186"}],"version-history":[{"count":0,"href":"https:\/\/femergs.com.br\/wfe\/wp-json\/wp\/v2\/posts\/1186\/revisions"}],"wp:attachment":[{"href":"https:\/\/femergs.com.br\/wfe\/wp-json\/wp\/v2\/media?parent=1186"}],"wp:term":[{"taxonomy":"category","embeddable":true,"href":"https:\/\/femergs.com.br\/wfe\/wp-json\/wp\/v2\/categories?post=1186"},{"taxonomy":"post_tag","embeddable":true,"href":"https:\/\/femergs.com.br\/wfe\/wp-json\/wp\/v2\/tags?post=1186"}],"curies":[{"name":"wp","href":"https:\/\/api.w.org\/{rel}","templated":true}]}}