{"id":1187,"date":"2019-05-30T08:42:04","date_gmt":"2019-05-30T08:42:04","guid":{"rendered":"https:\/\/femergs.com.br\/wfe\/blog\/reforma-da-previdencia-nossa-luta-nosso-futuro\/"},"modified":"2019-05-30T08:42:04","modified_gmt":"2019-05-30T08:42:04","slug":"reforma-da-previdencia-nossa-luta-nosso-futuro","status":"publish","type":"post","link":"https:\/\/femergs.com.br\/wfe\/blog\/reforma-da-previdencia-nossa-luta-nosso-futuro\/","title":{"rendered":"REFORMA DA PREVID\u00caNCIA NOSSA LUTA \u2013 NOSSO FUTURO"},"content":{"rendered":"<div style=\"text-align:justify\">Dia 14 de Junho, est\u00e1 chegando, como estamos nos posicionando frente ao desmonte da previd\u00eancia?<\/div>\n<div style=\"text-align:justify\">\nN\u00f3s servidores p\u00fablicos seremos afetados diretamente com a reforma da previd\u00eancia, e isto, se n\u00e3o levarmos em conta a <strong>CAPITALIZA\u00c7\u00c3O<\/strong>, que ser\u00e1 o fim de toda e qualquer previd\u00eancia p\u00fablica em poucos anos. O clima de \u00f3dio, rancor, e disputa da \u00faltima elei\u00e7\u00e3o para presidente n\u00e3o est\u00e1 permitindo que a gente pense com clareza. Mas devemos pelo menos tentar procurar na internet falas sobre o assunto, tomando o cuidado de buscar entre Professores de economia, especialistas em Direito previdenci\u00e1rio, ANAMATRA, Desembargadores, Ju\u00edzes do trabalho, site de confian\u00e7a, pois assim, estaremos menos sujeitos a opini\u00f5es com base pol\u00edtica partid\u00e1ria, que neste momento mais do que nunca n\u00e3o \u00e9 par\u00e2metro.<\/div>\n<div style=\"text-align:justify\">\nChegar\u00e1 o dia em que precisaremos rever a quest\u00e3o pol\u00edtica neste pa\u00eds, e dividi-la em PROJETO POL\u00cdTICO, e n\u00e3o um grupo disposto a tudo para garantir seu quinh\u00e3o, neste emaranhado de corrup\u00e7\u00e3o que nos metemos. Cada um tem o direito e o DEVER de ser um sujeito pol\u00edtico dentro da sociedade, mas cuidado com lideran\u00e7as e sites que neste momento, coloquem a solu\u00e7\u00e3o do impasse em NOMES, que antes e pensar UNIDADE EM FAVOR DO POVO, usam espa\u00e7os e oportunidades para falar mal de fulano, siclano, colocando a culpa de tudo isso em A ou B, na minha opini\u00e3o, isto s\u00e3o LIDERAN\u00c7AS que querem simplesmente aproveitar a oportunidade da crise, para APARECER COMO SALVADOR DA P\u00c1TIA. E isto a gente j\u00e1 viu que n\u00e3o d\u00e1 certo. Uma na\u00e7\u00e3o depende de seu POVO, e somente pelo POVO seremos soberanos e com direitos a dignidade garantidos. N\u00e3o deixe que disputas de PODER influenciem na sua postura, haja com responsabilidade de cidad\u00e3o. An\u00e1lise, se pergunte?<\/div>\n<div style=\"text-align:justify\">\n\u00c9 justo pagarmos novamente uma conta que n\u00e3o \u00e9 do aposentado, e nem do cidad\u00e3o, conta que foi causada pela CORRUP\u00c7\u00c3O nos munic\u00edpios, estado e uni\u00e3o, comuns na hist\u00f3ria do nosso pa\u00eds?<\/div>\n<div style=\"text-align:justify\">\n\u00c9 justo que a CARGA TRIBUTARIA, caia exclusivamente sobre o consumidor, o trabalhador, e que \u00e9 alt\u00edssima, corte justamente de quem paga imposto os direitos?<\/div>\n<div style=\"text-align:justify\">\n\u00c9 justo, ou poss\u00edvel sobreviver com menos que o sal\u00e1rio m\u00ednimo? \u00c9 justo que um trabalhador na doen\u00e7a receba METADE DO SALARIO DE APOSENTADORIA? \u00c9 justo que quem j\u00e1 est\u00e1 passando pela tristeza de perder um c\u00f4njuge, um pai ou m\u00e3e de fam\u00edlia receba METADE DO SALARIO MINIMO?<\/div>\n<div style=\"text-align:justify\">\n\u00c9 poss\u00edvel voc\u00ea viver com a capitaliza\u00e7\u00e3o do dinheiro descontado do teu sal\u00e1rio em um pa\u00eds que por S\u00c9CULOS, n\u00e3o atinge o equil\u00edbrio financeiro, por quest\u00f5es morais, partid\u00e1rias, culturais? Fa\u00e7a a conta, use o juro da poupan\u00e7a e veja quanto voc\u00ea ter\u00e1 em 35 anos de contribui\u00e7\u00e3o para garantir tua velhice. E N\u00c3O ESQUE\u00c7A OS GRANDES ESCANDALOS FINANCEIROS QUE SOMEM COM DINHEIRO DA POUPAN\u00c7A DA NOITE PARA O DIA.Se voc\u00ea respondeu pelo menos TR\u00caS N\u00c3O, n\u00e3o tenha d\u00favidas, V\u00c1 PARA A RUA DIA 14 DE JUNHO, pois JUNTOS conseguiremos barrar esta Reforma.<\/p>\n<p>Se necess\u00e1rio for, JUNTOS discutiremos solu\u00e7\u00f5es, MAS N\u00c3O SER\u00c1 O TRABALHADOR NOVAMENTE O RESPONS\u00c1VEL PARA PAGAR ESTA CONTA.<\/p><\/div>\n<p>\nJUNTOS SOMOS INFINITAMENTE MAIS FORTES.<\/p>\n","protected":false},"excerpt":{"rendered":"<p>Dia 14 de Junho, est\u00e1 chegando, como estamos nos posicionando frente ao desmonte da previd\u00eancia? N\u00f3s servidores p\u00fablicos seremos afetados diretamente com a reforma da previd\u00eancia, e isto, se n\u00e3o levarmos em conta a CAPITALIZA\u00c7\u00c3O, que ser\u00e1 o fim de toda e qualquer previd\u00eancia p\u00fablica em poucos anos. O clima de \u00f3dio, rancor, e disputa [&hellip;]<\/p>\n","protected":false},"author":1,"featured_media":0,"comment_status":"closed","ping_status":"closed","sticky":false,"template":"","format":"standard","meta":{"_eb_attr":"","_uag_custom_page_level_css":"","fifu_image_url":"","fifu_image_alt":"","footnotes":""},"categories":[1],"tags":[32],"class_list":["post-1187","post","type-post","status-publish","format-standard","hentry","category-arquivadas","tag-null"],"yoast_head":"<!-- This site is optimized with the Yoast SEO plugin v27.1.1 - https:\/\/yoast.com\/product\/yoast-seo-wordpress\/ -->\n<title>REFORMA DA PREVID\u00caNCIA NOSSA LUTA \u2013 NOSSO FUTURO - Federa\u00e7\u00e3o dos Municip\u00e1rios do Estado do Rio Grande do Sul<\/title>\n<meta name=\"robots\" content=\"index, follow, max-snippet:-1, max-image-preview:large, max-video-preview:-1\" \/>\n<link rel=\"canonical\" href=\"https:\/\/femergs.com.br\/wfe\/blog\/reforma-da-previdencia-nossa-luta-nosso-futuro\/\" \/>\n<meta property=\"og:locale\" content=\"pt_BR\" \/>\n<meta property=\"og:type\" content=\"article\" \/>\n<meta property=\"og:title\" content=\"REFORMA DA PREVID\u00caNCIA NOSSA LUTA \u2013 NOSSO FUTURO - Federa\u00e7\u00e3o dos Municip\u00e1rios do Estado do Rio Grande do Sul\" \/>\n<meta property=\"og:description\" content=\"Dia 14 de Junho, est\u00e1 chegando, como estamos nos posicionando frente ao desmonte da previd\u00eancia? N\u00f3s servidores p\u00fablicos seremos afetados diretamente com a reforma da previd\u00eancia, e isto, se n\u00e3o levarmos em conta a CAPITALIZA\u00c7\u00c3O, que ser\u00e1 o fim de toda e qualquer previd\u00eancia p\u00fablica em poucos anos. O clima de \u00f3dio, rancor, e disputa [&hellip;]\" \/>\n<meta property=\"og:url\" content=\"https:\/\/femergs.com.br\/wfe\/blog\/reforma-da-previdencia-nossa-luta-nosso-futuro\/\" \/>\n<meta property=\"og:site_name\" content=\"Federa\u00e7\u00e3o dos Municip\u00e1rios do Estado do Rio Grande do Sul\" \/>\n<meta property=\"article:publisher\" content=\"https:\/\/www.facebook.com\/profile.php?id=100057151733001\" \/>\n<meta property=\"article:published_time\" content=\"2019-05-30T08:42:04+00:00\" \/>\n<meta name=\"author\" content=\"adminfemergs\" \/>\n<meta name=\"twitter:card\" content=\"summary_large_image\" \/>\n<meta name=\"twitter:label1\" content=\"Escrito por\" \/>\n\t<meta name=\"twitter:data1\" content=\"adminfemergs\" \/>\n\t<meta name=\"twitter:label2\" content=\"Est. tempo de leitura\" \/>\n\t<meta name=\"twitter:data2\" content=\"3 minutos\" \/>\n<script type=\"application\/ld+json\" class=\"yoast-schema-graph\">{\"@context\":\"https:\/\/schema.org\",\"@graph\":[{\"@type\":\"Article\",\"@id\":\"https:\/\/femergs.com.br\/wfe\/blog\/reforma-da-previdencia-nossa-luta-nosso-futuro\/#article\",\"isPartOf\":{\"@id\":\"https:\/\/femergs.com.br\/wfe\/blog\/reforma-da-previdencia-nossa-luta-nosso-futuro\/\"},\"author\":{\"name\":\"adminfemergs\",\"@id\":\"https:\/\/femergs.com.br\/wfe\/#\/schema\/person\/f5558e6b5ffc044ee085016237dedb7f\"},\"headline\":\"REFORMA DA PREVID\u00caNCIA NOSSA LUTA \u2013 NOSSO FUTURO\",\"datePublished\":\"2019-05-30T08:42:04+00:00\",\"mainEntityOfPage\":{\"@id\":\"https:\/\/femergs.com.br\/wfe\/blog\/reforma-da-previdencia-nossa-luta-nosso-futuro\/\"},\"wordCount\":578,\"publisher\":{\"@id\":\"https:\/\/femergs.com.br\/wfe\/#organization\"},\"keywords\":[\"NULL\"],\"articleSection\":[\"ARQUIVADAS\"],\"inLanguage\":\"pt-BR\"},{\"@type\":\"WebPage\",\"@id\":\"https:\/\/femergs.com.br\/wfe\/blog\/reforma-da-previdencia-nossa-luta-nosso-futuro\/\",\"url\":\"https:\/\/femergs.com.br\/wfe\/blog\/reforma-da-previdencia-nossa-luta-nosso-futuro\/\",\"name\":\"REFORMA DA PREVID\u00caNCIA NOSSA LUTA \u2013 NOSSO FUTURO - Federa\u00e7\u00e3o dos Municip\u00e1rios do Estado do Rio Grande do Sul\",\"isPartOf\":{\"@id\":\"https:\/\/femergs.com.br\/wfe\/#website\"},\"datePublished\":\"2019-05-30T08:42:04+00:00\",\"breadcrumb\":{\"@id\":\"https:\/\/femergs.com.br\/wfe\/blog\/reforma-da-previdencia-nossa-luta-nosso-futuro\/#breadcrumb\"},\"inLanguage\":\"pt-BR\",\"potentialAction\":[{\"@type\":\"ReadAction\",\"target\":[\"https:\/\/femergs.com.br\/wfe\/blog\/reforma-da-previdencia-nossa-luta-nosso-futuro\/\"]}]},{\"@type\":\"BreadcrumbList\",\"@id\":\"https:\/\/femergs.com.br\/wfe\/blog\/reforma-da-previdencia-nossa-luta-nosso-futuro\/#breadcrumb\",\"itemListElement\":[{\"@type\":\"ListItem\",\"position\":1,\"name\":\"In\u00edcio\",\"item\":\"https:\/\/femergs.com.br\/wfe\/\"},{\"@type\":\"ListItem\",\"position\":2,\"name\":\"REFORMA DA PREVID\u00caNCIA NOSSA LUTA \u2013 NOSSO FUTURO\"}]},{\"@type\":\"WebSite\",\"@id\":\"https:\/\/femergs.com.br\/wfe\/#website\",\"url\":\"https:\/\/femergs.com.br\/wfe\/\",\"name\":\"FEMERGS\",\"description\":\"FEDERA\u00c7\u00c3O DOS MUNICIP\u00c1RIOS DO ESTADO DO RIO GRANDE DO SUL\",\"publisher\":{\"@id\":\"https:\/\/femergs.com.br\/wfe\/#organization\"},\"potentialAction\":[{\"@type\":\"SearchAction\",\"target\":{\"@type\":\"EntryPoint\",\"urlTemplate\":\"https:\/\/femergs.com.br\/wfe\/?s={search_term_string}\"},\"query-input\":{\"@type\":\"PropertyValueSpecification\",\"valueRequired\":true,\"valueName\":\"search_term_string\"}}],\"inLanguage\":\"pt-BR\"},{\"@type\":\"Organization\",\"@id\":\"https:\/\/femergs.com.br\/wfe\/#organization\",\"name\":\"FEMERGS\",\"url\":\"https:\/\/femergs.com.br\/wfe\/\",\"logo\":{\"@type\":\"ImageObject\",\"inLanguage\":\"pt-BR\",\"@id\":\"https:\/\/femergs.com.br\/wfe\/#\/schema\/logo\/image\/\",\"url\":\"https:\/\/femergs.com.br\/wfe\/wp-content\/uploads\/2025\/06\/logotipo.png\",\"contentUrl\":\"https:\/\/femergs.com.br\/wfe\/wp-content\/uploads\/2025\/06\/logotipo.png\",\"width\":500,\"height\":500,\"caption\":\"FEMERGS\"},\"image\":{\"@id\":\"https:\/\/femergs.com.br\/wfe\/#\/schema\/logo\/image\/\"},\"sameAs\":[\"https:\/\/www.facebook.com\/profile.php?id=100057151733001\",\"https:\/\/www.instagram.com\/femergs_rs\/\"]},{\"@type\":\"Person\",\"@id\":\"https:\/\/femergs.com.br\/wfe\/#\/schema\/person\/f5558e6b5ffc044ee085016237dedb7f\",\"name\":\"adminfemergs\",\"image\":{\"@type\":\"ImageObject\",\"inLanguage\":\"pt-BR\",\"@id\":\"https:\/\/femergs.com.br\/wfe\/#\/schema\/person\/image\/\",\"url\":\"https:\/\/secure.gravatar.com\/avatar\/398642fa557cdd524617ad9b31c938845f071aeb3448b9c0aeb29aefc495337b?s=96&d=mm&r=g\",\"contentUrl\":\"https:\/\/secure.gravatar.com\/avatar\/398642fa557cdd524617ad9b31c938845f071aeb3448b9c0aeb29aefc495337b?s=96&d=mm&r=g\",\"caption\":\"adminfemergs\"},\"sameAs\":[\"https:\/\/femergs.com.br\/wfe\"],\"url\":\"https:\/\/femergs.com.br\/wfe\/blog\/author\/adminfemergs\/\"}]}<\/script>\n<!-- \/ Yoast SEO plugin. -->","yoast_head_json":{"title":"REFORMA DA PREVID\u00caNCIA NOSSA LUTA \u2013 NOSSO FUTURO - Federa\u00e7\u00e3o dos Municip\u00e1rios do Estado do Rio Grande do Sul","robots":{"index":"index","follow":"follow","max-snippet":"max-snippet:-1","max-image-preview":"max-image-preview:large","max-video-preview":"max-video-preview:-1"},"canonical":"https:\/\/femergs.com.br\/wfe\/blog\/reforma-da-previdencia-nossa-luta-nosso-futuro\/","og_locale":"pt_BR","og_type":"article","og_title":"REFORMA DA PREVID\u00caNCIA NOSSA LUTA \u2013 NOSSO FUTURO - Federa\u00e7\u00e3o dos Municip\u00e1rios do Estado do Rio Grande do Sul","og_description":"Dia 14 de Junho, est\u00e1 chegando, como estamos nos posicionando frente ao desmonte da previd\u00eancia? N\u00f3s servidores p\u00fablicos seremos afetados diretamente com a reforma da previd\u00eancia, e isto, se n\u00e3o levarmos em conta a CAPITALIZA\u00c7\u00c3O, que ser\u00e1 o fim de toda e qualquer previd\u00eancia p\u00fablica em poucos anos. O clima de \u00f3dio, rancor, e disputa [&hellip;]","og_url":"https:\/\/femergs.com.br\/wfe\/blog\/reforma-da-previdencia-nossa-luta-nosso-futuro\/","og_site_name":"Federa\u00e7\u00e3o dos Municip\u00e1rios do Estado do Rio Grande do Sul","article_publisher":"https:\/\/www.facebook.com\/profile.php?id=100057151733001","article_published_time":"2019-05-30T08:42:04+00:00","author":"adminfemergs","twitter_card":"summary_large_image","twitter_misc":{"Escrito por":"adminfemergs","Est. tempo de leitura":"3 minutos"},"schema":{"@context":"https:\/\/schema.org","@graph":[{"@type":"Article","@id":"https:\/\/femergs.com.br\/wfe\/blog\/reforma-da-previdencia-nossa-luta-nosso-futuro\/#article","isPartOf":{"@id":"https:\/\/femergs.com.br\/wfe\/blog\/reforma-da-previdencia-nossa-luta-nosso-futuro\/"},"author":{"name":"adminfemergs","@id":"https:\/\/femergs.com.br\/wfe\/#\/schema\/person\/f5558e6b5ffc044ee085016237dedb7f"},"headline":"REFORMA DA PREVID\u00caNCIA NOSSA LUTA \u2013 NOSSO FUTURO","datePublished":"2019-05-30T08:42:04+00:00","mainEntityOfPage":{"@id":"https:\/\/femergs.com.br\/wfe\/blog\/reforma-da-previdencia-nossa-luta-nosso-futuro\/"},"wordCount":578,"publisher":{"@id":"https:\/\/femergs.com.br\/wfe\/#organization"},"keywords":["NULL"],"articleSection":["ARQUIVADAS"],"inLanguage":"pt-BR"},{"@type":"WebPage","@id":"https:\/\/femergs.com.br\/wfe\/blog\/reforma-da-previdencia-nossa-luta-nosso-futuro\/","url":"https:\/\/femergs.com.br\/wfe\/blog\/reforma-da-previdencia-nossa-luta-nosso-futuro\/","name":"REFORMA DA PREVID\u00caNCIA NOSSA LUTA \u2013 NOSSO FUTURO - Federa\u00e7\u00e3o dos Municip\u00e1rios do Estado do Rio Grande do Sul","isPartOf":{"@id":"https:\/\/femergs.com.br\/wfe\/#website"},"datePublished":"2019-05-30T08:42:04+00:00","breadcrumb":{"@id":"https:\/\/femergs.com.br\/wfe\/blog\/reforma-da-previdencia-nossa-luta-nosso-futuro\/#breadcrumb"},"inLanguage":"pt-BR","potentialAction":[{"@type":"ReadAction","target":["https:\/\/femergs.com.br\/wfe\/blog\/reforma-da-previdencia-nossa-luta-nosso-futuro\/"]}]},{"@type":"BreadcrumbList","@id":"https:\/\/femergs.com.br\/wfe\/blog\/reforma-da-previdencia-nossa-luta-nosso-futuro\/#breadcrumb","itemListElement":[{"@type":"ListItem","position":1,"name":"In\u00edcio","item":"https:\/\/femergs.com.br\/wfe\/"},{"@type":"ListItem","position":2,"name":"REFORMA DA PREVID\u00caNCIA NOSSA LUTA \u2013 NOSSO FUTURO"}]},{"@type":"WebSite","@id":"https:\/\/femergs.com.br\/wfe\/#website","url":"https:\/\/femergs.com.br\/wfe\/","name":"FEMERGS","description":"FEDERA\u00c7\u00c3O DOS MUNICIP\u00c1RIOS DO ESTADO DO RIO GRANDE DO SUL","publisher":{"@id":"https:\/\/femergs.com.br\/wfe\/#organization"},"potentialAction":[{"@type":"SearchAction","target":{"@type":"EntryPoint","urlTemplate":"https:\/\/femergs.com.br\/wfe\/?s={search_term_string}"},"query-input":{"@type":"PropertyValueSpecification","valueRequired":true,"valueName":"search_term_string"}}],"inLanguage":"pt-BR"},{"@type":"Organization","@id":"https:\/\/femergs.com.br\/wfe\/#organization","name":"FEMERGS","url":"https:\/\/femergs.com.br\/wfe\/","logo":{"@type":"ImageObject","inLanguage":"pt-BR","@id":"https:\/\/femergs.com.br\/wfe\/#\/schema\/logo\/image\/","url":"https:\/\/femergs.com.br\/wfe\/wp-content\/uploads\/2025\/06\/logotipo.png","contentUrl":"https:\/\/femergs.com.br\/wfe\/wp-content\/uploads\/2025\/06\/logotipo.png","width":500,"height":500,"caption":"FEMERGS"},"image":{"@id":"https:\/\/femergs.com.br\/wfe\/#\/schema\/logo\/image\/"},"sameAs":["https:\/\/www.facebook.com\/profile.php?id=100057151733001","https:\/\/www.instagram.com\/femergs_rs\/"]},{"@type":"Person","@id":"https:\/\/femergs.com.br\/wfe\/#\/schema\/person\/f5558e6b5ffc044ee085016237dedb7f","name":"adminfemergs","image":{"@type":"ImageObject","inLanguage":"pt-BR","@id":"https:\/\/femergs.com.br\/wfe\/#\/schema\/person\/image\/","url":"https:\/\/secure.gravatar.com\/avatar\/398642fa557cdd524617ad9b31c938845f071aeb3448b9c0aeb29aefc495337b?s=96&d=mm&r=g","contentUrl":"https:\/\/secure.gravatar.com\/avatar\/398642fa557cdd524617ad9b31c938845f071aeb3448b9c0aeb29aefc495337b?s=96&d=mm&r=g","caption":"adminfemergs"},"sameAs":["https:\/\/femergs.com.br\/wfe"],"url":"https:\/\/femergs.com.br\/wfe\/blog\/author\/adminfemergs\/"}]}},"uagb_featured_image_src":{"full":false,"thumbnail":false,"medium":false,"medium_large":false,"large":false,"1536x1536":false,"2048x2048":false,"ultp_layout_landscape_large":false,"ultp_layout_landscape":false,"ultp_layout_portrait":false,"ultp_layout_square":false},"uagb_author_info":{"display_name":"adminfemergs","author_link":"https:\/\/femergs.com.br\/wfe\/blog\/author\/adminfemergs\/"},"uagb_comment_info":0,"uagb_excerpt":"Dia 14 de Junho, est\u00e1 chegando, como estamos nos posicionando frente ao desmonte da previd\u00eancia? N\u00f3s servidores p\u00fablicos seremos afetados diretamente com a reforma da previd\u00eancia, e isto, se n\u00e3o levarmos em conta a CAPITALIZA\u00c7\u00c3O, que ser\u00e1 o fim de toda e qualquer previd\u00eancia p\u00fablica em poucos anos. O clima de \u00f3dio, rancor, e disputa&hellip;","_links":{"self":[{"href":"https:\/\/femergs.com.br\/wfe\/wp-json\/wp\/v2\/posts\/1187","targetHints":{"allow":["GET"]}}],"collection":[{"href":"https:\/\/femergs.com.br\/wfe\/wp-json\/wp\/v2\/posts"}],"about":[{"href":"https:\/\/femergs.com.br\/wfe\/wp-json\/wp\/v2\/types\/post"}],"author":[{"embeddable":true,"href":"https:\/\/femergs.com.br\/wfe\/wp-json\/wp\/v2\/users\/1"}],"replies":[{"embeddable":true,"href":"https:\/\/femergs.com.br\/wfe\/wp-json\/wp\/v2\/comments?post=1187"}],"version-history":[{"count":0,"href":"https:\/\/femergs.com.br\/wfe\/wp-json\/wp\/v2\/posts\/1187\/revisions"}],"wp:attachment":[{"href":"https:\/\/femergs.com.br\/wfe\/wp-json\/wp\/v2\/media?parent=1187"}],"wp:term":[{"taxonomy":"category","embeddable":true,"href":"https:\/\/femergs.com.br\/wfe\/wp-json\/wp\/v2\/categories?post=1187"},{"taxonomy":"post_tag","embeddable":true,"href":"https:\/\/femergs.com.br\/wfe\/wp-json\/wp\/v2\/tags?post=1187"}],"curies":[{"name":"wp","href":"https:\/\/api.w.org\/{rel}","templated":true}]}}