{"id":1188,"date":"2019-05-31T09:38:44","date_gmt":"2019-05-31T09:38:44","guid":{"rendered":"https:\/\/femergs.com.br\/wfe\/blog\/constituido-forum-em-defesa-do-ipe\/"},"modified":"2019-05-31T09:38:44","modified_gmt":"2019-05-31T09:38:44","slug":"constituido-forum-em-defesa-do-ipe","status":"publish","type":"post","link":"https:\/\/femergs.com.br\/wfe\/blog\/constituido-forum-em-defesa-do-ipe\/","title":{"rendered":"Constitu\u00eddo F\u00f3rum em Defesa do IPE"},"content":{"rendered":"<p>Foi constitu\u00eddo na tarde desta quarta-feira, (29), o F\u00f3rum em Defesa do IPE-SA\u00daDE. A reuni\u00e3o foi realizada na Sala de Converg\u00eancia da Assembleia Legislativa do RS por iniciativa da Fessergs e contou com a presen\u00e7a de representantes de mais de duas dezenas de entidades sindicais p\u00fablicas. O encontro aconteceu em decorr\u00eancia da audi\u00eancia p\u00fablica na Comiss\u00e3o de Seguran\u00e7a e Servi\u00e7os P\u00fablicos realizada em 13 de abril proposta pelo deputado Jeferson Fernandes e solicitada pela Federa\u00e7\u00e3o e pela Associa\u00e7\u00e3o Beneficente Antonio Mendes Filho.<\/p>\n<p>O f\u00f3rum est\u00e1 aberto a ades\u00e3o de representantes de todas as categorias de trabalhadores p\u00fablicos de \u00e2mbito municipal, estadual e federal. A proposta de formaliza\u00e7\u00e3o do F\u00f3rum foi colocada em vota\u00e7\u00e3o pelo presidente da Fessergs, S\u00e9rgio Arnoud, no final do encontro e aprovada por unanimidade por todos os participantes.<\/p>\n<p>O presidente da Fessergs abriu os trabalhos fazendo uma explana\u00e7\u00e3o dos principais problemas enfrentados pelo Instituto de Previd\u00eancia do Estado, desde o atraso nos repasses, a falta de administra\u00e7\u00e3o formal considerado um total descaso do governo, uma vez que j\u00e1 foram feitos in\u00fameros apelos ao governador Eduardo Leite desde sua posse para que nomeasse os dirigentes do \u00f3rg\u00e3o, e a precariedade total do aparelhamento em todo o estado devido \u00e0 falta de funcion\u00e1rios.<\/p>\n<p>Em seguida foi aberta a palavra aos representantes das entidades presentes. O presidente da FEMERGS \u2013 Federa\u00e7\u00e3o dos Municip\u00e1rios do RS, Wilson Jo\u00e3o Weber falou da falta que as ag\u00eancia do IPE fazem no interior, fazendo com que os segurados tenham que muitas vezes se deslocar at\u00e9 a capital. Vilson lembrou ai\u00f1da a quest\u00e3o dos im\u00f3veis do IPE que est\u00e3o sendo leiloados enquanto deveriam ser licitados. \u201cest\u00e3o dilapidando os bens que foram adquiridos com o dinheiro da contribui\u00e7\u00e3o dos segurados. N\u00e3o podemos assistir a isso de bra\u00e7os cruzados\u201d. O dirigente se colocou \u00e0 disposi\u00e7\u00e3o para percorrer o estado em prol da manuten\u00e7\u00e3o do IPE. O vice-presidente do SINDIPE \u2013 Sindicato dos Servidores do IPE e o secret\u00e1rio-geral, respectivamente Bayard Bernd e Orly Furtado reiteraram a quest\u00e3o da falta nomea\u00e7\u00e3o de um gestor para o IPE-Sa\u00fade o que demonstra o desprezo do governo para com o Instituto.<\/p>\n<p>Luciano dos Santos, secret\u00e1rio-geral da FEMERGS e da CSB \u2013 Central dos Sindicatos Brasileiros lembrou a import\u00e2ncia desse debate ser realizado na Assembleia Legislativa o que d\u00e1 maior visibilidade \u00e0 causa ressaltando a participa\u00e7\u00e3o de representantes de deputados na reuni\u00e3o o que significa j\u00e1 a ades\u00e3o inicial ao F\u00f3rum.<\/p>\n<p>Estiveram presentes assessores dos deputados Jeferson Fernandes, Vilmar Louren\u00e7o e Adolfo Brito. M\u00e1rcia Elisa Trindade, presidente do Sindissama \u2013 Sindicato de Servidores da Sa\u00fade, alertou que o IPE n\u00e3o \u00e9 importante s\u00f3 para os servidores p\u00fablicos e segurados, mas sim para toda a popula\u00e7\u00e3o uma vez que seu desmonte ir\u00e1 inchar o Sistema \u00danico de Sa\u00fade que j\u00e1 se encontra sobrecarregado. \u201cSe est\u00e1 ruim vai ficar insustent\u00e1vel e a sociedade precisa se conscientizar e nos apoiar\u201d, afirmou.<\/p>\n<p>Representantes da seguran\u00e7a, Rog\u00e9rio Mangini primeiro secret\u00e1rio da AMAPERGS (Servidores Penitenci\u00e1rios), Ederson Franco coordenador geral Adjunto da ABERGS (Associa\u00e7\u00e3o dos Bombeiros), Elias Poncio vice-presidente da AOFERGS (Associa\u00e7\u00e3o dos Oficiais da Brigada) e Jairo da Rosa vice-presidente da ABAMF (Associa\u00e7\u00e3o dos Cabos e Soldados da BM, relataram as dificuldades que enfrentam para exercer suas atividades com sal\u00e1rios defasados, parcelados e em atraso desde o governo anterior. Sendo ainda um dos servi\u00e7os mais priorit\u00e1rios, tendo que colocar a vida em risco diariamente, tem no IPE-Sa\u00fade um das principais motivos de permanecer no servi\u00e7o p\u00fablico.<\/p>\n<p>Todos reiteraram a import\u00e2ncia da cria\u00e7\u00e3o e participa\u00e7\u00e3o de todas a entidades no F\u00f3rum em Defesa do IPE. Manifestou seu apoio tamb\u00e9m o dirigente do SINTERGS (T\u00e9cnicos-Cient\u00edficos) Ant\u00f4nio Augusto Medeiros.<\/p>\n<p>De pronto j\u00e1 ficou estabelecido que ser\u00e3o realizados encontros semanais, de prefer\u00eancia sempre na Assembleia Legislativa garantindo a visibilidade do assunto. Na pr\u00f3xima quarta-feira j\u00e1 haver\u00e1 nova reuni\u00e3o no mesmo local.<\/p>\n<p>As principais pautas s\u00e3o pressionar para que seja definida e constitu\u00edda imediatamente a dire\u00e7\u00e3o formal do IPE-SA\u00daDE, o quadro funcional e o Conselho de Representantes, pois atualmente o Instituto funciona com apenas 42 funcion\u00e1rios, al\u00e9m de estar com uma dire\u00e7\u00e3o interina colocando em risco o atendimento de milhares de segurados. Para isso ser\u00e1 solicitada com urg\u00eancia uma audi\u00eancia com o governador.<\/p>\n","protected":false},"excerpt":{"rendered":"<p>Foi constitu\u00eddo na tarde desta quarta-feira, (29), o F\u00f3rum em Defesa do IPE-SA\u00daDE. A reuni\u00e3o foi realizada na Sala de Converg\u00eancia da Assembleia Legislativa do RS por iniciativa da Fessergs e contou com a presen\u00e7a de representantes de mais de duas dezenas de entidades sindicais p\u00fablicas. O encontro aconteceu em decorr\u00eancia da audi\u00eancia p\u00fablica na [&hellip;]<\/p>\n","protected":false},"author":1,"featured_media":0,"comment_status":"closed","ping_status":"closed","sticky":false,"template":"","format":"standard","meta":{"_eb_attr":"","_uag_custom_page_level_css":"","fifu_image_url":"","fifu_image_alt":"","footnotes":""},"categories":[1],"tags":[32],"class_list":["post-1188","post","type-post","status-publish","format-standard","hentry","category-arquivadas","tag-null"],"yoast_head":"<!-- This site is optimized with the Yoast SEO plugin v27.1.1 - https:\/\/yoast.com\/product\/yoast-seo-wordpress\/ -->\n<title>Constitu\u00eddo F\u00f3rum em Defesa do IPE - Federa\u00e7\u00e3o dos Municip\u00e1rios do Estado do Rio Grande do Sul<\/title>\n<meta name=\"robots\" content=\"index, follow, max-snippet:-1, max-image-preview:large, max-video-preview:-1\" \/>\n<link rel=\"canonical\" href=\"https:\/\/femergs.com.br\/wfe\/blog\/constituido-forum-em-defesa-do-ipe\/\" \/>\n<meta property=\"og:locale\" content=\"pt_BR\" \/>\n<meta property=\"og:type\" content=\"article\" \/>\n<meta property=\"og:title\" content=\"Constitu\u00eddo F\u00f3rum em Defesa do IPE - Federa\u00e7\u00e3o dos Municip\u00e1rios do Estado do Rio Grande do Sul\" \/>\n<meta property=\"og:description\" content=\"Foi constitu\u00eddo na tarde desta quarta-feira, (29), o F\u00f3rum em Defesa do IPE-SA\u00daDE. A reuni\u00e3o foi realizada na Sala de Converg\u00eancia da Assembleia Legislativa do RS por iniciativa da Fessergs e contou com a presen\u00e7a de representantes de mais de duas dezenas de entidades sindicais p\u00fablicas. O encontro aconteceu em decorr\u00eancia da audi\u00eancia p\u00fablica na [&hellip;]\" \/>\n<meta property=\"og:url\" content=\"https:\/\/femergs.com.br\/wfe\/blog\/constituido-forum-em-defesa-do-ipe\/\" \/>\n<meta property=\"og:site_name\" content=\"Federa\u00e7\u00e3o dos Municip\u00e1rios do Estado do Rio Grande do Sul\" \/>\n<meta property=\"article:publisher\" content=\"https:\/\/www.facebook.com\/profile.php?id=100057151733001\" \/>\n<meta property=\"article:published_time\" content=\"2019-05-31T09:38:44+00:00\" \/>\n<meta name=\"author\" content=\"adminfemergs\" \/>\n<meta name=\"twitter:card\" content=\"summary_large_image\" \/>\n<meta name=\"twitter:label1\" content=\"Escrito por\" \/>\n\t<meta name=\"twitter:data1\" content=\"adminfemergs\" \/>\n\t<meta name=\"twitter:label2\" content=\"Est. tempo de leitura\" \/>\n\t<meta name=\"twitter:data2\" content=\"4 minutos\" \/>\n<script type=\"application\/ld+json\" class=\"yoast-schema-graph\">{\"@context\":\"https:\/\/schema.org\",\"@graph\":[{\"@type\":\"Article\",\"@id\":\"https:\/\/femergs.com.br\/wfe\/blog\/constituido-forum-em-defesa-do-ipe\/#article\",\"isPartOf\":{\"@id\":\"https:\/\/femergs.com.br\/wfe\/blog\/constituido-forum-em-defesa-do-ipe\/\"},\"author\":{\"name\":\"adminfemergs\",\"@id\":\"https:\/\/femergs.com.br\/wfe\/#\/schema\/person\/f5558e6b5ffc044ee085016237dedb7f\"},\"headline\":\"Constitu\u00eddo F\u00f3rum em Defesa do IPE\",\"datePublished\":\"2019-05-31T09:38:44+00:00\",\"mainEntityOfPage\":{\"@id\":\"https:\/\/femergs.com.br\/wfe\/blog\/constituido-forum-em-defesa-do-ipe\/\"},\"wordCount\":782,\"publisher\":{\"@id\":\"https:\/\/femergs.com.br\/wfe\/#organization\"},\"keywords\":[\"NULL\"],\"articleSection\":[\"ARQUIVADAS\"],\"inLanguage\":\"pt-BR\"},{\"@type\":\"WebPage\",\"@id\":\"https:\/\/femergs.com.br\/wfe\/blog\/constituido-forum-em-defesa-do-ipe\/\",\"url\":\"https:\/\/femergs.com.br\/wfe\/blog\/constituido-forum-em-defesa-do-ipe\/\",\"name\":\"Constitu\u00eddo F\u00f3rum em Defesa do IPE - Federa\u00e7\u00e3o dos Municip\u00e1rios do Estado do Rio Grande do Sul\",\"isPartOf\":{\"@id\":\"https:\/\/femergs.com.br\/wfe\/#website\"},\"datePublished\":\"2019-05-31T09:38:44+00:00\",\"breadcrumb\":{\"@id\":\"https:\/\/femergs.com.br\/wfe\/blog\/constituido-forum-em-defesa-do-ipe\/#breadcrumb\"},\"inLanguage\":\"pt-BR\",\"potentialAction\":[{\"@type\":\"ReadAction\",\"target\":[\"https:\/\/femergs.com.br\/wfe\/blog\/constituido-forum-em-defesa-do-ipe\/\"]}]},{\"@type\":\"BreadcrumbList\",\"@id\":\"https:\/\/femergs.com.br\/wfe\/blog\/constituido-forum-em-defesa-do-ipe\/#breadcrumb\",\"itemListElement\":[{\"@type\":\"ListItem\",\"position\":1,\"name\":\"In\u00edcio\",\"item\":\"https:\/\/femergs.com.br\/wfe\/\"},{\"@type\":\"ListItem\",\"position\":2,\"name\":\"Constitu\u00eddo F\u00f3rum em Defesa do IPE\"}]},{\"@type\":\"WebSite\",\"@id\":\"https:\/\/femergs.com.br\/wfe\/#website\",\"url\":\"https:\/\/femergs.com.br\/wfe\/\",\"name\":\"FEMERGS\",\"description\":\"FEDERA\u00c7\u00c3O DOS MUNICIP\u00c1RIOS DO ESTADO DO RIO GRANDE DO SUL\",\"publisher\":{\"@id\":\"https:\/\/femergs.com.br\/wfe\/#organization\"},\"potentialAction\":[{\"@type\":\"SearchAction\",\"target\":{\"@type\":\"EntryPoint\",\"urlTemplate\":\"https:\/\/femergs.com.br\/wfe\/?s={search_term_string}\"},\"query-input\":{\"@type\":\"PropertyValueSpecification\",\"valueRequired\":true,\"valueName\":\"search_term_string\"}}],\"inLanguage\":\"pt-BR\"},{\"@type\":\"Organization\",\"@id\":\"https:\/\/femergs.com.br\/wfe\/#organization\",\"name\":\"FEMERGS\",\"url\":\"https:\/\/femergs.com.br\/wfe\/\",\"logo\":{\"@type\":\"ImageObject\",\"inLanguage\":\"pt-BR\",\"@id\":\"https:\/\/femergs.com.br\/wfe\/#\/schema\/logo\/image\/\",\"url\":\"https:\/\/femergs.com.br\/wfe\/wp-content\/uploads\/2025\/06\/logotipo.png\",\"contentUrl\":\"https:\/\/femergs.com.br\/wfe\/wp-content\/uploads\/2025\/06\/logotipo.png\",\"width\":500,\"height\":500,\"caption\":\"FEMERGS\"},\"image\":{\"@id\":\"https:\/\/femergs.com.br\/wfe\/#\/schema\/logo\/image\/\"},\"sameAs\":[\"https:\/\/www.facebook.com\/profile.php?id=100057151733001\",\"https:\/\/www.instagram.com\/femergs_rs\/\"]},{\"@type\":\"Person\",\"@id\":\"https:\/\/femergs.com.br\/wfe\/#\/schema\/person\/f5558e6b5ffc044ee085016237dedb7f\",\"name\":\"adminfemergs\",\"image\":{\"@type\":\"ImageObject\",\"inLanguage\":\"pt-BR\",\"@id\":\"https:\/\/femergs.com.br\/wfe\/#\/schema\/person\/image\/\",\"url\":\"https:\/\/secure.gravatar.com\/avatar\/398642fa557cdd524617ad9b31c938845f071aeb3448b9c0aeb29aefc495337b?s=96&d=mm&r=g\",\"contentUrl\":\"https:\/\/secure.gravatar.com\/avatar\/398642fa557cdd524617ad9b31c938845f071aeb3448b9c0aeb29aefc495337b?s=96&d=mm&r=g\",\"caption\":\"adminfemergs\"},\"sameAs\":[\"https:\/\/femergs.com.br\/wfe\"],\"url\":\"https:\/\/femergs.com.br\/wfe\/blog\/author\/adminfemergs\/\"}]}<\/script>\n<!-- \/ Yoast SEO plugin. -->","yoast_head_json":{"title":"Constitu\u00eddo F\u00f3rum em Defesa do IPE - Federa\u00e7\u00e3o dos Municip\u00e1rios do Estado do Rio Grande do Sul","robots":{"index":"index","follow":"follow","max-snippet":"max-snippet:-1","max-image-preview":"max-image-preview:large","max-video-preview":"max-video-preview:-1"},"canonical":"https:\/\/femergs.com.br\/wfe\/blog\/constituido-forum-em-defesa-do-ipe\/","og_locale":"pt_BR","og_type":"article","og_title":"Constitu\u00eddo F\u00f3rum em Defesa do IPE - Federa\u00e7\u00e3o dos Municip\u00e1rios do Estado do Rio Grande do Sul","og_description":"Foi constitu\u00eddo na tarde desta quarta-feira, (29), o F\u00f3rum em Defesa do IPE-SA\u00daDE. A reuni\u00e3o foi realizada na Sala de Converg\u00eancia da Assembleia Legislativa do RS por iniciativa da Fessergs e contou com a presen\u00e7a de representantes de mais de duas dezenas de entidades sindicais p\u00fablicas. O encontro aconteceu em decorr\u00eancia da audi\u00eancia p\u00fablica na [&hellip;]","og_url":"https:\/\/femergs.com.br\/wfe\/blog\/constituido-forum-em-defesa-do-ipe\/","og_site_name":"Federa\u00e7\u00e3o dos Municip\u00e1rios do Estado do Rio Grande do Sul","article_publisher":"https:\/\/www.facebook.com\/profile.php?id=100057151733001","article_published_time":"2019-05-31T09:38:44+00:00","author":"adminfemergs","twitter_card":"summary_large_image","twitter_misc":{"Escrito por":"adminfemergs","Est. tempo de leitura":"4 minutos"},"schema":{"@context":"https:\/\/schema.org","@graph":[{"@type":"Article","@id":"https:\/\/femergs.com.br\/wfe\/blog\/constituido-forum-em-defesa-do-ipe\/#article","isPartOf":{"@id":"https:\/\/femergs.com.br\/wfe\/blog\/constituido-forum-em-defesa-do-ipe\/"},"author":{"name":"adminfemergs","@id":"https:\/\/femergs.com.br\/wfe\/#\/schema\/person\/f5558e6b5ffc044ee085016237dedb7f"},"headline":"Constitu\u00eddo F\u00f3rum em Defesa do IPE","datePublished":"2019-05-31T09:38:44+00:00","mainEntityOfPage":{"@id":"https:\/\/femergs.com.br\/wfe\/blog\/constituido-forum-em-defesa-do-ipe\/"},"wordCount":782,"publisher":{"@id":"https:\/\/femergs.com.br\/wfe\/#organization"},"keywords":["NULL"],"articleSection":["ARQUIVADAS"],"inLanguage":"pt-BR"},{"@type":"WebPage","@id":"https:\/\/femergs.com.br\/wfe\/blog\/constituido-forum-em-defesa-do-ipe\/","url":"https:\/\/femergs.com.br\/wfe\/blog\/constituido-forum-em-defesa-do-ipe\/","name":"Constitu\u00eddo F\u00f3rum em Defesa do IPE - Federa\u00e7\u00e3o dos Municip\u00e1rios do Estado do Rio Grande do Sul","isPartOf":{"@id":"https:\/\/femergs.com.br\/wfe\/#website"},"datePublished":"2019-05-31T09:38:44+00:00","breadcrumb":{"@id":"https:\/\/femergs.com.br\/wfe\/blog\/constituido-forum-em-defesa-do-ipe\/#breadcrumb"},"inLanguage":"pt-BR","potentialAction":[{"@type":"ReadAction","target":["https:\/\/femergs.com.br\/wfe\/blog\/constituido-forum-em-defesa-do-ipe\/"]}]},{"@type":"BreadcrumbList","@id":"https:\/\/femergs.com.br\/wfe\/blog\/constituido-forum-em-defesa-do-ipe\/#breadcrumb","itemListElement":[{"@type":"ListItem","position":1,"name":"In\u00edcio","item":"https:\/\/femergs.com.br\/wfe\/"},{"@type":"ListItem","position":2,"name":"Constitu\u00eddo F\u00f3rum em Defesa do IPE"}]},{"@type":"WebSite","@id":"https:\/\/femergs.com.br\/wfe\/#website","url":"https:\/\/femergs.com.br\/wfe\/","name":"FEMERGS","description":"FEDERA\u00c7\u00c3O DOS MUNICIP\u00c1RIOS DO ESTADO DO RIO GRANDE DO SUL","publisher":{"@id":"https:\/\/femergs.com.br\/wfe\/#organization"},"potentialAction":[{"@type":"SearchAction","target":{"@type":"EntryPoint","urlTemplate":"https:\/\/femergs.com.br\/wfe\/?s={search_term_string}"},"query-input":{"@type":"PropertyValueSpecification","valueRequired":true,"valueName":"search_term_string"}}],"inLanguage":"pt-BR"},{"@type":"Organization","@id":"https:\/\/femergs.com.br\/wfe\/#organization","name":"FEMERGS","url":"https:\/\/femergs.com.br\/wfe\/","logo":{"@type":"ImageObject","inLanguage":"pt-BR","@id":"https:\/\/femergs.com.br\/wfe\/#\/schema\/logo\/image\/","url":"https:\/\/femergs.com.br\/wfe\/wp-content\/uploads\/2025\/06\/logotipo.png","contentUrl":"https:\/\/femergs.com.br\/wfe\/wp-content\/uploads\/2025\/06\/logotipo.png","width":500,"height":500,"caption":"FEMERGS"},"image":{"@id":"https:\/\/femergs.com.br\/wfe\/#\/schema\/logo\/image\/"},"sameAs":["https:\/\/www.facebook.com\/profile.php?id=100057151733001","https:\/\/www.instagram.com\/femergs_rs\/"]},{"@type":"Person","@id":"https:\/\/femergs.com.br\/wfe\/#\/schema\/person\/f5558e6b5ffc044ee085016237dedb7f","name":"adminfemergs","image":{"@type":"ImageObject","inLanguage":"pt-BR","@id":"https:\/\/femergs.com.br\/wfe\/#\/schema\/person\/image\/","url":"https:\/\/secure.gravatar.com\/avatar\/398642fa557cdd524617ad9b31c938845f071aeb3448b9c0aeb29aefc495337b?s=96&d=mm&r=g","contentUrl":"https:\/\/secure.gravatar.com\/avatar\/398642fa557cdd524617ad9b31c938845f071aeb3448b9c0aeb29aefc495337b?s=96&d=mm&r=g","caption":"adminfemergs"},"sameAs":["https:\/\/femergs.com.br\/wfe"],"url":"https:\/\/femergs.com.br\/wfe\/blog\/author\/adminfemergs\/"}]}},"uagb_featured_image_src":{"full":false,"thumbnail":false,"medium":false,"medium_large":false,"large":false,"1536x1536":false,"2048x2048":false,"ultp_layout_landscape_large":false,"ultp_layout_landscape":false,"ultp_layout_portrait":false,"ultp_layout_square":false},"uagb_author_info":{"display_name":"adminfemergs","author_link":"https:\/\/femergs.com.br\/wfe\/blog\/author\/adminfemergs\/"},"uagb_comment_info":0,"uagb_excerpt":"Foi constitu\u00eddo na tarde desta quarta-feira, (29), o F\u00f3rum em Defesa do IPE-SA\u00daDE. A reuni\u00e3o foi realizada na Sala de Converg\u00eancia da Assembleia Legislativa do RS por iniciativa da Fessergs e contou com a presen\u00e7a de representantes de mais de duas dezenas de entidades sindicais p\u00fablicas. O encontro aconteceu em decorr\u00eancia da audi\u00eancia p\u00fablica na&hellip;","_links":{"self":[{"href":"https:\/\/femergs.com.br\/wfe\/wp-json\/wp\/v2\/posts\/1188","targetHints":{"allow":["GET"]}}],"collection":[{"href":"https:\/\/femergs.com.br\/wfe\/wp-json\/wp\/v2\/posts"}],"about":[{"href":"https:\/\/femergs.com.br\/wfe\/wp-json\/wp\/v2\/types\/post"}],"author":[{"embeddable":true,"href":"https:\/\/femergs.com.br\/wfe\/wp-json\/wp\/v2\/users\/1"}],"replies":[{"embeddable":true,"href":"https:\/\/femergs.com.br\/wfe\/wp-json\/wp\/v2\/comments?post=1188"}],"version-history":[{"count":0,"href":"https:\/\/femergs.com.br\/wfe\/wp-json\/wp\/v2\/posts\/1188\/revisions"}],"wp:attachment":[{"href":"https:\/\/femergs.com.br\/wfe\/wp-json\/wp\/v2\/media?parent=1188"}],"wp:term":[{"taxonomy":"category","embeddable":true,"href":"https:\/\/femergs.com.br\/wfe\/wp-json\/wp\/v2\/categories?post=1188"},{"taxonomy":"post_tag","embeddable":true,"href":"https:\/\/femergs.com.br\/wfe\/wp-json\/wp\/v2\/tags?post=1188"}],"curies":[{"name":"wp","href":"https:\/\/api.w.org\/{rel}","templated":true}]}}