{"id":1190,"date":"2019-06-14T08:55:24","date_gmt":"2019-06-14T08:55:24","guid":{"rendered":"https:\/\/femergs.com.br\/wfe\/blog\/14-de-junho-dia-historico-e-de-muita-luta\/"},"modified":"2019-06-14T08:55:24","modified_gmt":"2019-06-14T08:55:24","slug":"14-de-junho-dia-historico-e-de-muita-luta","status":"publish","type":"post","link":"https:\/\/femergs.com.br\/wfe\/blog\/14-de-junho-dia-historico-e-de-muita-luta\/","title":{"rendered":"14 DE JUNHO &#8211; DIA HIST\u00d3RICO E DE MUITA LUTA"},"content":{"rendered":"<p>O dia 14 de junho de 2019, fica na hist\u00f3ria novamente, com a chamada para a GREVE GERAL NACIONAL, tendo atos contra a reforma da Previd\u00eancia do governo de Jair Bolsonaro, que acaba com a aposentadoria de milh\u00f5es de trabalhadores e trabalhadoras, contra os cortes na educa\u00e7\u00e3o e por mais empregos, o Brasil vai parar nesta sexta-feira.<\/p>\n<p>A Federa\u00e7\u00e3o dos Municip\u00e1rios do Estado do Rio Grande do Sul &#8211; FEMERGS, est\u00e1 em todo estado, com seus diretores organizando e mobilizando os trabalhadores para parar e reivindicar os seus direitos, mostrar que n\u00e3o aceitamos os ataques \u00e0 soberania nacional e \u00e0 democracia.<\/p>\n<p>Com esse intuito, deferimos nas redes sociais e nas ruas muitas frases de lutas, muitas palavras de ordem, muita indigna\u00e7\u00e3o em cada ato do governo, desta forma:<\/p>\n<p><span style=\"color:#FFF0F5\"><span style=\"background-color:#0000FF\">&#8220;Ou voc\u00ea demonstra sua indigna\u00e7\u00e3o com a perda de seus direitos, com o FIM da aposentadoria , ou veste seu \u201cpelego\u201d e finge n\u00e3o se importar em perder seus direitos, um a um.&#8221;<\/span><\/p>\n<p><span style=\"background-color:#0000FF\">&#8220;Povo na rua fazendo seu papel de PARTICIPAR ativamente das decis\u00f5es de governo.&#8221;<\/span><\/p>\n<p><span style=\"background-color:#0000FF\">&#8220;Ningu\u00e9m mexe na aposentadoria. Ningu\u00e9m mexe no recurso da educa\u00e7\u00e3o. Ninguem mexe no recurso da sa\u00fade.&#8221;<\/span><\/p>\n<p><span style=\"background-color:#0000FF\">&#8220;O BRASIL VAI PARAR!&#8221;<\/span><\/span><\/p>\n<p>Acompanhe os atos, fale, expresse e mostre sua indigna\u00e7\u00e3o tambem.<\/p>\n<p>FEMERGS na LUTA, na RUA, nas BATALHAS&#8230;<\/p>\n<p>#NenhumDireitoAMenos<\/p>\n","protected":false},"excerpt":{"rendered":"<p>O dia 14 de junho de 2019, fica na hist\u00f3ria novamente, com a chamada para a GREVE GERAL NACIONAL, tendo atos contra a reforma da Previd\u00eancia do governo de Jair Bolsonaro, que acaba com a aposentadoria de milh\u00f5es de trabalhadores e trabalhadoras, contra os cortes na educa\u00e7\u00e3o e por mais empregos, o Brasil vai parar [&hellip;]<\/p>\n","protected":false},"author":1,"featured_media":0,"comment_status":"closed","ping_status":"closed","sticky":false,"template":"","format":"standard","meta":{"_eb_attr":"","_uag_custom_page_level_css":"","fifu_image_url":"","fifu_image_alt":"","footnotes":""},"categories":[1],"tags":[32],"class_list":["post-1190","post","type-post","status-publish","format-standard","hentry","category-arquivadas","tag-null"],"yoast_head":"<!-- This site is optimized with the Yoast SEO plugin v27.1.1 - https:\/\/yoast.com\/product\/yoast-seo-wordpress\/ -->\n<title>14 DE JUNHO - DIA HIST\u00d3RICO E DE MUITA LUTA - Federa\u00e7\u00e3o dos Municip\u00e1rios do Estado do Rio Grande do Sul<\/title>\n<meta name=\"robots\" content=\"index, follow, max-snippet:-1, max-image-preview:large, max-video-preview:-1\" \/>\n<link rel=\"canonical\" href=\"https:\/\/femergs.com.br\/wfe\/blog\/14-de-junho-dia-historico-e-de-muita-luta\/\" \/>\n<meta property=\"og:locale\" content=\"pt_BR\" \/>\n<meta property=\"og:type\" content=\"article\" \/>\n<meta property=\"og:title\" content=\"14 DE JUNHO - DIA HIST\u00d3RICO E DE MUITA LUTA - Federa\u00e7\u00e3o dos Municip\u00e1rios do Estado do Rio Grande do Sul\" \/>\n<meta property=\"og:description\" content=\"O dia 14 de junho de 2019, fica na hist\u00f3ria novamente, com a chamada para a GREVE GERAL NACIONAL, tendo atos contra a reforma da Previd\u00eancia do governo de Jair Bolsonaro, que acaba com a aposentadoria de milh\u00f5es de trabalhadores e trabalhadoras, contra os cortes na educa\u00e7\u00e3o e por mais empregos, o Brasil vai parar [&hellip;]\" \/>\n<meta property=\"og:url\" content=\"https:\/\/femergs.com.br\/wfe\/blog\/14-de-junho-dia-historico-e-de-muita-luta\/\" \/>\n<meta property=\"og:site_name\" content=\"Federa\u00e7\u00e3o dos Municip\u00e1rios do Estado do Rio Grande do Sul\" \/>\n<meta property=\"article:publisher\" content=\"https:\/\/www.facebook.com\/profile.php?id=100057151733001\" \/>\n<meta property=\"article:published_time\" content=\"2019-06-14T08:55:24+00:00\" \/>\n<meta name=\"author\" content=\"adminfemergs\" \/>\n<meta name=\"twitter:card\" content=\"summary_large_image\" \/>\n<meta name=\"twitter:label1\" content=\"Escrito por\" \/>\n\t<meta name=\"twitter:data1\" content=\"adminfemergs\" \/>\n\t<meta name=\"twitter:label2\" content=\"Est. tempo de leitura\" \/>\n\t<meta name=\"twitter:data2\" content=\"1 minuto\" \/>\n<script type=\"application\/ld+json\" class=\"yoast-schema-graph\">{\"@context\":\"https:\/\/schema.org\",\"@graph\":[{\"@type\":\"Article\",\"@id\":\"https:\/\/femergs.com.br\/wfe\/blog\/14-de-junho-dia-historico-e-de-muita-luta\/#article\",\"isPartOf\":{\"@id\":\"https:\/\/femergs.com.br\/wfe\/blog\/14-de-junho-dia-historico-e-de-muita-luta\/\"},\"author\":{\"name\":\"adminfemergs\",\"@id\":\"https:\/\/femergs.com.br\/wfe\/#\/schema\/person\/f5558e6b5ffc044ee085016237dedb7f\"},\"headline\":\"14 DE JUNHO &#8211; DIA HIST\u00d3RICO E DE MUITA LUTA\",\"datePublished\":\"2019-06-14T08:55:24+00:00\",\"mainEntityOfPage\":{\"@id\":\"https:\/\/femergs.com.br\/wfe\/blog\/14-de-junho-dia-historico-e-de-muita-luta\/\"},\"wordCount\":233,\"publisher\":{\"@id\":\"https:\/\/femergs.com.br\/wfe\/#organization\"},\"keywords\":[\"NULL\"],\"articleSection\":[\"ARQUIVADAS\"],\"inLanguage\":\"pt-BR\"},{\"@type\":\"WebPage\",\"@id\":\"https:\/\/femergs.com.br\/wfe\/blog\/14-de-junho-dia-historico-e-de-muita-luta\/\",\"url\":\"https:\/\/femergs.com.br\/wfe\/blog\/14-de-junho-dia-historico-e-de-muita-luta\/\",\"name\":\"14 DE JUNHO - DIA HIST\u00d3RICO E DE MUITA LUTA - Federa\u00e7\u00e3o dos Municip\u00e1rios do Estado do Rio Grande do Sul\",\"isPartOf\":{\"@id\":\"https:\/\/femergs.com.br\/wfe\/#website\"},\"datePublished\":\"2019-06-14T08:55:24+00:00\",\"breadcrumb\":{\"@id\":\"https:\/\/femergs.com.br\/wfe\/blog\/14-de-junho-dia-historico-e-de-muita-luta\/#breadcrumb\"},\"inLanguage\":\"pt-BR\",\"potentialAction\":[{\"@type\":\"ReadAction\",\"target\":[\"https:\/\/femergs.com.br\/wfe\/blog\/14-de-junho-dia-historico-e-de-muita-luta\/\"]}]},{\"@type\":\"BreadcrumbList\",\"@id\":\"https:\/\/femergs.com.br\/wfe\/blog\/14-de-junho-dia-historico-e-de-muita-luta\/#breadcrumb\",\"itemListElement\":[{\"@type\":\"ListItem\",\"position\":1,\"name\":\"In\u00edcio\",\"item\":\"https:\/\/femergs.com.br\/wfe\/\"},{\"@type\":\"ListItem\",\"position\":2,\"name\":\"14 DE JUNHO &#8211; DIA HIST\u00d3RICO E DE MUITA LUTA\"}]},{\"@type\":\"WebSite\",\"@id\":\"https:\/\/femergs.com.br\/wfe\/#website\",\"url\":\"https:\/\/femergs.com.br\/wfe\/\",\"name\":\"FEMERGS\",\"description\":\"FEDERA\u00c7\u00c3O DOS MUNICIP\u00c1RIOS DO ESTADO DO RIO GRANDE DO SUL\",\"publisher\":{\"@id\":\"https:\/\/femergs.com.br\/wfe\/#organization\"},\"potentialAction\":[{\"@type\":\"SearchAction\",\"target\":{\"@type\":\"EntryPoint\",\"urlTemplate\":\"https:\/\/femergs.com.br\/wfe\/?s={search_term_string}\"},\"query-input\":{\"@type\":\"PropertyValueSpecification\",\"valueRequired\":true,\"valueName\":\"search_term_string\"}}],\"inLanguage\":\"pt-BR\"},{\"@type\":\"Organization\",\"@id\":\"https:\/\/femergs.com.br\/wfe\/#organization\",\"name\":\"FEMERGS\",\"url\":\"https:\/\/femergs.com.br\/wfe\/\",\"logo\":{\"@type\":\"ImageObject\",\"inLanguage\":\"pt-BR\",\"@id\":\"https:\/\/femergs.com.br\/wfe\/#\/schema\/logo\/image\/\",\"url\":\"https:\/\/femergs.com.br\/wfe\/wp-content\/uploads\/2025\/06\/logotipo.png\",\"contentUrl\":\"https:\/\/femergs.com.br\/wfe\/wp-content\/uploads\/2025\/06\/logotipo.png\",\"width\":500,\"height\":500,\"caption\":\"FEMERGS\"},\"image\":{\"@id\":\"https:\/\/femergs.com.br\/wfe\/#\/schema\/logo\/image\/\"},\"sameAs\":[\"https:\/\/www.facebook.com\/profile.php?id=100057151733001\",\"https:\/\/www.instagram.com\/femergs_rs\/\"]},{\"@type\":\"Person\",\"@id\":\"https:\/\/femergs.com.br\/wfe\/#\/schema\/person\/f5558e6b5ffc044ee085016237dedb7f\",\"name\":\"adminfemergs\",\"image\":{\"@type\":\"ImageObject\",\"inLanguage\":\"pt-BR\",\"@id\":\"https:\/\/femergs.com.br\/wfe\/#\/schema\/person\/image\/\",\"url\":\"https:\/\/secure.gravatar.com\/avatar\/398642fa557cdd524617ad9b31c938845f071aeb3448b9c0aeb29aefc495337b?s=96&d=mm&r=g\",\"contentUrl\":\"https:\/\/secure.gravatar.com\/avatar\/398642fa557cdd524617ad9b31c938845f071aeb3448b9c0aeb29aefc495337b?s=96&d=mm&r=g\",\"caption\":\"adminfemergs\"},\"sameAs\":[\"https:\/\/femergs.com.br\/wfe\"],\"url\":\"https:\/\/femergs.com.br\/wfe\/blog\/author\/adminfemergs\/\"}]}<\/script>\n<!-- \/ Yoast SEO plugin. -->","yoast_head_json":{"title":"14 DE JUNHO - DIA HIST\u00d3RICO E DE MUITA LUTA - Federa\u00e7\u00e3o dos Municip\u00e1rios do Estado do Rio Grande do Sul","robots":{"index":"index","follow":"follow","max-snippet":"max-snippet:-1","max-image-preview":"max-image-preview:large","max-video-preview":"max-video-preview:-1"},"canonical":"https:\/\/femergs.com.br\/wfe\/blog\/14-de-junho-dia-historico-e-de-muita-luta\/","og_locale":"pt_BR","og_type":"article","og_title":"14 DE JUNHO - DIA HIST\u00d3RICO E DE MUITA LUTA - Federa\u00e7\u00e3o dos Municip\u00e1rios do Estado do Rio Grande do Sul","og_description":"O dia 14 de junho de 2019, fica na hist\u00f3ria novamente, com a chamada para a GREVE GERAL NACIONAL, tendo atos contra a reforma da Previd\u00eancia do governo de Jair Bolsonaro, que acaba com a aposentadoria de milh\u00f5es de trabalhadores e trabalhadoras, contra os cortes na educa\u00e7\u00e3o e por mais empregos, o Brasil vai parar [&hellip;]","og_url":"https:\/\/femergs.com.br\/wfe\/blog\/14-de-junho-dia-historico-e-de-muita-luta\/","og_site_name":"Federa\u00e7\u00e3o dos Municip\u00e1rios do Estado do Rio Grande do Sul","article_publisher":"https:\/\/www.facebook.com\/profile.php?id=100057151733001","article_published_time":"2019-06-14T08:55:24+00:00","author":"adminfemergs","twitter_card":"summary_large_image","twitter_misc":{"Escrito por":"adminfemergs","Est. tempo de leitura":"1 minuto"},"schema":{"@context":"https:\/\/schema.org","@graph":[{"@type":"Article","@id":"https:\/\/femergs.com.br\/wfe\/blog\/14-de-junho-dia-historico-e-de-muita-luta\/#article","isPartOf":{"@id":"https:\/\/femergs.com.br\/wfe\/blog\/14-de-junho-dia-historico-e-de-muita-luta\/"},"author":{"name":"adminfemergs","@id":"https:\/\/femergs.com.br\/wfe\/#\/schema\/person\/f5558e6b5ffc044ee085016237dedb7f"},"headline":"14 DE JUNHO &#8211; DIA HIST\u00d3RICO E DE MUITA LUTA","datePublished":"2019-06-14T08:55:24+00:00","mainEntityOfPage":{"@id":"https:\/\/femergs.com.br\/wfe\/blog\/14-de-junho-dia-historico-e-de-muita-luta\/"},"wordCount":233,"publisher":{"@id":"https:\/\/femergs.com.br\/wfe\/#organization"},"keywords":["NULL"],"articleSection":["ARQUIVADAS"],"inLanguage":"pt-BR"},{"@type":"WebPage","@id":"https:\/\/femergs.com.br\/wfe\/blog\/14-de-junho-dia-historico-e-de-muita-luta\/","url":"https:\/\/femergs.com.br\/wfe\/blog\/14-de-junho-dia-historico-e-de-muita-luta\/","name":"14 DE JUNHO - DIA HIST\u00d3RICO E DE MUITA LUTA - Federa\u00e7\u00e3o dos Municip\u00e1rios do Estado do Rio Grande do Sul","isPartOf":{"@id":"https:\/\/femergs.com.br\/wfe\/#website"},"datePublished":"2019-06-14T08:55:24+00:00","breadcrumb":{"@id":"https:\/\/femergs.com.br\/wfe\/blog\/14-de-junho-dia-historico-e-de-muita-luta\/#breadcrumb"},"inLanguage":"pt-BR","potentialAction":[{"@type":"ReadAction","target":["https:\/\/femergs.com.br\/wfe\/blog\/14-de-junho-dia-historico-e-de-muita-luta\/"]}]},{"@type":"BreadcrumbList","@id":"https:\/\/femergs.com.br\/wfe\/blog\/14-de-junho-dia-historico-e-de-muita-luta\/#breadcrumb","itemListElement":[{"@type":"ListItem","position":1,"name":"In\u00edcio","item":"https:\/\/femergs.com.br\/wfe\/"},{"@type":"ListItem","position":2,"name":"14 DE JUNHO &#8211; DIA HIST\u00d3RICO E DE MUITA LUTA"}]},{"@type":"WebSite","@id":"https:\/\/femergs.com.br\/wfe\/#website","url":"https:\/\/femergs.com.br\/wfe\/","name":"FEMERGS","description":"FEDERA\u00c7\u00c3O DOS MUNICIP\u00c1RIOS DO ESTADO DO RIO GRANDE DO SUL","publisher":{"@id":"https:\/\/femergs.com.br\/wfe\/#organization"},"potentialAction":[{"@type":"SearchAction","target":{"@type":"EntryPoint","urlTemplate":"https:\/\/femergs.com.br\/wfe\/?s={search_term_string}"},"query-input":{"@type":"PropertyValueSpecification","valueRequired":true,"valueName":"search_term_string"}}],"inLanguage":"pt-BR"},{"@type":"Organization","@id":"https:\/\/femergs.com.br\/wfe\/#organization","name":"FEMERGS","url":"https:\/\/femergs.com.br\/wfe\/","logo":{"@type":"ImageObject","inLanguage":"pt-BR","@id":"https:\/\/femergs.com.br\/wfe\/#\/schema\/logo\/image\/","url":"https:\/\/femergs.com.br\/wfe\/wp-content\/uploads\/2025\/06\/logotipo.png","contentUrl":"https:\/\/femergs.com.br\/wfe\/wp-content\/uploads\/2025\/06\/logotipo.png","width":500,"height":500,"caption":"FEMERGS"},"image":{"@id":"https:\/\/femergs.com.br\/wfe\/#\/schema\/logo\/image\/"},"sameAs":["https:\/\/www.facebook.com\/profile.php?id=100057151733001","https:\/\/www.instagram.com\/femergs_rs\/"]},{"@type":"Person","@id":"https:\/\/femergs.com.br\/wfe\/#\/schema\/person\/f5558e6b5ffc044ee085016237dedb7f","name":"adminfemergs","image":{"@type":"ImageObject","inLanguage":"pt-BR","@id":"https:\/\/femergs.com.br\/wfe\/#\/schema\/person\/image\/","url":"https:\/\/secure.gravatar.com\/avatar\/398642fa557cdd524617ad9b31c938845f071aeb3448b9c0aeb29aefc495337b?s=96&d=mm&r=g","contentUrl":"https:\/\/secure.gravatar.com\/avatar\/398642fa557cdd524617ad9b31c938845f071aeb3448b9c0aeb29aefc495337b?s=96&d=mm&r=g","caption":"adminfemergs"},"sameAs":["https:\/\/femergs.com.br\/wfe"],"url":"https:\/\/femergs.com.br\/wfe\/blog\/author\/adminfemergs\/"}]}},"uagb_featured_image_src":{"full":false,"thumbnail":false,"medium":false,"medium_large":false,"large":false,"1536x1536":false,"2048x2048":false,"ultp_layout_landscape_large":false,"ultp_layout_landscape":false,"ultp_layout_portrait":false,"ultp_layout_square":false},"uagb_author_info":{"display_name":"adminfemergs","author_link":"https:\/\/femergs.com.br\/wfe\/blog\/author\/adminfemergs\/"},"uagb_comment_info":0,"uagb_excerpt":"O dia 14 de junho de 2019, fica na hist\u00f3ria novamente, com a chamada para a GREVE GERAL NACIONAL, tendo atos contra a reforma da Previd\u00eancia do governo de Jair Bolsonaro, que acaba com a aposentadoria de milh\u00f5es de trabalhadores e trabalhadoras, contra os cortes na educa\u00e7\u00e3o e por mais empregos, o Brasil vai parar&hellip;","_links":{"self":[{"href":"https:\/\/femergs.com.br\/wfe\/wp-json\/wp\/v2\/posts\/1190","targetHints":{"allow":["GET"]}}],"collection":[{"href":"https:\/\/femergs.com.br\/wfe\/wp-json\/wp\/v2\/posts"}],"about":[{"href":"https:\/\/femergs.com.br\/wfe\/wp-json\/wp\/v2\/types\/post"}],"author":[{"embeddable":true,"href":"https:\/\/femergs.com.br\/wfe\/wp-json\/wp\/v2\/users\/1"}],"replies":[{"embeddable":true,"href":"https:\/\/femergs.com.br\/wfe\/wp-json\/wp\/v2\/comments?post=1190"}],"version-history":[{"count":0,"href":"https:\/\/femergs.com.br\/wfe\/wp-json\/wp\/v2\/posts\/1190\/revisions"}],"wp:attachment":[{"href":"https:\/\/femergs.com.br\/wfe\/wp-json\/wp\/v2\/media?parent=1190"}],"wp:term":[{"taxonomy":"category","embeddable":true,"href":"https:\/\/femergs.com.br\/wfe\/wp-json\/wp\/v2\/categories?post=1190"},{"taxonomy":"post_tag","embeddable":true,"href":"https:\/\/femergs.com.br\/wfe\/wp-json\/wp\/v2\/tags?post=1190"}],"curies":[{"name":"wp","href":"https:\/\/api.w.org\/{rel}","templated":true}]}}