{"id":1192,"date":"2019-06-26T12:18:10","date_gmt":"2019-06-26T12:18:10","guid":{"rendered":"https:\/\/femergs.com.br\/wfe\/blog\/forum-internacional-em-defesa-da-previdencia-social-publica-e-solidaria\/"},"modified":"2019-06-26T12:18:10","modified_gmt":"2019-06-26T12:18:10","slug":"forum-internacional-em-defesa-da-previdencia-social-publica-e-solidaria","status":"publish","type":"post","link":"https:\/\/femergs.com.br\/wfe\/blog\/forum-internacional-em-defesa-da-previdencia-social-publica-e-solidaria\/","title":{"rendered":"F\u00f3rum Internacional em Defesa da Previd\u00eancia Social P\u00fablica e Solid\u00e1ria"},"content":{"rendered":"<p>\nA Federa\u00e7\u00e3o dos Municip\u00e1rios do Estado do Rio Grande do Sul &#8211; FEMERGS, ir\u00e1 nesta semana, para mais uma miss\u00e3o internacioanl em busca de informa\u00e7\u00f5es, troca de experiencias e base de debates, em Buenos Aires na Argentina, uma delega\u00e7\u00e3o contando com 9 pessoas incluindo Diretores e Coordenadores, estar\u00e3o participando deste importante evento.<\/p>\n<p>O EVENTO:<\/p>\n<p>O Americano e do Caribe Confedera\u00e7\u00e3o Latino de Trabalhadores do Estado (Clate), em conjunto com a Public Services International (PSI), a Associa\u00e7\u00e3o Latino-Americana de Advogados Trabalhistas (ALAL), a Frente Parlamentar Mista em Defesa da Seguran\u00e7a Social do Brasil e a Confedera\u00e7\u00e3o dos Servidores P\u00fablicos do Brasil (CSPB), realizar\u00e1 nesta sexta-feira, 28 de junho, em Buenos Aires, um F\u00f3rum Internacional em Defesa de uma Previd\u00eancia Social P\u00fablica e Solid\u00e1ria.<\/p>\n<p>A atividades acontecer\u00e1 a partir de 14 horas no hotel &#8220;Hector Quagliaro&#8221; da Associa\u00e7\u00e3o de Trabalhadores do Estado (ATE), localizado na 2654, Capital Calle Moreno da Argentina, e ter\u00e1 a participa\u00e7\u00e3o de dirigentes sindicais, parlamentares e advogados trabalhadores da Argentina, Brasil, Chile, Paraguai e Uruguai.<\/p>\n<p>O objetivo do encontro \u00e9 analisar as diferentes experi\u00eancias parlamentares e sindicais que t\u00eam sido realizadas em nossa regi\u00e3o em defesa dos sistemas p\u00fablico, solid\u00e1rio e de compartilhamento, antes das tentativas de impor o modelo de capitaliza\u00e7\u00e3o individual em grande parte de nossos pa\u00edses.<\/p>\n<p>A cerim\u00f4nia de abertura do encontro ser\u00e1 presidida pelo presidente do CLATE, Julio Fuentes, e pelo seu primeiro vice-presidente, o l\u00edder brasileiro Jo\u00e3o Domingos Gomes dos Santos. Os representantes das outras organiza\u00e7\u00f5es dar\u00e3o suas palavras de boas-vindas.<\/p>\n<p>PAINEIS PARLAMENTARES:<\/p>\n<p>O primeiro painel, intitulado &#8220;Debates e iniciativas parlamentares para fortalecer os sistemas p\u00fablicos de pens\u00f5es e de solidariedade&#8221; ser\u00e1 moderado pelo Dr. Luciano Gonz\u00e1lez Etkin, um membro da Associa\u00e7\u00e3o dos Advogados de emprego da Argentina (AAL).<\/p>\n<p>Ser\u00e1 integrado pelos seguintes expositores:<\/p>\n<p>&#8211; Tucapel Jim\u00e9nez Fuentes, deputado da Rep\u00fablica do Chile<\/p>\n<p>&#8211; Carlos Tomada, legislador da cidade de Buenos Aires<\/p>\n<p>&#8211; Esperanza Mart\u00ednez, senadora da Rep\u00fablica do Paraguai<\/p>\n<p>&#8211; Julia Argentina Peri\u00e9, parlamentar do Mercosul<\/p>\n<p>&#8211; Marcelo D&#8217;Ambroso, juiz do Tribunal Regional do Trabalho de Porto Alegre (Brasil)<\/p>\n<p>&#8211; Victoria Donda, deputada da na\u00e7\u00e3o argentina<\/p>\n<p>\nPAINEL DE ORGANIZA\u00c7\u00d5ES SINDICAIS<\/p>\n<p>O segundo painel abordar\u00e1 as &#8220;experi\u00eancias da Uni\u00e3o em defesa do direito \u00e0 seguridade social&#8221; e ser\u00e1 moderado por David Duarte, diretor da revista &#8220;La Causa Laboral&#8221; e membro da AAL e da ALAL.<\/p>\n<p>Ser\u00e1 integrado pelos seguintes expositores:<\/p>\n<p>&#8211; Noelia Guzm\u00e1n, vice-presidente do Centro Nacional de Aposentados e Pens\u00f5es da ATE (Argentina)<\/p>\n<p>&#8211; Lorena Paola Lujan Pintos, representante dos Trabalhadores no Banco de Previsi\u00f3n Social (Uruguai)<\/p>\n<p>&#8211; Olga Reynoso, membro do Conselho de Diretores para Trabalhadores Ativos. Fundo de Seguran\u00e7a Social da prov\u00edncia de Santa Cruz (Argentina)<\/p>\n<p>&#8211; Orietta Fuenzalida, Vice-Presidente de Assist\u00eancia Social da Associa\u00e7\u00e3o Nacional dos Empregados Fiscais (Chile)<\/p>\n<p>&#8211; Sergio Arnoud, membro do F\u00f3rum Parlamentar Conjunto em Defesa da Previd\u00eancia Social (Brasil), l\u00edder do CSPB e secret\u00e1rio adjunto do CLATE<\/p>\n<p>Ao final do ato, a assinatura do documento fundador do F\u00f3rum Internacional em Defesa da Previd\u00eancia Social P\u00fablica e Solid\u00e1ria ser\u00e1 feita por todos os participantes que aderirem aos seus princ\u00edpios.<\/p>\n<p><u><strong>Atualiza\u00e7\u00e3o:<\/strong><\/u><\/p>\n<p>A Federa\u00e7\u00e3o dos Municip\u00e1rios do Estado do Rio Grande do Sul &#8211; FEMERGS, juntamente com a Central dos Sindicatos Brasileiros (CSB) esteve presente com representativa delega\u00e7\u00e3o no F\u00f3rum Internacional em Defesa de Uma Previd\u00eancia P\u00fablica e Solid\u00e1ria realizado na \u00faltima sexta-feira, 28 de junho, em Buenos Aires, na Argentina. O encontro foi uma iniciativa conjunta de entidades da Am\u00e9rica Latina e formalizou a constitui\u00e7\u00e3o da cria\u00e7\u00e3o do F\u00f3rum, ideia lan\u00e7ada pela CSB na realiza\u00e7\u00e3o da Jornada Internacional em Defesa da Previd\u00eancia Social, em 12 de abril. Nesta etapa, coordenado pela Confedera\u00e7\u00e3o Latinoamericana e do Caribe de Trabalhadores Estatais, contou com a participa\u00e7\u00e3o de lideran\u00e7as sindicais, especialistas e autoridades do continente com a finalidade de debater o desafio de preservar a universalidade e a sustentabilidade dos sistemas de previd\u00eancia dos pa\u00edses latinos.<\/p>\n<p>Durante o encontro que iniciou as 14h e foi encerrado somente as 20h, os participantes assistiram palestras de pol\u00edticos, dirigentes sindicais e especialistas na \u00e1rea previdenci\u00e1ria de v\u00e1rios pa\u00edses como Argentina, Col\u00f4mbia, Venezuela, Uruguai, Peru, Chile e Brasil. Foi uma troca de informa\u00e7\u00f5es de grande import\u00e2ncia num momento em que querem atacar os trabalhadores de todos os lados.<br \/>\nParticipa\u00e7\u00f5es Brasileiras<\/p>\n<p>O vice-presidente presidente da Central dos Sindicatos Brasileiros e presidente da CSB RS, S\u00e9rgio Arnoud, relatou o trabalho realizado pelas entidades sindicais brasileiras com objetivo de barrar a \u201creforma\u201d da Previd\u00eancia no Congresso Nacional ou, no m\u00ednimo, barrar os pontos mais cr\u00edticos do projeto, com destaque para a derrubada do modelo de capitaliza\u00e7\u00e3o; a derrubada da desconstitucionaliza\u00e7\u00e3o de mat\u00e9rias previdenci\u00e1rias al\u00e9m de preocupa\u00e7\u00f5es relacionadas aos custos da transi\u00e7\u00e3o do modelo (atual) de reparti\u00e7\u00e3o para o de capitaliza\u00e7\u00e3o. Arnoud recordou as grandes mobiliza\u00e7\u00f5es e a recente greve geral que for\u00e7ou a base do governo a alterar pontos da proposta.<\/p>\n<p>\u201cDesejamos manter nosso sistema p\u00fablico e solid\u00e1rio, no caminho inverso dos objetivos cru\u00e9is pretendidos pelo mercado e governo brasileiro nessa fracassada pol\u00edtica econ\u00f4mica de perfil neoliberal. Sabemos que o desafio \u00e9 grande, mas estamos seguros de que, unidos, com estrat\u00e9gia e objetivos comuns, podemos reverter este triste cen\u00e1rio de retrocessos\u201d, concluiu Arnoud.<\/p>\n<p>Em discurso, Jo\u00e3o Domingos Domingos Gomes dos Santos, presidente da Confedera\u00e7\u00e3o dos Servidores P\u00fablicos do Brasil \u2013 CSPB, destacou a import\u00e2ncia de a\u00e7\u00f5es conjuntas, multinacionais, para barrar retrocessos e fez uma breve an\u00e1lise de conjuntura sobre as similaridades e desafios dos pa\u00edses Latino-americanos.<\/p>\n<p>O Dr. Marcelo D\u2019ambroso. Juiz de Direito do Rio Grande do Sul , fez uma explana\u00e7\u00e3o abordando a situa\u00e7\u00e3o laboral do trabalhador na iniciativa privada.<\/p>\n<p>Ao final ficou acordado que haver\u00e1 novo encontro em agosto no Chile, com dia a ser confirmado. A luta continental na Am\u00e9rica Latina e Caribe quer se manter fortalecida e unificada.<\/p>\n<p>Etapas da Cria\u00e7\u00e3o do F\u00f3rum:<br \/>\nPrimeira etapa \u2013 Organiza\u00e7\u00e3o : 12 de abril em Porto Alegre \/ Brasil<br \/>\nSegunda etapa \u2013 Funda\u00e7\u00e3o: em Buenos Aires : 28 de junho de 2019 em Buenos Aires \/ Argentina<br \/>\nTerceira etapa \u2013 agosto 2019 \/Chile<\/p>\n","protected":false},"excerpt":{"rendered":"<p>A Federa\u00e7\u00e3o dos Municip\u00e1rios do Estado do Rio Grande do Sul &#8211; FEMERGS, ir\u00e1 nesta semana, para mais uma miss\u00e3o internacioanl em busca de informa\u00e7\u00f5es, troca de experiencias e base de debates, em Buenos Aires na Argentina, uma delega\u00e7\u00e3o contando com 9 pessoas incluindo Diretores e Coordenadores, estar\u00e3o participando deste importante evento. O EVENTO: O [&hellip;]<\/p>\n","protected":false},"author":1,"featured_media":0,"comment_status":"closed","ping_status":"closed","sticky":false,"template":"","format":"standard","meta":{"_eb_attr":"","_uag_custom_page_level_css":"","fifu_image_url":"","fifu_image_alt":"","footnotes":""},"categories":[1],"tags":[32],"class_list":["post-1192","post","type-post","status-publish","format-standard","hentry","category-arquivadas","tag-null"],"yoast_head":"<!-- This site is optimized with the Yoast SEO plugin v27.1.1 - https:\/\/yoast.com\/product\/yoast-seo-wordpress\/ -->\n<title>F\u00f3rum Internacional em Defesa da Previd\u00eancia Social P\u00fablica e Solid\u00e1ria - Federa\u00e7\u00e3o dos Municip\u00e1rios do Estado do Rio Grande do Sul<\/title>\n<meta name=\"robots\" content=\"index, follow, max-snippet:-1, max-image-preview:large, max-video-preview:-1\" \/>\n<link rel=\"canonical\" href=\"https:\/\/femergs.com.br\/wfe\/blog\/forum-internacional-em-defesa-da-previdencia-social-publica-e-solidaria\/\" \/>\n<meta property=\"og:locale\" content=\"pt_BR\" \/>\n<meta property=\"og:type\" content=\"article\" \/>\n<meta property=\"og:title\" content=\"F\u00f3rum Internacional em Defesa da Previd\u00eancia Social P\u00fablica e Solid\u00e1ria - Federa\u00e7\u00e3o dos Municip\u00e1rios do Estado do Rio Grande do Sul\" \/>\n<meta property=\"og:description\" content=\"A Federa\u00e7\u00e3o dos Municip\u00e1rios do Estado do Rio Grande do Sul &#8211; FEMERGS, ir\u00e1 nesta semana, para mais uma miss\u00e3o internacioanl em busca de informa\u00e7\u00f5es, troca de experiencias e base de debates, em Buenos Aires na Argentina, uma delega\u00e7\u00e3o contando com 9 pessoas incluindo Diretores e Coordenadores, estar\u00e3o participando deste importante evento. O EVENTO: O [&hellip;]\" \/>\n<meta property=\"og:url\" content=\"https:\/\/femergs.com.br\/wfe\/blog\/forum-internacional-em-defesa-da-previdencia-social-publica-e-solidaria\/\" \/>\n<meta property=\"og:site_name\" content=\"Federa\u00e7\u00e3o dos Municip\u00e1rios do Estado do Rio Grande do Sul\" \/>\n<meta property=\"article:publisher\" content=\"https:\/\/www.facebook.com\/profile.php?id=100057151733001\" \/>\n<meta property=\"article:published_time\" content=\"2019-06-26T12:18:10+00:00\" \/>\n<meta name=\"author\" content=\"adminfemergs\" \/>\n<meta name=\"twitter:card\" content=\"summary_large_image\" \/>\n<meta name=\"twitter:label1\" content=\"Escrito por\" \/>\n\t<meta name=\"twitter:data1\" content=\"adminfemergs\" \/>\n\t<meta name=\"twitter:label2\" content=\"Est. tempo de leitura\" \/>\n\t<meta name=\"twitter:data2\" content=\"5 minutos\" \/>\n<script type=\"application\/ld+json\" class=\"yoast-schema-graph\">{\"@context\":\"https:\/\/schema.org\",\"@graph\":[{\"@type\":\"Article\",\"@id\":\"https:\/\/femergs.com.br\/wfe\/blog\/forum-internacional-em-defesa-da-previdencia-social-publica-e-solidaria\/#article\",\"isPartOf\":{\"@id\":\"https:\/\/femergs.com.br\/wfe\/blog\/forum-internacional-em-defesa-da-previdencia-social-publica-e-solidaria\/\"},\"author\":{\"name\":\"adminfemergs\",\"@id\":\"https:\/\/femergs.com.br\/wfe\/#\/schema\/person\/f5558e6b5ffc044ee085016237dedb7f\"},\"headline\":\"F\u00f3rum Internacional em Defesa da Previd\u00eancia Social P\u00fablica e Solid\u00e1ria\",\"datePublished\":\"2019-06-26T12:18:10+00:00\",\"mainEntityOfPage\":{\"@id\":\"https:\/\/femergs.com.br\/wfe\/blog\/forum-internacional-em-defesa-da-previdencia-social-publica-e-solidaria\/\"},\"wordCount\":1101,\"publisher\":{\"@id\":\"https:\/\/femergs.com.br\/wfe\/#organization\"},\"keywords\":[\"NULL\"],\"articleSection\":[\"ARQUIVADAS\"],\"inLanguage\":\"pt-BR\"},{\"@type\":\"WebPage\",\"@id\":\"https:\/\/femergs.com.br\/wfe\/blog\/forum-internacional-em-defesa-da-previdencia-social-publica-e-solidaria\/\",\"url\":\"https:\/\/femergs.com.br\/wfe\/blog\/forum-internacional-em-defesa-da-previdencia-social-publica-e-solidaria\/\",\"name\":\"F\u00f3rum Internacional em Defesa da Previd\u00eancia Social P\u00fablica e Solid\u00e1ria - Federa\u00e7\u00e3o dos Municip\u00e1rios do Estado do Rio Grande do Sul\",\"isPartOf\":{\"@id\":\"https:\/\/femergs.com.br\/wfe\/#website\"},\"datePublished\":\"2019-06-26T12:18:10+00:00\",\"breadcrumb\":{\"@id\":\"https:\/\/femergs.com.br\/wfe\/blog\/forum-internacional-em-defesa-da-previdencia-social-publica-e-solidaria\/#breadcrumb\"},\"inLanguage\":\"pt-BR\",\"potentialAction\":[{\"@type\":\"ReadAction\",\"target\":[\"https:\/\/femergs.com.br\/wfe\/blog\/forum-internacional-em-defesa-da-previdencia-social-publica-e-solidaria\/\"]}]},{\"@type\":\"BreadcrumbList\",\"@id\":\"https:\/\/femergs.com.br\/wfe\/blog\/forum-internacional-em-defesa-da-previdencia-social-publica-e-solidaria\/#breadcrumb\",\"itemListElement\":[{\"@type\":\"ListItem\",\"position\":1,\"name\":\"In\u00edcio\",\"item\":\"https:\/\/femergs.com.br\/wfe\/\"},{\"@type\":\"ListItem\",\"position\":2,\"name\":\"F\u00f3rum Internacional em Defesa da Previd\u00eancia Social P\u00fablica e Solid\u00e1ria\"}]},{\"@type\":\"WebSite\",\"@id\":\"https:\/\/femergs.com.br\/wfe\/#website\",\"url\":\"https:\/\/femergs.com.br\/wfe\/\",\"name\":\"FEMERGS\",\"description\":\"FEDERA\u00c7\u00c3O DOS MUNICIP\u00c1RIOS DO ESTADO DO RIO GRANDE DO SUL\",\"publisher\":{\"@id\":\"https:\/\/femergs.com.br\/wfe\/#organization\"},\"potentialAction\":[{\"@type\":\"SearchAction\",\"target\":{\"@type\":\"EntryPoint\",\"urlTemplate\":\"https:\/\/femergs.com.br\/wfe\/?s={search_term_string}\"},\"query-input\":{\"@type\":\"PropertyValueSpecification\",\"valueRequired\":true,\"valueName\":\"search_term_string\"}}],\"inLanguage\":\"pt-BR\"},{\"@type\":\"Organization\",\"@id\":\"https:\/\/femergs.com.br\/wfe\/#organization\",\"name\":\"FEMERGS\",\"url\":\"https:\/\/femergs.com.br\/wfe\/\",\"logo\":{\"@type\":\"ImageObject\",\"inLanguage\":\"pt-BR\",\"@id\":\"https:\/\/femergs.com.br\/wfe\/#\/schema\/logo\/image\/\",\"url\":\"https:\/\/femergs.com.br\/wfe\/wp-content\/uploads\/2025\/06\/logotipo.png\",\"contentUrl\":\"https:\/\/femergs.com.br\/wfe\/wp-content\/uploads\/2025\/06\/logotipo.png\",\"width\":500,\"height\":500,\"caption\":\"FEMERGS\"},\"image\":{\"@id\":\"https:\/\/femergs.com.br\/wfe\/#\/schema\/logo\/image\/\"},\"sameAs\":[\"https:\/\/www.facebook.com\/profile.php?id=100057151733001\",\"https:\/\/www.instagram.com\/femergs_rs\/\"]},{\"@type\":\"Person\",\"@id\":\"https:\/\/femergs.com.br\/wfe\/#\/schema\/person\/f5558e6b5ffc044ee085016237dedb7f\",\"name\":\"adminfemergs\",\"image\":{\"@type\":\"ImageObject\",\"inLanguage\":\"pt-BR\",\"@id\":\"https:\/\/femergs.com.br\/wfe\/#\/schema\/person\/image\/\",\"url\":\"https:\/\/secure.gravatar.com\/avatar\/398642fa557cdd524617ad9b31c938845f071aeb3448b9c0aeb29aefc495337b?s=96&d=mm&r=g\",\"contentUrl\":\"https:\/\/secure.gravatar.com\/avatar\/398642fa557cdd524617ad9b31c938845f071aeb3448b9c0aeb29aefc495337b?s=96&d=mm&r=g\",\"caption\":\"adminfemergs\"},\"sameAs\":[\"https:\/\/femergs.com.br\/wfe\"],\"url\":\"https:\/\/femergs.com.br\/wfe\/blog\/author\/adminfemergs\/\"}]}<\/script>\n<!-- \/ Yoast SEO plugin. -->","yoast_head_json":{"title":"F\u00f3rum Internacional em Defesa da Previd\u00eancia Social P\u00fablica e Solid\u00e1ria - Federa\u00e7\u00e3o dos Municip\u00e1rios do Estado do Rio Grande do Sul","robots":{"index":"index","follow":"follow","max-snippet":"max-snippet:-1","max-image-preview":"max-image-preview:large","max-video-preview":"max-video-preview:-1"},"canonical":"https:\/\/femergs.com.br\/wfe\/blog\/forum-internacional-em-defesa-da-previdencia-social-publica-e-solidaria\/","og_locale":"pt_BR","og_type":"article","og_title":"F\u00f3rum Internacional em Defesa da Previd\u00eancia Social P\u00fablica e Solid\u00e1ria - Federa\u00e7\u00e3o dos Municip\u00e1rios do Estado do Rio Grande do Sul","og_description":"A Federa\u00e7\u00e3o dos Municip\u00e1rios do Estado do Rio Grande do Sul &#8211; FEMERGS, ir\u00e1 nesta semana, para mais uma miss\u00e3o internacioanl em busca de informa\u00e7\u00f5es, troca de experiencias e base de debates, em Buenos Aires na Argentina, uma delega\u00e7\u00e3o contando com 9 pessoas incluindo Diretores e Coordenadores, estar\u00e3o participando deste importante evento. O EVENTO: O [&hellip;]","og_url":"https:\/\/femergs.com.br\/wfe\/blog\/forum-internacional-em-defesa-da-previdencia-social-publica-e-solidaria\/","og_site_name":"Federa\u00e7\u00e3o dos Municip\u00e1rios do Estado do Rio Grande do Sul","article_publisher":"https:\/\/www.facebook.com\/profile.php?id=100057151733001","article_published_time":"2019-06-26T12:18:10+00:00","author":"adminfemergs","twitter_card":"summary_large_image","twitter_misc":{"Escrito por":"adminfemergs","Est. tempo de leitura":"5 minutos"},"schema":{"@context":"https:\/\/schema.org","@graph":[{"@type":"Article","@id":"https:\/\/femergs.com.br\/wfe\/blog\/forum-internacional-em-defesa-da-previdencia-social-publica-e-solidaria\/#article","isPartOf":{"@id":"https:\/\/femergs.com.br\/wfe\/blog\/forum-internacional-em-defesa-da-previdencia-social-publica-e-solidaria\/"},"author":{"name":"adminfemergs","@id":"https:\/\/femergs.com.br\/wfe\/#\/schema\/person\/f5558e6b5ffc044ee085016237dedb7f"},"headline":"F\u00f3rum Internacional em Defesa da Previd\u00eancia Social P\u00fablica e Solid\u00e1ria","datePublished":"2019-06-26T12:18:10+00:00","mainEntityOfPage":{"@id":"https:\/\/femergs.com.br\/wfe\/blog\/forum-internacional-em-defesa-da-previdencia-social-publica-e-solidaria\/"},"wordCount":1101,"publisher":{"@id":"https:\/\/femergs.com.br\/wfe\/#organization"},"keywords":["NULL"],"articleSection":["ARQUIVADAS"],"inLanguage":"pt-BR"},{"@type":"WebPage","@id":"https:\/\/femergs.com.br\/wfe\/blog\/forum-internacional-em-defesa-da-previdencia-social-publica-e-solidaria\/","url":"https:\/\/femergs.com.br\/wfe\/blog\/forum-internacional-em-defesa-da-previdencia-social-publica-e-solidaria\/","name":"F\u00f3rum Internacional em Defesa da Previd\u00eancia Social P\u00fablica e Solid\u00e1ria - Federa\u00e7\u00e3o dos Municip\u00e1rios do Estado do Rio Grande do Sul","isPartOf":{"@id":"https:\/\/femergs.com.br\/wfe\/#website"},"datePublished":"2019-06-26T12:18:10+00:00","breadcrumb":{"@id":"https:\/\/femergs.com.br\/wfe\/blog\/forum-internacional-em-defesa-da-previdencia-social-publica-e-solidaria\/#breadcrumb"},"inLanguage":"pt-BR","potentialAction":[{"@type":"ReadAction","target":["https:\/\/femergs.com.br\/wfe\/blog\/forum-internacional-em-defesa-da-previdencia-social-publica-e-solidaria\/"]}]},{"@type":"BreadcrumbList","@id":"https:\/\/femergs.com.br\/wfe\/blog\/forum-internacional-em-defesa-da-previdencia-social-publica-e-solidaria\/#breadcrumb","itemListElement":[{"@type":"ListItem","position":1,"name":"In\u00edcio","item":"https:\/\/femergs.com.br\/wfe\/"},{"@type":"ListItem","position":2,"name":"F\u00f3rum Internacional em Defesa da Previd\u00eancia Social P\u00fablica e Solid\u00e1ria"}]},{"@type":"WebSite","@id":"https:\/\/femergs.com.br\/wfe\/#website","url":"https:\/\/femergs.com.br\/wfe\/","name":"FEMERGS","description":"FEDERA\u00c7\u00c3O DOS MUNICIP\u00c1RIOS DO ESTADO DO RIO GRANDE DO SUL","publisher":{"@id":"https:\/\/femergs.com.br\/wfe\/#organization"},"potentialAction":[{"@type":"SearchAction","target":{"@type":"EntryPoint","urlTemplate":"https:\/\/femergs.com.br\/wfe\/?s={search_term_string}"},"query-input":{"@type":"PropertyValueSpecification","valueRequired":true,"valueName":"search_term_string"}}],"inLanguage":"pt-BR"},{"@type":"Organization","@id":"https:\/\/femergs.com.br\/wfe\/#organization","name":"FEMERGS","url":"https:\/\/femergs.com.br\/wfe\/","logo":{"@type":"ImageObject","inLanguage":"pt-BR","@id":"https:\/\/femergs.com.br\/wfe\/#\/schema\/logo\/image\/","url":"https:\/\/femergs.com.br\/wfe\/wp-content\/uploads\/2025\/06\/logotipo.png","contentUrl":"https:\/\/femergs.com.br\/wfe\/wp-content\/uploads\/2025\/06\/logotipo.png","width":500,"height":500,"caption":"FEMERGS"},"image":{"@id":"https:\/\/femergs.com.br\/wfe\/#\/schema\/logo\/image\/"},"sameAs":["https:\/\/www.facebook.com\/profile.php?id=100057151733001","https:\/\/www.instagram.com\/femergs_rs\/"]},{"@type":"Person","@id":"https:\/\/femergs.com.br\/wfe\/#\/schema\/person\/f5558e6b5ffc044ee085016237dedb7f","name":"adminfemergs","image":{"@type":"ImageObject","inLanguage":"pt-BR","@id":"https:\/\/femergs.com.br\/wfe\/#\/schema\/person\/image\/","url":"https:\/\/secure.gravatar.com\/avatar\/398642fa557cdd524617ad9b31c938845f071aeb3448b9c0aeb29aefc495337b?s=96&d=mm&r=g","contentUrl":"https:\/\/secure.gravatar.com\/avatar\/398642fa557cdd524617ad9b31c938845f071aeb3448b9c0aeb29aefc495337b?s=96&d=mm&r=g","caption":"adminfemergs"},"sameAs":["https:\/\/femergs.com.br\/wfe"],"url":"https:\/\/femergs.com.br\/wfe\/blog\/author\/adminfemergs\/"}]}},"uagb_featured_image_src":{"full":false,"thumbnail":false,"medium":false,"medium_large":false,"large":false,"1536x1536":false,"2048x2048":false,"ultp_layout_landscape_large":false,"ultp_layout_landscape":false,"ultp_layout_portrait":false,"ultp_layout_square":false},"uagb_author_info":{"display_name":"adminfemergs","author_link":"https:\/\/femergs.com.br\/wfe\/blog\/author\/adminfemergs\/"},"uagb_comment_info":0,"uagb_excerpt":"A Federa\u00e7\u00e3o dos Municip\u00e1rios do Estado do Rio Grande do Sul &#8211; FEMERGS, ir\u00e1 nesta semana, para mais uma miss\u00e3o internacioanl em busca de informa\u00e7\u00f5es, troca de experiencias e base de debates, em Buenos Aires na Argentina, uma delega\u00e7\u00e3o contando com 9 pessoas incluindo Diretores e Coordenadores, estar\u00e3o participando deste importante evento. O EVENTO: O&hellip;","_links":{"self":[{"href":"https:\/\/femergs.com.br\/wfe\/wp-json\/wp\/v2\/posts\/1192","targetHints":{"allow":["GET"]}}],"collection":[{"href":"https:\/\/femergs.com.br\/wfe\/wp-json\/wp\/v2\/posts"}],"about":[{"href":"https:\/\/femergs.com.br\/wfe\/wp-json\/wp\/v2\/types\/post"}],"author":[{"embeddable":true,"href":"https:\/\/femergs.com.br\/wfe\/wp-json\/wp\/v2\/users\/1"}],"replies":[{"embeddable":true,"href":"https:\/\/femergs.com.br\/wfe\/wp-json\/wp\/v2\/comments?post=1192"}],"version-history":[{"count":0,"href":"https:\/\/femergs.com.br\/wfe\/wp-json\/wp\/v2\/posts\/1192\/revisions"}],"wp:attachment":[{"href":"https:\/\/femergs.com.br\/wfe\/wp-json\/wp\/v2\/media?parent=1192"}],"wp:term":[{"taxonomy":"category","embeddable":true,"href":"https:\/\/femergs.com.br\/wfe\/wp-json\/wp\/v2\/categories?post=1192"},{"taxonomy":"post_tag","embeddable":true,"href":"https:\/\/femergs.com.br\/wfe\/wp-json\/wp\/v2\/tags?post=1192"}],"curies":[{"name":"wp","href":"https:\/\/api.w.org\/{rel}","templated":true}]}}