{"id":1199,"date":"2019-09-05T08:28:14","date_gmt":"2019-09-05T08:28:14","guid":{"rendered":"https:\/\/femergs.com.br\/wfe\/blog\/mus-movimento-unificado-dos-trabalhadores-30-8-em-defesa-do-servico-publico\/"},"modified":"2019-09-05T08:28:14","modified_gmt":"2019-09-05T08:28:14","slug":"mus-movimento-unificado-dos-trabalhadores-30-8-em-defesa-do-servico-publico","status":"publish","type":"post","link":"https:\/\/femergs.com.br\/wfe\/blog\/mus-movimento-unificado-dos-trabalhadores-30-8-em-defesa-do-servico-publico\/","title":{"rendered":"MUS \u2013 Movimento Unificado dos Trabalhadores \u2013 30\/8 &#8211; Em Defesa do Servi\u00e7o P\u00fablico."},"content":{"rendered":"<p>Na \u00faltima sexta-feira, dia 30 de agosto de 2019, o Movimento Unificado dos Servidores \u2013 MUS 2019, realizou um grande movimento na capital do RS.<\/p>\n<p>As 9h, centenas de estudantes (estima-se em 3.000 estudantes) iniciaram caminhada da Escola Estadual J\u00falio de Castilhos, no bairro Santana em Porto Alegre \/ RS, organizados pela UGE &#8211; Uni\u00e3o Ga\u00facha dos Estudantes e pela UMESPA \u2013 Uni\u00e3o Metropolitana dos Secundaristas de Porto Alegre.<\/p>\n<p>Cantando gritos de ordem, contra a retirada do \u201cmeio passe\u201d nos \u00f4nibus metropolitanos e contra os \u201cdesmandos\u201d do governo municipal, estadual e federal contra a educa\u00e7\u00e3o p\u00fablica de qualidade, se deslocaram at\u00e9 a Prefeitura Municipal de Porto Alegre.<\/p>\n<p>Ap\u00f3s sa\u00edram em caminhada at\u00e9 a frente do Centro Administrativo Fernando Ferrari, onde se uniram a Central dos Sindicatos Brasileiros \u2013 CSB RS; FEMERGS, FESSERGS, CGTB e v\u00e1rios Sindicatos de Servidores P\u00fablicos e o \u201cgrito de ordem\u201d passou a refletir a uni\u00e3o entre Estudantes, Servidores P\u00fablicos e Funcion\u00e1rios.<\/p>\n<p>Em sua fala o Secret\u00e1rio Geral da FEMERGS, Luciano dos Santos, salientou que: \u201c- Os estudantes s\u00e3o o presente e o futuro do Brasil. Que juntos vamos acabar com esta onda de ataques para acabarem com as escolas p\u00fablicas, universidades e contra Servidores e Funcion\u00e1rios P\u00fablicos.\u201c<\/p>\n<p>A FEMERGS esta na luta, participando ativamente do MUS \u2013 Movimento Unificado dos Servidores.<\/p>\n","protected":false},"excerpt":{"rendered":"<p>Na \u00faltima sexta-feira, dia 30 de agosto de 2019, o Movimento Unificado dos Servidores \u2013 MUS 2019, realizou um grande movimento na capital do RS. As 9h, centenas de estudantes (estima-se em 3.000 estudantes) iniciaram caminhada da Escola Estadual J\u00falio de Castilhos, no bairro Santana em Porto Alegre \/ RS, organizados pela UGE &#8211; Uni\u00e3o [&hellip;]<\/p>\n","protected":false},"author":1,"featured_media":0,"comment_status":"closed","ping_status":"closed","sticky":false,"template":"","format":"standard","meta":{"_eb_attr":"","_uag_custom_page_level_css":"","fifu_image_url":"","fifu_image_alt":"","footnotes":""},"categories":[1],"tags":[32],"class_list":["post-1199","post","type-post","status-publish","format-standard","hentry","category-arquivadas","tag-null"],"yoast_head":"<!-- This site is optimized with the Yoast SEO plugin v27.1.1 - https:\/\/yoast.com\/product\/yoast-seo-wordpress\/ -->\n<title>MUS \u2013 Movimento Unificado dos Trabalhadores \u2013 30\/8 - Em Defesa do Servi\u00e7o P\u00fablico. - Federa\u00e7\u00e3o dos Municip\u00e1rios do Estado do Rio Grande do Sul<\/title>\n<meta name=\"robots\" content=\"index, follow, max-snippet:-1, max-image-preview:large, max-video-preview:-1\" \/>\n<link rel=\"canonical\" href=\"https:\/\/femergs.com.br\/wfe\/blog\/mus-movimento-unificado-dos-trabalhadores-30-8-em-defesa-do-servico-publico\/\" \/>\n<meta property=\"og:locale\" content=\"pt_BR\" \/>\n<meta property=\"og:type\" content=\"article\" \/>\n<meta property=\"og:title\" content=\"MUS \u2013 Movimento Unificado dos Trabalhadores \u2013 30\/8 - Em Defesa do Servi\u00e7o P\u00fablico. - Federa\u00e7\u00e3o dos Municip\u00e1rios do Estado do Rio Grande do Sul\" \/>\n<meta property=\"og:description\" content=\"Na \u00faltima sexta-feira, dia 30 de agosto de 2019, o Movimento Unificado dos Servidores \u2013 MUS 2019, realizou um grande movimento na capital do RS. As 9h, centenas de estudantes (estima-se em 3.000 estudantes) iniciaram caminhada da Escola Estadual J\u00falio de Castilhos, no bairro Santana em Porto Alegre \/ RS, organizados pela UGE &#8211; Uni\u00e3o [&hellip;]\" \/>\n<meta property=\"og:url\" content=\"https:\/\/femergs.com.br\/wfe\/blog\/mus-movimento-unificado-dos-trabalhadores-30-8-em-defesa-do-servico-publico\/\" \/>\n<meta property=\"og:site_name\" content=\"Federa\u00e7\u00e3o dos Municip\u00e1rios do Estado do Rio Grande do Sul\" \/>\n<meta property=\"article:publisher\" content=\"https:\/\/www.facebook.com\/profile.php?id=100057151733001\" \/>\n<meta property=\"article:published_time\" content=\"2019-09-05T08:28:14+00:00\" \/>\n<meta name=\"author\" content=\"adminfemergs\" \/>\n<meta name=\"twitter:card\" content=\"summary_large_image\" \/>\n<meta name=\"twitter:label1\" content=\"Escrito por\" \/>\n\t<meta name=\"twitter:data1\" content=\"adminfemergs\" \/>\n\t<meta name=\"twitter:label2\" content=\"Est. tempo de leitura\" \/>\n\t<meta name=\"twitter:data2\" content=\"1 minuto\" \/>\n<script type=\"application\/ld+json\" class=\"yoast-schema-graph\">{\"@context\":\"https:\/\/schema.org\",\"@graph\":[{\"@type\":\"Article\",\"@id\":\"https:\/\/femergs.com.br\/wfe\/blog\/mus-movimento-unificado-dos-trabalhadores-30-8-em-defesa-do-servico-publico\/#article\",\"isPartOf\":{\"@id\":\"https:\/\/femergs.com.br\/wfe\/blog\/mus-movimento-unificado-dos-trabalhadores-30-8-em-defesa-do-servico-publico\/\"},\"author\":{\"name\":\"adminfemergs\",\"@id\":\"https:\/\/femergs.com.br\/wfe\/#\/schema\/person\/f5558e6b5ffc044ee085016237dedb7f\"},\"headline\":\"MUS \u2013 Movimento Unificado dos Trabalhadores \u2013 30\/8 &#8211; Em Defesa do Servi\u00e7o P\u00fablico.\",\"datePublished\":\"2019-09-05T08:28:14+00:00\",\"mainEntityOfPage\":{\"@id\":\"https:\/\/femergs.com.br\/wfe\/blog\/mus-movimento-unificado-dos-trabalhadores-30-8-em-defesa-do-servico-publico\/\"},\"wordCount\":237,\"publisher\":{\"@id\":\"https:\/\/femergs.com.br\/wfe\/#organization\"},\"keywords\":[\"NULL\"],\"articleSection\":[\"ARQUIVADAS\"],\"inLanguage\":\"pt-BR\"},{\"@type\":\"WebPage\",\"@id\":\"https:\/\/femergs.com.br\/wfe\/blog\/mus-movimento-unificado-dos-trabalhadores-30-8-em-defesa-do-servico-publico\/\",\"url\":\"https:\/\/femergs.com.br\/wfe\/blog\/mus-movimento-unificado-dos-trabalhadores-30-8-em-defesa-do-servico-publico\/\",\"name\":\"MUS \u2013 Movimento Unificado dos Trabalhadores \u2013 30\/8 - Em Defesa do Servi\u00e7o P\u00fablico. - Federa\u00e7\u00e3o dos Municip\u00e1rios do Estado do Rio Grande do Sul\",\"isPartOf\":{\"@id\":\"https:\/\/femergs.com.br\/wfe\/#website\"},\"datePublished\":\"2019-09-05T08:28:14+00:00\",\"breadcrumb\":{\"@id\":\"https:\/\/femergs.com.br\/wfe\/blog\/mus-movimento-unificado-dos-trabalhadores-30-8-em-defesa-do-servico-publico\/#breadcrumb\"},\"inLanguage\":\"pt-BR\",\"potentialAction\":[{\"@type\":\"ReadAction\",\"target\":[\"https:\/\/femergs.com.br\/wfe\/blog\/mus-movimento-unificado-dos-trabalhadores-30-8-em-defesa-do-servico-publico\/\"]}]},{\"@type\":\"BreadcrumbList\",\"@id\":\"https:\/\/femergs.com.br\/wfe\/blog\/mus-movimento-unificado-dos-trabalhadores-30-8-em-defesa-do-servico-publico\/#breadcrumb\",\"itemListElement\":[{\"@type\":\"ListItem\",\"position\":1,\"name\":\"In\u00edcio\",\"item\":\"https:\/\/femergs.com.br\/wfe\/\"},{\"@type\":\"ListItem\",\"position\":2,\"name\":\"MUS \u2013 Movimento Unificado dos Trabalhadores \u2013 30\/8 &#8211; Em Defesa do Servi\u00e7o P\u00fablico.\"}]},{\"@type\":\"WebSite\",\"@id\":\"https:\/\/femergs.com.br\/wfe\/#website\",\"url\":\"https:\/\/femergs.com.br\/wfe\/\",\"name\":\"FEMERGS\",\"description\":\"FEDERA\u00c7\u00c3O DOS MUNICIP\u00c1RIOS DO ESTADO DO RIO GRANDE DO SUL\",\"publisher\":{\"@id\":\"https:\/\/femergs.com.br\/wfe\/#organization\"},\"potentialAction\":[{\"@type\":\"SearchAction\",\"target\":{\"@type\":\"EntryPoint\",\"urlTemplate\":\"https:\/\/femergs.com.br\/wfe\/?s={search_term_string}\"},\"query-input\":{\"@type\":\"PropertyValueSpecification\",\"valueRequired\":true,\"valueName\":\"search_term_string\"}}],\"inLanguage\":\"pt-BR\"},{\"@type\":\"Organization\",\"@id\":\"https:\/\/femergs.com.br\/wfe\/#organization\",\"name\":\"FEMERGS\",\"url\":\"https:\/\/femergs.com.br\/wfe\/\",\"logo\":{\"@type\":\"ImageObject\",\"inLanguage\":\"pt-BR\",\"@id\":\"https:\/\/femergs.com.br\/wfe\/#\/schema\/logo\/image\/\",\"url\":\"https:\/\/femergs.com.br\/wfe\/wp-content\/uploads\/2025\/06\/logotipo.png\",\"contentUrl\":\"https:\/\/femergs.com.br\/wfe\/wp-content\/uploads\/2025\/06\/logotipo.png\",\"width\":500,\"height\":500,\"caption\":\"FEMERGS\"},\"image\":{\"@id\":\"https:\/\/femergs.com.br\/wfe\/#\/schema\/logo\/image\/\"},\"sameAs\":[\"https:\/\/www.facebook.com\/profile.php?id=100057151733001\",\"https:\/\/www.instagram.com\/femergs_rs\/\"]},{\"@type\":\"Person\",\"@id\":\"https:\/\/femergs.com.br\/wfe\/#\/schema\/person\/f5558e6b5ffc044ee085016237dedb7f\",\"name\":\"adminfemergs\",\"image\":{\"@type\":\"ImageObject\",\"inLanguage\":\"pt-BR\",\"@id\":\"https:\/\/femergs.com.br\/wfe\/#\/schema\/person\/image\/\",\"url\":\"https:\/\/secure.gravatar.com\/avatar\/398642fa557cdd524617ad9b31c938845f071aeb3448b9c0aeb29aefc495337b?s=96&d=mm&r=g\",\"contentUrl\":\"https:\/\/secure.gravatar.com\/avatar\/398642fa557cdd524617ad9b31c938845f071aeb3448b9c0aeb29aefc495337b?s=96&d=mm&r=g\",\"caption\":\"adminfemergs\"},\"sameAs\":[\"https:\/\/femergs.com.br\/wfe\"],\"url\":\"https:\/\/femergs.com.br\/wfe\/blog\/author\/adminfemergs\/\"}]}<\/script>\n<!-- \/ Yoast SEO plugin. -->","yoast_head_json":{"title":"MUS \u2013 Movimento Unificado dos Trabalhadores \u2013 30\/8 - Em Defesa do Servi\u00e7o P\u00fablico. - Federa\u00e7\u00e3o dos Municip\u00e1rios do Estado do Rio Grande do Sul","robots":{"index":"index","follow":"follow","max-snippet":"max-snippet:-1","max-image-preview":"max-image-preview:large","max-video-preview":"max-video-preview:-1"},"canonical":"https:\/\/femergs.com.br\/wfe\/blog\/mus-movimento-unificado-dos-trabalhadores-30-8-em-defesa-do-servico-publico\/","og_locale":"pt_BR","og_type":"article","og_title":"MUS \u2013 Movimento Unificado dos Trabalhadores \u2013 30\/8 - Em Defesa do Servi\u00e7o P\u00fablico. - Federa\u00e7\u00e3o dos Municip\u00e1rios do Estado do Rio Grande do Sul","og_description":"Na \u00faltima sexta-feira, dia 30 de agosto de 2019, o Movimento Unificado dos Servidores \u2013 MUS 2019, realizou um grande movimento na capital do RS. As 9h, centenas de estudantes (estima-se em 3.000 estudantes) iniciaram caminhada da Escola Estadual J\u00falio de Castilhos, no bairro Santana em Porto Alegre \/ RS, organizados pela UGE &#8211; Uni\u00e3o [&hellip;]","og_url":"https:\/\/femergs.com.br\/wfe\/blog\/mus-movimento-unificado-dos-trabalhadores-30-8-em-defesa-do-servico-publico\/","og_site_name":"Federa\u00e7\u00e3o dos Municip\u00e1rios do Estado do Rio Grande do Sul","article_publisher":"https:\/\/www.facebook.com\/profile.php?id=100057151733001","article_published_time":"2019-09-05T08:28:14+00:00","author":"adminfemergs","twitter_card":"summary_large_image","twitter_misc":{"Escrito por":"adminfemergs","Est. tempo de leitura":"1 minuto"},"schema":{"@context":"https:\/\/schema.org","@graph":[{"@type":"Article","@id":"https:\/\/femergs.com.br\/wfe\/blog\/mus-movimento-unificado-dos-trabalhadores-30-8-em-defesa-do-servico-publico\/#article","isPartOf":{"@id":"https:\/\/femergs.com.br\/wfe\/blog\/mus-movimento-unificado-dos-trabalhadores-30-8-em-defesa-do-servico-publico\/"},"author":{"name":"adminfemergs","@id":"https:\/\/femergs.com.br\/wfe\/#\/schema\/person\/f5558e6b5ffc044ee085016237dedb7f"},"headline":"MUS \u2013 Movimento Unificado dos Trabalhadores \u2013 30\/8 &#8211; Em Defesa do Servi\u00e7o P\u00fablico.","datePublished":"2019-09-05T08:28:14+00:00","mainEntityOfPage":{"@id":"https:\/\/femergs.com.br\/wfe\/blog\/mus-movimento-unificado-dos-trabalhadores-30-8-em-defesa-do-servico-publico\/"},"wordCount":237,"publisher":{"@id":"https:\/\/femergs.com.br\/wfe\/#organization"},"keywords":["NULL"],"articleSection":["ARQUIVADAS"],"inLanguage":"pt-BR"},{"@type":"WebPage","@id":"https:\/\/femergs.com.br\/wfe\/blog\/mus-movimento-unificado-dos-trabalhadores-30-8-em-defesa-do-servico-publico\/","url":"https:\/\/femergs.com.br\/wfe\/blog\/mus-movimento-unificado-dos-trabalhadores-30-8-em-defesa-do-servico-publico\/","name":"MUS \u2013 Movimento Unificado dos Trabalhadores \u2013 30\/8 - Em Defesa do Servi\u00e7o P\u00fablico. - Federa\u00e7\u00e3o dos Municip\u00e1rios do Estado do Rio Grande do Sul","isPartOf":{"@id":"https:\/\/femergs.com.br\/wfe\/#website"},"datePublished":"2019-09-05T08:28:14+00:00","breadcrumb":{"@id":"https:\/\/femergs.com.br\/wfe\/blog\/mus-movimento-unificado-dos-trabalhadores-30-8-em-defesa-do-servico-publico\/#breadcrumb"},"inLanguage":"pt-BR","potentialAction":[{"@type":"ReadAction","target":["https:\/\/femergs.com.br\/wfe\/blog\/mus-movimento-unificado-dos-trabalhadores-30-8-em-defesa-do-servico-publico\/"]}]},{"@type":"BreadcrumbList","@id":"https:\/\/femergs.com.br\/wfe\/blog\/mus-movimento-unificado-dos-trabalhadores-30-8-em-defesa-do-servico-publico\/#breadcrumb","itemListElement":[{"@type":"ListItem","position":1,"name":"In\u00edcio","item":"https:\/\/femergs.com.br\/wfe\/"},{"@type":"ListItem","position":2,"name":"MUS \u2013 Movimento Unificado dos Trabalhadores \u2013 30\/8 &#8211; Em Defesa do Servi\u00e7o P\u00fablico."}]},{"@type":"WebSite","@id":"https:\/\/femergs.com.br\/wfe\/#website","url":"https:\/\/femergs.com.br\/wfe\/","name":"FEMERGS","description":"FEDERA\u00c7\u00c3O DOS MUNICIP\u00c1RIOS DO ESTADO DO RIO GRANDE DO SUL","publisher":{"@id":"https:\/\/femergs.com.br\/wfe\/#organization"},"potentialAction":[{"@type":"SearchAction","target":{"@type":"EntryPoint","urlTemplate":"https:\/\/femergs.com.br\/wfe\/?s={search_term_string}"},"query-input":{"@type":"PropertyValueSpecification","valueRequired":true,"valueName":"search_term_string"}}],"inLanguage":"pt-BR"},{"@type":"Organization","@id":"https:\/\/femergs.com.br\/wfe\/#organization","name":"FEMERGS","url":"https:\/\/femergs.com.br\/wfe\/","logo":{"@type":"ImageObject","inLanguage":"pt-BR","@id":"https:\/\/femergs.com.br\/wfe\/#\/schema\/logo\/image\/","url":"https:\/\/femergs.com.br\/wfe\/wp-content\/uploads\/2025\/06\/logotipo.png","contentUrl":"https:\/\/femergs.com.br\/wfe\/wp-content\/uploads\/2025\/06\/logotipo.png","width":500,"height":500,"caption":"FEMERGS"},"image":{"@id":"https:\/\/femergs.com.br\/wfe\/#\/schema\/logo\/image\/"},"sameAs":["https:\/\/www.facebook.com\/profile.php?id=100057151733001","https:\/\/www.instagram.com\/femergs_rs\/"]},{"@type":"Person","@id":"https:\/\/femergs.com.br\/wfe\/#\/schema\/person\/f5558e6b5ffc044ee085016237dedb7f","name":"adminfemergs","image":{"@type":"ImageObject","inLanguage":"pt-BR","@id":"https:\/\/femergs.com.br\/wfe\/#\/schema\/person\/image\/","url":"https:\/\/secure.gravatar.com\/avatar\/398642fa557cdd524617ad9b31c938845f071aeb3448b9c0aeb29aefc495337b?s=96&d=mm&r=g","contentUrl":"https:\/\/secure.gravatar.com\/avatar\/398642fa557cdd524617ad9b31c938845f071aeb3448b9c0aeb29aefc495337b?s=96&d=mm&r=g","caption":"adminfemergs"},"sameAs":["https:\/\/femergs.com.br\/wfe"],"url":"https:\/\/femergs.com.br\/wfe\/blog\/author\/adminfemergs\/"}]}},"uagb_featured_image_src":{"full":false,"thumbnail":false,"medium":false,"medium_large":false,"large":false,"1536x1536":false,"2048x2048":false,"ultp_layout_landscape_large":false,"ultp_layout_landscape":false,"ultp_layout_portrait":false,"ultp_layout_square":false},"uagb_author_info":{"display_name":"adminfemergs","author_link":"https:\/\/femergs.com.br\/wfe\/blog\/author\/adminfemergs\/"},"uagb_comment_info":0,"uagb_excerpt":"Na \u00faltima sexta-feira, dia 30 de agosto de 2019, o Movimento Unificado dos Servidores \u2013 MUS 2019, realizou um grande movimento na capital do RS. As 9h, centenas de estudantes (estima-se em 3.000 estudantes) iniciaram caminhada da Escola Estadual J\u00falio de Castilhos, no bairro Santana em Porto Alegre \/ RS, organizados pela UGE &#8211; Uni\u00e3o&hellip;","_links":{"self":[{"href":"https:\/\/femergs.com.br\/wfe\/wp-json\/wp\/v2\/posts\/1199","targetHints":{"allow":["GET"]}}],"collection":[{"href":"https:\/\/femergs.com.br\/wfe\/wp-json\/wp\/v2\/posts"}],"about":[{"href":"https:\/\/femergs.com.br\/wfe\/wp-json\/wp\/v2\/types\/post"}],"author":[{"embeddable":true,"href":"https:\/\/femergs.com.br\/wfe\/wp-json\/wp\/v2\/users\/1"}],"replies":[{"embeddable":true,"href":"https:\/\/femergs.com.br\/wfe\/wp-json\/wp\/v2\/comments?post=1199"}],"version-history":[{"count":0,"href":"https:\/\/femergs.com.br\/wfe\/wp-json\/wp\/v2\/posts\/1199\/revisions"}],"wp:attachment":[{"href":"https:\/\/femergs.com.br\/wfe\/wp-json\/wp\/v2\/media?parent=1199"}],"wp:term":[{"taxonomy":"category","embeddable":true,"href":"https:\/\/femergs.com.br\/wfe\/wp-json\/wp\/v2\/categories?post=1199"},{"taxonomy":"post_tag","embeddable":true,"href":"https:\/\/femergs.com.br\/wfe\/wp-json\/wp\/v2\/tags?post=1199"}],"curies":[{"name":"wp","href":"https:\/\/api.w.org\/{rel}","templated":true}]}}