{"id":1200,"date":"2019-09-05T08:35:56","date_gmt":"2019-09-05T08:35:56","guid":{"rendered":"https:\/\/femergs.com.br\/wfe\/blog\/forum-em-defesa-do-ipe-saude-agora-tem-subcomissao-na-assembleia\/"},"modified":"2019-09-05T08:35:56","modified_gmt":"2019-09-05T08:35:56","slug":"forum-em-defesa-do-ipe-saude-agora-tem-subcomissao-na-assembleia","status":"publish","type":"post","link":"https:\/\/femergs.com.br\/wfe\/blog\/forum-em-defesa-do-ipe-saude-agora-tem-subcomissao-na-assembleia\/","title":{"rendered":"F\u00d3RUM EM DEFESA DO IPE-SA\u00daDE AGORA TEM SUBCOMISS\u00c3O NA ASSEMBLEIA"},"content":{"rendered":"<p>\nEm Reuni\u00e3o do F\u00f3rum Democr\u00e1tico do GEAD IPE-SA\u00daDE, coordenado pela CSB RS, atrav\u00e9s de seu presidente S\u00e9rgio Arnoud, com participa\u00e7\u00e3o da FEMERGS, FESSERGS e demais entidades representativas dos Servidores P\u00fabicos, realizada na Sala Liberato Salzano da Assembleia Legislativa do RS nesta quarta-feira (21 de agosto de 2019), com a presen\u00e7a dos deputados Jeferson Fernandes e Pepe Vargas, foi anunciada a cria\u00e7\u00e3o da Subcomiss\u00e3o em Defesa do IPE-SA\u00daDE por solicita\u00e7\u00e3o do F\u00f3rum. A subcomiss\u00e3o foi criada formalmente na \u00faltima reuni\u00e3o da Comiss\u00e3o de Seguran\u00e7a e Servi\u00e7os P\u00fablicos AL \/ RS tendo como presidente e relator respectivamente os deputados Jeferson Fernandes e Pepe Vargas e ter\u00e1 quatro meses de dura\u00e7\u00e3o, se encerrando com o recesso em 20 de dezembro, com o objetivo de reestrutura\u00e7\u00e3o do IPE-SA\u00daDE.<\/p>\n<p>A instala\u00e7\u00e3o formal deve ocorrer num ato nos primeiros dias de setembro e as reuni\u00f5es ser\u00e3o realizadas em conjunto com o F\u00f3rum Permanente em Defesa do IPE a serem informadas e divulgadas amplamente. Ser\u00e1 definido em conjunto um cronograma de interioriza\u00e7\u00e3o com discuss\u00f5es em regi\u00f5es-chave do estado. O deputado Jeferson Fernandes afirmou que a primeira atitude da Subcomiss\u00e3o, definida nesta quarta-feira (21) durante reuni\u00e3o da Comiss\u00e3o de Servi\u00e7os P\u00fablicos, \u00e9 cobrar da pr\u00f3pria Assembleia Legislativa o pagamento do IPE-SA\u00daDE. O deputado informou tamb\u00e9m que h\u00e1 a inten\u00e7\u00e3o de ser instalada uma frente em Defesa do IPE por parte do parlamentar Luiz Fernando Mainardi.<\/p>\n<p>Na reuni\u00e3o desta tarde foi entregue formalmente ao j\u00e1 presidente da Subcomiss\u00e3o, Jeferson Fernandes, os abaixo-assinados recolhidos pelos servidores municipais e estaduais pela manuten\u00e7\u00e3o do IPE. O presidente da Central dos Sindicatos Brasileiros RS e da Fessergs, fez ainda um relato da audi\u00eancia com o Tribunal de Contas do Estado do RS realizada na semana anterior quando foi solicitado pelo F\u00f3rum provid\u00eancias e apoio \u00e0 quest\u00e3o do IPE-SA\u00daDE. Todas estas a\u00e7\u00f5es mostram a finalidade e a concretizam de atitudes que os dois F\u00f3runs, o GEAD e o F\u00f3rum Permanente em Defesa do IPE, est\u00e3o realizando. Na pr\u00f3xima semana, dia 29\/08, seus os coordenadores j\u00e1 acompanham a reuni\u00e3o da Subcomiss\u00e3o que ocorre juntamente com o encontro semanal da Comiss\u00e3o de Seguran\u00e7a e Servi\u00e7os P\u00fablicos.<\/p>\n","protected":false},"excerpt":{"rendered":"<p>Em Reuni\u00e3o do F\u00f3rum Democr\u00e1tico do GEAD IPE-SA\u00daDE, coordenado pela CSB RS, atrav\u00e9s de seu presidente S\u00e9rgio Arnoud, com participa\u00e7\u00e3o da FEMERGS, FESSERGS e demais entidades representativas dos Servidores P\u00fabicos, realizada na Sala Liberato Salzano da Assembleia Legislativa do RS nesta quarta-feira (21 de agosto de 2019), com a presen\u00e7a dos deputados Jeferson Fernandes e [&hellip;]<\/p>\n","protected":false},"author":1,"featured_media":0,"comment_status":"closed","ping_status":"closed","sticky":false,"template":"","format":"standard","meta":{"_eb_attr":"","_uag_custom_page_level_css":"","fifu_image_url":"","fifu_image_alt":"","footnotes":""},"categories":[1],"tags":[32],"class_list":["post-1200","post","type-post","status-publish","format-standard","hentry","category-arquivadas","tag-null"],"yoast_head":"<!-- This site is optimized with the Yoast SEO plugin v27.1.1 - https:\/\/yoast.com\/product\/yoast-seo-wordpress\/ -->\n<title>F\u00d3RUM EM DEFESA DO IPE-SA\u00daDE AGORA TEM SUBCOMISS\u00c3O NA ASSEMBLEIA - Federa\u00e7\u00e3o dos Municip\u00e1rios do Estado do Rio Grande do Sul<\/title>\n<meta name=\"robots\" content=\"index, follow, max-snippet:-1, max-image-preview:large, max-video-preview:-1\" \/>\n<link rel=\"canonical\" href=\"https:\/\/femergs.com.br\/wfe\/blog\/forum-em-defesa-do-ipe-saude-agora-tem-subcomissao-na-assembleia\/\" \/>\n<meta property=\"og:locale\" content=\"pt_BR\" \/>\n<meta property=\"og:type\" content=\"article\" \/>\n<meta property=\"og:title\" content=\"F\u00d3RUM EM DEFESA DO IPE-SA\u00daDE AGORA TEM SUBCOMISS\u00c3O NA ASSEMBLEIA - Federa\u00e7\u00e3o dos Municip\u00e1rios do Estado do Rio Grande do Sul\" \/>\n<meta property=\"og:description\" content=\"Em Reuni\u00e3o do F\u00f3rum Democr\u00e1tico do GEAD IPE-SA\u00daDE, coordenado pela CSB RS, atrav\u00e9s de seu presidente S\u00e9rgio Arnoud, com participa\u00e7\u00e3o da FEMERGS, FESSERGS e demais entidades representativas dos Servidores P\u00fabicos, realizada na Sala Liberato Salzano da Assembleia Legislativa do RS nesta quarta-feira (21 de agosto de 2019), com a presen\u00e7a dos deputados Jeferson Fernandes e [&hellip;]\" \/>\n<meta property=\"og:url\" content=\"https:\/\/femergs.com.br\/wfe\/blog\/forum-em-defesa-do-ipe-saude-agora-tem-subcomissao-na-assembleia\/\" \/>\n<meta property=\"og:site_name\" content=\"Federa\u00e7\u00e3o dos Municip\u00e1rios do Estado do Rio Grande do Sul\" \/>\n<meta property=\"article:publisher\" content=\"https:\/\/www.facebook.com\/profile.php?id=100057151733001\" \/>\n<meta property=\"article:published_time\" content=\"2019-09-05T08:35:56+00:00\" \/>\n<meta name=\"author\" content=\"adminfemergs\" \/>\n<meta name=\"twitter:card\" content=\"summary_large_image\" \/>\n<meta name=\"twitter:label1\" content=\"Escrito por\" \/>\n\t<meta name=\"twitter:data1\" content=\"adminfemergs\" \/>\n\t<meta name=\"twitter:label2\" content=\"Est. tempo de leitura\" \/>\n\t<meta name=\"twitter:data2\" content=\"2 minutos\" \/>\n<script type=\"application\/ld+json\" class=\"yoast-schema-graph\">{\"@context\":\"https:\/\/schema.org\",\"@graph\":[{\"@type\":\"Article\",\"@id\":\"https:\/\/femergs.com.br\/wfe\/blog\/forum-em-defesa-do-ipe-saude-agora-tem-subcomissao-na-assembleia\/#article\",\"isPartOf\":{\"@id\":\"https:\/\/femergs.com.br\/wfe\/blog\/forum-em-defesa-do-ipe-saude-agora-tem-subcomissao-na-assembleia\/\"},\"author\":{\"name\":\"adminfemergs\",\"@id\":\"https:\/\/femergs.com.br\/wfe\/#\/schema\/person\/f5558e6b5ffc044ee085016237dedb7f\"},\"headline\":\"F\u00d3RUM EM DEFESA DO IPE-SA\u00daDE AGORA TEM SUBCOMISS\u00c3O NA ASSEMBLEIA\",\"datePublished\":\"2019-09-05T08:35:56+00:00\",\"mainEntityOfPage\":{\"@id\":\"https:\/\/femergs.com.br\/wfe\/blog\/forum-em-defesa-do-ipe-saude-agora-tem-subcomissao-na-assembleia\/\"},\"wordCount\":413,\"publisher\":{\"@id\":\"https:\/\/femergs.com.br\/wfe\/#organization\"},\"keywords\":[\"NULL\"],\"articleSection\":[\"ARQUIVADAS\"],\"inLanguage\":\"pt-BR\"},{\"@type\":\"WebPage\",\"@id\":\"https:\/\/femergs.com.br\/wfe\/blog\/forum-em-defesa-do-ipe-saude-agora-tem-subcomissao-na-assembleia\/\",\"url\":\"https:\/\/femergs.com.br\/wfe\/blog\/forum-em-defesa-do-ipe-saude-agora-tem-subcomissao-na-assembleia\/\",\"name\":\"F\u00d3RUM EM DEFESA DO IPE-SA\u00daDE AGORA TEM SUBCOMISS\u00c3O NA ASSEMBLEIA - Federa\u00e7\u00e3o dos Municip\u00e1rios do Estado do Rio Grande do Sul\",\"isPartOf\":{\"@id\":\"https:\/\/femergs.com.br\/wfe\/#website\"},\"datePublished\":\"2019-09-05T08:35:56+00:00\",\"breadcrumb\":{\"@id\":\"https:\/\/femergs.com.br\/wfe\/blog\/forum-em-defesa-do-ipe-saude-agora-tem-subcomissao-na-assembleia\/#breadcrumb\"},\"inLanguage\":\"pt-BR\",\"potentialAction\":[{\"@type\":\"ReadAction\",\"target\":[\"https:\/\/femergs.com.br\/wfe\/blog\/forum-em-defesa-do-ipe-saude-agora-tem-subcomissao-na-assembleia\/\"]}]},{\"@type\":\"BreadcrumbList\",\"@id\":\"https:\/\/femergs.com.br\/wfe\/blog\/forum-em-defesa-do-ipe-saude-agora-tem-subcomissao-na-assembleia\/#breadcrumb\",\"itemListElement\":[{\"@type\":\"ListItem\",\"position\":1,\"name\":\"In\u00edcio\",\"item\":\"https:\/\/femergs.com.br\/wfe\/\"},{\"@type\":\"ListItem\",\"position\":2,\"name\":\"F\u00d3RUM EM DEFESA DO IPE-SA\u00daDE AGORA TEM SUBCOMISS\u00c3O NA ASSEMBLEIA\"}]},{\"@type\":\"WebSite\",\"@id\":\"https:\/\/femergs.com.br\/wfe\/#website\",\"url\":\"https:\/\/femergs.com.br\/wfe\/\",\"name\":\"FEMERGS\",\"description\":\"FEDERA\u00c7\u00c3O DOS MUNICIP\u00c1RIOS DO ESTADO DO RIO GRANDE DO SUL\",\"publisher\":{\"@id\":\"https:\/\/femergs.com.br\/wfe\/#organization\"},\"potentialAction\":[{\"@type\":\"SearchAction\",\"target\":{\"@type\":\"EntryPoint\",\"urlTemplate\":\"https:\/\/femergs.com.br\/wfe\/?s={search_term_string}\"},\"query-input\":{\"@type\":\"PropertyValueSpecification\",\"valueRequired\":true,\"valueName\":\"search_term_string\"}}],\"inLanguage\":\"pt-BR\"},{\"@type\":\"Organization\",\"@id\":\"https:\/\/femergs.com.br\/wfe\/#organization\",\"name\":\"FEMERGS\",\"url\":\"https:\/\/femergs.com.br\/wfe\/\",\"logo\":{\"@type\":\"ImageObject\",\"inLanguage\":\"pt-BR\",\"@id\":\"https:\/\/femergs.com.br\/wfe\/#\/schema\/logo\/image\/\",\"url\":\"https:\/\/femergs.com.br\/wfe\/wp-content\/uploads\/2025\/06\/logotipo.png\",\"contentUrl\":\"https:\/\/femergs.com.br\/wfe\/wp-content\/uploads\/2025\/06\/logotipo.png\",\"width\":500,\"height\":500,\"caption\":\"FEMERGS\"},\"image\":{\"@id\":\"https:\/\/femergs.com.br\/wfe\/#\/schema\/logo\/image\/\"},\"sameAs\":[\"https:\/\/www.facebook.com\/profile.php?id=100057151733001\",\"https:\/\/www.instagram.com\/femergs_rs\/\"]},{\"@type\":\"Person\",\"@id\":\"https:\/\/femergs.com.br\/wfe\/#\/schema\/person\/f5558e6b5ffc044ee085016237dedb7f\",\"name\":\"adminfemergs\",\"image\":{\"@type\":\"ImageObject\",\"inLanguage\":\"pt-BR\",\"@id\":\"https:\/\/femergs.com.br\/wfe\/#\/schema\/person\/image\/\",\"url\":\"https:\/\/secure.gravatar.com\/avatar\/398642fa557cdd524617ad9b31c938845f071aeb3448b9c0aeb29aefc495337b?s=96&d=mm&r=g\",\"contentUrl\":\"https:\/\/secure.gravatar.com\/avatar\/398642fa557cdd524617ad9b31c938845f071aeb3448b9c0aeb29aefc495337b?s=96&d=mm&r=g\",\"caption\":\"adminfemergs\"},\"sameAs\":[\"https:\/\/femergs.com.br\/wfe\"],\"url\":\"https:\/\/femergs.com.br\/wfe\/blog\/author\/adminfemergs\/\"}]}<\/script>\n<!-- \/ Yoast SEO plugin. -->","yoast_head_json":{"title":"F\u00d3RUM EM DEFESA DO IPE-SA\u00daDE AGORA TEM SUBCOMISS\u00c3O NA ASSEMBLEIA - Federa\u00e7\u00e3o dos Municip\u00e1rios do Estado do Rio Grande do Sul","robots":{"index":"index","follow":"follow","max-snippet":"max-snippet:-1","max-image-preview":"max-image-preview:large","max-video-preview":"max-video-preview:-1"},"canonical":"https:\/\/femergs.com.br\/wfe\/blog\/forum-em-defesa-do-ipe-saude-agora-tem-subcomissao-na-assembleia\/","og_locale":"pt_BR","og_type":"article","og_title":"F\u00d3RUM EM DEFESA DO IPE-SA\u00daDE AGORA TEM SUBCOMISS\u00c3O NA ASSEMBLEIA - Federa\u00e7\u00e3o dos Municip\u00e1rios do Estado do Rio Grande do Sul","og_description":"Em Reuni\u00e3o do F\u00f3rum Democr\u00e1tico do GEAD IPE-SA\u00daDE, coordenado pela CSB RS, atrav\u00e9s de seu presidente S\u00e9rgio Arnoud, com participa\u00e7\u00e3o da FEMERGS, FESSERGS e demais entidades representativas dos Servidores P\u00fabicos, realizada na Sala Liberato Salzano da Assembleia Legislativa do RS nesta quarta-feira (21 de agosto de 2019), com a presen\u00e7a dos deputados Jeferson Fernandes e [&hellip;]","og_url":"https:\/\/femergs.com.br\/wfe\/blog\/forum-em-defesa-do-ipe-saude-agora-tem-subcomissao-na-assembleia\/","og_site_name":"Federa\u00e7\u00e3o dos Municip\u00e1rios do Estado do Rio Grande do Sul","article_publisher":"https:\/\/www.facebook.com\/profile.php?id=100057151733001","article_published_time":"2019-09-05T08:35:56+00:00","author":"adminfemergs","twitter_card":"summary_large_image","twitter_misc":{"Escrito por":"adminfemergs","Est. tempo de leitura":"2 minutos"},"schema":{"@context":"https:\/\/schema.org","@graph":[{"@type":"Article","@id":"https:\/\/femergs.com.br\/wfe\/blog\/forum-em-defesa-do-ipe-saude-agora-tem-subcomissao-na-assembleia\/#article","isPartOf":{"@id":"https:\/\/femergs.com.br\/wfe\/blog\/forum-em-defesa-do-ipe-saude-agora-tem-subcomissao-na-assembleia\/"},"author":{"name":"adminfemergs","@id":"https:\/\/femergs.com.br\/wfe\/#\/schema\/person\/f5558e6b5ffc044ee085016237dedb7f"},"headline":"F\u00d3RUM EM DEFESA DO IPE-SA\u00daDE AGORA TEM SUBCOMISS\u00c3O NA ASSEMBLEIA","datePublished":"2019-09-05T08:35:56+00:00","mainEntityOfPage":{"@id":"https:\/\/femergs.com.br\/wfe\/blog\/forum-em-defesa-do-ipe-saude-agora-tem-subcomissao-na-assembleia\/"},"wordCount":413,"publisher":{"@id":"https:\/\/femergs.com.br\/wfe\/#organization"},"keywords":["NULL"],"articleSection":["ARQUIVADAS"],"inLanguage":"pt-BR"},{"@type":"WebPage","@id":"https:\/\/femergs.com.br\/wfe\/blog\/forum-em-defesa-do-ipe-saude-agora-tem-subcomissao-na-assembleia\/","url":"https:\/\/femergs.com.br\/wfe\/blog\/forum-em-defesa-do-ipe-saude-agora-tem-subcomissao-na-assembleia\/","name":"F\u00d3RUM EM DEFESA DO IPE-SA\u00daDE AGORA TEM SUBCOMISS\u00c3O NA ASSEMBLEIA - Federa\u00e7\u00e3o dos Municip\u00e1rios do Estado do Rio Grande do Sul","isPartOf":{"@id":"https:\/\/femergs.com.br\/wfe\/#website"},"datePublished":"2019-09-05T08:35:56+00:00","breadcrumb":{"@id":"https:\/\/femergs.com.br\/wfe\/blog\/forum-em-defesa-do-ipe-saude-agora-tem-subcomissao-na-assembleia\/#breadcrumb"},"inLanguage":"pt-BR","potentialAction":[{"@type":"ReadAction","target":["https:\/\/femergs.com.br\/wfe\/blog\/forum-em-defesa-do-ipe-saude-agora-tem-subcomissao-na-assembleia\/"]}]},{"@type":"BreadcrumbList","@id":"https:\/\/femergs.com.br\/wfe\/blog\/forum-em-defesa-do-ipe-saude-agora-tem-subcomissao-na-assembleia\/#breadcrumb","itemListElement":[{"@type":"ListItem","position":1,"name":"In\u00edcio","item":"https:\/\/femergs.com.br\/wfe\/"},{"@type":"ListItem","position":2,"name":"F\u00d3RUM EM DEFESA DO IPE-SA\u00daDE AGORA TEM SUBCOMISS\u00c3O NA ASSEMBLEIA"}]},{"@type":"WebSite","@id":"https:\/\/femergs.com.br\/wfe\/#website","url":"https:\/\/femergs.com.br\/wfe\/","name":"FEMERGS","description":"FEDERA\u00c7\u00c3O DOS MUNICIP\u00c1RIOS DO ESTADO DO RIO GRANDE DO SUL","publisher":{"@id":"https:\/\/femergs.com.br\/wfe\/#organization"},"potentialAction":[{"@type":"SearchAction","target":{"@type":"EntryPoint","urlTemplate":"https:\/\/femergs.com.br\/wfe\/?s={search_term_string}"},"query-input":{"@type":"PropertyValueSpecification","valueRequired":true,"valueName":"search_term_string"}}],"inLanguage":"pt-BR"},{"@type":"Organization","@id":"https:\/\/femergs.com.br\/wfe\/#organization","name":"FEMERGS","url":"https:\/\/femergs.com.br\/wfe\/","logo":{"@type":"ImageObject","inLanguage":"pt-BR","@id":"https:\/\/femergs.com.br\/wfe\/#\/schema\/logo\/image\/","url":"https:\/\/femergs.com.br\/wfe\/wp-content\/uploads\/2025\/06\/logotipo.png","contentUrl":"https:\/\/femergs.com.br\/wfe\/wp-content\/uploads\/2025\/06\/logotipo.png","width":500,"height":500,"caption":"FEMERGS"},"image":{"@id":"https:\/\/femergs.com.br\/wfe\/#\/schema\/logo\/image\/"},"sameAs":["https:\/\/www.facebook.com\/profile.php?id=100057151733001","https:\/\/www.instagram.com\/femergs_rs\/"]},{"@type":"Person","@id":"https:\/\/femergs.com.br\/wfe\/#\/schema\/person\/f5558e6b5ffc044ee085016237dedb7f","name":"adminfemergs","image":{"@type":"ImageObject","inLanguage":"pt-BR","@id":"https:\/\/femergs.com.br\/wfe\/#\/schema\/person\/image\/","url":"https:\/\/secure.gravatar.com\/avatar\/398642fa557cdd524617ad9b31c938845f071aeb3448b9c0aeb29aefc495337b?s=96&d=mm&r=g","contentUrl":"https:\/\/secure.gravatar.com\/avatar\/398642fa557cdd524617ad9b31c938845f071aeb3448b9c0aeb29aefc495337b?s=96&d=mm&r=g","caption":"adminfemergs"},"sameAs":["https:\/\/femergs.com.br\/wfe"],"url":"https:\/\/femergs.com.br\/wfe\/blog\/author\/adminfemergs\/"}]}},"uagb_featured_image_src":{"full":false,"thumbnail":false,"medium":false,"medium_large":false,"large":false,"1536x1536":false,"2048x2048":false,"ultp_layout_landscape_large":false,"ultp_layout_landscape":false,"ultp_layout_portrait":false,"ultp_layout_square":false},"uagb_author_info":{"display_name":"adminfemergs","author_link":"https:\/\/femergs.com.br\/wfe\/blog\/author\/adminfemergs\/"},"uagb_comment_info":0,"uagb_excerpt":"Em Reuni\u00e3o do F\u00f3rum Democr\u00e1tico do GEAD IPE-SA\u00daDE, coordenado pela CSB RS, atrav\u00e9s de seu presidente S\u00e9rgio Arnoud, com participa\u00e7\u00e3o da FEMERGS, FESSERGS e demais entidades representativas dos Servidores P\u00fabicos, realizada na Sala Liberato Salzano da Assembleia Legislativa do RS nesta quarta-feira (21 de agosto de 2019), com a presen\u00e7a dos deputados Jeferson Fernandes e&hellip;","_links":{"self":[{"href":"https:\/\/femergs.com.br\/wfe\/wp-json\/wp\/v2\/posts\/1200","targetHints":{"allow":["GET"]}}],"collection":[{"href":"https:\/\/femergs.com.br\/wfe\/wp-json\/wp\/v2\/posts"}],"about":[{"href":"https:\/\/femergs.com.br\/wfe\/wp-json\/wp\/v2\/types\/post"}],"author":[{"embeddable":true,"href":"https:\/\/femergs.com.br\/wfe\/wp-json\/wp\/v2\/users\/1"}],"replies":[{"embeddable":true,"href":"https:\/\/femergs.com.br\/wfe\/wp-json\/wp\/v2\/comments?post=1200"}],"version-history":[{"count":0,"href":"https:\/\/femergs.com.br\/wfe\/wp-json\/wp\/v2\/posts\/1200\/revisions"}],"wp:attachment":[{"href":"https:\/\/femergs.com.br\/wfe\/wp-json\/wp\/v2\/media?parent=1200"}],"wp:term":[{"taxonomy":"category","embeddable":true,"href":"https:\/\/femergs.com.br\/wfe\/wp-json\/wp\/v2\/categories?post=1200"},{"taxonomy":"post_tag","embeddable":true,"href":"https:\/\/femergs.com.br\/wfe\/wp-json\/wp\/v2\/tags?post=1200"}],"curies":[{"name":"wp","href":"https:\/\/api.w.org\/{rel}","templated":true}]}}