{"id":1201,"date":"2019-09-05T10:50:46","date_gmt":"2019-09-05T10:50:46","guid":{"rendered":"https:\/\/femergs.com.br\/wfe\/blog\/forum-permanente-em-defesa-do-ipe-busca-solucao-para-manter-municiparios-no-plano\/"},"modified":"2019-09-05T10:50:46","modified_gmt":"2019-09-05T10:50:46","slug":"forum-permanente-em-defesa-do-ipe-busca-solucao-para-manter-municiparios-no-plano","status":"publish","type":"post","link":"https:\/\/femergs.com.br\/wfe\/blog\/forum-permanente-em-defesa-do-ipe-busca-solucao-para-manter-municiparios-no-plano\/","title":{"rendered":"F\u00d3RUM PERMANENTE EM DEFESA DO IPE BUSCA SOLU\u00c7\u00c3O PARA MANTER MUNICIP\u00c1RIOS NO PLANO"},"content":{"rendered":"<p>\nO F\u00f3rum Permanente em Defesa do IPE, com representa\u00e7\u00e3o da FEMERGS, na pessoa do Presidente Vilson Jo\u00e3o Weber e o Secret\u00e1rio Geral Luciano dos Santos, al\u00e9m da FESSERGS, e FAMURS estiveram em reuni\u00e3o com o presidente da Assembleia Legislativa do RS, deputado Lu\u00eds Augusto Lara na tarde desta quarta-feira (04) em busca de uma solu\u00e7\u00e3o legal para manter os servidores municipais no IPE-SA\u00daDE.<\/p>\n<p>&#8220;A uni\u00e3o das entidades \u00e9 o mais importante nesse momento. O IPE foi criado para servidores e deve permanecer com eles. Os munic\u00edpios j\u00e1 est\u00e3o no IPE e n\u00e3o devem ser exclu\u00eddos. Queremos encontrar uma forma de legalizar sua inclus\u00e3o e viemos unidos com esse objetivo buscar apoio do presidente Lara. Estamos trabalhando na manuten\u00e7\u00e3o sadia do IPE-SA\u00daDE&#8221;, afirmou o presidente da Federa\u00e7\u00e3o, S\u00e9rgio Arnoud.<\/p>\n<p>As entidades integrantes do F\u00f3rum Permanente em Defesa do IPE Sa\u00fade, lideradas pela Fessergs, Femergs e CSB, participaram da Subcomiss\u00e3o que estudar\u00e1 o tema na Assembleia Legislativa. Est\u00e1 Subcomiss\u00e3o, tem como Relator o deputado Pepe Vargas e integra a Comiss\u00e3o de Seguran\u00e7a e Servi\u00e7os P\u00fablicos, presidida pelo deputado Jeferson Fernandes.<\/p>\n<p>Em sua manifesta\u00e7\u00e3o, o presidente Sergio Arnoud destacou a import\u00e2ncia dessa Subcomiss\u00e3o proposta pelo F\u00f3rum Permanente em Defesa do IP\u00ca Saude.<\/p>\n<p>A seguir realizou-se uma Audi\u00eancia P\u00fablica sobre a venda dos im\u00f3veis do IPE, onde Arnoud destacou que o F\u00f3rum j\u00e1 levou esta den\u00fancia ao Tribunal de Contas.<\/p>\n<p>Na oportunidade manifestou apoio ao Minist\u00e9rio P\u00fablico pelo ajuizamento de A\u00e7\u00e3o contra o que define como Enriquecimento sem causa, j\u00e1 que o Governo do Estado est\u00e1 vendendo im\u00f3veis que n\u00e3o s\u00e3o dele e sim da reserva  t\u00e9cnica do IPE Sa\u00fade.<\/p>\n<p>O Presidente da FEMERGS, Vilson Jo\u00e3o Weber, destacou &#8220;a import\u00e2ncia do F\u00f3rum  Defesa do IP\u00ca Sa\u00fade, tb da implanta\u00e7\u00e3o da Subcomiss\u00e3o que fez audi\u00eancia p\u00fablica sobre a venda do patrim\u00f4nio do Ip\u00ea Sa\u00fade, sem anu\u00eancia do Conselho.&#8221;<\/p>\n","protected":false},"excerpt":{"rendered":"<p>O F\u00f3rum Permanente em Defesa do IPE, com representa\u00e7\u00e3o da FEMERGS, na pessoa do Presidente Vilson Jo\u00e3o Weber e o Secret\u00e1rio Geral Luciano dos Santos, al\u00e9m da FESSERGS, e FAMURS estiveram em reuni\u00e3o com o presidente da Assembleia Legislativa do RS, deputado Lu\u00eds Augusto Lara na tarde desta quarta-feira (04) em busca de uma solu\u00e7\u00e3o [&hellip;]<\/p>\n","protected":false},"author":1,"featured_media":0,"comment_status":"closed","ping_status":"closed","sticky":false,"template":"","format":"standard","meta":{"_eb_attr":"","_uag_custom_page_level_css":"","fifu_image_url":"","fifu_image_alt":"","footnotes":""},"categories":[1],"tags":[32],"class_list":["post-1201","post","type-post","status-publish","format-standard","hentry","category-arquivadas","tag-null"],"yoast_head":"<!-- This site is optimized with the Yoast SEO plugin v27.1.1 - https:\/\/yoast.com\/product\/yoast-seo-wordpress\/ -->\n<title>F\u00d3RUM PERMANENTE EM DEFESA DO IPE BUSCA SOLU\u00c7\u00c3O PARA MANTER MUNICIP\u00c1RIOS NO PLANO - Federa\u00e7\u00e3o dos Municip\u00e1rios do Estado do Rio Grande do Sul<\/title>\n<meta name=\"robots\" content=\"index, follow, max-snippet:-1, max-image-preview:large, max-video-preview:-1\" \/>\n<link rel=\"canonical\" href=\"https:\/\/femergs.com.br\/wfe\/blog\/forum-permanente-em-defesa-do-ipe-busca-solucao-para-manter-municiparios-no-plano\/\" \/>\n<meta property=\"og:locale\" content=\"pt_BR\" \/>\n<meta property=\"og:type\" content=\"article\" \/>\n<meta property=\"og:title\" content=\"F\u00d3RUM PERMANENTE EM DEFESA DO IPE BUSCA SOLU\u00c7\u00c3O PARA MANTER MUNICIP\u00c1RIOS NO PLANO - Federa\u00e7\u00e3o dos Municip\u00e1rios do Estado do Rio Grande do Sul\" \/>\n<meta property=\"og:description\" content=\"O F\u00f3rum Permanente em Defesa do IPE, com representa\u00e7\u00e3o da FEMERGS, na pessoa do Presidente Vilson Jo\u00e3o Weber e o Secret\u00e1rio Geral Luciano dos Santos, al\u00e9m da FESSERGS, e FAMURS estiveram em reuni\u00e3o com o presidente da Assembleia Legislativa do RS, deputado Lu\u00eds Augusto Lara na tarde desta quarta-feira (04) em busca de uma solu\u00e7\u00e3o [&hellip;]\" \/>\n<meta property=\"og:url\" content=\"https:\/\/femergs.com.br\/wfe\/blog\/forum-permanente-em-defesa-do-ipe-busca-solucao-para-manter-municiparios-no-plano\/\" \/>\n<meta property=\"og:site_name\" content=\"Federa\u00e7\u00e3o dos Municip\u00e1rios do Estado do Rio Grande do Sul\" \/>\n<meta property=\"article:publisher\" content=\"https:\/\/www.facebook.com\/profile.php?id=100057151733001\" \/>\n<meta property=\"article:published_time\" content=\"2019-09-05T10:50:46+00:00\" \/>\n<meta name=\"author\" content=\"adminfemergs\" \/>\n<meta name=\"twitter:card\" content=\"summary_large_image\" \/>\n<meta name=\"twitter:label1\" content=\"Escrito por\" \/>\n\t<meta name=\"twitter:data1\" content=\"adminfemergs\" \/>\n\t<meta name=\"twitter:label2\" content=\"Est. tempo de leitura\" \/>\n\t<meta name=\"twitter:data2\" content=\"2 minutos\" \/>\n<script type=\"application\/ld+json\" class=\"yoast-schema-graph\">{\"@context\":\"https:\/\/schema.org\",\"@graph\":[{\"@type\":\"Article\",\"@id\":\"https:\/\/femergs.com.br\/wfe\/blog\/forum-permanente-em-defesa-do-ipe-busca-solucao-para-manter-municiparios-no-plano\/#article\",\"isPartOf\":{\"@id\":\"https:\/\/femergs.com.br\/wfe\/blog\/forum-permanente-em-defesa-do-ipe-busca-solucao-para-manter-municiparios-no-plano\/\"},\"author\":{\"name\":\"adminfemergs\",\"@id\":\"https:\/\/femergs.com.br\/wfe\/#\/schema\/person\/f5558e6b5ffc044ee085016237dedb7f\"},\"headline\":\"F\u00d3RUM PERMANENTE EM DEFESA DO IPE BUSCA SOLU\u00c7\u00c3O PARA MANTER MUNICIP\u00c1RIOS NO PLANO\",\"datePublished\":\"2019-09-05T10:50:46+00:00\",\"mainEntityOfPage\":{\"@id\":\"https:\/\/femergs.com.br\/wfe\/blog\/forum-permanente-em-defesa-do-ipe-busca-solucao-para-manter-municiparios-no-plano\/\"},\"wordCount\":372,\"publisher\":{\"@id\":\"https:\/\/femergs.com.br\/wfe\/#organization\"},\"keywords\":[\"NULL\"],\"articleSection\":[\"ARQUIVADAS\"],\"inLanguage\":\"pt-BR\"},{\"@type\":\"WebPage\",\"@id\":\"https:\/\/femergs.com.br\/wfe\/blog\/forum-permanente-em-defesa-do-ipe-busca-solucao-para-manter-municiparios-no-plano\/\",\"url\":\"https:\/\/femergs.com.br\/wfe\/blog\/forum-permanente-em-defesa-do-ipe-busca-solucao-para-manter-municiparios-no-plano\/\",\"name\":\"F\u00d3RUM PERMANENTE EM DEFESA DO IPE BUSCA SOLU\u00c7\u00c3O PARA MANTER MUNICIP\u00c1RIOS NO PLANO - Federa\u00e7\u00e3o dos Municip\u00e1rios do Estado do Rio Grande do Sul\",\"isPartOf\":{\"@id\":\"https:\/\/femergs.com.br\/wfe\/#website\"},\"datePublished\":\"2019-09-05T10:50:46+00:00\",\"breadcrumb\":{\"@id\":\"https:\/\/femergs.com.br\/wfe\/blog\/forum-permanente-em-defesa-do-ipe-busca-solucao-para-manter-municiparios-no-plano\/#breadcrumb\"},\"inLanguage\":\"pt-BR\",\"potentialAction\":[{\"@type\":\"ReadAction\",\"target\":[\"https:\/\/femergs.com.br\/wfe\/blog\/forum-permanente-em-defesa-do-ipe-busca-solucao-para-manter-municiparios-no-plano\/\"]}]},{\"@type\":\"BreadcrumbList\",\"@id\":\"https:\/\/femergs.com.br\/wfe\/blog\/forum-permanente-em-defesa-do-ipe-busca-solucao-para-manter-municiparios-no-plano\/#breadcrumb\",\"itemListElement\":[{\"@type\":\"ListItem\",\"position\":1,\"name\":\"In\u00edcio\",\"item\":\"https:\/\/femergs.com.br\/wfe\/\"},{\"@type\":\"ListItem\",\"position\":2,\"name\":\"F\u00d3RUM PERMANENTE EM DEFESA DO IPE BUSCA SOLU\u00c7\u00c3O PARA MANTER MUNICIP\u00c1RIOS NO PLANO\"}]},{\"@type\":\"WebSite\",\"@id\":\"https:\/\/femergs.com.br\/wfe\/#website\",\"url\":\"https:\/\/femergs.com.br\/wfe\/\",\"name\":\"FEMERGS\",\"description\":\"FEDERA\u00c7\u00c3O DOS MUNICIP\u00c1RIOS DO ESTADO DO RIO GRANDE DO SUL\",\"publisher\":{\"@id\":\"https:\/\/femergs.com.br\/wfe\/#organization\"},\"potentialAction\":[{\"@type\":\"SearchAction\",\"target\":{\"@type\":\"EntryPoint\",\"urlTemplate\":\"https:\/\/femergs.com.br\/wfe\/?s={search_term_string}\"},\"query-input\":{\"@type\":\"PropertyValueSpecification\",\"valueRequired\":true,\"valueName\":\"search_term_string\"}}],\"inLanguage\":\"pt-BR\"},{\"@type\":\"Organization\",\"@id\":\"https:\/\/femergs.com.br\/wfe\/#organization\",\"name\":\"FEMERGS\",\"url\":\"https:\/\/femergs.com.br\/wfe\/\",\"logo\":{\"@type\":\"ImageObject\",\"inLanguage\":\"pt-BR\",\"@id\":\"https:\/\/femergs.com.br\/wfe\/#\/schema\/logo\/image\/\",\"url\":\"https:\/\/femergs.com.br\/wfe\/wp-content\/uploads\/2025\/06\/logotipo.png\",\"contentUrl\":\"https:\/\/femergs.com.br\/wfe\/wp-content\/uploads\/2025\/06\/logotipo.png\",\"width\":500,\"height\":500,\"caption\":\"FEMERGS\"},\"image\":{\"@id\":\"https:\/\/femergs.com.br\/wfe\/#\/schema\/logo\/image\/\"},\"sameAs\":[\"https:\/\/www.facebook.com\/profile.php?id=100057151733001\",\"https:\/\/www.instagram.com\/femergs_rs\/\"]},{\"@type\":\"Person\",\"@id\":\"https:\/\/femergs.com.br\/wfe\/#\/schema\/person\/f5558e6b5ffc044ee085016237dedb7f\",\"name\":\"adminfemergs\",\"image\":{\"@type\":\"ImageObject\",\"inLanguage\":\"pt-BR\",\"@id\":\"https:\/\/femergs.com.br\/wfe\/#\/schema\/person\/image\/\",\"url\":\"https:\/\/secure.gravatar.com\/avatar\/398642fa557cdd524617ad9b31c938845f071aeb3448b9c0aeb29aefc495337b?s=96&d=mm&r=g\",\"contentUrl\":\"https:\/\/secure.gravatar.com\/avatar\/398642fa557cdd524617ad9b31c938845f071aeb3448b9c0aeb29aefc495337b?s=96&d=mm&r=g\",\"caption\":\"adminfemergs\"},\"sameAs\":[\"https:\/\/femergs.com.br\/wfe\"],\"url\":\"https:\/\/femergs.com.br\/wfe\/blog\/author\/adminfemergs\/\"}]}<\/script>\n<!-- \/ Yoast SEO plugin. -->","yoast_head_json":{"title":"F\u00d3RUM PERMANENTE EM DEFESA DO IPE BUSCA SOLU\u00c7\u00c3O PARA MANTER MUNICIP\u00c1RIOS NO PLANO - Federa\u00e7\u00e3o dos Municip\u00e1rios do Estado do Rio Grande do Sul","robots":{"index":"index","follow":"follow","max-snippet":"max-snippet:-1","max-image-preview":"max-image-preview:large","max-video-preview":"max-video-preview:-1"},"canonical":"https:\/\/femergs.com.br\/wfe\/blog\/forum-permanente-em-defesa-do-ipe-busca-solucao-para-manter-municiparios-no-plano\/","og_locale":"pt_BR","og_type":"article","og_title":"F\u00d3RUM PERMANENTE EM DEFESA DO IPE BUSCA SOLU\u00c7\u00c3O PARA MANTER MUNICIP\u00c1RIOS NO PLANO - Federa\u00e7\u00e3o dos Municip\u00e1rios do Estado do Rio Grande do Sul","og_description":"O F\u00f3rum Permanente em Defesa do IPE, com representa\u00e7\u00e3o da FEMERGS, na pessoa do Presidente Vilson Jo\u00e3o Weber e o Secret\u00e1rio Geral Luciano dos Santos, al\u00e9m da FESSERGS, e FAMURS estiveram em reuni\u00e3o com o presidente da Assembleia Legislativa do RS, deputado Lu\u00eds Augusto Lara na tarde desta quarta-feira (04) em busca de uma solu\u00e7\u00e3o [&hellip;]","og_url":"https:\/\/femergs.com.br\/wfe\/blog\/forum-permanente-em-defesa-do-ipe-busca-solucao-para-manter-municiparios-no-plano\/","og_site_name":"Federa\u00e7\u00e3o dos Municip\u00e1rios do Estado do Rio Grande do Sul","article_publisher":"https:\/\/www.facebook.com\/profile.php?id=100057151733001","article_published_time":"2019-09-05T10:50:46+00:00","author":"adminfemergs","twitter_card":"summary_large_image","twitter_misc":{"Escrito por":"adminfemergs","Est. tempo de leitura":"2 minutos"},"schema":{"@context":"https:\/\/schema.org","@graph":[{"@type":"Article","@id":"https:\/\/femergs.com.br\/wfe\/blog\/forum-permanente-em-defesa-do-ipe-busca-solucao-para-manter-municiparios-no-plano\/#article","isPartOf":{"@id":"https:\/\/femergs.com.br\/wfe\/blog\/forum-permanente-em-defesa-do-ipe-busca-solucao-para-manter-municiparios-no-plano\/"},"author":{"name":"adminfemergs","@id":"https:\/\/femergs.com.br\/wfe\/#\/schema\/person\/f5558e6b5ffc044ee085016237dedb7f"},"headline":"F\u00d3RUM PERMANENTE EM DEFESA DO IPE BUSCA SOLU\u00c7\u00c3O PARA MANTER MUNICIP\u00c1RIOS NO PLANO","datePublished":"2019-09-05T10:50:46+00:00","mainEntityOfPage":{"@id":"https:\/\/femergs.com.br\/wfe\/blog\/forum-permanente-em-defesa-do-ipe-busca-solucao-para-manter-municiparios-no-plano\/"},"wordCount":372,"publisher":{"@id":"https:\/\/femergs.com.br\/wfe\/#organization"},"keywords":["NULL"],"articleSection":["ARQUIVADAS"],"inLanguage":"pt-BR"},{"@type":"WebPage","@id":"https:\/\/femergs.com.br\/wfe\/blog\/forum-permanente-em-defesa-do-ipe-busca-solucao-para-manter-municiparios-no-plano\/","url":"https:\/\/femergs.com.br\/wfe\/blog\/forum-permanente-em-defesa-do-ipe-busca-solucao-para-manter-municiparios-no-plano\/","name":"F\u00d3RUM PERMANENTE EM DEFESA DO IPE BUSCA SOLU\u00c7\u00c3O PARA MANTER MUNICIP\u00c1RIOS NO PLANO - Federa\u00e7\u00e3o dos Municip\u00e1rios do Estado do Rio Grande do Sul","isPartOf":{"@id":"https:\/\/femergs.com.br\/wfe\/#website"},"datePublished":"2019-09-05T10:50:46+00:00","breadcrumb":{"@id":"https:\/\/femergs.com.br\/wfe\/blog\/forum-permanente-em-defesa-do-ipe-busca-solucao-para-manter-municiparios-no-plano\/#breadcrumb"},"inLanguage":"pt-BR","potentialAction":[{"@type":"ReadAction","target":["https:\/\/femergs.com.br\/wfe\/blog\/forum-permanente-em-defesa-do-ipe-busca-solucao-para-manter-municiparios-no-plano\/"]}]},{"@type":"BreadcrumbList","@id":"https:\/\/femergs.com.br\/wfe\/blog\/forum-permanente-em-defesa-do-ipe-busca-solucao-para-manter-municiparios-no-plano\/#breadcrumb","itemListElement":[{"@type":"ListItem","position":1,"name":"In\u00edcio","item":"https:\/\/femergs.com.br\/wfe\/"},{"@type":"ListItem","position":2,"name":"F\u00d3RUM PERMANENTE EM DEFESA DO IPE BUSCA SOLU\u00c7\u00c3O PARA MANTER MUNICIP\u00c1RIOS NO PLANO"}]},{"@type":"WebSite","@id":"https:\/\/femergs.com.br\/wfe\/#website","url":"https:\/\/femergs.com.br\/wfe\/","name":"FEMERGS","description":"FEDERA\u00c7\u00c3O DOS MUNICIP\u00c1RIOS DO ESTADO DO RIO GRANDE DO SUL","publisher":{"@id":"https:\/\/femergs.com.br\/wfe\/#organization"},"potentialAction":[{"@type":"SearchAction","target":{"@type":"EntryPoint","urlTemplate":"https:\/\/femergs.com.br\/wfe\/?s={search_term_string}"},"query-input":{"@type":"PropertyValueSpecification","valueRequired":true,"valueName":"search_term_string"}}],"inLanguage":"pt-BR"},{"@type":"Organization","@id":"https:\/\/femergs.com.br\/wfe\/#organization","name":"FEMERGS","url":"https:\/\/femergs.com.br\/wfe\/","logo":{"@type":"ImageObject","inLanguage":"pt-BR","@id":"https:\/\/femergs.com.br\/wfe\/#\/schema\/logo\/image\/","url":"https:\/\/femergs.com.br\/wfe\/wp-content\/uploads\/2025\/06\/logotipo.png","contentUrl":"https:\/\/femergs.com.br\/wfe\/wp-content\/uploads\/2025\/06\/logotipo.png","width":500,"height":500,"caption":"FEMERGS"},"image":{"@id":"https:\/\/femergs.com.br\/wfe\/#\/schema\/logo\/image\/"},"sameAs":["https:\/\/www.facebook.com\/profile.php?id=100057151733001","https:\/\/www.instagram.com\/femergs_rs\/"]},{"@type":"Person","@id":"https:\/\/femergs.com.br\/wfe\/#\/schema\/person\/f5558e6b5ffc044ee085016237dedb7f","name":"adminfemergs","image":{"@type":"ImageObject","inLanguage":"pt-BR","@id":"https:\/\/femergs.com.br\/wfe\/#\/schema\/person\/image\/","url":"https:\/\/secure.gravatar.com\/avatar\/398642fa557cdd524617ad9b31c938845f071aeb3448b9c0aeb29aefc495337b?s=96&d=mm&r=g","contentUrl":"https:\/\/secure.gravatar.com\/avatar\/398642fa557cdd524617ad9b31c938845f071aeb3448b9c0aeb29aefc495337b?s=96&d=mm&r=g","caption":"adminfemergs"},"sameAs":["https:\/\/femergs.com.br\/wfe"],"url":"https:\/\/femergs.com.br\/wfe\/blog\/author\/adminfemergs\/"}]}},"uagb_featured_image_src":{"full":false,"thumbnail":false,"medium":false,"medium_large":false,"large":false,"1536x1536":false,"2048x2048":false,"ultp_layout_landscape_large":false,"ultp_layout_landscape":false,"ultp_layout_portrait":false,"ultp_layout_square":false},"uagb_author_info":{"display_name":"adminfemergs","author_link":"https:\/\/femergs.com.br\/wfe\/blog\/author\/adminfemergs\/"},"uagb_comment_info":0,"uagb_excerpt":"O F\u00f3rum Permanente em Defesa do IPE, com representa\u00e7\u00e3o da FEMERGS, na pessoa do Presidente Vilson Jo\u00e3o Weber e o Secret\u00e1rio Geral Luciano dos Santos, al\u00e9m da FESSERGS, e FAMURS estiveram em reuni\u00e3o com o presidente da Assembleia Legislativa do RS, deputado Lu\u00eds Augusto Lara na tarde desta quarta-feira (04) em busca de uma solu\u00e7\u00e3o&hellip;","_links":{"self":[{"href":"https:\/\/femergs.com.br\/wfe\/wp-json\/wp\/v2\/posts\/1201","targetHints":{"allow":["GET"]}}],"collection":[{"href":"https:\/\/femergs.com.br\/wfe\/wp-json\/wp\/v2\/posts"}],"about":[{"href":"https:\/\/femergs.com.br\/wfe\/wp-json\/wp\/v2\/types\/post"}],"author":[{"embeddable":true,"href":"https:\/\/femergs.com.br\/wfe\/wp-json\/wp\/v2\/users\/1"}],"replies":[{"embeddable":true,"href":"https:\/\/femergs.com.br\/wfe\/wp-json\/wp\/v2\/comments?post=1201"}],"version-history":[{"count":0,"href":"https:\/\/femergs.com.br\/wfe\/wp-json\/wp\/v2\/posts\/1201\/revisions"}],"wp:attachment":[{"href":"https:\/\/femergs.com.br\/wfe\/wp-json\/wp\/v2\/media?parent=1201"}],"wp:term":[{"taxonomy":"category","embeddable":true,"href":"https:\/\/femergs.com.br\/wfe\/wp-json\/wp\/v2\/categories?post=1201"},{"taxonomy":"post_tag","embeddable":true,"href":"https:\/\/femergs.com.br\/wfe\/wp-json\/wp\/v2\/tags?post=1201"}],"curies":[{"name":"wp","href":"https:\/\/api.w.org\/{rel}","templated":true}]}}