{"id":1202,"date":"2019-09-06T10:36:11","date_gmt":"2019-09-06T10:36:11","guid":{"rendered":"https:\/\/femergs.com.br\/wfe\/blog\/une-quer-estudantes-de-preto-nas-ruas-no-7-de-setembro-contra-cortes-na-educacao\/"},"modified":"2019-09-06T10:36:11","modified_gmt":"2019-09-06T10:36:11","slug":"une-quer-estudantes-de-preto-nas-ruas-no-7-de-setembro-contra-cortes-na-educacao","status":"publish","type":"post","link":"https:\/\/femergs.com.br\/wfe\/blog\/une-quer-estudantes-de-preto-nas-ruas-no-7-de-setembro-contra-cortes-na-educacao\/","title":{"rendered":"UNE quer estudantes de preto nas ruas no 7 de setembro contra cortes na educa\u00e7\u00e3o"},"content":{"rendered":"<p>O presidente Jair Bolsonaro apelou na \u00faltima ter\u00e7a-feira (3) para que a popula\u00e7\u00e3o compare\u00e7a \u00e0s comemora\u00e7\u00f5es da Independ\u00eancia do Brasil, no pr\u00f3ximo s\u00e1bado, dia 07 de setembro, vestindo o verde e o amarelo. Segundo ele, as cores da bandeira servem para mostrar que a \u201cAmaz\u00f4nia \u00e9 nossa\u201d.<\/p>\n<p> Em resposta, a Uni\u00e3o Nacional dos Estudantes &#8211; UNE, anunciou atos por todo o Brasil para protestar contra as queimadas na floresta e tamb\u00e9m contra os cortes na educa\u00e7\u00e3o. A entidade pede que os estudantes saiam \u00e0s ruas vestindo preto para manifestar indigna\u00e7\u00e3o.<\/p>\n<p>Segundo o presidente da entidade, Iago Montalv\u00e3o, o atual governo n\u00e3o tem pol\u00edtica de preserva\u00e7\u00e3o ambiental para a regi\u00e3o amaz\u00f4nica, e em vez de apostar em surtos patri\u00f3ticos, deveria se preocupar com o corte de recursos para as universidades e das bolsas de pesquisa. \u201c\u00c9 uma chacota com a cara do povo brasileiro. N\u00e3o podemos aceitar isso. Precisamos ir \u00e0s ruas, sim, para defender a nossa educa\u00e7\u00e3o e a nossa Amaz\u00f4nia da destrui\u00e7\u00e3o que esse governo tem operado. Por isso, dia 7 eu vou de preto. Eu luto pela educa\u00e7\u00e3o e pela Amaz\u00f4nia\u201d, afirmou em v\u00eddeo nas redes sociais.<\/p>\n<p>Al\u00e9m do preto, os estudantes tamb\u00e9m prometem caras-pintadas, para fazer lembrar o movimento ocorrido em 1992, quando o ent\u00e3o presidente Fernando Collor de Mello conclamou \u201ctodo o Brasil\u201d a usar as cores da bandeira em apoio ao seu governo, fustigado por den\u00fancias de corrup\u00e7\u00e3o. Em diversas cidades do pa\u00eds, a popula\u00e7\u00e3o saiu de preto naquele domingo de 13 de agosto, impulsionando o processo de impeachment que retiraria Collor  da presid\u00eancia naquele mesmo ano. O pr\u00f3prio Bolsonaro fez men\u00e7\u00e3o ao evento hist\u00f3rico. \u201cEu lembro l\u00e1 atr\u00e1s que um presidente disse isso e se deu mal. Mas n\u00e3o \u00e9 o nosso caso.\u201d<\/p>\n<p>Os estudantes discordam. \u201cVamos mostrar, no dia 7, que patriota n\u00e3o \u00e9 aquele ou aquela que bate contin\u00eancia \u00e0 bandeira americana, enquanto desmonta o Estado nacional, desde a educa\u00e7\u00e3o at\u00e9 o meio ambiente. Patriotas de verdade s\u00e3o os estudantes, trabalhadores e o povo brasileiro que luta incansavelmente para construir um pa\u00eds plural, democr\u00e1tico, soberano e desenvolvido. Nesse 7 de setembro, os caras pintadas voltar\u00e3o\u201d, afirmou o presidente da Uni\u00e3o Brasileira dos Estudantes Secundaristas (Ubes), Pedro Gorki.<\/p>\n<p> At\u00e9 o momento, j\u00e1 est\u00e3o confirmados protestos em 23 cidades e capitais nas cinco regi\u00f5es do pa\u00eds. Pela redes sociais, os estudantes se mobilizam em torno da hashtag<\/p>\n<p>#Dia7EuVouDePreto.<\/p>\n","protected":false},"excerpt":{"rendered":"<p>O presidente Jair Bolsonaro apelou na \u00faltima ter\u00e7a-feira (3) para que a popula\u00e7\u00e3o compare\u00e7a \u00e0s comemora\u00e7\u00f5es da Independ\u00eancia do Brasil, no pr\u00f3ximo s\u00e1bado, dia 07 de setembro, vestindo o verde e o amarelo. Segundo ele, as cores da bandeira servem para mostrar que a \u201cAmaz\u00f4nia \u00e9 nossa\u201d. Em resposta, a Uni\u00e3o Nacional dos Estudantes &#8211; [&hellip;]<\/p>\n","protected":false},"author":1,"featured_media":0,"comment_status":"closed","ping_status":"closed","sticky":false,"template":"","format":"standard","meta":{"_eb_attr":"","_uag_custom_page_level_css":"","fifu_image_url":"","fifu_image_alt":"","footnotes":""},"categories":[1],"tags":[32],"class_list":["post-1202","post","type-post","status-publish","format-standard","hentry","category-arquivadas","tag-null"],"yoast_head":"<!-- This site is optimized with the Yoast SEO plugin v27.1.1 - https:\/\/yoast.com\/product\/yoast-seo-wordpress\/ -->\n<title>UNE quer estudantes de preto nas ruas no 7 de setembro contra cortes na educa\u00e7\u00e3o - Federa\u00e7\u00e3o dos Municip\u00e1rios do Estado do Rio Grande do Sul<\/title>\n<meta name=\"robots\" content=\"index, follow, max-snippet:-1, max-image-preview:large, max-video-preview:-1\" \/>\n<link rel=\"canonical\" href=\"https:\/\/femergs.com.br\/wfe\/blog\/une-quer-estudantes-de-preto-nas-ruas-no-7-de-setembro-contra-cortes-na-educacao\/\" \/>\n<meta property=\"og:locale\" content=\"pt_BR\" \/>\n<meta property=\"og:type\" content=\"article\" \/>\n<meta property=\"og:title\" content=\"UNE quer estudantes de preto nas ruas no 7 de setembro contra cortes na educa\u00e7\u00e3o - Federa\u00e7\u00e3o dos Municip\u00e1rios do Estado do Rio Grande do Sul\" \/>\n<meta property=\"og:description\" content=\"O presidente Jair Bolsonaro apelou na \u00faltima ter\u00e7a-feira (3) para que a popula\u00e7\u00e3o compare\u00e7a \u00e0s comemora\u00e7\u00f5es da Independ\u00eancia do Brasil, no pr\u00f3ximo s\u00e1bado, dia 07 de setembro, vestindo o verde e o amarelo. Segundo ele, as cores da bandeira servem para mostrar que a \u201cAmaz\u00f4nia \u00e9 nossa\u201d. Em resposta, a Uni\u00e3o Nacional dos Estudantes &#8211; [&hellip;]\" \/>\n<meta property=\"og:url\" content=\"https:\/\/femergs.com.br\/wfe\/blog\/une-quer-estudantes-de-preto-nas-ruas-no-7-de-setembro-contra-cortes-na-educacao\/\" \/>\n<meta property=\"og:site_name\" content=\"Federa\u00e7\u00e3o dos Municip\u00e1rios do Estado do Rio Grande do Sul\" \/>\n<meta property=\"article:publisher\" content=\"https:\/\/www.facebook.com\/profile.php?id=100057151733001\" \/>\n<meta property=\"article:published_time\" content=\"2019-09-06T10:36:11+00:00\" \/>\n<meta name=\"author\" content=\"adminfemergs\" \/>\n<meta name=\"twitter:card\" content=\"summary_large_image\" \/>\n<meta name=\"twitter:label1\" content=\"Escrito por\" \/>\n\t<meta name=\"twitter:data1\" content=\"adminfemergs\" \/>\n\t<meta name=\"twitter:label2\" content=\"Est. tempo de leitura\" \/>\n\t<meta name=\"twitter:data2\" content=\"2 minutos\" \/>\n<script type=\"application\/ld+json\" class=\"yoast-schema-graph\">{\"@context\":\"https:\/\/schema.org\",\"@graph\":[{\"@type\":\"Article\",\"@id\":\"https:\/\/femergs.com.br\/wfe\/blog\/une-quer-estudantes-de-preto-nas-ruas-no-7-de-setembro-contra-cortes-na-educacao\/#article\",\"isPartOf\":{\"@id\":\"https:\/\/femergs.com.br\/wfe\/blog\/une-quer-estudantes-de-preto-nas-ruas-no-7-de-setembro-contra-cortes-na-educacao\/\"},\"author\":{\"name\":\"adminfemergs\",\"@id\":\"https:\/\/femergs.com.br\/wfe\/#\/schema\/person\/f5558e6b5ffc044ee085016237dedb7f\"},\"headline\":\"UNE quer estudantes de preto nas ruas no 7 de setembro contra cortes na educa\u00e7\u00e3o\",\"datePublished\":\"2019-09-06T10:36:11+00:00\",\"mainEntityOfPage\":{\"@id\":\"https:\/\/femergs.com.br\/wfe\/blog\/une-quer-estudantes-de-preto-nas-ruas-no-7-de-setembro-contra-cortes-na-educacao\/\"},\"wordCount\":447,\"publisher\":{\"@id\":\"https:\/\/femergs.com.br\/wfe\/#organization\"},\"keywords\":[\"NULL\"],\"articleSection\":[\"ARQUIVADAS\"],\"inLanguage\":\"pt-BR\"},{\"@type\":\"WebPage\",\"@id\":\"https:\/\/femergs.com.br\/wfe\/blog\/une-quer-estudantes-de-preto-nas-ruas-no-7-de-setembro-contra-cortes-na-educacao\/\",\"url\":\"https:\/\/femergs.com.br\/wfe\/blog\/une-quer-estudantes-de-preto-nas-ruas-no-7-de-setembro-contra-cortes-na-educacao\/\",\"name\":\"UNE quer estudantes de preto nas ruas no 7 de setembro contra cortes na educa\u00e7\u00e3o - Federa\u00e7\u00e3o dos Municip\u00e1rios do Estado do Rio Grande do Sul\",\"isPartOf\":{\"@id\":\"https:\/\/femergs.com.br\/wfe\/#website\"},\"datePublished\":\"2019-09-06T10:36:11+00:00\",\"breadcrumb\":{\"@id\":\"https:\/\/femergs.com.br\/wfe\/blog\/une-quer-estudantes-de-preto-nas-ruas-no-7-de-setembro-contra-cortes-na-educacao\/#breadcrumb\"},\"inLanguage\":\"pt-BR\",\"potentialAction\":[{\"@type\":\"ReadAction\",\"target\":[\"https:\/\/femergs.com.br\/wfe\/blog\/une-quer-estudantes-de-preto-nas-ruas-no-7-de-setembro-contra-cortes-na-educacao\/\"]}]},{\"@type\":\"BreadcrumbList\",\"@id\":\"https:\/\/femergs.com.br\/wfe\/blog\/une-quer-estudantes-de-preto-nas-ruas-no-7-de-setembro-contra-cortes-na-educacao\/#breadcrumb\",\"itemListElement\":[{\"@type\":\"ListItem\",\"position\":1,\"name\":\"In\u00edcio\",\"item\":\"https:\/\/femergs.com.br\/wfe\/\"},{\"@type\":\"ListItem\",\"position\":2,\"name\":\"UNE quer estudantes de preto nas ruas no 7 de setembro contra cortes na educa\u00e7\u00e3o\"}]},{\"@type\":\"WebSite\",\"@id\":\"https:\/\/femergs.com.br\/wfe\/#website\",\"url\":\"https:\/\/femergs.com.br\/wfe\/\",\"name\":\"FEMERGS\",\"description\":\"FEDERA\u00c7\u00c3O DOS MUNICIP\u00c1RIOS DO ESTADO DO RIO GRANDE DO SUL\",\"publisher\":{\"@id\":\"https:\/\/femergs.com.br\/wfe\/#organization\"},\"potentialAction\":[{\"@type\":\"SearchAction\",\"target\":{\"@type\":\"EntryPoint\",\"urlTemplate\":\"https:\/\/femergs.com.br\/wfe\/?s={search_term_string}\"},\"query-input\":{\"@type\":\"PropertyValueSpecification\",\"valueRequired\":true,\"valueName\":\"search_term_string\"}}],\"inLanguage\":\"pt-BR\"},{\"@type\":\"Organization\",\"@id\":\"https:\/\/femergs.com.br\/wfe\/#organization\",\"name\":\"FEMERGS\",\"url\":\"https:\/\/femergs.com.br\/wfe\/\",\"logo\":{\"@type\":\"ImageObject\",\"inLanguage\":\"pt-BR\",\"@id\":\"https:\/\/femergs.com.br\/wfe\/#\/schema\/logo\/image\/\",\"url\":\"https:\/\/femergs.com.br\/wfe\/wp-content\/uploads\/2025\/06\/logotipo.png\",\"contentUrl\":\"https:\/\/femergs.com.br\/wfe\/wp-content\/uploads\/2025\/06\/logotipo.png\",\"width\":500,\"height\":500,\"caption\":\"FEMERGS\"},\"image\":{\"@id\":\"https:\/\/femergs.com.br\/wfe\/#\/schema\/logo\/image\/\"},\"sameAs\":[\"https:\/\/www.facebook.com\/profile.php?id=100057151733001\",\"https:\/\/www.instagram.com\/femergs_rs\/\"]},{\"@type\":\"Person\",\"@id\":\"https:\/\/femergs.com.br\/wfe\/#\/schema\/person\/f5558e6b5ffc044ee085016237dedb7f\",\"name\":\"adminfemergs\",\"image\":{\"@type\":\"ImageObject\",\"inLanguage\":\"pt-BR\",\"@id\":\"https:\/\/femergs.com.br\/wfe\/#\/schema\/person\/image\/\",\"url\":\"https:\/\/secure.gravatar.com\/avatar\/398642fa557cdd524617ad9b31c938845f071aeb3448b9c0aeb29aefc495337b?s=96&d=mm&r=g\",\"contentUrl\":\"https:\/\/secure.gravatar.com\/avatar\/398642fa557cdd524617ad9b31c938845f071aeb3448b9c0aeb29aefc495337b?s=96&d=mm&r=g\",\"caption\":\"adminfemergs\"},\"sameAs\":[\"https:\/\/femergs.com.br\/wfe\"],\"url\":\"https:\/\/femergs.com.br\/wfe\/blog\/author\/adminfemergs\/\"}]}<\/script>\n<!-- \/ Yoast SEO plugin. -->","yoast_head_json":{"title":"UNE quer estudantes de preto nas ruas no 7 de setembro contra cortes na educa\u00e7\u00e3o - Federa\u00e7\u00e3o dos Municip\u00e1rios do Estado do Rio Grande do Sul","robots":{"index":"index","follow":"follow","max-snippet":"max-snippet:-1","max-image-preview":"max-image-preview:large","max-video-preview":"max-video-preview:-1"},"canonical":"https:\/\/femergs.com.br\/wfe\/blog\/une-quer-estudantes-de-preto-nas-ruas-no-7-de-setembro-contra-cortes-na-educacao\/","og_locale":"pt_BR","og_type":"article","og_title":"UNE quer estudantes de preto nas ruas no 7 de setembro contra cortes na educa\u00e7\u00e3o - Federa\u00e7\u00e3o dos Municip\u00e1rios do Estado do Rio Grande do Sul","og_description":"O presidente Jair Bolsonaro apelou na \u00faltima ter\u00e7a-feira (3) para que a popula\u00e7\u00e3o compare\u00e7a \u00e0s comemora\u00e7\u00f5es da Independ\u00eancia do Brasil, no pr\u00f3ximo s\u00e1bado, dia 07 de setembro, vestindo o verde e o amarelo. Segundo ele, as cores da bandeira servem para mostrar que a \u201cAmaz\u00f4nia \u00e9 nossa\u201d. Em resposta, a Uni\u00e3o Nacional dos Estudantes &#8211; [&hellip;]","og_url":"https:\/\/femergs.com.br\/wfe\/blog\/une-quer-estudantes-de-preto-nas-ruas-no-7-de-setembro-contra-cortes-na-educacao\/","og_site_name":"Federa\u00e7\u00e3o dos Municip\u00e1rios do Estado do Rio Grande do Sul","article_publisher":"https:\/\/www.facebook.com\/profile.php?id=100057151733001","article_published_time":"2019-09-06T10:36:11+00:00","author":"adminfemergs","twitter_card":"summary_large_image","twitter_misc":{"Escrito por":"adminfemergs","Est. tempo de leitura":"2 minutos"},"schema":{"@context":"https:\/\/schema.org","@graph":[{"@type":"Article","@id":"https:\/\/femergs.com.br\/wfe\/blog\/une-quer-estudantes-de-preto-nas-ruas-no-7-de-setembro-contra-cortes-na-educacao\/#article","isPartOf":{"@id":"https:\/\/femergs.com.br\/wfe\/blog\/une-quer-estudantes-de-preto-nas-ruas-no-7-de-setembro-contra-cortes-na-educacao\/"},"author":{"name":"adminfemergs","@id":"https:\/\/femergs.com.br\/wfe\/#\/schema\/person\/f5558e6b5ffc044ee085016237dedb7f"},"headline":"UNE quer estudantes de preto nas ruas no 7 de setembro contra cortes na educa\u00e7\u00e3o","datePublished":"2019-09-06T10:36:11+00:00","mainEntityOfPage":{"@id":"https:\/\/femergs.com.br\/wfe\/blog\/une-quer-estudantes-de-preto-nas-ruas-no-7-de-setembro-contra-cortes-na-educacao\/"},"wordCount":447,"publisher":{"@id":"https:\/\/femergs.com.br\/wfe\/#organization"},"keywords":["NULL"],"articleSection":["ARQUIVADAS"],"inLanguage":"pt-BR"},{"@type":"WebPage","@id":"https:\/\/femergs.com.br\/wfe\/blog\/une-quer-estudantes-de-preto-nas-ruas-no-7-de-setembro-contra-cortes-na-educacao\/","url":"https:\/\/femergs.com.br\/wfe\/blog\/une-quer-estudantes-de-preto-nas-ruas-no-7-de-setembro-contra-cortes-na-educacao\/","name":"UNE quer estudantes de preto nas ruas no 7 de setembro contra cortes na educa\u00e7\u00e3o - Federa\u00e7\u00e3o dos Municip\u00e1rios do Estado do Rio Grande do Sul","isPartOf":{"@id":"https:\/\/femergs.com.br\/wfe\/#website"},"datePublished":"2019-09-06T10:36:11+00:00","breadcrumb":{"@id":"https:\/\/femergs.com.br\/wfe\/blog\/une-quer-estudantes-de-preto-nas-ruas-no-7-de-setembro-contra-cortes-na-educacao\/#breadcrumb"},"inLanguage":"pt-BR","potentialAction":[{"@type":"ReadAction","target":["https:\/\/femergs.com.br\/wfe\/blog\/une-quer-estudantes-de-preto-nas-ruas-no-7-de-setembro-contra-cortes-na-educacao\/"]}]},{"@type":"BreadcrumbList","@id":"https:\/\/femergs.com.br\/wfe\/blog\/une-quer-estudantes-de-preto-nas-ruas-no-7-de-setembro-contra-cortes-na-educacao\/#breadcrumb","itemListElement":[{"@type":"ListItem","position":1,"name":"In\u00edcio","item":"https:\/\/femergs.com.br\/wfe\/"},{"@type":"ListItem","position":2,"name":"UNE quer estudantes de preto nas ruas no 7 de setembro contra cortes na educa\u00e7\u00e3o"}]},{"@type":"WebSite","@id":"https:\/\/femergs.com.br\/wfe\/#website","url":"https:\/\/femergs.com.br\/wfe\/","name":"FEMERGS","description":"FEDERA\u00c7\u00c3O DOS MUNICIP\u00c1RIOS DO ESTADO DO RIO GRANDE DO SUL","publisher":{"@id":"https:\/\/femergs.com.br\/wfe\/#organization"},"potentialAction":[{"@type":"SearchAction","target":{"@type":"EntryPoint","urlTemplate":"https:\/\/femergs.com.br\/wfe\/?s={search_term_string}"},"query-input":{"@type":"PropertyValueSpecification","valueRequired":true,"valueName":"search_term_string"}}],"inLanguage":"pt-BR"},{"@type":"Organization","@id":"https:\/\/femergs.com.br\/wfe\/#organization","name":"FEMERGS","url":"https:\/\/femergs.com.br\/wfe\/","logo":{"@type":"ImageObject","inLanguage":"pt-BR","@id":"https:\/\/femergs.com.br\/wfe\/#\/schema\/logo\/image\/","url":"https:\/\/femergs.com.br\/wfe\/wp-content\/uploads\/2025\/06\/logotipo.png","contentUrl":"https:\/\/femergs.com.br\/wfe\/wp-content\/uploads\/2025\/06\/logotipo.png","width":500,"height":500,"caption":"FEMERGS"},"image":{"@id":"https:\/\/femergs.com.br\/wfe\/#\/schema\/logo\/image\/"},"sameAs":["https:\/\/www.facebook.com\/profile.php?id=100057151733001","https:\/\/www.instagram.com\/femergs_rs\/"]},{"@type":"Person","@id":"https:\/\/femergs.com.br\/wfe\/#\/schema\/person\/f5558e6b5ffc044ee085016237dedb7f","name":"adminfemergs","image":{"@type":"ImageObject","inLanguage":"pt-BR","@id":"https:\/\/femergs.com.br\/wfe\/#\/schema\/person\/image\/","url":"https:\/\/secure.gravatar.com\/avatar\/398642fa557cdd524617ad9b31c938845f071aeb3448b9c0aeb29aefc495337b?s=96&d=mm&r=g","contentUrl":"https:\/\/secure.gravatar.com\/avatar\/398642fa557cdd524617ad9b31c938845f071aeb3448b9c0aeb29aefc495337b?s=96&d=mm&r=g","caption":"adminfemergs"},"sameAs":["https:\/\/femergs.com.br\/wfe"],"url":"https:\/\/femergs.com.br\/wfe\/blog\/author\/adminfemergs\/"}]}},"uagb_featured_image_src":{"full":false,"thumbnail":false,"medium":false,"medium_large":false,"large":false,"1536x1536":false,"2048x2048":false,"ultp_layout_landscape_large":false,"ultp_layout_landscape":false,"ultp_layout_portrait":false,"ultp_layout_square":false},"uagb_author_info":{"display_name":"adminfemergs","author_link":"https:\/\/femergs.com.br\/wfe\/blog\/author\/adminfemergs\/"},"uagb_comment_info":0,"uagb_excerpt":"O presidente Jair Bolsonaro apelou na \u00faltima ter\u00e7a-feira (3) para que a popula\u00e7\u00e3o compare\u00e7a \u00e0s comemora\u00e7\u00f5es da Independ\u00eancia do Brasil, no pr\u00f3ximo s\u00e1bado, dia 07 de setembro, vestindo o verde e o amarelo. Segundo ele, as cores da bandeira servem para mostrar que a \u201cAmaz\u00f4nia \u00e9 nossa\u201d. Em resposta, a Uni\u00e3o Nacional dos Estudantes &#8211;&hellip;","_links":{"self":[{"href":"https:\/\/femergs.com.br\/wfe\/wp-json\/wp\/v2\/posts\/1202","targetHints":{"allow":["GET"]}}],"collection":[{"href":"https:\/\/femergs.com.br\/wfe\/wp-json\/wp\/v2\/posts"}],"about":[{"href":"https:\/\/femergs.com.br\/wfe\/wp-json\/wp\/v2\/types\/post"}],"author":[{"embeddable":true,"href":"https:\/\/femergs.com.br\/wfe\/wp-json\/wp\/v2\/users\/1"}],"replies":[{"embeddable":true,"href":"https:\/\/femergs.com.br\/wfe\/wp-json\/wp\/v2\/comments?post=1202"}],"version-history":[{"count":0,"href":"https:\/\/femergs.com.br\/wfe\/wp-json\/wp\/v2\/posts\/1202\/revisions"}],"wp:attachment":[{"href":"https:\/\/femergs.com.br\/wfe\/wp-json\/wp\/v2\/media?parent=1202"}],"wp:term":[{"taxonomy":"category","embeddable":true,"href":"https:\/\/femergs.com.br\/wfe\/wp-json\/wp\/v2\/categories?post=1202"},{"taxonomy":"post_tag","embeddable":true,"href":"https:\/\/femergs.com.br\/wfe\/wp-json\/wp\/v2\/tags?post=1202"}],"curies":[{"name":"wp","href":"https:\/\/api.w.org\/{rel}","templated":true}]}}