{"id":1204,"date":"2019-09-27T08:36:49","date_gmt":"2019-09-27T08:36:49","guid":{"rendered":"https:\/\/femergs.com.br\/wfe\/blog\/eleicoes-no-sindicato-dos-servidores-publicos-municipais-e-osorio-sspmo\/"},"modified":"2019-09-27T08:36:49","modified_gmt":"2019-09-27T08:36:49","slug":"eleicoes-no-sindicato-dos-servidores-publicos-municipais-e-osorio-sspmo","status":"publish","type":"post","link":"https:\/\/femergs.com.br\/wfe\/blog\/eleicoes-no-sindicato-dos-servidores-publicos-municipais-e-osorio-sspmo\/","title":{"rendered":"Elei\u00e7\u00f5es no Sindicato dos Servidores P\u00fablicos Municipais e Os\u00f3rio &#8211; SSPMO"},"content":{"rendered":"<p>Na ter\u00e7a-feira, dia 24 de setembro de 2019, ocorreram as elei\u00e7\u00f5es para renova\u00e7\u00e3o da diretoria e conselho fiscal do Sindicato dos Servidores P\u00fablicos Municipais de Os\u00f3rio &#8211; SSPMO.<\/p>\n<p>Concorreram duas chapas, a Chapa 01 com Maria Teresinha de Freitas como candidata a Presidente e a Chapa 02 com Alexandre Pereira Rodrigues.<\/p>\n<p>O Secret\u00e1rio Geral da FEMERGS e da CSB RS Professor Luciano dos Santos, representou a Federa\u00e7\u00e3o como Presidente da Comiss\u00e3o Eleitoral e esteve acompanhado do Primeiro Secret\u00e1rio de Imprensa e Comunica\u00e7\u00e3o da CSB RS Dercirio J\u00fanior e da Coordenadora do Litoral Norte da Femergs Laura Michel.<\/p>\n<p>Foi um dia intenso de vota\u00e7\u00e3o, com grande participa\u00e7\u00e3o dos associados. A Chapa 01 foi eleita com 60% dos votos v\u00e1lidos e assume o mandato que se inicia em 25 de setembro de 2019 e se estende at\u00e9 24 de setembro de 2021, com a seguinte nominata:<\/p>\n<p>Presidente: MARIA TERESINHA DE FREITAS CAMARGO;<br \/>\nVice-Presidente: HERM\u00cdNIA FERRI VIGAN\u00d3;<br \/>\nSecret\u00e1ria Geral: JACI MARIA TRINDADE COSTA;<br \/>\nSegunda Secret\u00e1ria: ELISANGELA MORA DOS ANJOS;<br \/>\nTesoureira: CLEONICE DADA DOS SANTOS;<br \/>\nSegundo Tesoureiro: JOS\u00c9 AMANDIO VAZ PEREIRA;<br \/>\nConselho Fiscal \u2013 Titulares:<br \/>\nJOS\u00c9 BATISTA BELLOLI;<br \/>\nIVAN VALIM OLIVEIRA e<br \/>\nANT\u00d4NIO JULIANO DOS SANTOS;<br \/>\nConselho Fiscal \u2013 Suplentes:<br \/>\nJO\u00c3O CARLOS DA SILVA ROSA;<br \/>\nALTIVO VANDERLEI CAMARGO e<br \/>\nJACI MANOEL DE MEDEIROS.<\/p>\n<p>Deixamos aqui meu respeito ao candidato a Presidente pela Chapa 02, Alexandre, pela demonstra\u00e7\u00e3o de civilidade, de respeito e pela expressiva vota\u00e7\u00e3o que obteve.<\/p>\n<p>O Sindicato sai deste processo eleitoral fortalecido.<\/p>\n<p>A FEMERGS e a CSB RS desejam a esta nova diretoria muita garra, lucidez e saibam que podem contar sempre conosco.<\/p>\n<p>Somos parceiros das boas lutas.<\/p>\n","protected":false},"excerpt":{"rendered":"<p>Na ter\u00e7a-feira, dia 24 de setembro de 2019, ocorreram as elei\u00e7\u00f5es para renova\u00e7\u00e3o da diretoria e conselho fiscal do Sindicato dos Servidores P\u00fablicos Municipais de Os\u00f3rio &#8211; SSPMO. Concorreram duas chapas, a Chapa 01 com Maria Teresinha de Freitas como candidata a Presidente e a Chapa 02 com Alexandre Pereira Rodrigues. O Secret\u00e1rio Geral da [&hellip;]<\/p>\n","protected":false},"author":1,"featured_media":0,"comment_status":"closed","ping_status":"closed","sticky":false,"template":"","format":"standard","meta":{"_eb_attr":"","_uag_custom_page_level_css":"","fifu_image_url":"","fifu_image_alt":"","footnotes":""},"categories":[1],"tags":[32],"class_list":["post-1204","post","type-post","status-publish","format-standard","hentry","category-arquivadas","tag-null"],"yoast_head":"<!-- This site is optimized with the Yoast SEO plugin v27.1.1 - https:\/\/yoast.com\/product\/yoast-seo-wordpress\/ -->\n<title>Elei\u00e7\u00f5es no Sindicato dos Servidores P\u00fablicos Municipais e Os\u00f3rio - SSPMO - Federa\u00e7\u00e3o dos Municip\u00e1rios do Estado do Rio Grande do Sul<\/title>\n<meta name=\"robots\" content=\"index, follow, max-snippet:-1, max-image-preview:large, max-video-preview:-1\" \/>\n<link rel=\"canonical\" href=\"https:\/\/femergs.com.br\/wfe\/blog\/eleicoes-no-sindicato-dos-servidores-publicos-municipais-e-osorio-sspmo\/\" \/>\n<meta property=\"og:locale\" content=\"pt_BR\" \/>\n<meta property=\"og:type\" content=\"article\" \/>\n<meta property=\"og:title\" content=\"Elei\u00e7\u00f5es no Sindicato dos Servidores P\u00fablicos Municipais e Os\u00f3rio - SSPMO - Federa\u00e7\u00e3o dos Municip\u00e1rios do Estado do Rio Grande do Sul\" \/>\n<meta property=\"og:description\" content=\"Na ter\u00e7a-feira, dia 24 de setembro de 2019, ocorreram as elei\u00e7\u00f5es para renova\u00e7\u00e3o da diretoria e conselho fiscal do Sindicato dos Servidores P\u00fablicos Municipais de Os\u00f3rio &#8211; SSPMO. Concorreram duas chapas, a Chapa 01 com Maria Teresinha de Freitas como candidata a Presidente e a Chapa 02 com Alexandre Pereira Rodrigues. O Secret\u00e1rio Geral da [&hellip;]\" \/>\n<meta property=\"og:url\" content=\"https:\/\/femergs.com.br\/wfe\/blog\/eleicoes-no-sindicato-dos-servidores-publicos-municipais-e-osorio-sspmo\/\" \/>\n<meta property=\"og:site_name\" content=\"Federa\u00e7\u00e3o dos Municip\u00e1rios do Estado do Rio Grande do Sul\" \/>\n<meta property=\"article:publisher\" content=\"https:\/\/www.facebook.com\/profile.php?id=100057151733001\" \/>\n<meta property=\"article:published_time\" content=\"2019-09-27T08:36:49+00:00\" \/>\n<meta name=\"author\" content=\"adminfemergs\" \/>\n<meta name=\"twitter:card\" content=\"summary_large_image\" \/>\n<meta name=\"twitter:label1\" content=\"Escrito por\" \/>\n\t<meta name=\"twitter:data1\" content=\"adminfemergs\" \/>\n\t<meta name=\"twitter:label2\" content=\"Est. tempo de leitura\" \/>\n\t<meta name=\"twitter:data2\" content=\"1 minuto\" \/>\n<script type=\"application\/ld+json\" class=\"yoast-schema-graph\">{\"@context\":\"https:\/\/schema.org\",\"@graph\":[{\"@type\":\"Article\",\"@id\":\"https:\/\/femergs.com.br\/wfe\/blog\/eleicoes-no-sindicato-dos-servidores-publicos-municipais-e-osorio-sspmo\/#article\",\"isPartOf\":{\"@id\":\"https:\/\/femergs.com.br\/wfe\/blog\/eleicoes-no-sindicato-dos-servidores-publicos-municipais-e-osorio-sspmo\/\"},\"author\":{\"name\":\"adminfemergs\",\"@id\":\"https:\/\/femergs.com.br\/wfe\/#\/schema\/person\/f5558e6b5ffc044ee085016237dedb7f\"},\"headline\":\"Elei\u00e7\u00f5es no Sindicato dos Servidores P\u00fablicos Municipais e Os\u00f3rio &#8211; SSPMO\",\"datePublished\":\"2019-09-27T08:36:49+00:00\",\"mainEntityOfPage\":{\"@id\":\"https:\/\/femergs.com.br\/wfe\/blog\/eleicoes-no-sindicato-dos-servidores-publicos-municipais-e-osorio-sspmo\/\"},\"wordCount\":288,\"publisher\":{\"@id\":\"https:\/\/femergs.com.br\/wfe\/#organization\"},\"keywords\":[\"NULL\"],\"articleSection\":[\"ARQUIVADAS\"],\"inLanguage\":\"pt-BR\"},{\"@type\":\"WebPage\",\"@id\":\"https:\/\/femergs.com.br\/wfe\/blog\/eleicoes-no-sindicato-dos-servidores-publicos-municipais-e-osorio-sspmo\/\",\"url\":\"https:\/\/femergs.com.br\/wfe\/blog\/eleicoes-no-sindicato-dos-servidores-publicos-municipais-e-osorio-sspmo\/\",\"name\":\"Elei\u00e7\u00f5es no Sindicato dos Servidores P\u00fablicos Municipais e Os\u00f3rio - SSPMO - Federa\u00e7\u00e3o dos Municip\u00e1rios do Estado do Rio Grande do Sul\",\"isPartOf\":{\"@id\":\"https:\/\/femergs.com.br\/wfe\/#website\"},\"datePublished\":\"2019-09-27T08:36:49+00:00\",\"breadcrumb\":{\"@id\":\"https:\/\/femergs.com.br\/wfe\/blog\/eleicoes-no-sindicato-dos-servidores-publicos-municipais-e-osorio-sspmo\/#breadcrumb\"},\"inLanguage\":\"pt-BR\",\"potentialAction\":[{\"@type\":\"ReadAction\",\"target\":[\"https:\/\/femergs.com.br\/wfe\/blog\/eleicoes-no-sindicato-dos-servidores-publicos-municipais-e-osorio-sspmo\/\"]}]},{\"@type\":\"BreadcrumbList\",\"@id\":\"https:\/\/femergs.com.br\/wfe\/blog\/eleicoes-no-sindicato-dos-servidores-publicos-municipais-e-osorio-sspmo\/#breadcrumb\",\"itemListElement\":[{\"@type\":\"ListItem\",\"position\":1,\"name\":\"In\u00edcio\",\"item\":\"https:\/\/femergs.com.br\/wfe\/\"},{\"@type\":\"ListItem\",\"position\":2,\"name\":\"Elei\u00e7\u00f5es no Sindicato dos Servidores P\u00fablicos Municipais e Os\u00f3rio &#8211; SSPMO\"}]},{\"@type\":\"WebSite\",\"@id\":\"https:\/\/femergs.com.br\/wfe\/#website\",\"url\":\"https:\/\/femergs.com.br\/wfe\/\",\"name\":\"FEMERGS\",\"description\":\"FEDERA\u00c7\u00c3O DOS MUNICIP\u00c1RIOS DO ESTADO DO RIO GRANDE DO SUL\",\"publisher\":{\"@id\":\"https:\/\/femergs.com.br\/wfe\/#organization\"},\"potentialAction\":[{\"@type\":\"SearchAction\",\"target\":{\"@type\":\"EntryPoint\",\"urlTemplate\":\"https:\/\/femergs.com.br\/wfe\/?s={search_term_string}\"},\"query-input\":{\"@type\":\"PropertyValueSpecification\",\"valueRequired\":true,\"valueName\":\"search_term_string\"}}],\"inLanguage\":\"pt-BR\"},{\"@type\":\"Organization\",\"@id\":\"https:\/\/femergs.com.br\/wfe\/#organization\",\"name\":\"FEMERGS\",\"url\":\"https:\/\/femergs.com.br\/wfe\/\",\"logo\":{\"@type\":\"ImageObject\",\"inLanguage\":\"pt-BR\",\"@id\":\"https:\/\/femergs.com.br\/wfe\/#\/schema\/logo\/image\/\",\"url\":\"https:\/\/femergs.com.br\/wfe\/wp-content\/uploads\/2025\/06\/logotipo.png\",\"contentUrl\":\"https:\/\/femergs.com.br\/wfe\/wp-content\/uploads\/2025\/06\/logotipo.png\",\"width\":500,\"height\":500,\"caption\":\"FEMERGS\"},\"image\":{\"@id\":\"https:\/\/femergs.com.br\/wfe\/#\/schema\/logo\/image\/\"},\"sameAs\":[\"https:\/\/www.facebook.com\/profile.php?id=100057151733001\",\"https:\/\/www.instagram.com\/femergs_rs\/\"]},{\"@type\":\"Person\",\"@id\":\"https:\/\/femergs.com.br\/wfe\/#\/schema\/person\/f5558e6b5ffc044ee085016237dedb7f\",\"name\":\"adminfemergs\",\"image\":{\"@type\":\"ImageObject\",\"inLanguage\":\"pt-BR\",\"@id\":\"https:\/\/femergs.com.br\/wfe\/#\/schema\/person\/image\/\",\"url\":\"https:\/\/secure.gravatar.com\/avatar\/398642fa557cdd524617ad9b31c938845f071aeb3448b9c0aeb29aefc495337b?s=96&d=mm&r=g\",\"contentUrl\":\"https:\/\/secure.gravatar.com\/avatar\/398642fa557cdd524617ad9b31c938845f071aeb3448b9c0aeb29aefc495337b?s=96&d=mm&r=g\",\"caption\":\"adminfemergs\"},\"sameAs\":[\"https:\/\/femergs.com.br\/wfe\"],\"url\":\"https:\/\/femergs.com.br\/wfe\/blog\/author\/adminfemergs\/\"}]}<\/script>\n<!-- \/ Yoast SEO plugin. -->","yoast_head_json":{"title":"Elei\u00e7\u00f5es no Sindicato dos Servidores P\u00fablicos Municipais e Os\u00f3rio - SSPMO - Federa\u00e7\u00e3o dos Municip\u00e1rios do Estado do Rio Grande do Sul","robots":{"index":"index","follow":"follow","max-snippet":"max-snippet:-1","max-image-preview":"max-image-preview:large","max-video-preview":"max-video-preview:-1"},"canonical":"https:\/\/femergs.com.br\/wfe\/blog\/eleicoes-no-sindicato-dos-servidores-publicos-municipais-e-osorio-sspmo\/","og_locale":"pt_BR","og_type":"article","og_title":"Elei\u00e7\u00f5es no Sindicato dos Servidores P\u00fablicos Municipais e Os\u00f3rio - SSPMO - Federa\u00e7\u00e3o dos Municip\u00e1rios do Estado do Rio Grande do Sul","og_description":"Na ter\u00e7a-feira, dia 24 de setembro de 2019, ocorreram as elei\u00e7\u00f5es para renova\u00e7\u00e3o da diretoria e conselho fiscal do Sindicato dos Servidores P\u00fablicos Municipais de Os\u00f3rio &#8211; SSPMO. Concorreram duas chapas, a Chapa 01 com Maria Teresinha de Freitas como candidata a Presidente e a Chapa 02 com Alexandre Pereira Rodrigues. O Secret\u00e1rio Geral da [&hellip;]","og_url":"https:\/\/femergs.com.br\/wfe\/blog\/eleicoes-no-sindicato-dos-servidores-publicos-municipais-e-osorio-sspmo\/","og_site_name":"Federa\u00e7\u00e3o dos Municip\u00e1rios do Estado do Rio Grande do Sul","article_publisher":"https:\/\/www.facebook.com\/profile.php?id=100057151733001","article_published_time":"2019-09-27T08:36:49+00:00","author":"adminfemergs","twitter_card":"summary_large_image","twitter_misc":{"Escrito por":"adminfemergs","Est. tempo de leitura":"1 minuto"},"schema":{"@context":"https:\/\/schema.org","@graph":[{"@type":"Article","@id":"https:\/\/femergs.com.br\/wfe\/blog\/eleicoes-no-sindicato-dos-servidores-publicos-municipais-e-osorio-sspmo\/#article","isPartOf":{"@id":"https:\/\/femergs.com.br\/wfe\/blog\/eleicoes-no-sindicato-dos-servidores-publicos-municipais-e-osorio-sspmo\/"},"author":{"name":"adminfemergs","@id":"https:\/\/femergs.com.br\/wfe\/#\/schema\/person\/f5558e6b5ffc044ee085016237dedb7f"},"headline":"Elei\u00e7\u00f5es no Sindicato dos Servidores P\u00fablicos Municipais e Os\u00f3rio &#8211; SSPMO","datePublished":"2019-09-27T08:36:49+00:00","mainEntityOfPage":{"@id":"https:\/\/femergs.com.br\/wfe\/blog\/eleicoes-no-sindicato-dos-servidores-publicos-municipais-e-osorio-sspmo\/"},"wordCount":288,"publisher":{"@id":"https:\/\/femergs.com.br\/wfe\/#organization"},"keywords":["NULL"],"articleSection":["ARQUIVADAS"],"inLanguage":"pt-BR"},{"@type":"WebPage","@id":"https:\/\/femergs.com.br\/wfe\/blog\/eleicoes-no-sindicato-dos-servidores-publicos-municipais-e-osorio-sspmo\/","url":"https:\/\/femergs.com.br\/wfe\/blog\/eleicoes-no-sindicato-dos-servidores-publicos-municipais-e-osorio-sspmo\/","name":"Elei\u00e7\u00f5es no Sindicato dos Servidores P\u00fablicos Municipais e Os\u00f3rio - SSPMO - Federa\u00e7\u00e3o dos Municip\u00e1rios do Estado do Rio Grande do Sul","isPartOf":{"@id":"https:\/\/femergs.com.br\/wfe\/#website"},"datePublished":"2019-09-27T08:36:49+00:00","breadcrumb":{"@id":"https:\/\/femergs.com.br\/wfe\/blog\/eleicoes-no-sindicato-dos-servidores-publicos-municipais-e-osorio-sspmo\/#breadcrumb"},"inLanguage":"pt-BR","potentialAction":[{"@type":"ReadAction","target":["https:\/\/femergs.com.br\/wfe\/blog\/eleicoes-no-sindicato-dos-servidores-publicos-municipais-e-osorio-sspmo\/"]}]},{"@type":"BreadcrumbList","@id":"https:\/\/femergs.com.br\/wfe\/blog\/eleicoes-no-sindicato-dos-servidores-publicos-municipais-e-osorio-sspmo\/#breadcrumb","itemListElement":[{"@type":"ListItem","position":1,"name":"In\u00edcio","item":"https:\/\/femergs.com.br\/wfe\/"},{"@type":"ListItem","position":2,"name":"Elei\u00e7\u00f5es no Sindicato dos Servidores P\u00fablicos Municipais e Os\u00f3rio &#8211; SSPMO"}]},{"@type":"WebSite","@id":"https:\/\/femergs.com.br\/wfe\/#website","url":"https:\/\/femergs.com.br\/wfe\/","name":"FEMERGS","description":"FEDERA\u00c7\u00c3O DOS MUNICIP\u00c1RIOS DO ESTADO DO RIO GRANDE DO SUL","publisher":{"@id":"https:\/\/femergs.com.br\/wfe\/#organization"},"potentialAction":[{"@type":"SearchAction","target":{"@type":"EntryPoint","urlTemplate":"https:\/\/femergs.com.br\/wfe\/?s={search_term_string}"},"query-input":{"@type":"PropertyValueSpecification","valueRequired":true,"valueName":"search_term_string"}}],"inLanguage":"pt-BR"},{"@type":"Organization","@id":"https:\/\/femergs.com.br\/wfe\/#organization","name":"FEMERGS","url":"https:\/\/femergs.com.br\/wfe\/","logo":{"@type":"ImageObject","inLanguage":"pt-BR","@id":"https:\/\/femergs.com.br\/wfe\/#\/schema\/logo\/image\/","url":"https:\/\/femergs.com.br\/wfe\/wp-content\/uploads\/2025\/06\/logotipo.png","contentUrl":"https:\/\/femergs.com.br\/wfe\/wp-content\/uploads\/2025\/06\/logotipo.png","width":500,"height":500,"caption":"FEMERGS"},"image":{"@id":"https:\/\/femergs.com.br\/wfe\/#\/schema\/logo\/image\/"},"sameAs":["https:\/\/www.facebook.com\/profile.php?id=100057151733001","https:\/\/www.instagram.com\/femergs_rs\/"]},{"@type":"Person","@id":"https:\/\/femergs.com.br\/wfe\/#\/schema\/person\/f5558e6b5ffc044ee085016237dedb7f","name":"adminfemergs","image":{"@type":"ImageObject","inLanguage":"pt-BR","@id":"https:\/\/femergs.com.br\/wfe\/#\/schema\/person\/image\/","url":"https:\/\/secure.gravatar.com\/avatar\/398642fa557cdd524617ad9b31c938845f071aeb3448b9c0aeb29aefc495337b?s=96&d=mm&r=g","contentUrl":"https:\/\/secure.gravatar.com\/avatar\/398642fa557cdd524617ad9b31c938845f071aeb3448b9c0aeb29aefc495337b?s=96&d=mm&r=g","caption":"adminfemergs"},"sameAs":["https:\/\/femergs.com.br\/wfe"],"url":"https:\/\/femergs.com.br\/wfe\/blog\/author\/adminfemergs\/"}]}},"uagb_featured_image_src":{"full":false,"thumbnail":false,"medium":false,"medium_large":false,"large":false,"1536x1536":false,"2048x2048":false,"ultp_layout_landscape_large":false,"ultp_layout_landscape":false,"ultp_layout_portrait":false,"ultp_layout_square":false},"uagb_author_info":{"display_name":"adminfemergs","author_link":"https:\/\/femergs.com.br\/wfe\/blog\/author\/adminfemergs\/"},"uagb_comment_info":0,"uagb_excerpt":"Na ter\u00e7a-feira, dia 24 de setembro de 2019, ocorreram as elei\u00e7\u00f5es para renova\u00e7\u00e3o da diretoria e conselho fiscal do Sindicato dos Servidores P\u00fablicos Municipais de Os\u00f3rio &#8211; SSPMO. Concorreram duas chapas, a Chapa 01 com Maria Teresinha de Freitas como candidata a Presidente e a Chapa 02 com Alexandre Pereira Rodrigues. O Secret\u00e1rio Geral da&hellip;","_links":{"self":[{"href":"https:\/\/femergs.com.br\/wfe\/wp-json\/wp\/v2\/posts\/1204","targetHints":{"allow":["GET"]}}],"collection":[{"href":"https:\/\/femergs.com.br\/wfe\/wp-json\/wp\/v2\/posts"}],"about":[{"href":"https:\/\/femergs.com.br\/wfe\/wp-json\/wp\/v2\/types\/post"}],"author":[{"embeddable":true,"href":"https:\/\/femergs.com.br\/wfe\/wp-json\/wp\/v2\/users\/1"}],"replies":[{"embeddable":true,"href":"https:\/\/femergs.com.br\/wfe\/wp-json\/wp\/v2\/comments?post=1204"}],"version-history":[{"count":0,"href":"https:\/\/femergs.com.br\/wfe\/wp-json\/wp\/v2\/posts\/1204\/revisions"}],"wp:attachment":[{"href":"https:\/\/femergs.com.br\/wfe\/wp-json\/wp\/v2\/media?parent=1204"}],"wp:term":[{"taxonomy":"category","embeddable":true,"href":"https:\/\/femergs.com.br\/wfe\/wp-json\/wp\/v2\/categories?post=1204"},{"taxonomy":"post_tag","embeddable":true,"href":"https:\/\/femergs.com.br\/wfe\/wp-json\/wp\/v2\/tags?post=1204"}],"curies":[{"name":"wp","href":"https:\/\/api.w.org\/{rel}","templated":true}]}}