{"id":1206,"date":"2019-10-04T09:09:40","date_gmt":"2019-10-04T09:09:40","guid":{"rendered":"https:\/\/femergs.com.br\/wfe\/blog\/escola-de-educacao-coorporativa-da-csb-rs-curso-de-formacao-em-gestao-sindical\/"},"modified":"2019-10-04T09:09:40","modified_gmt":"2019-10-04T09:09:40","slug":"escola-de-educacao-coorporativa-da-csb-rs-curso-de-formacao-em-gestao-sindical","status":"publish","type":"post","link":"https:\/\/femergs.com.br\/wfe\/blog\/escola-de-educacao-coorporativa-da-csb-rs-curso-de-formacao-em-gestao-sindical\/","title":{"rendered":"Escola de Educa\u00e7\u00e3o Coorporativa da CSB\/RS &#8211; Curso de Forma\u00e7\u00e3o em Gest\u00e3o Sindical"},"content":{"rendered":"<p>\nNo dia de hoje, 04, acontece a Escola de Forma\u00e7\u00e3o Cooperativa da CSB\/RS, em Porto Alegre, na sede da FETICOM, tendo como programa\u00e7\u00e3o:<\/p>\n<p><strong>Abertura (09h \u2013 09h30min) <\/strong>&#8211; Composi\u00e7\u00e3o da Mesa: Sergio Arnoud, Federico D\u2019\u00c1vila, Vilson Jo\u00e3o Weber, M\u00e1rcia Trindade, Jos\u00e9 Sirlon e Eliane Comin de Moura.<br \/>\n&#8211; Apresenta\u00e7\u00e3o da Escola de Educa\u00e7\u00e3o Corporativa da CSB\/RS:<br \/>\n&#8211; Maximilian da Rocha Gomes: Diretor do Departamento MERCOSUL da FESSERGS e Secret\u00e1rio de Forma\u00e7\u00e3o Sindical da CSB\/RS.<br \/>\n&#8211; Jefferson Otto: Diretor de Assuntos Institucionais da FEGASP e Secret\u00e1rio da Cultura da CSB\/RS.<\/p>\n<p><strong>M\u00f3dulo 1 (9h30 \u2013 11h): Aspectos gerais sobre a Gest\u00e3o e Sustentabilidade Sindical<\/strong><br \/>\n&#8211; Luciano dos Santos, Professor Graduado, com P\u00f3s-Gradua\u00e7\u00e3o em Gest\u00e3o. Diretor de Forma\u00e7\u00e3o e Pol\u00edtica Sindical do Sindicato dos Municip\u00e1rios de Sapiranga \u2013 SISMUS, Secret\u00e1rio Geral da FEMERGS, Secret\u00e1rio Geral da CSB\/RS e Secret\u00e1rio Geral da ASGABE.<br \/>\n&#8211; Francisco Almeida, Assessor Jur\u00eddico da CSB\/RS. &#8211; Sergio Arnoud, Presidente Estadual da CSB\/RS e Presidente da FESSERGS.<br \/>\n&#8211; Mediadora: M\u00e1rcia Trindade \u2013 Presidente do SINDISSAMA e Secret\u00e1ria Geral da FESSERGS.<\/p>\n<p><strong>M\u00f3dulo 2 (11h \u2013 12h30min): Comunica\u00e7\u00e3o Sindical: uso das redes sociais <\/strong><br \/>\n&#8211; Tatiana Santos Arnoud Danieli, Formada em Jornalismo, com MBA em Jornalismo Empresarial e especializa\u00e7\u00e3o em Marketing Pol\u00edtico. Jornalista respons\u00e1vel pelas assessorias de comunica\u00e7\u00e3o da CSB\/RS, FESSERGS e SINDIPE.<br \/>\n&#8211; Marcos Correa, Diretor de Comunica\u00e7\u00e3o AMAPERGS SINDICATO, Diretor de Comunica\u00e7\u00e3o da CSB\/RS e Diretor de Rela\u00e7\u00f5es Internacionais da FESSERGS.<br \/>\n&#8211; Alessandro Rodrigues, Secret\u00e1rio Nacional de Comunica\u00e7\u00e3o da CSB. &#8211; Mediador: Vilson Jo\u00e3o Weber, Vice-Presidente da CSB\/RS e Presidente da FEMERGS.<\/p>\n<p><strong>M\u00f3dulo 3 (13h45min \u2013 15h15min): An\u00e1lise sobre o contexto S\u00f3cio-pol\u00edtico Nacional e Internacional<\/strong><br \/>\n&#8211; Ant\u00f4nio Neto, Presidente Nacional da CSB. &#8211; Federico D&#8217;\u00c1vila, Dirigente da CGT da Argentina e da ISP\/Argentina.<br \/>\n&#8211; Mediador: Sergio Arnoud, Presidente Estadual da CSB\/RS e Presidente da FESSERGS.<\/p>\n<p><strong>M\u00f3dulo 4 (15h15min \u2013 16h30min): Gest\u00e3o Administrativa e Financeira: software de gerenciamento<\/strong><br \/>\n&#8211; H\u00e9derson Cassimiro, CEO na HiGestor. Formado em Administra\u00e7\u00e3o de Empresas, com MBA em Gerenciamento de Projetos. Diretor de Tecnologia da ACIBALC e Conselheiro da CREDIFOZ.<br \/>\n&#8211; Mediadora: Terezinha Arnoud, Presidente do SINDIGERAL e da COOPSERGS.<\/p>\n<p><strong>M\u00f3dulo 5: Negocia\u00e7\u00e3o Coletiva (17h \u2013 19h): Teoria e Pr\u00e1tica <\/strong><br \/>\n&#8211; Federico D&#8217;\u00c1vila, Dirigente da CGT da Argentina e da ISP\/Argentina.<br \/>\n&#8211; Sergio Arnoud, Presidente Estadual da CSB\/RS e Presidente da FESSERGS.<br \/>\n&#8211; Mediadora: \u00c2ngela Quadros, Presidente do SINDICIVIS e Diretora Previdenci\u00e1ria da FESSERGS.<\/p>\n<p>\nO encontro marca a formaliza\u00e7\u00e3o da Escola de Educa\u00e7\u00e3o Coorporativa da CSB\/RS, sendo este o 1\u00ba m\u00f3dulo, em que compromisso moment\u00e2neo \u00e9 o compromisso com os trabalhadores a qual representamos acima das lutas pessoais e de cunho pol\u00edtico-partid\u00e1rio.<\/p>\n<p>A forma\u00e7\u00e3o dos nossos dirigentes, com uma capacita\u00e7\u00e3o atualizada e com uma leitura do mundo, promove uma gest\u00e3o de sindicatos com uma compreens\u00e3o do momento politico que atravessamos e lutamos diariamente, tendo que se manter e se inserir num contexto maior e que trar\u00e1 consequ\u00eancias se enfrentar ou n\u00e3o!<\/p>\n<p>A FEMERGS em convite para todos os diretores e coordenadores, se faz presente para estar inserido e buscando as novidades e atualidades do movimento sindical, sendo um dia de forma\u00e7\u00e3o com muita intensidade e comprometimento.<\/p>\n<p><u><strong>O EVENTO<\/strong><\/u><\/p>\n<div style=\"text-align:justify\">O Presidente Nacional da Central dos Sindicatos Brasileiros \u2013 CSB, Antonio Neto, faz destaque para \u201ca negocia\u00e7\u00e3o coletiva que ser\u00e1 feita pela Escola de Forma\u00e7\u00e3o, essa negocia\u00e7\u00e3o \u00e9 necess\u00e1ria e urgente. Outra quest\u00e3o que \u00e9 importante refor\u00e7ar s\u00e3o as forma\u00e7\u00f5es que hoje existem nas universidades ou escolas de forma\u00e7\u00f5es j\u00e1 existentes trazem a vis\u00e3o do patr\u00e3o, da elite, sendo essa a necessidade sentida pela CSB, criar uma Escola de Forma\u00e7\u00e3o que busca na base, busca quem sabe e quem vive no dia a dia o sindicalismo.\u201d<\/p>\n<p>\nJ\u00e1 o Presidente Estadual Sergio Arnoud ressalta a import\u00e2ncia da forma\u00e7\u00e3o de sindicalistas setor p\u00fablico e do privado. Com essa busca de informa\u00e7\u00f5es buscasse \u00e0 ideia do trabalhador e n\u00e3o do \u201clucro\u201d. Sergio destaca que at\u00e9 2030 ir\u00e1 sobreviver somente 30% dos sindicatos, segundo dados do OIT. Construir o movimento de forma auto sustent\u00e1vel, para ent\u00e3o sobreviver e ter sucesso!\u201d\u2019<\/p>\n<p> O Presidente Vilson Jo\u00e3o Weber, presidente da FEMERGS e Vice-Presidente da CSB, ressalta que \u201ceste espa\u00e7o de debate e forma\u00e7\u00e3o \u00e9 importante para resgatar as bases, a historicidade, da solidariedade e da vis\u00e3o de classe trabalhadora. Neste cabo de guerra, na mais importante que o respeito a autonomia e liberdade das entidades sindicais.\u201d\n <\/div>\n","protected":false},"excerpt":{"rendered":"<p>No dia de hoje, 04, acontece a Escola de Forma\u00e7\u00e3o Cooperativa da CSB\/RS, em Porto Alegre, na sede da FETICOM, tendo como programa\u00e7\u00e3o: Abertura (09h \u2013 09h30min) &#8211; Composi\u00e7\u00e3o da Mesa: Sergio Arnoud, Federico D\u2019\u00c1vila, Vilson Jo\u00e3o Weber, M\u00e1rcia Trindade, Jos\u00e9 Sirlon e Eliane Comin de Moura. &#8211; Apresenta\u00e7\u00e3o da Escola de Educa\u00e7\u00e3o Corporativa da [&hellip;]<\/p>\n","protected":false},"author":1,"featured_media":0,"comment_status":"closed","ping_status":"closed","sticky":false,"template":"","format":"standard","meta":{"_eb_attr":"","_uag_custom_page_level_css":"","fifu_image_url":"","fifu_image_alt":"","footnotes":""},"categories":[1],"tags":[32],"class_list":["post-1206","post","type-post","status-publish","format-standard","hentry","category-arquivadas","tag-null"],"yoast_head":"<!-- This site is optimized with the Yoast SEO plugin v27.1.1 - https:\/\/yoast.com\/product\/yoast-seo-wordpress\/ -->\n<title>Escola de Educa\u00e7\u00e3o Coorporativa da CSB\/RS - Curso de Forma\u00e7\u00e3o em Gest\u00e3o Sindical - Federa\u00e7\u00e3o dos Municip\u00e1rios do Estado do Rio Grande do Sul<\/title>\n<meta name=\"robots\" content=\"index, follow, max-snippet:-1, max-image-preview:large, max-video-preview:-1\" \/>\n<link rel=\"canonical\" href=\"https:\/\/femergs.com.br\/wfe\/blog\/escola-de-educacao-coorporativa-da-csb-rs-curso-de-formacao-em-gestao-sindical\/\" \/>\n<meta property=\"og:locale\" content=\"pt_BR\" \/>\n<meta property=\"og:type\" content=\"article\" \/>\n<meta property=\"og:title\" content=\"Escola de Educa\u00e7\u00e3o Coorporativa da CSB\/RS - Curso de Forma\u00e7\u00e3o em Gest\u00e3o Sindical - Federa\u00e7\u00e3o dos Municip\u00e1rios do Estado do Rio Grande do Sul\" \/>\n<meta property=\"og:description\" content=\"No dia de hoje, 04, acontece a Escola de Forma\u00e7\u00e3o Cooperativa da CSB\/RS, em Porto Alegre, na sede da FETICOM, tendo como programa\u00e7\u00e3o: Abertura (09h \u2013 09h30min) &#8211; Composi\u00e7\u00e3o da Mesa: Sergio Arnoud, Federico D\u2019\u00c1vila, Vilson Jo\u00e3o Weber, M\u00e1rcia Trindade, Jos\u00e9 Sirlon e Eliane Comin de Moura. &#8211; Apresenta\u00e7\u00e3o da Escola de Educa\u00e7\u00e3o Corporativa da [&hellip;]\" \/>\n<meta property=\"og:url\" content=\"https:\/\/femergs.com.br\/wfe\/blog\/escola-de-educacao-coorporativa-da-csb-rs-curso-de-formacao-em-gestao-sindical\/\" \/>\n<meta property=\"og:site_name\" content=\"Federa\u00e7\u00e3o dos Municip\u00e1rios do Estado do Rio Grande do Sul\" \/>\n<meta property=\"article:publisher\" content=\"https:\/\/www.facebook.com\/profile.php?id=100057151733001\" \/>\n<meta property=\"article:published_time\" content=\"2019-10-04T09:09:40+00:00\" \/>\n<meta name=\"author\" content=\"adminfemergs\" \/>\n<meta name=\"twitter:card\" content=\"summary_large_image\" \/>\n<meta name=\"twitter:label1\" content=\"Escrito por\" \/>\n\t<meta name=\"twitter:data1\" content=\"adminfemergs\" \/>\n\t<meta name=\"twitter:label2\" content=\"Est. tempo de leitura\" \/>\n\t<meta name=\"twitter:data2\" content=\"4 minutos\" \/>\n<script type=\"application\/ld+json\" class=\"yoast-schema-graph\">{\"@context\":\"https:\/\/schema.org\",\"@graph\":[{\"@type\":\"Article\",\"@id\":\"https:\/\/femergs.com.br\/wfe\/blog\/escola-de-educacao-coorporativa-da-csb-rs-curso-de-formacao-em-gestao-sindical\/#article\",\"isPartOf\":{\"@id\":\"https:\/\/femergs.com.br\/wfe\/blog\/escola-de-educacao-coorporativa-da-csb-rs-curso-de-formacao-em-gestao-sindical\/\"},\"author\":{\"name\":\"adminfemergs\",\"@id\":\"https:\/\/femergs.com.br\/wfe\/#\/schema\/person\/f5558e6b5ffc044ee085016237dedb7f\"},\"headline\":\"Escola de Educa\u00e7\u00e3o Coorporativa da CSB\/RS &#8211; Curso de Forma\u00e7\u00e3o em Gest\u00e3o Sindical\",\"datePublished\":\"2019-10-04T09:09:40+00:00\",\"mainEntityOfPage\":{\"@id\":\"https:\/\/femergs.com.br\/wfe\/blog\/escola-de-educacao-coorporativa-da-csb-rs-curso-de-formacao-em-gestao-sindical\/\"},\"wordCount\":812,\"publisher\":{\"@id\":\"https:\/\/femergs.com.br\/wfe\/#organization\"},\"keywords\":[\"NULL\"],\"articleSection\":[\"ARQUIVADAS\"],\"inLanguage\":\"pt-BR\"},{\"@type\":\"WebPage\",\"@id\":\"https:\/\/femergs.com.br\/wfe\/blog\/escola-de-educacao-coorporativa-da-csb-rs-curso-de-formacao-em-gestao-sindical\/\",\"url\":\"https:\/\/femergs.com.br\/wfe\/blog\/escola-de-educacao-coorporativa-da-csb-rs-curso-de-formacao-em-gestao-sindical\/\",\"name\":\"Escola de Educa\u00e7\u00e3o Coorporativa da CSB\/RS - Curso de Forma\u00e7\u00e3o em Gest\u00e3o Sindical - Federa\u00e7\u00e3o dos Municip\u00e1rios do Estado do Rio Grande do Sul\",\"isPartOf\":{\"@id\":\"https:\/\/femergs.com.br\/wfe\/#website\"},\"datePublished\":\"2019-10-04T09:09:40+00:00\",\"breadcrumb\":{\"@id\":\"https:\/\/femergs.com.br\/wfe\/blog\/escola-de-educacao-coorporativa-da-csb-rs-curso-de-formacao-em-gestao-sindical\/#breadcrumb\"},\"inLanguage\":\"pt-BR\",\"potentialAction\":[{\"@type\":\"ReadAction\",\"target\":[\"https:\/\/femergs.com.br\/wfe\/blog\/escola-de-educacao-coorporativa-da-csb-rs-curso-de-formacao-em-gestao-sindical\/\"]}]},{\"@type\":\"BreadcrumbList\",\"@id\":\"https:\/\/femergs.com.br\/wfe\/blog\/escola-de-educacao-coorporativa-da-csb-rs-curso-de-formacao-em-gestao-sindical\/#breadcrumb\",\"itemListElement\":[{\"@type\":\"ListItem\",\"position\":1,\"name\":\"In\u00edcio\",\"item\":\"https:\/\/femergs.com.br\/wfe\/\"},{\"@type\":\"ListItem\",\"position\":2,\"name\":\"Escola de Educa\u00e7\u00e3o Coorporativa da CSB\/RS &#8211; Curso de Forma\u00e7\u00e3o em Gest\u00e3o Sindical\"}]},{\"@type\":\"WebSite\",\"@id\":\"https:\/\/femergs.com.br\/wfe\/#website\",\"url\":\"https:\/\/femergs.com.br\/wfe\/\",\"name\":\"FEMERGS\",\"description\":\"FEDERA\u00c7\u00c3O DOS MUNICIP\u00c1RIOS DO ESTADO DO RIO GRANDE DO SUL\",\"publisher\":{\"@id\":\"https:\/\/femergs.com.br\/wfe\/#organization\"},\"potentialAction\":[{\"@type\":\"SearchAction\",\"target\":{\"@type\":\"EntryPoint\",\"urlTemplate\":\"https:\/\/femergs.com.br\/wfe\/?s={search_term_string}\"},\"query-input\":{\"@type\":\"PropertyValueSpecification\",\"valueRequired\":true,\"valueName\":\"search_term_string\"}}],\"inLanguage\":\"pt-BR\"},{\"@type\":\"Organization\",\"@id\":\"https:\/\/femergs.com.br\/wfe\/#organization\",\"name\":\"FEMERGS\",\"url\":\"https:\/\/femergs.com.br\/wfe\/\",\"logo\":{\"@type\":\"ImageObject\",\"inLanguage\":\"pt-BR\",\"@id\":\"https:\/\/femergs.com.br\/wfe\/#\/schema\/logo\/image\/\",\"url\":\"https:\/\/femergs.com.br\/wfe\/wp-content\/uploads\/2025\/06\/logotipo.png\",\"contentUrl\":\"https:\/\/femergs.com.br\/wfe\/wp-content\/uploads\/2025\/06\/logotipo.png\",\"width\":500,\"height\":500,\"caption\":\"FEMERGS\"},\"image\":{\"@id\":\"https:\/\/femergs.com.br\/wfe\/#\/schema\/logo\/image\/\"},\"sameAs\":[\"https:\/\/www.facebook.com\/profile.php?id=100057151733001\",\"https:\/\/www.instagram.com\/femergs_rs\/\"]},{\"@type\":\"Person\",\"@id\":\"https:\/\/femergs.com.br\/wfe\/#\/schema\/person\/f5558e6b5ffc044ee085016237dedb7f\",\"name\":\"adminfemergs\",\"image\":{\"@type\":\"ImageObject\",\"inLanguage\":\"pt-BR\",\"@id\":\"https:\/\/femergs.com.br\/wfe\/#\/schema\/person\/image\/\",\"url\":\"https:\/\/secure.gravatar.com\/avatar\/398642fa557cdd524617ad9b31c938845f071aeb3448b9c0aeb29aefc495337b?s=96&d=mm&r=g\",\"contentUrl\":\"https:\/\/secure.gravatar.com\/avatar\/398642fa557cdd524617ad9b31c938845f071aeb3448b9c0aeb29aefc495337b?s=96&d=mm&r=g\",\"caption\":\"adminfemergs\"},\"sameAs\":[\"https:\/\/femergs.com.br\/wfe\"],\"url\":\"https:\/\/femergs.com.br\/wfe\/blog\/author\/adminfemergs\/\"}]}<\/script>\n<!-- \/ Yoast SEO plugin. -->","yoast_head_json":{"title":"Escola de Educa\u00e7\u00e3o Coorporativa da CSB\/RS - Curso de Forma\u00e7\u00e3o em Gest\u00e3o Sindical - Federa\u00e7\u00e3o dos Municip\u00e1rios do Estado do Rio Grande do Sul","robots":{"index":"index","follow":"follow","max-snippet":"max-snippet:-1","max-image-preview":"max-image-preview:large","max-video-preview":"max-video-preview:-1"},"canonical":"https:\/\/femergs.com.br\/wfe\/blog\/escola-de-educacao-coorporativa-da-csb-rs-curso-de-formacao-em-gestao-sindical\/","og_locale":"pt_BR","og_type":"article","og_title":"Escola de Educa\u00e7\u00e3o Coorporativa da CSB\/RS - Curso de Forma\u00e7\u00e3o em Gest\u00e3o Sindical - Federa\u00e7\u00e3o dos Municip\u00e1rios do Estado do Rio Grande do Sul","og_description":"No dia de hoje, 04, acontece a Escola de Forma\u00e7\u00e3o Cooperativa da CSB\/RS, em Porto Alegre, na sede da FETICOM, tendo como programa\u00e7\u00e3o: Abertura (09h \u2013 09h30min) &#8211; Composi\u00e7\u00e3o da Mesa: Sergio Arnoud, Federico D\u2019\u00c1vila, Vilson Jo\u00e3o Weber, M\u00e1rcia Trindade, Jos\u00e9 Sirlon e Eliane Comin de Moura. &#8211; Apresenta\u00e7\u00e3o da Escola de Educa\u00e7\u00e3o Corporativa da [&hellip;]","og_url":"https:\/\/femergs.com.br\/wfe\/blog\/escola-de-educacao-coorporativa-da-csb-rs-curso-de-formacao-em-gestao-sindical\/","og_site_name":"Federa\u00e7\u00e3o dos Municip\u00e1rios do Estado do Rio Grande do Sul","article_publisher":"https:\/\/www.facebook.com\/profile.php?id=100057151733001","article_published_time":"2019-10-04T09:09:40+00:00","author":"adminfemergs","twitter_card":"summary_large_image","twitter_misc":{"Escrito por":"adminfemergs","Est. tempo de leitura":"4 minutos"},"schema":{"@context":"https:\/\/schema.org","@graph":[{"@type":"Article","@id":"https:\/\/femergs.com.br\/wfe\/blog\/escola-de-educacao-coorporativa-da-csb-rs-curso-de-formacao-em-gestao-sindical\/#article","isPartOf":{"@id":"https:\/\/femergs.com.br\/wfe\/blog\/escola-de-educacao-coorporativa-da-csb-rs-curso-de-formacao-em-gestao-sindical\/"},"author":{"name":"adminfemergs","@id":"https:\/\/femergs.com.br\/wfe\/#\/schema\/person\/f5558e6b5ffc044ee085016237dedb7f"},"headline":"Escola de Educa\u00e7\u00e3o Coorporativa da CSB\/RS &#8211; Curso de Forma\u00e7\u00e3o em Gest\u00e3o Sindical","datePublished":"2019-10-04T09:09:40+00:00","mainEntityOfPage":{"@id":"https:\/\/femergs.com.br\/wfe\/blog\/escola-de-educacao-coorporativa-da-csb-rs-curso-de-formacao-em-gestao-sindical\/"},"wordCount":812,"publisher":{"@id":"https:\/\/femergs.com.br\/wfe\/#organization"},"keywords":["NULL"],"articleSection":["ARQUIVADAS"],"inLanguage":"pt-BR"},{"@type":"WebPage","@id":"https:\/\/femergs.com.br\/wfe\/blog\/escola-de-educacao-coorporativa-da-csb-rs-curso-de-formacao-em-gestao-sindical\/","url":"https:\/\/femergs.com.br\/wfe\/blog\/escola-de-educacao-coorporativa-da-csb-rs-curso-de-formacao-em-gestao-sindical\/","name":"Escola de Educa\u00e7\u00e3o Coorporativa da CSB\/RS - Curso de Forma\u00e7\u00e3o em Gest\u00e3o Sindical - Federa\u00e7\u00e3o dos Municip\u00e1rios do Estado do Rio Grande do Sul","isPartOf":{"@id":"https:\/\/femergs.com.br\/wfe\/#website"},"datePublished":"2019-10-04T09:09:40+00:00","breadcrumb":{"@id":"https:\/\/femergs.com.br\/wfe\/blog\/escola-de-educacao-coorporativa-da-csb-rs-curso-de-formacao-em-gestao-sindical\/#breadcrumb"},"inLanguage":"pt-BR","potentialAction":[{"@type":"ReadAction","target":["https:\/\/femergs.com.br\/wfe\/blog\/escola-de-educacao-coorporativa-da-csb-rs-curso-de-formacao-em-gestao-sindical\/"]}]},{"@type":"BreadcrumbList","@id":"https:\/\/femergs.com.br\/wfe\/blog\/escola-de-educacao-coorporativa-da-csb-rs-curso-de-formacao-em-gestao-sindical\/#breadcrumb","itemListElement":[{"@type":"ListItem","position":1,"name":"In\u00edcio","item":"https:\/\/femergs.com.br\/wfe\/"},{"@type":"ListItem","position":2,"name":"Escola de Educa\u00e7\u00e3o Coorporativa da CSB\/RS &#8211; Curso de Forma\u00e7\u00e3o em Gest\u00e3o Sindical"}]},{"@type":"WebSite","@id":"https:\/\/femergs.com.br\/wfe\/#website","url":"https:\/\/femergs.com.br\/wfe\/","name":"FEMERGS","description":"FEDERA\u00c7\u00c3O DOS MUNICIP\u00c1RIOS DO ESTADO DO RIO GRANDE DO SUL","publisher":{"@id":"https:\/\/femergs.com.br\/wfe\/#organization"},"potentialAction":[{"@type":"SearchAction","target":{"@type":"EntryPoint","urlTemplate":"https:\/\/femergs.com.br\/wfe\/?s={search_term_string}"},"query-input":{"@type":"PropertyValueSpecification","valueRequired":true,"valueName":"search_term_string"}}],"inLanguage":"pt-BR"},{"@type":"Organization","@id":"https:\/\/femergs.com.br\/wfe\/#organization","name":"FEMERGS","url":"https:\/\/femergs.com.br\/wfe\/","logo":{"@type":"ImageObject","inLanguage":"pt-BR","@id":"https:\/\/femergs.com.br\/wfe\/#\/schema\/logo\/image\/","url":"https:\/\/femergs.com.br\/wfe\/wp-content\/uploads\/2025\/06\/logotipo.png","contentUrl":"https:\/\/femergs.com.br\/wfe\/wp-content\/uploads\/2025\/06\/logotipo.png","width":500,"height":500,"caption":"FEMERGS"},"image":{"@id":"https:\/\/femergs.com.br\/wfe\/#\/schema\/logo\/image\/"},"sameAs":["https:\/\/www.facebook.com\/profile.php?id=100057151733001","https:\/\/www.instagram.com\/femergs_rs\/"]},{"@type":"Person","@id":"https:\/\/femergs.com.br\/wfe\/#\/schema\/person\/f5558e6b5ffc044ee085016237dedb7f","name":"adminfemergs","image":{"@type":"ImageObject","inLanguage":"pt-BR","@id":"https:\/\/femergs.com.br\/wfe\/#\/schema\/person\/image\/","url":"https:\/\/secure.gravatar.com\/avatar\/398642fa557cdd524617ad9b31c938845f071aeb3448b9c0aeb29aefc495337b?s=96&d=mm&r=g","contentUrl":"https:\/\/secure.gravatar.com\/avatar\/398642fa557cdd524617ad9b31c938845f071aeb3448b9c0aeb29aefc495337b?s=96&d=mm&r=g","caption":"adminfemergs"},"sameAs":["https:\/\/femergs.com.br\/wfe"],"url":"https:\/\/femergs.com.br\/wfe\/blog\/author\/adminfemergs\/"}]}},"uagb_featured_image_src":{"full":false,"thumbnail":false,"medium":false,"medium_large":false,"large":false,"1536x1536":false,"2048x2048":false,"ultp_layout_landscape_large":false,"ultp_layout_landscape":false,"ultp_layout_portrait":false,"ultp_layout_square":false},"uagb_author_info":{"display_name":"adminfemergs","author_link":"https:\/\/femergs.com.br\/wfe\/blog\/author\/adminfemergs\/"},"uagb_comment_info":0,"uagb_excerpt":"No dia de hoje, 04, acontece a Escola de Forma\u00e7\u00e3o Cooperativa da CSB\/RS, em Porto Alegre, na sede da FETICOM, tendo como programa\u00e7\u00e3o: Abertura (09h \u2013 09h30min) &#8211; Composi\u00e7\u00e3o da Mesa: Sergio Arnoud, Federico D\u2019\u00c1vila, Vilson Jo\u00e3o Weber, M\u00e1rcia Trindade, Jos\u00e9 Sirlon e Eliane Comin de Moura. &#8211; Apresenta\u00e7\u00e3o da Escola de Educa\u00e7\u00e3o Corporativa da&hellip;","_links":{"self":[{"href":"https:\/\/femergs.com.br\/wfe\/wp-json\/wp\/v2\/posts\/1206","targetHints":{"allow":["GET"]}}],"collection":[{"href":"https:\/\/femergs.com.br\/wfe\/wp-json\/wp\/v2\/posts"}],"about":[{"href":"https:\/\/femergs.com.br\/wfe\/wp-json\/wp\/v2\/types\/post"}],"author":[{"embeddable":true,"href":"https:\/\/femergs.com.br\/wfe\/wp-json\/wp\/v2\/users\/1"}],"replies":[{"embeddable":true,"href":"https:\/\/femergs.com.br\/wfe\/wp-json\/wp\/v2\/comments?post=1206"}],"version-history":[{"count":0,"href":"https:\/\/femergs.com.br\/wfe\/wp-json\/wp\/v2\/posts\/1206\/revisions"}],"wp:attachment":[{"href":"https:\/\/femergs.com.br\/wfe\/wp-json\/wp\/v2\/media?parent=1206"}],"wp:term":[{"taxonomy":"category","embeddable":true,"href":"https:\/\/femergs.com.br\/wfe\/wp-json\/wp\/v2\/categories?post=1206"},{"taxonomy":"post_tag","embeddable":true,"href":"https:\/\/femergs.com.br\/wfe\/wp-json\/wp\/v2\/tags?post=1206"}],"curies":[{"name":"wp","href":"https:\/\/api.w.org\/{rel}","templated":true}]}}