{"id":1207,"date":"2019-10-25T11:36:31","date_gmt":"2019-10-25T11:36:31","guid":{"rendered":"https:\/\/femergs.com.br\/wfe\/blog\/sindicato-dos-municiparios-de-amaral-ferrador-realiza-assembleia\/"},"modified":"2019-10-25T11:36:31","modified_gmt":"2019-10-25T11:36:31","slug":"sindicato-dos-municiparios-de-amaral-ferrador-realiza-assembleia","status":"publish","type":"post","link":"https:\/\/femergs.com.br\/wfe\/blog\/sindicato-dos-municiparios-de-amaral-ferrador-realiza-assembleia\/","title":{"rendered":"Sindicato dos Municip\u00e1rios de Amaral Ferrador realiza Assembleia"},"content":{"rendered":"<p><img decoding=\"async\" src=\"data:image\/gif;base64,R0lGODlhAQABAIAAAAAAAP\/\/\/ywAAAAAAQABAAACAUwAOw==\" fifu-lazy=\"1\" fifu-data-sizes=\"auto\" fifu-data-srcset=\"\/Im4g3nsN0t1cia\/geral\/images\/foto_capa.jpeg?w=75&resize=75&ssl=1 75w, \/Im4g3nsN0t1cia\/geral\/images\/foto_capa.jpeg?w=100&resize=100&ssl=1 100w, \/Im4g3nsN0t1cia\/geral\/images\/foto_capa.jpeg?w=150&resize=150&ssl=1 150w, \/Im4g3nsN0t1cia\/geral\/images\/foto_capa.jpeg?w=240&resize=240&ssl=1 240w, \/Im4g3nsN0t1cia\/geral\/images\/foto_capa.jpeg?w=320&resize=320&ssl=1 320w, \/Im4g3nsN0t1cia\/geral\/images\/foto_capa.jpeg?w=500&resize=500&ssl=1 500w, \/Im4g3nsN0t1cia\/geral\/images\/foto_capa.jpeg?w=640&resize=640&ssl=1 640w, \/Im4g3nsN0t1cia\/geral\/images\/foto_capa.jpeg?w=800&resize=800&ssl=1 800w, \/Im4g3nsN0t1cia\/geral\/images\/foto_capa.jpeg?w=1024&resize=1024&ssl=1 1024w, \/Im4g3nsN0t1cia\/geral\/images\/foto_capa.jpeg?w=1280&resize=1280&ssl=1 1280w, \/Im4g3nsN0t1cia\/geral\/images\/foto_capa.jpeg?w=1600&resize=1600&ssl=1 1600w\" alt=\"\" fifu-data-src=\"\/Im4g3nsN0t1cia\/geral\/images\/foto_capa.jpeg\" style=\"height:283px; width:500px\" \/><\/p>\n<div style=\"text-align: center;\">Na foto: Diretoria do Sindicato dos Municip\u00e1rios de Amaral Ferrador, com os convidados \u2013 Coordenador Regional da costa Doce Sr. M\u00e1rcio Oliveira, Secretaria de finan\u00e7as do SIMUCA Jana\u00edna Barbosa e do Secret\u00e1rio Geral da FEMERGS e da CSB RS Luciano dos Santos.<\/div>\n<p>\nNa sexta-feira, dia 18 de outubro de 2019, \u00e0s 19h, os Servidores P\u00fablicos Municipais de Amaral Ferrador, tiveram um importante compromisso, lotando a C\u00e2mara de Vereadores de sua cidade.<\/p>\n<p>O Sindicato dos Municip\u00e1rios de Amaral Ferrador recebeu seus associados e realizou grande Assembleia Geral e Ratificou os atos de Funda\u00e7\u00e3o da entidade, a atual diretoria e a filia\u00e7\u00e3o a FEMERGS e Retificou seu Estatuto Social.<\/p>\n<p>Os trabalhos foram comandados pelo presidente do Sindicato Sr. Giordano, pelo coordenador da Regional Costa Doce M\u00e1rcio Oliveira e pelo Secret\u00e1rio Geral da FEMERGS e da CSB RS Luciano dos Santos.<br \/>\nEsta ratifica\u00e7\u00e3o\/retifica\u00e7\u00e3o da entidade visa possibilitar o registro da entidade junto a Secretaria do Trabalho e ao Minist\u00e9rio da Justi\u00e7a.<\/p>\n<p>Uma noite hist\u00f3rica, onde todas as proposi\u00e7\u00f5es foram aprovadas por unanimidade dos associados presentes, que em grande n\u00famero saudaram a iniciativa do Sindicato.<\/p>\n<p>Parab\u00e9ns Presidente Giordano e diretoria, conte sempre com a FEMERGS ao lado dos Servidores P\u00fablicos Municipais de Amaral Ferrador.<\/p>\n","protected":false},"excerpt":{"rendered":"<p>Na foto: Diretoria do Sindicato dos Municip\u00e1rios de Amaral Ferrador, com os convidados \u2013 Coordenador Regional da costa Doce Sr. M\u00e1rcio Oliveira, Secretaria de finan\u00e7as do SIMUCA Jana\u00edna Barbosa e do Secret\u00e1rio Geral da FEMERGS e da CSB RS Luciano dos Santos. Na sexta-feira, dia 18 de outubro de 2019, \u00e0s 19h, os Servidores P\u00fablicos [&hellip;]<\/p>\n","protected":false},"author":1,"featured_media":0,"comment_status":"closed","ping_status":"closed","sticky":false,"template":"","format":"standard","meta":{"_eb_attr":"","_uag_custom_page_level_css":"","fifu_image_url":"","fifu_image_alt":"","footnotes":""},"categories":[1],"tags":[32],"class_list":["post-1207","post","type-post","status-publish","format-standard","hentry","category-arquivadas","tag-null"],"yoast_head":"<!-- This site is optimized with the Yoast SEO plugin v27.1.1 - https:\/\/yoast.com\/product\/yoast-seo-wordpress\/ -->\n<title>Sindicato dos Municip\u00e1rios de Amaral Ferrador realiza Assembleia - Federa\u00e7\u00e3o dos Municip\u00e1rios do Estado do Rio Grande do Sul<\/title>\n<meta name=\"robots\" content=\"index, follow, max-snippet:-1, max-image-preview:large, max-video-preview:-1\" \/>\n<link rel=\"canonical\" href=\"https:\/\/femergs.com.br\/wfe\/blog\/sindicato-dos-municiparios-de-amaral-ferrador-realiza-assembleia\/\" \/>\n<meta property=\"og:locale\" content=\"pt_BR\" \/>\n<meta property=\"og:type\" content=\"article\" \/>\n<meta property=\"og:title\" content=\"Sindicato dos Municip\u00e1rios de Amaral Ferrador realiza Assembleia - Federa\u00e7\u00e3o dos Municip\u00e1rios do Estado do Rio Grande do Sul\" \/>\n<meta property=\"og:description\" content=\"Na foto: Diretoria do Sindicato dos Municip\u00e1rios de Amaral Ferrador, com os convidados \u2013 Coordenador Regional da costa Doce Sr. M\u00e1rcio Oliveira, Secretaria de finan\u00e7as do SIMUCA Jana\u00edna Barbosa e do Secret\u00e1rio Geral da FEMERGS e da CSB RS Luciano dos Santos. Na sexta-feira, dia 18 de outubro de 2019, \u00e0s 19h, os Servidores P\u00fablicos [&hellip;]\" \/>\n<meta property=\"og:url\" content=\"https:\/\/femergs.com.br\/wfe\/blog\/sindicato-dos-municiparios-de-amaral-ferrador-realiza-assembleia\/\" \/>\n<meta property=\"og:site_name\" content=\"Federa\u00e7\u00e3o dos Municip\u00e1rios do Estado do Rio Grande do Sul\" \/>\n<meta property=\"article:publisher\" content=\"https:\/\/www.facebook.com\/profile.php?id=100057151733001\" \/>\n<meta property=\"article:published_time\" content=\"2019-10-25T11:36:31+00:00\" \/>\n<meta name=\"author\" content=\"adminfemergs\" \/>\n<meta name=\"twitter:card\" content=\"summary_large_image\" \/>\n<meta name=\"twitter:label1\" content=\"Escrito por\" \/>\n\t<meta name=\"twitter:data1\" content=\"adminfemergs\" \/>\n\t<meta name=\"twitter:label2\" content=\"Est. tempo de leitura\" \/>\n\t<meta name=\"twitter:data2\" content=\"1 minuto\" \/>\n<script type=\"application\/ld+json\" class=\"yoast-schema-graph\">{\"@context\":\"https:\/\/schema.org\",\"@graph\":[{\"@type\":\"Article\",\"@id\":\"https:\/\/femergs.com.br\/wfe\/blog\/sindicato-dos-municiparios-de-amaral-ferrador-realiza-assembleia\/#article\",\"isPartOf\":{\"@id\":\"https:\/\/femergs.com.br\/wfe\/blog\/sindicato-dos-municiparios-de-amaral-ferrador-realiza-assembleia\/\"},\"author\":{\"name\":\"adminfemergs\",\"@id\":\"https:\/\/femergs.com.br\/wfe\/#\/schema\/person\/f5558e6b5ffc044ee085016237dedb7f\"},\"headline\":\"Sindicato dos Municip\u00e1rios de Amaral Ferrador realiza Assembleia\",\"datePublished\":\"2019-10-25T11:36:31+00:00\",\"mainEntityOfPage\":{\"@id\":\"https:\/\/femergs.com.br\/wfe\/blog\/sindicato-dos-municiparios-de-amaral-ferrador-realiza-assembleia\/\"},\"wordCount\":228,\"publisher\":{\"@id\":\"https:\/\/femergs.com.br\/wfe\/#organization\"},\"keywords\":[\"NULL\"],\"articleSection\":[\"ARQUIVADAS\"],\"inLanguage\":\"pt-BR\"},{\"@type\":\"WebPage\",\"@id\":\"https:\/\/femergs.com.br\/wfe\/blog\/sindicato-dos-municiparios-de-amaral-ferrador-realiza-assembleia\/\",\"url\":\"https:\/\/femergs.com.br\/wfe\/blog\/sindicato-dos-municiparios-de-amaral-ferrador-realiza-assembleia\/\",\"name\":\"Sindicato dos Municip\u00e1rios de Amaral Ferrador realiza Assembleia - Federa\u00e7\u00e3o dos Municip\u00e1rios do Estado do Rio Grande do Sul\",\"isPartOf\":{\"@id\":\"https:\/\/femergs.com.br\/wfe\/#website\"},\"datePublished\":\"2019-10-25T11:36:31+00:00\",\"breadcrumb\":{\"@id\":\"https:\/\/femergs.com.br\/wfe\/blog\/sindicato-dos-municiparios-de-amaral-ferrador-realiza-assembleia\/#breadcrumb\"},\"inLanguage\":\"pt-BR\",\"potentialAction\":[{\"@type\":\"ReadAction\",\"target\":[\"https:\/\/femergs.com.br\/wfe\/blog\/sindicato-dos-municiparios-de-amaral-ferrador-realiza-assembleia\/\"]}]},{\"@type\":\"BreadcrumbList\",\"@id\":\"https:\/\/femergs.com.br\/wfe\/blog\/sindicato-dos-municiparios-de-amaral-ferrador-realiza-assembleia\/#breadcrumb\",\"itemListElement\":[{\"@type\":\"ListItem\",\"position\":1,\"name\":\"In\u00edcio\",\"item\":\"https:\/\/femergs.com.br\/wfe\/\"},{\"@type\":\"ListItem\",\"position\":2,\"name\":\"Sindicato dos Municip\u00e1rios de Amaral Ferrador realiza Assembleia\"}]},{\"@type\":\"WebSite\",\"@id\":\"https:\/\/femergs.com.br\/wfe\/#website\",\"url\":\"https:\/\/femergs.com.br\/wfe\/\",\"name\":\"FEMERGS\",\"description\":\"FEDERA\u00c7\u00c3O DOS MUNICIP\u00c1RIOS DO ESTADO DO RIO GRANDE DO SUL\",\"publisher\":{\"@id\":\"https:\/\/femergs.com.br\/wfe\/#organization\"},\"potentialAction\":[{\"@type\":\"SearchAction\",\"target\":{\"@type\":\"EntryPoint\",\"urlTemplate\":\"https:\/\/femergs.com.br\/wfe\/?s={search_term_string}\"},\"query-input\":{\"@type\":\"PropertyValueSpecification\",\"valueRequired\":true,\"valueName\":\"search_term_string\"}}],\"inLanguage\":\"pt-BR\"},{\"@type\":\"Organization\",\"@id\":\"https:\/\/femergs.com.br\/wfe\/#organization\",\"name\":\"FEMERGS\",\"url\":\"https:\/\/femergs.com.br\/wfe\/\",\"logo\":{\"@type\":\"ImageObject\",\"inLanguage\":\"pt-BR\",\"@id\":\"https:\/\/femergs.com.br\/wfe\/#\/schema\/logo\/image\/\",\"url\":\"https:\/\/femergs.com.br\/wfe\/wp-content\/uploads\/2025\/06\/logotipo.png\",\"contentUrl\":\"https:\/\/femergs.com.br\/wfe\/wp-content\/uploads\/2025\/06\/logotipo.png\",\"width\":500,\"height\":500,\"caption\":\"FEMERGS\"},\"image\":{\"@id\":\"https:\/\/femergs.com.br\/wfe\/#\/schema\/logo\/image\/\"},\"sameAs\":[\"https:\/\/www.facebook.com\/profile.php?id=100057151733001\",\"https:\/\/www.instagram.com\/femergs_rs\/\"]},{\"@type\":\"Person\",\"@id\":\"https:\/\/femergs.com.br\/wfe\/#\/schema\/person\/f5558e6b5ffc044ee085016237dedb7f\",\"name\":\"adminfemergs\",\"image\":{\"@type\":\"ImageObject\",\"inLanguage\":\"pt-BR\",\"@id\":\"https:\/\/femergs.com.br\/wfe\/#\/schema\/person\/image\/\",\"url\":\"https:\/\/secure.gravatar.com\/avatar\/398642fa557cdd524617ad9b31c938845f071aeb3448b9c0aeb29aefc495337b?s=96&d=mm&r=g\",\"contentUrl\":\"https:\/\/secure.gravatar.com\/avatar\/398642fa557cdd524617ad9b31c938845f071aeb3448b9c0aeb29aefc495337b?s=96&d=mm&r=g\",\"caption\":\"adminfemergs\"},\"sameAs\":[\"https:\/\/femergs.com.br\/wfe\"],\"url\":\"https:\/\/femergs.com.br\/wfe\/blog\/author\/adminfemergs\/\"}]}<\/script>\n<!-- \/ Yoast SEO plugin. -->","yoast_head_json":{"title":"Sindicato dos Municip\u00e1rios de Amaral Ferrador realiza Assembleia - Federa\u00e7\u00e3o dos Municip\u00e1rios do Estado do Rio Grande do Sul","robots":{"index":"index","follow":"follow","max-snippet":"max-snippet:-1","max-image-preview":"max-image-preview:large","max-video-preview":"max-video-preview:-1"},"canonical":"https:\/\/femergs.com.br\/wfe\/blog\/sindicato-dos-municiparios-de-amaral-ferrador-realiza-assembleia\/","og_locale":"pt_BR","og_type":"article","og_title":"Sindicato dos Municip\u00e1rios de Amaral Ferrador realiza Assembleia - Federa\u00e7\u00e3o dos Municip\u00e1rios do Estado do Rio Grande do Sul","og_description":"Na foto: Diretoria do Sindicato dos Municip\u00e1rios de Amaral Ferrador, com os convidados \u2013 Coordenador Regional da costa Doce Sr. M\u00e1rcio Oliveira, Secretaria de finan\u00e7as do SIMUCA Jana\u00edna Barbosa e do Secret\u00e1rio Geral da FEMERGS e da CSB RS Luciano dos Santos. Na sexta-feira, dia 18 de outubro de 2019, \u00e0s 19h, os Servidores P\u00fablicos [&hellip;]","og_url":"https:\/\/femergs.com.br\/wfe\/blog\/sindicato-dos-municiparios-de-amaral-ferrador-realiza-assembleia\/","og_site_name":"Federa\u00e7\u00e3o dos Municip\u00e1rios do Estado do Rio Grande do Sul","article_publisher":"https:\/\/www.facebook.com\/profile.php?id=100057151733001","article_published_time":"2019-10-25T11:36:31+00:00","author":"adminfemergs","twitter_card":"summary_large_image","twitter_misc":{"Escrito por":"adminfemergs","Est. tempo de leitura":"1 minuto"},"schema":{"@context":"https:\/\/schema.org","@graph":[{"@type":"Article","@id":"https:\/\/femergs.com.br\/wfe\/blog\/sindicato-dos-municiparios-de-amaral-ferrador-realiza-assembleia\/#article","isPartOf":{"@id":"https:\/\/femergs.com.br\/wfe\/blog\/sindicato-dos-municiparios-de-amaral-ferrador-realiza-assembleia\/"},"author":{"name":"adminfemergs","@id":"https:\/\/femergs.com.br\/wfe\/#\/schema\/person\/f5558e6b5ffc044ee085016237dedb7f"},"headline":"Sindicato dos Municip\u00e1rios de Amaral Ferrador realiza Assembleia","datePublished":"2019-10-25T11:36:31+00:00","mainEntityOfPage":{"@id":"https:\/\/femergs.com.br\/wfe\/blog\/sindicato-dos-municiparios-de-amaral-ferrador-realiza-assembleia\/"},"wordCount":228,"publisher":{"@id":"https:\/\/femergs.com.br\/wfe\/#organization"},"keywords":["NULL"],"articleSection":["ARQUIVADAS"],"inLanguage":"pt-BR"},{"@type":"WebPage","@id":"https:\/\/femergs.com.br\/wfe\/blog\/sindicato-dos-municiparios-de-amaral-ferrador-realiza-assembleia\/","url":"https:\/\/femergs.com.br\/wfe\/blog\/sindicato-dos-municiparios-de-amaral-ferrador-realiza-assembleia\/","name":"Sindicato dos Municip\u00e1rios de Amaral Ferrador realiza Assembleia - Federa\u00e7\u00e3o dos Municip\u00e1rios do Estado do Rio Grande do Sul","isPartOf":{"@id":"https:\/\/femergs.com.br\/wfe\/#website"},"datePublished":"2019-10-25T11:36:31+00:00","breadcrumb":{"@id":"https:\/\/femergs.com.br\/wfe\/blog\/sindicato-dos-municiparios-de-amaral-ferrador-realiza-assembleia\/#breadcrumb"},"inLanguage":"pt-BR","potentialAction":[{"@type":"ReadAction","target":["https:\/\/femergs.com.br\/wfe\/blog\/sindicato-dos-municiparios-de-amaral-ferrador-realiza-assembleia\/"]}]},{"@type":"BreadcrumbList","@id":"https:\/\/femergs.com.br\/wfe\/blog\/sindicato-dos-municiparios-de-amaral-ferrador-realiza-assembleia\/#breadcrumb","itemListElement":[{"@type":"ListItem","position":1,"name":"In\u00edcio","item":"https:\/\/femergs.com.br\/wfe\/"},{"@type":"ListItem","position":2,"name":"Sindicato dos Municip\u00e1rios de Amaral Ferrador realiza Assembleia"}]},{"@type":"WebSite","@id":"https:\/\/femergs.com.br\/wfe\/#website","url":"https:\/\/femergs.com.br\/wfe\/","name":"FEMERGS","description":"FEDERA\u00c7\u00c3O DOS MUNICIP\u00c1RIOS DO ESTADO DO RIO GRANDE DO SUL","publisher":{"@id":"https:\/\/femergs.com.br\/wfe\/#organization"},"potentialAction":[{"@type":"SearchAction","target":{"@type":"EntryPoint","urlTemplate":"https:\/\/femergs.com.br\/wfe\/?s={search_term_string}"},"query-input":{"@type":"PropertyValueSpecification","valueRequired":true,"valueName":"search_term_string"}}],"inLanguage":"pt-BR"},{"@type":"Organization","@id":"https:\/\/femergs.com.br\/wfe\/#organization","name":"FEMERGS","url":"https:\/\/femergs.com.br\/wfe\/","logo":{"@type":"ImageObject","inLanguage":"pt-BR","@id":"https:\/\/femergs.com.br\/wfe\/#\/schema\/logo\/image\/","url":"https:\/\/femergs.com.br\/wfe\/wp-content\/uploads\/2025\/06\/logotipo.png","contentUrl":"https:\/\/femergs.com.br\/wfe\/wp-content\/uploads\/2025\/06\/logotipo.png","width":500,"height":500,"caption":"FEMERGS"},"image":{"@id":"https:\/\/femergs.com.br\/wfe\/#\/schema\/logo\/image\/"},"sameAs":["https:\/\/www.facebook.com\/profile.php?id=100057151733001","https:\/\/www.instagram.com\/femergs_rs\/"]},{"@type":"Person","@id":"https:\/\/femergs.com.br\/wfe\/#\/schema\/person\/f5558e6b5ffc044ee085016237dedb7f","name":"adminfemergs","image":{"@type":"ImageObject","inLanguage":"pt-BR","@id":"https:\/\/femergs.com.br\/wfe\/#\/schema\/person\/image\/","url":"https:\/\/secure.gravatar.com\/avatar\/398642fa557cdd524617ad9b31c938845f071aeb3448b9c0aeb29aefc495337b?s=96&d=mm&r=g","contentUrl":"https:\/\/secure.gravatar.com\/avatar\/398642fa557cdd524617ad9b31c938845f071aeb3448b9c0aeb29aefc495337b?s=96&d=mm&r=g","caption":"adminfemergs"},"sameAs":["https:\/\/femergs.com.br\/wfe"],"url":"https:\/\/femergs.com.br\/wfe\/blog\/author\/adminfemergs\/"}]}},"uagb_featured_image_src":{"full":false,"thumbnail":false,"medium":false,"medium_large":false,"large":false,"1536x1536":false,"2048x2048":false,"ultp_layout_landscape_large":false,"ultp_layout_landscape":false,"ultp_layout_portrait":false,"ultp_layout_square":false},"uagb_author_info":{"display_name":"adminfemergs","author_link":"https:\/\/femergs.com.br\/wfe\/blog\/author\/adminfemergs\/"},"uagb_comment_info":0,"uagb_excerpt":"Na foto: Diretoria do Sindicato dos Municip\u00e1rios de Amaral Ferrador, com os convidados \u2013 Coordenador Regional da costa Doce Sr. M\u00e1rcio Oliveira, Secretaria de finan\u00e7as do SIMUCA Jana\u00edna Barbosa e do Secret\u00e1rio Geral da FEMERGS e da CSB RS Luciano dos Santos. Na sexta-feira, dia 18 de outubro de 2019, \u00e0s 19h, os Servidores P\u00fablicos&hellip;","_links":{"self":[{"href":"https:\/\/femergs.com.br\/wfe\/wp-json\/wp\/v2\/posts\/1207","targetHints":{"allow":["GET"]}}],"collection":[{"href":"https:\/\/femergs.com.br\/wfe\/wp-json\/wp\/v2\/posts"}],"about":[{"href":"https:\/\/femergs.com.br\/wfe\/wp-json\/wp\/v2\/types\/post"}],"author":[{"embeddable":true,"href":"https:\/\/femergs.com.br\/wfe\/wp-json\/wp\/v2\/users\/1"}],"replies":[{"embeddable":true,"href":"https:\/\/femergs.com.br\/wfe\/wp-json\/wp\/v2\/comments?post=1207"}],"version-history":[{"count":0,"href":"https:\/\/femergs.com.br\/wfe\/wp-json\/wp\/v2\/posts\/1207\/revisions"}],"wp:attachment":[{"href":"https:\/\/femergs.com.br\/wfe\/wp-json\/wp\/v2\/media?parent=1207"}],"wp:term":[{"taxonomy":"category","embeddable":true,"href":"https:\/\/femergs.com.br\/wfe\/wp-json\/wp\/v2\/categories?post=1207"},{"taxonomy":"post_tag","embeddable":true,"href":"https:\/\/femergs.com.br\/wfe\/wp-json\/wp\/v2\/tags?post=1207"}],"curies":[{"name":"wp","href":"https:\/\/api.w.org\/{rel}","templated":true}]}}