{"id":1208,"date":"2019-10-28T09:55:07","date_gmt":"2019-10-28T09:55:07","guid":{"rendered":"https:\/\/femergs.com.br\/wfe\/blog\/28-de-outubro-dia-do-servidor-a-publico-a-municipal\/"},"modified":"2019-10-28T09:55:07","modified_gmt":"2019-10-28T09:55:07","slug":"28-de-outubro-dia-do-servidor-a-publico-a-municipal","status":"publish","type":"post","link":"https:\/\/femergs.com.br\/wfe\/blog\/28-de-outubro-dia-do-servidor-a-publico-a-municipal\/","title":{"rendered":"28 de outubro &#8211; Dia do Servidor (a) P\u00fablico (a) Municipal"},"content":{"rendered":"<div style=\"text-align:justify\"><span style=\"color:#000000\">No dia 28 de outubro comemora-se o dia do funcion\u00e1rio p\u00fablico. A data foi institu\u00edda no governo do presidente Get\u00falio Vargas, atrav\u00e9s da cria\u00e7\u00e3o do Conselho Federal do Servi\u00e7o P\u00fablico Civil, em 1937.<\/p>\n<p>Em 1938 foi fundado o Departamento Administrativo do Servi\u00e7o P\u00fablico do Brasil, onde esse tipo de servi\u00e7o passou a ser mais utilizado.<\/p>\n<p>As leis que regem os direitos e deveres dos funcion\u00e1rios que prestam servi\u00e7os p\u00fablicos est\u00e3o no decreto n\u00ba 1.713, de 28 de outubro de 1939, motivo pelo qual \u00e9 o dia da comemora\u00e7\u00e3o desse profissional.<\/p>\n<p>Em 11 de dezembro de 1990, foi publicado o novo Estatuto dos Servidores P\u00fablicos Civis da Uni\u00e3o, das autarquias e das funda\u00e7\u00f5es p\u00fablicas federais, a Lei n\u00ba8112, alterando v\u00e1rias disposi\u00e7\u00f5es da antiga lei, por\u00e9m os direitos e deveres desses servidores est\u00e3o definidos e estabelecidos na Constitui\u00e7\u00e3o Federal do Brasil, al\u00e9m dos estatutos das entidades em que trabalham<\/p>\n<p>Sabedores de toda a hist\u00f3ria passada e a que construimos dia a dia dentro das prefeituras, destaca-se que n\u00e3o h\u00e1 estado e munic\u00edpios com organiza\u00e7\u00e3o sem o trabalho ser exercido e fundamentado diariamente pelo servidores p\u00fablicos.<\/p>\n<p>A boa qualidade do Servidor p\u00fablico passa por: VALORIZA\u00c7\u00c3O SALARIAL PROFISSIONAL E HUMANA de todas as categorias.<\/p>\n<p>Por isso a data de Hoje tamb\u00e9m serve para lembrar o nosso executivo municipal que o Sindicato dos Municiparios exige o devido reconhecimento e o necess\u00e1rio respeito aos nossos colegas.<\/p>\n<p>PARAB\u00c9NS SERVIDORES P\u00daBLICOS ATIVOS E INATIVOS!<\/span><\/div>\n","protected":false},"excerpt":{"rendered":"<p>No dia 28 de outubro comemora-se o dia do funcion\u00e1rio p\u00fablico. A data foi institu\u00edda no governo do presidente Get\u00falio Vargas, atrav\u00e9s da cria\u00e7\u00e3o do Conselho Federal do Servi\u00e7o P\u00fablico Civil, em 1937. Em 1938 foi fundado o Departamento Administrativo do Servi\u00e7o P\u00fablico do Brasil, onde esse tipo de servi\u00e7o passou a ser mais utilizado. [&hellip;]<\/p>\n","protected":false},"author":1,"featured_media":0,"comment_status":"closed","ping_status":"closed","sticky":false,"template":"","format":"standard","meta":{"_eb_attr":"","_uag_custom_page_level_css":"","fifu_image_url":"","fifu_image_alt":"","footnotes":""},"categories":[1],"tags":[32],"class_list":["post-1208","post","type-post","status-publish","format-standard","hentry","category-arquivadas","tag-null"],"yoast_head":"<!-- This site is optimized with the Yoast SEO plugin v27.1.1 - https:\/\/yoast.com\/product\/yoast-seo-wordpress\/ -->\n<title>28 de outubro - Dia do Servidor (a) P\u00fablico (a) Municipal - Federa\u00e7\u00e3o dos Municip\u00e1rios do Estado do Rio Grande do Sul<\/title>\n<meta name=\"robots\" content=\"index, follow, max-snippet:-1, max-image-preview:large, max-video-preview:-1\" \/>\n<link rel=\"canonical\" href=\"https:\/\/femergs.com.br\/wfe\/blog\/28-de-outubro-dia-do-servidor-a-publico-a-municipal\/\" \/>\n<meta property=\"og:locale\" content=\"pt_BR\" \/>\n<meta property=\"og:type\" content=\"article\" \/>\n<meta property=\"og:title\" content=\"28 de outubro - Dia do Servidor (a) P\u00fablico (a) Municipal - Federa\u00e7\u00e3o dos Municip\u00e1rios do Estado do Rio Grande do Sul\" \/>\n<meta property=\"og:description\" content=\"No dia 28 de outubro comemora-se o dia do funcion\u00e1rio p\u00fablico. A data foi institu\u00edda no governo do presidente Get\u00falio Vargas, atrav\u00e9s da cria\u00e7\u00e3o do Conselho Federal do Servi\u00e7o P\u00fablico Civil, em 1937. Em 1938 foi fundado o Departamento Administrativo do Servi\u00e7o P\u00fablico do Brasil, onde esse tipo de servi\u00e7o passou a ser mais utilizado. [&hellip;]\" \/>\n<meta property=\"og:url\" content=\"https:\/\/femergs.com.br\/wfe\/blog\/28-de-outubro-dia-do-servidor-a-publico-a-municipal\/\" \/>\n<meta property=\"og:site_name\" content=\"Federa\u00e7\u00e3o dos Municip\u00e1rios do Estado do Rio Grande do Sul\" \/>\n<meta property=\"article:publisher\" content=\"https:\/\/www.facebook.com\/profile.php?id=100057151733001\" \/>\n<meta property=\"article:published_time\" content=\"2019-10-28T09:55:07+00:00\" \/>\n<meta name=\"author\" content=\"adminfemergs\" \/>\n<meta name=\"twitter:card\" content=\"summary_large_image\" \/>\n<meta name=\"twitter:label1\" content=\"Escrito por\" \/>\n\t<meta name=\"twitter:data1\" content=\"adminfemergs\" \/>\n\t<meta name=\"twitter:label2\" content=\"Est. tempo de leitura\" \/>\n\t<meta name=\"twitter:data2\" content=\"1 minuto\" \/>\n<script type=\"application\/ld+json\" class=\"yoast-schema-graph\">{\"@context\":\"https:\/\/schema.org\",\"@graph\":[{\"@type\":\"Article\",\"@id\":\"https:\/\/femergs.com.br\/wfe\/blog\/28-de-outubro-dia-do-servidor-a-publico-a-municipal\/#article\",\"isPartOf\":{\"@id\":\"https:\/\/femergs.com.br\/wfe\/blog\/28-de-outubro-dia-do-servidor-a-publico-a-municipal\/\"},\"author\":{\"name\":\"adminfemergs\",\"@id\":\"https:\/\/femergs.com.br\/wfe\/#\/schema\/person\/f5558e6b5ffc044ee085016237dedb7f\"},\"headline\":\"28 de outubro &#8211; Dia do Servidor (a) P\u00fablico (a) Municipal\",\"datePublished\":\"2019-10-28T09:55:07+00:00\",\"mainEntityOfPage\":{\"@id\":\"https:\/\/femergs.com.br\/wfe\/blog\/28-de-outubro-dia-do-servidor-a-publico-a-municipal\/\"},\"wordCount\":275,\"publisher\":{\"@id\":\"https:\/\/femergs.com.br\/wfe\/#organization\"},\"keywords\":[\"NULL\"],\"articleSection\":[\"ARQUIVADAS\"],\"inLanguage\":\"pt-BR\"},{\"@type\":\"WebPage\",\"@id\":\"https:\/\/femergs.com.br\/wfe\/blog\/28-de-outubro-dia-do-servidor-a-publico-a-municipal\/\",\"url\":\"https:\/\/femergs.com.br\/wfe\/blog\/28-de-outubro-dia-do-servidor-a-publico-a-municipal\/\",\"name\":\"28 de outubro - Dia do Servidor (a) P\u00fablico (a) Municipal - Federa\u00e7\u00e3o dos Municip\u00e1rios do Estado do Rio Grande do Sul\",\"isPartOf\":{\"@id\":\"https:\/\/femergs.com.br\/wfe\/#website\"},\"datePublished\":\"2019-10-28T09:55:07+00:00\",\"breadcrumb\":{\"@id\":\"https:\/\/femergs.com.br\/wfe\/blog\/28-de-outubro-dia-do-servidor-a-publico-a-municipal\/#breadcrumb\"},\"inLanguage\":\"pt-BR\",\"potentialAction\":[{\"@type\":\"ReadAction\",\"target\":[\"https:\/\/femergs.com.br\/wfe\/blog\/28-de-outubro-dia-do-servidor-a-publico-a-municipal\/\"]}]},{\"@type\":\"BreadcrumbList\",\"@id\":\"https:\/\/femergs.com.br\/wfe\/blog\/28-de-outubro-dia-do-servidor-a-publico-a-municipal\/#breadcrumb\",\"itemListElement\":[{\"@type\":\"ListItem\",\"position\":1,\"name\":\"In\u00edcio\",\"item\":\"https:\/\/femergs.com.br\/wfe\/\"},{\"@type\":\"ListItem\",\"position\":2,\"name\":\"28 de outubro &#8211; Dia do Servidor (a) P\u00fablico (a) Municipal\"}]},{\"@type\":\"WebSite\",\"@id\":\"https:\/\/femergs.com.br\/wfe\/#website\",\"url\":\"https:\/\/femergs.com.br\/wfe\/\",\"name\":\"FEMERGS\",\"description\":\"FEDERA\u00c7\u00c3O DOS MUNICIP\u00c1RIOS DO ESTADO DO RIO GRANDE DO SUL\",\"publisher\":{\"@id\":\"https:\/\/femergs.com.br\/wfe\/#organization\"},\"potentialAction\":[{\"@type\":\"SearchAction\",\"target\":{\"@type\":\"EntryPoint\",\"urlTemplate\":\"https:\/\/femergs.com.br\/wfe\/?s={search_term_string}\"},\"query-input\":{\"@type\":\"PropertyValueSpecification\",\"valueRequired\":true,\"valueName\":\"search_term_string\"}}],\"inLanguage\":\"pt-BR\"},{\"@type\":\"Organization\",\"@id\":\"https:\/\/femergs.com.br\/wfe\/#organization\",\"name\":\"FEMERGS\",\"url\":\"https:\/\/femergs.com.br\/wfe\/\",\"logo\":{\"@type\":\"ImageObject\",\"inLanguage\":\"pt-BR\",\"@id\":\"https:\/\/femergs.com.br\/wfe\/#\/schema\/logo\/image\/\",\"url\":\"https:\/\/femergs.com.br\/wfe\/wp-content\/uploads\/2025\/06\/logotipo.png\",\"contentUrl\":\"https:\/\/femergs.com.br\/wfe\/wp-content\/uploads\/2025\/06\/logotipo.png\",\"width\":500,\"height\":500,\"caption\":\"FEMERGS\"},\"image\":{\"@id\":\"https:\/\/femergs.com.br\/wfe\/#\/schema\/logo\/image\/\"},\"sameAs\":[\"https:\/\/www.facebook.com\/profile.php?id=100057151733001\",\"https:\/\/www.instagram.com\/femergs_rs\/\"]},{\"@type\":\"Person\",\"@id\":\"https:\/\/femergs.com.br\/wfe\/#\/schema\/person\/f5558e6b5ffc044ee085016237dedb7f\",\"name\":\"adminfemergs\",\"image\":{\"@type\":\"ImageObject\",\"inLanguage\":\"pt-BR\",\"@id\":\"https:\/\/femergs.com.br\/wfe\/#\/schema\/person\/image\/\",\"url\":\"https:\/\/secure.gravatar.com\/avatar\/398642fa557cdd524617ad9b31c938845f071aeb3448b9c0aeb29aefc495337b?s=96&d=mm&r=g\",\"contentUrl\":\"https:\/\/secure.gravatar.com\/avatar\/398642fa557cdd524617ad9b31c938845f071aeb3448b9c0aeb29aefc495337b?s=96&d=mm&r=g\",\"caption\":\"adminfemergs\"},\"sameAs\":[\"https:\/\/femergs.com.br\/wfe\"],\"url\":\"https:\/\/femergs.com.br\/wfe\/blog\/author\/adminfemergs\/\"}]}<\/script>\n<!-- \/ Yoast SEO plugin. -->","yoast_head_json":{"title":"28 de outubro - Dia do Servidor (a) P\u00fablico (a) Municipal - Federa\u00e7\u00e3o dos Municip\u00e1rios do Estado do Rio Grande do Sul","robots":{"index":"index","follow":"follow","max-snippet":"max-snippet:-1","max-image-preview":"max-image-preview:large","max-video-preview":"max-video-preview:-1"},"canonical":"https:\/\/femergs.com.br\/wfe\/blog\/28-de-outubro-dia-do-servidor-a-publico-a-municipal\/","og_locale":"pt_BR","og_type":"article","og_title":"28 de outubro - Dia do Servidor (a) P\u00fablico (a) Municipal - Federa\u00e7\u00e3o dos Municip\u00e1rios do Estado do Rio Grande do Sul","og_description":"No dia 28 de outubro comemora-se o dia do funcion\u00e1rio p\u00fablico. A data foi institu\u00edda no governo do presidente Get\u00falio Vargas, atrav\u00e9s da cria\u00e7\u00e3o do Conselho Federal do Servi\u00e7o P\u00fablico Civil, em 1937. Em 1938 foi fundado o Departamento Administrativo do Servi\u00e7o P\u00fablico do Brasil, onde esse tipo de servi\u00e7o passou a ser mais utilizado. [&hellip;]","og_url":"https:\/\/femergs.com.br\/wfe\/blog\/28-de-outubro-dia-do-servidor-a-publico-a-municipal\/","og_site_name":"Federa\u00e7\u00e3o dos Municip\u00e1rios do Estado do Rio Grande do Sul","article_publisher":"https:\/\/www.facebook.com\/profile.php?id=100057151733001","article_published_time":"2019-10-28T09:55:07+00:00","author":"adminfemergs","twitter_card":"summary_large_image","twitter_misc":{"Escrito por":"adminfemergs","Est. tempo de leitura":"1 minuto"},"schema":{"@context":"https:\/\/schema.org","@graph":[{"@type":"Article","@id":"https:\/\/femergs.com.br\/wfe\/blog\/28-de-outubro-dia-do-servidor-a-publico-a-municipal\/#article","isPartOf":{"@id":"https:\/\/femergs.com.br\/wfe\/blog\/28-de-outubro-dia-do-servidor-a-publico-a-municipal\/"},"author":{"name":"adminfemergs","@id":"https:\/\/femergs.com.br\/wfe\/#\/schema\/person\/f5558e6b5ffc044ee085016237dedb7f"},"headline":"28 de outubro &#8211; Dia do Servidor (a) P\u00fablico (a) Municipal","datePublished":"2019-10-28T09:55:07+00:00","mainEntityOfPage":{"@id":"https:\/\/femergs.com.br\/wfe\/blog\/28-de-outubro-dia-do-servidor-a-publico-a-municipal\/"},"wordCount":275,"publisher":{"@id":"https:\/\/femergs.com.br\/wfe\/#organization"},"keywords":["NULL"],"articleSection":["ARQUIVADAS"],"inLanguage":"pt-BR"},{"@type":"WebPage","@id":"https:\/\/femergs.com.br\/wfe\/blog\/28-de-outubro-dia-do-servidor-a-publico-a-municipal\/","url":"https:\/\/femergs.com.br\/wfe\/blog\/28-de-outubro-dia-do-servidor-a-publico-a-municipal\/","name":"28 de outubro - Dia do Servidor (a) P\u00fablico (a) Municipal - Federa\u00e7\u00e3o dos Municip\u00e1rios do Estado do Rio Grande do Sul","isPartOf":{"@id":"https:\/\/femergs.com.br\/wfe\/#website"},"datePublished":"2019-10-28T09:55:07+00:00","breadcrumb":{"@id":"https:\/\/femergs.com.br\/wfe\/blog\/28-de-outubro-dia-do-servidor-a-publico-a-municipal\/#breadcrumb"},"inLanguage":"pt-BR","potentialAction":[{"@type":"ReadAction","target":["https:\/\/femergs.com.br\/wfe\/blog\/28-de-outubro-dia-do-servidor-a-publico-a-municipal\/"]}]},{"@type":"BreadcrumbList","@id":"https:\/\/femergs.com.br\/wfe\/blog\/28-de-outubro-dia-do-servidor-a-publico-a-municipal\/#breadcrumb","itemListElement":[{"@type":"ListItem","position":1,"name":"In\u00edcio","item":"https:\/\/femergs.com.br\/wfe\/"},{"@type":"ListItem","position":2,"name":"28 de outubro &#8211; Dia do Servidor (a) P\u00fablico (a) Municipal"}]},{"@type":"WebSite","@id":"https:\/\/femergs.com.br\/wfe\/#website","url":"https:\/\/femergs.com.br\/wfe\/","name":"FEMERGS","description":"FEDERA\u00c7\u00c3O DOS MUNICIP\u00c1RIOS DO ESTADO DO RIO GRANDE DO SUL","publisher":{"@id":"https:\/\/femergs.com.br\/wfe\/#organization"},"potentialAction":[{"@type":"SearchAction","target":{"@type":"EntryPoint","urlTemplate":"https:\/\/femergs.com.br\/wfe\/?s={search_term_string}"},"query-input":{"@type":"PropertyValueSpecification","valueRequired":true,"valueName":"search_term_string"}}],"inLanguage":"pt-BR"},{"@type":"Organization","@id":"https:\/\/femergs.com.br\/wfe\/#organization","name":"FEMERGS","url":"https:\/\/femergs.com.br\/wfe\/","logo":{"@type":"ImageObject","inLanguage":"pt-BR","@id":"https:\/\/femergs.com.br\/wfe\/#\/schema\/logo\/image\/","url":"https:\/\/femergs.com.br\/wfe\/wp-content\/uploads\/2025\/06\/logotipo.png","contentUrl":"https:\/\/femergs.com.br\/wfe\/wp-content\/uploads\/2025\/06\/logotipo.png","width":500,"height":500,"caption":"FEMERGS"},"image":{"@id":"https:\/\/femergs.com.br\/wfe\/#\/schema\/logo\/image\/"},"sameAs":["https:\/\/www.facebook.com\/profile.php?id=100057151733001","https:\/\/www.instagram.com\/femergs_rs\/"]},{"@type":"Person","@id":"https:\/\/femergs.com.br\/wfe\/#\/schema\/person\/f5558e6b5ffc044ee085016237dedb7f","name":"adminfemergs","image":{"@type":"ImageObject","inLanguage":"pt-BR","@id":"https:\/\/femergs.com.br\/wfe\/#\/schema\/person\/image\/","url":"https:\/\/secure.gravatar.com\/avatar\/398642fa557cdd524617ad9b31c938845f071aeb3448b9c0aeb29aefc495337b?s=96&d=mm&r=g","contentUrl":"https:\/\/secure.gravatar.com\/avatar\/398642fa557cdd524617ad9b31c938845f071aeb3448b9c0aeb29aefc495337b?s=96&d=mm&r=g","caption":"adminfemergs"},"sameAs":["https:\/\/femergs.com.br\/wfe"],"url":"https:\/\/femergs.com.br\/wfe\/blog\/author\/adminfemergs\/"}]}},"uagb_featured_image_src":{"full":false,"thumbnail":false,"medium":false,"medium_large":false,"large":false,"1536x1536":false,"2048x2048":false,"ultp_layout_landscape_large":false,"ultp_layout_landscape":false,"ultp_layout_portrait":false,"ultp_layout_square":false},"uagb_author_info":{"display_name":"adminfemergs","author_link":"https:\/\/femergs.com.br\/wfe\/blog\/author\/adminfemergs\/"},"uagb_comment_info":0,"uagb_excerpt":"No dia 28 de outubro comemora-se o dia do funcion\u00e1rio p\u00fablico. A data foi institu\u00edda no governo do presidente Get\u00falio Vargas, atrav\u00e9s da cria\u00e7\u00e3o do Conselho Federal do Servi\u00e7o P\u00fablico Civil, em 1937. Em 1938 foi fundado o Departamento Administrativo do Servi\u00e7o P\u00fablico do Brasil, onde esse tipo de servi\u00e7o passou a ser mais utilizado.&hellip;","_links":{"self":[{"href":"https:\/\/femergs.com.br\/wfe\/wp-json\/wp\/v2\/posts\/1208","targetHints":{"allow":["GET"]}}],"collection":[{"href":"https:\/\/femergs.com.br\/wfe\/wp-json\/wp\/v2\/posts"}],"about":[{"href":"https:\/\/femergs.com.br\/wfe\/wp-json\/wp\/v2\/types\/post"}],"author":[{"embeddable":true,"href":"https:\/\/femergs.com.br\/wfe\/wp-json\/wp\/v2\/users\/1"}],"replies":[{"embeddable":true,"href":"https:\/\/femergs.com.br\/wfe\/wp-json\/wp\/v2\/comments?post=1208"}],"version-history":[{"count":0,"href":"https:\/\/femergs.com.br\/wfe\/wp-json\/wp\/v2\/posts\/1208\/revisions"}],"wp:attachment":[{"href":"https:\/\/femergs.com.br\/wfe\/wp-json\/wp\/v2\/media?parent=1208"}],"wp:term":[{"taxonomy":"category","embeddable":true,"href":"https:\/\/femergs.com.br\/wfe\/wp-json\/wp\/v2\/categories?post=1208"},{"taxonomy":"post_tag","embeddable":true,"href":"https:\/\/femergs.com.br\/wfe\/wp-json\/wp\/v2\/tags?post=1208"}],"curies":[{"name":"wp","href":"https:\/\/api.w.org\/{rel}","templated":true}]}}