{"id":1210,"date":"2019-11-20T09:51:56","date_gmt":"2019-11-20T09:51:56","guid":{"rendered":"https:\/\/femergs.com.br\/wfe\/blog\/plenaria-sobre-o-novo-fundeb-realizado-em-ijui\/"},"modified":"2019-11-20T09:51:56","modified_gmt":"2019-11-20T09:51:56","slug":"plenaria-sobre-o-novo-fundeb-realizado-em-ijui","status":"publish","type":"post","link":"https:\/\/femergs.com.br\/wfe\/blog\/plenaria-sobre-o-novo-fundeb-realizado-em-ijui\/","title":{"rendered":"Plen\u00e1ria sobre o Novo FUNDEB realizado em Iju\u00ed"},"content":{"rendered":"<p>No dia dezoito de novembro de 2019, o Presidente da FEMERGS Vilson Jo\u00e3o Weber, juntamente com a diretora de Educa\u00e7\u00e3o Rosani Maria Lima Stocker e a diretora de Assuntos Jur\u00eddicos Elaine Haab estiveram participando da plen\u00e1ria sobre o Novo FUNDEB, em Iju\u00ed. Evento este realizado pela Associa\u00e7\u00e3o dos Professores da Rede P\u00fablica Municipal de Iju\u00ed &#8211; APMI, em parceria com a SMED, UNIJUI, CPERS, SIMPRO, CNTE e Sindicato dos Professores Municipais de J\u00f3ia, no sal\u00e3o de Atos da UNIJUI, para debater sobre o futuro do FUNDEB, onde teve como palestrante o Sr. Gilmar Soares Ferreira \u2013 CNTE\/MT, tendo como debatedores, Eleandro Lizot &#8211; Secretario Municipal de Educa\u00e7\u00e3o, Sidnei Pithamm da Silva &#8211; UNIJUI e Rosane Zon &#8211; CPERS e tendo como mediador Rudmar Schuster Scheren \u2013 APMI Sindicato.<\/p>\n<p>O FUNBED \u00e9 o principal mecanismo de funcionamento da Educa\u00e7\u00e3o B\u00e1sica e atualmente respons\u00e1vel por 50% de tudo que se investe por aluno a cada ano em pelo menos 4.810 munic\u00edpios brasileiros (86% do total de 5.570 munic\u00edpios), se o FUNDEB n\u00e3o for renovado quase metade das escolas do pa\u00eds poder\u00e3o fechar as portas, deixando alunos sem aulas. O FUNDEB precisa ser permanente para que os estudantes n\u00e3o corram o risco de perder esse direito e com mais recurso, para incluir os que ainda est\u00e3o fora da rede.<\/p>\n<p>O FUNDEB \u00e9 o Fundo de Manuten\u00e7\u00e3o de desenvolvimento da Educa\u00e7\u00e3o B\u00e1sica e de Valoriza\u00e7\u00e3o dos Profissionais da Educa\u00e7\u00e3o. Foi criado em 2006 pela emenda Constitucional n\u00b0 53 em substitui\u00e7\u00e3o ao antigo FUNDEF, que atendia apenas e Ensino Fundamental. Est\u00e1 garantido na nossa Constitui\u00e7\u00e3o Federal, art.60do Ato de Disposi\u00e7\u00f5es Constitucionais Transit\u00f3rios (ADCT). Regulamentado pela lei 11.494\/07 EC 59\/09. Amplia obrigatoriamente do Ensino B\u00e1sico. A Educa\u00e7\u00e3o Escolar \u00e9 divida em dois n\u00edveis: Educa\u00e7\u00e3o B\u00e1sica e Ensino Superior. O FUNDEB vem para que Estados e Munic\u00edpios mantenham a educa\u00e7\u00e3o b\u00e1sica. Em 2019 o valor m\u00ednimo por aluno \/ano foi estipulado em R$3.238,52.<\/p>\n<p>Os munic\u00edpios que ultrapassam o n\u00famero de matr\u00edculas recebem um \u201cPLUS\u201d, o qual muitas vezes faz a diferen\u00e7a na Educa\u00e7\u00e3o dos Munic\u00edpios. Hoje tramitam tr\u00eas propostas a PEC n\u00b0 15, de 2015 na C\u00e2mara dos Deputados, PEC n\u00b033 de 2019 no Senado Federal e a PEC n\u00b065 de 2019 tamb\u00e9m no Senado Federal. Todas elas est\u00e3o propondo que o FUNDEB torne-se permanente, retirando-o do ADCT e levando-o para o corpo principal da constitui\u00e7\u00e3o e aumentando a complementa\u00e7\u00e3o da uni\u00e3o, promovendo altera\u00e7\u00f5es nos crit\u00e9rios de distribui\u00e7\u00e3o do recurso do Fundo de forma a beneficiar as redes que contam com poucos recursos adicionais para a educa\u00e7\u00e3o.<\/p>\n<p>Segundo o Sr. Gilmar da CNTE coloca, que a entidade ap\u00f3ia a PEC n\u00b0 15 que \u00e9 a que melhor contempla e aperfei\u00e7oa os mecanismos do atual FUNDEB. Diante da import\u00e2ncia, precisamos urgente aprovar o Novo FUNDEB, pois o atual vai expirar em dezembro 2020, se o FUNDEB deixar de existir vai haver um verdadeiro colapso no sistema p\u00fablico de Ensino B\u00e1sico.<\/p>\n<p>O FUNDEB corresponde a 63% dos recursos da Educa\u00e7\u00e3o B\u00e1sica. Isto que o gasto por aluno no Brasil \u00e9 muito inferior ao praticado no mundo, conforme aponta as organiza\u00e7\u00f5es.<\/p>\n<p>Diante de tudo isso, conclamamos aos Professores, Gestores, Legalistas e Comunidade para que pressionem os Deputados e Senadores para aprovar em car\u00e1ter de urg\u00eancia o Novo FUNDEB.<\/p>\n","protected":false},"excerpt":{"rendered":"<p>No dia dezoito de novembro de 2019, o Presidente da FEMERGS Vilson Jo\u00e3o Weber, juntamente com a diretora de Educa\u00e7\u00e3o Rosani Maria Lima Stocker e a diretora de Assuntos Jur\u00eddicos Elaine Haab estiveram participando da plen\u00e1ria sobre o Novo FUNDEB, em Iju\u00ed. Evento este realizado pela Associa\u00e7\u00e3o dos Professores da Rede P\u00fablica Municipal de Iju\u00ed [&hellip;]<\/p>\n","protected":false},"author":1,"featured_media":0,"comment_status":"closed","ping_status":"closed","sticky":false,"template":"","format":"standard","meta":{"_eb_attr":"","_uag_custom_page_level_css":"","fifu_image_url":"","fifu_image_alt":"","footnotes":""},"categories":[1],"tags":[32],"class_list":["post-1210","post","type-post","status-publish","format-standard","hentry","category-arquivadas","tag-null"],"yoast_head":"<!-- This site is optimized with the Yoast SEO plugin v27.1.1 - https:\/\/yoast.com\/product\/yoast-seo-wordpress\/ -->\n<title>Plen\u00e1ria sobre o Novo FUNDEB realizado em Iju\u00ed - Federa\u00e7\u00e3o dos Municip\u00e1rios do Estado do Rio Grande do Sul<\/title>\n<meta name=\"robots\" content=\"index, follow, max-snippet:-1, max-image-preview:large, max-video-preview:-1\" \/>\n<link rel=\"canonical\" href=\"https:\/\/femergs.com.br\/wfe\/blog\/plenaria-sobre-o-novo-fundeb-realizado-em-ijui\/\" \/>\n<meta property=\"og:locale\" content=\"pt_BR\" \/>\n<meta property=\"og:type\" content=\"article\" \/>\n<meta property=\"og:title\" content=\"Plen\u00e1ria sobre o Novo FUNDEB realizado em Iju\u00ed - Federa\u00e7\u00e3o dos Municip\u00e1rios do Estado do Rio Grande do Sul\" \/>\n<meta property=\"og:description\" content=\"No dia dezoito de novembro de 2019, o Presidente da FEMERGS Vilson Jo\u00e3o Weber, juntamente com a diretora de Educa\u00e7\u00e3o Rosani Maria Lima Stocker e a diretora de Assuntos Jur\u00eddicos Elaine Haab estiveram participando da plen\u00e1ria sobre o Novo FUNDEB, em Iju\u00ed. Evento este realizado pela Associa\u00e7\u00e3o dos Professores da Rede P\u00fablica Municipal de Iju\u00ed [&hellip;]\" \/>\n<meta property=\"og:url\" content=\"https:\/\/femergs.com.br\/wfe\/blog\/plenaria-sobre-o-novo-fundeb-realizado-em-ijui\/\" \/>\n<meta property=\"og:site_name\" content=\"Federa\u00e7\u00e3o dos Municip\u00e1rios do Estado do Rio Grande do Sul\" \/>\n<meta property=\"article:publisher\" content=\"https:\/\/www.facebook.com\/profile.php?id=100057151733001\" \/>\n<meta property=\"article:published_time\" content=\"2019-11-20T09:51:56+00:00\" \/>\n<meta name=\"author\" content=\"adminfemergs\" \/>\n<meta name=\"twitter:card\" content=\"summary_large_image\" \/>\n<meta name=\"twitter:label1\" content=\"Escrito por\" \/>\n\t<meta name=\"twitter:data1\" content=\"adminfemergs\" \/>\n\t<meta name=\"twitter:label2\" content=\"Est. tempo de leitura\" \/>\n\t<meta name=\"twitter:data2\" content=\"3 minutos\" \/>\n<script type=\"application\/ld+json\" class=\"yoast-schema-graph\">{\"@context\":\"https:\/\/schema.org\",\"@graph\":[{\"@type\":\"Article\",\"@id\":\"https:\/\/femergs.com.br\/wfe\/blog\/plenaria-sobre-o-novo-fundeb-realizado-em-ijui\/#article\",\"isPartOf\":{\"@id\":\"https:\/\/femergs.com.br\/wfe\/blog\/plenaria-sobre-o-novo-fundeb-realizado-em-ijui\/\"},\"author\":{\"name\":\"adminfemergs\",\"@id\":\"https:\/\/femergs.com.br\/wfe\/#\/schema\/person\/f5558e6b5ffc044ee085016237dedb7f\"},\"headline\":\"Plen\u00e1ria sobre o Novo FUNDEB realizado em Iju\u00ed\",\"datePublished\":\"2019-11-20T09:51:56+00:00\",\"mainEntityOfPage\":{\"@id\":\"https:\/\/femergs.com.br\/wfe\/blog\/plenaria-sobre-o-novo-fundeb-realizado-em-ijui\/\"},\"wordCount\":589,\"publisher\":{\"@id\":\"https:\/\/femergs.com.br\/wfe\/#organization\"},\"keywords\":[\"NULL\"],\"articleSection\":[\"ARQUIVADAS\"],\"inLanguage\":\"pt-BR\"},{\"@type\":\"WebPage\",\"@id\":\"https:\/\/femergs.com.br\/wfe\/blog\/plenaria-sobre-o-novo-fundeb-realizado-em-ijui\/\",\"url\":\"https:\/\/femergs.com.br\/wfe\/blog\/plenaria-sobre-o-novo-fundeb-realizado-em-ijui\/\",\"name\":\"Plen\u00e1ria sobre o Novo FUNDEB realizado em Iju\u00ed - Federa\u00e7\u00e3o dos Municip\u00e1rios do Estado do Rio Grande do Sul\",\"isPartOf\":{\"@id\":\"https:\/\/femergs.com.br\/wfe\/#website\"},\"datePublished\":\"2019-11-20T09:51:56+00:00\",\"breadcrumb\":{\"@id\":\"https:\/\/femergs.com.br\/wfe\/blog\/plenaria-sobre-o-novo-fundeb-realizado-em-ijui\/#breadcrumb\"},\"inLanguage\":\"pt-BR\",\"potentialAction\":[{\"@type\":\"ReadAction\",\"target\":[\"https:\/\/femergs.com.br\/wfe\/blog\/plenaria-sobre-o-novo-fundeb-realizado-em-ijui\/\"]}]},{\"@type\":\"BreadcrumbList\",\"@id\":\"https:\/\/femergs.com.br\/wfe\/blog\/plenaria-sobre-o-novo-fundeb-realizado-em-ijui\/#breadcrumb\",\"itemListElement\":[{\"@type\":\"ListItem\",\"position\":1,\"name\":\"In\u00edcio\",\"item\":\"https:\/\/femergs.com.br\/wfe\/\"},{\"@type\":\"ListItem\",\"position\":2,\"name\":\"Plen\u00e1ria sobre o Novo FUNDEB realizado em Iju\u00ed\"}]},{\"@type\":\"WebSite\",\"@id\":\"https:\/\/femergs.com.br\/wfe\/#website\",\"url\":\"https:\/\/femergs.com.br\/wfe\/\",\"name\":\"FEMERGS\",\"description\":\"FEDERA\u00c7\u00c3O DOS MUNICIP\u00c1RIOS DO ESTADO DO RIO GRANDE DO SUL\",\"publisher\":{\"@id\":\"https:\/\/femergs.com.br\/wfe\/#organization\"},\"potentialAction\":[{\"@type\":\"SearchAction\",\"target\":{\"@type\":\"EntryPoint\",\"urlTemplate\":\"https:\/\/femergs.com.br\/wfe\/?s={search_term_string}\"},\"query-input\":{\"@type\":\"PropertyValueSpecification\",\"valueRequired\":true,\"valueName\":\"search_term_string\"}}],\"inLanguage\":\"pt-BR\"},{\"@type\":\"Organization\",\"@id\":\"https:\/\/femergs.com.br\/wfe\/#organization\",\"name\":\"FEMERGS\",\"url\":\"https:\/\/femergs.com.br\/wfe\/\",\"logo\":{\"@type\":\"ImageObject\",\"inLanguage\":\"pt-BR\",\"@id\":\"https:\/\/femergs.com.br\/wfe\/#\/schema\/logo\/image\/\",\"url\":\"https:\/\/femergs.com.br\/wfe\/wp-content\/uploads\/2025\/06\/logotipo.png\",\"contentUrl\":\"https:\/\/femergs.com.br\/wfe\/wp-content\/uploads\/2025\/06\/logotipo.png\",\"width\":500,\"height\":500,\"caption\":\"FEMERGS\"},\"image\":{\"@id\":\"https:\/\/femergs.com.br\/wfe\/#\/schema\/logo\/image\/\"},\"sameAs\":[\"https:\/\/www.facebook.com\/profile.php?id=100057151733001\",\"https:\/\/www.instagram.com\/femergs_rs\/\"]},{\"@type\":\"Person\",\"@id\":\"https:\/\/femergs.com.br\/wfe\/#\/schema\/person\/f5558e6b5ffc044ee085016237dedb7f\",\"name\":\"adminfemergs\",\"image\":{\"@type\":\"ImageObject\",\"inLanguage\":\"pt-BR\",\"@id\":\"https:\/\/femergs.com.br\/wfe\/#\/schema\/person\/image\/\",\"url\":\"https:\/\/secure.gravatar.com\/avatar\/398642fa557cdd524617ad9b31c938845f071aeb3448b9c0aeb29aefc495337b?s=96&d=mm&r=g\",\"contentUrl\":\"https:\/\/secure.gravatar.com\/avatar\/398642fa557cdd524617ad9b31c938845f071aeb3448b9c0aeb29aefc495337b?s=96&d=mm&r=g\",\"caption\":\"adminfemergs\"},\"sameAs\":[\"https:\/\/femergs.com.br\/wfe\"],\"url\":\"https:\/\/femergs.com.br\/wfe\/blog\/author\/adminfemergs\/\"}]}<\/script>\n<!-- \/ Yoast SEO plugin. -->","yoast_head_json":{"title":"Plen\u00e1ria sobre o Novo FUNDEB realizado em Iju\u00ed - Federa\u00e7\u00e3o dos Municip\u00e1rios do Estado do Rio Grande do Sul","robots":{"index":"index","follow":"follow","max-snippet":"max-snippet:-1","max-image-preview":"max-image-preview:large","max-video-preview":"max-video-preview:-1"},"canonical":"https:\/\/femergs.com.br\/wfe\/blog\/plenaria-sobre-o-novo-fundeb-realizado-em-ijui\/","og_locale":"pt_BR","og_type":"article","og_title":"Plen\u00e1ria sobre o Novo FUNDEB realizado em Iju\u00ed - Federa\u00e7\u00e3o dos Municip\u00e1rios do Estado do Rio Grande do Sul","og_description":"No dia dezoito de novembro de 2019, o Presidente da FEMERGS Vilson Jo\u00e3o Weber, juntamente com a diretora de Educa\u00e7\u00e3o Rosani Maria Lima Stocker e a diretora de Assuntos Jur\u00eddicos Elaine Haab estiveram participando da plen\u00e1ria sobre o Novo FUNDEB, em Iju\u00ed. Evento este realizado pela Associa\u00e7\u00e3o dos Professores da Rede P\u00fablica Municipal de Iju\u00ed [&hellip;]","og_url":"https:\/\/femergs.com.br\/wfe\/blog\/plenaria-sobre-o-novo-fundeb-realizado-em-ijui\/","og_site_name":"Federa\u00e7\u00e3o dos Municip\u00e1rios do Estado do Rio Grande do Sul","article_publisher":"https:\/\/www.facebook.com\/profile.php?id=100057151733001","article_published_time":"2019-11-20T09:51:56+00:00","author":"adminfemergs","twitter_card":"summary_large_image","twitter_misc":{"Escrito por":"adminfemergs","Est. tempo de leitura":"3 minutos"},"schema":{"@context":"https:\/\/schema.org","@graph":[{"@type":"Article","@id":"https:\/\/femergs.com.br\/wfe\/blog\/plenaria-sobre-o-novo-fundeb-realizado-em-ijui\/#article","isPartOf":{"@id":"https:\/\/femergs.com.br\/wfe\/blog\/plenaria-sobre-o-novo-fundeb-realizado-em-ijui\/"},"author":{"name":"adminfemergs","@id":"https:\/\/femergs.com.br\/wfe\/#\/schema\/person\/f5558e6b5ffc044ee085016237dedb7f"},"headline":"Plen\u00e1ria sobre o Novo FUNDEB realizado em Iju\u00ed","datePublished":"2019-11-20T09:51:56+00:00","mainEntityOfPage":{"@id":"https:\/\/femergs.com.br\/wfe\/blog\/plenaria-sobre-o-novo-fundeb-realizado-em-ijui\/"},"wordCount":589,"publisher":{"@id":"https:\/\/femergs.com.br\/wfe\/#organization"},"keywords":["NULL"],"articleSection":["ARQUIVADAS"],"inLanguage":"pt-BR"},{"@type":"WebPage","@id":"https:\/\/femergs.com.br\/wfe\/blog\/plenaria-sobre-o-novo-fundeb-realizado-em-ijui\/","url":"https:\/\/femergs.com.br\/wfe\/blog\/plenaria-sobre-o-novo-fundeb-realizado-em-ijui\/","name":"Plen\u00e1ria sobre o Novo FUNDEB realizado em Iju\u00ed - Federa\u00e7\u00e3o dos Municip\u00e1rios do Estado do Rio Grande do Sul","isPartOf":{"@id":"https:\/\/femergs.com.br\/wfe\/#website"},"datePublished":"2019-11-20T09:51:56+00:00","breadcrumb":{"@id":"https:\/\/femergs.com.br\/wfe\/blog\/plenaria-sobre-o-novo-fundeb-realizado-em-ijui\/#breadcrumb"},"inLanguage":"pt-BR","potentialAction":[{"@type":"ReadAction","target":["https:\/\/femergs.com.br\/wfe\/blog\/plenaria-sobre-o-novo-fundeb-realizado-em-ijui\/"]}]},{"@type":"BreadcrumbList","@id":"https:\/\/femergs.com.br\/wfe\/blog\/plenaria-sobre-o-novo-fundeb-realizado-em-ijui\/#breadcrumb","itemListElement":[{"@type":"ListItem","position":1,"name":"In\u00edcio","item":"https:\/\/femergs.com.br\/wfe\/"},{"@type":"ListItem","position":2,"name":"Plen\u00e1ria sobre o Novo FUNDEB realizado em Iju\u00ed"}]},{"@type":"WebSite","@id":"https:\/\/femergs.com.br\/wfe\/#website","url":"https:\/\/femergs.com.br\/wfe\/","name":"FEMERGS","description":"FEDERA\u00c7\u00c3O DOS MUNICIP\u00c1RIOS DO ESTADO DO RIO GRANDE DO SUL","publisher":{"@id":"https:\/\/femergs.com.br\/wfe\/#organization"},"potentialAction":[{"@type":"SearchAction","target":{"@type":"EntryPoint","urlTemplate":"https:\/\/femergs.com.br\/wfe\/?s={search_term_string}"},"query-input":{"@type":"PropertyValueSpecification","valueRequired":true,"valueName":"search_term_string"}}],"inLanguage":"pt-BR"},{"@type":"Organization","@id":"https:\/\/femergs.com.br\/wfe\/#organization","name":"FEMERGS","url":"https:\/\/femergs.com.br\/wfe\/","logo":{"@type":"ImageObject","inLanguage":"pt-BR","@id":"https:\/\/femergs.com.br\/wfe\/#\/schema\/logo\/image\/","url":"https:\/\/femergs.com.br\/wfe\/wp-content\/uploads\/2025\/06\/logotipo.png","contentUrl":"https:\/\/femergs.com.br\/wfe\/wp-content\/uploads\/2025\/06\/logotipo.png","width":500,"height":500,"caption":"FEMERGS"},"image":{"@id":"https:\/\/femergs.com.br\/wfe\/#\/schema\/logo\/image\/"},"sameAs":["https:\/\/www.facebook.com\/profile.php?id=100057151733001","https:\/\/www.instagram.com\/femergs_rs\/"]},{"@type":"Person","@id":"https:\/\/femergs.com.br\/wfe\/#\/schema\/person\/f5558e6b5ffc044ee085016237dedb7f","name":"adminfemergs","image":{"@type":"ImageObject","inLanguage":"pt-BR","@id":"https:\/\/femergs.com.br\/wfe\/#\/schema\/person\/image\/","url":"https:\/\/secure.gravatar.com\/avatar\/398642fa557cdd524617ad9b31c938845f071aeb3448b9c0aeb29aefc495337b?s=96&d=mm&r=g","contentUrl":"https:\/\/secure.gravatar.com\/avatar\/398642fa557cdd524617ad9b31c938845f071aeb3448b9c0aeb29aefc495337b?s=96&d=mm&r=g","caption":"adminfemergs"},"sameAs":["https:\/\/femergs.com.br\/wfe"],"url":"https:\/\/femergs.com.br\/wfe\/blog\/author\/adminfemergs\/"}]}},"uagb_featured_image_src":{"full":false,"thumbnail":false,"medium":false,"medium_large":false,"large":false,"1536x1536":false,"2048x2048":false,"ultp_layout_landscape_large":false,"ultp_layout_landscape":false,"ultp_layout_portrait":false,"ultp_layout_square":false},"uagb_author_info":{"display_name":"adminfemergs","author_link":"https:\/\/femergs.com.br\/wfe\/blog\/author\/adminfemergs\/"},"uagb_comment_info":0,"uagb_excerpt":"No dia dezoito de novembro de 2019, o Presidente da FEMERGS Vilson Jo\u00e3o Weber, juntamente com a diretora de Educa\u00e7\u00e3o Rosani Maria Lima Stocker e a diretora de Assuntos Jur\u00eddicos Elaine Haab estiveram participando da plen\u00e1ria sobre o Novo FUNDEB, em Iju\u00ed. Evento este realizado pela Associa\u00e7\u00e3o dos Professores da Rede P\u00fablica Municipal de Iju\u00ed&hellip;","_links":{"self":[{"href":"https:\/\/femergs.com.br\/wfe\/wp-json\/wp\/v2\/posts\/1210","targetHints":{"allow":["GET"]}}],"collection":[{"href":"https:\/\/femergs.com.br\/wfe\/wp-json\/wp\/v2\/posts"}],"about":[{"href":"https:\/\/femergs.com.br\/wfe\/wp-json\/wp\/v2\/types\/post"}],"author":[{"embeddable":true,"href":"https:\/\/femergs.com.br\/wfe\/wp-json\/wp\/v2\/users\/1"}],"replies":[{"embeddable":true,"href":"https:\/\/femergs.com.br\/wfe\/wp-json\/wp\/v2\/comments?post=1210"}],"version-history":[{"count":0,"href":"https:\/\/femergs.com.br\/wfe\/wp-json\/wp\/v2\/posts\/1210\/revisions"}],"wp:attachment":[{"href":"https:\/\/femergs.com.br\/wfe\/wp-json\/wp\/v2\/media?parent=1210"}],"wp:term":[{"taxonomy":"category","embeddable":true,"href":"https:\/\/femergs.com.br\/wfe\/wp-json\/wp\/v2\/categories?post=1210"},{"taxonomy":"post_tag","embeddable":true,"href":"https:\/\/femergs.com.br\/wfe\/wp-json\/wp\/v2\/tags?post=1210"}],"curies":[{"name":"wp","href":"https:\/\/api.w.org\/{rel}","templated":true}]}}