{"id":1211,"date":"2019-11-29T00:07:25","date_gmt":"2019-11-29T00:07:25","guid":{"rendered":"https:\/\/femergs.com.br\/wfe\/blog\/femergs-mocao-de-apoio-ao-magisterio-e-aos-servidores-estaduais\/"},"modified":"2019-11-29T00:07:25","modified_gmt":"2019-11-29T00:07:25","slug":"femergs-mocao-de-apoio-ao-magisterio-e-aos-servidores-estaduais","status":"publish","type":"post","link":"https:\/\/femergs.com.br\/wfe\/blog\/femergs-mocao-de-apoio-ao-magisterio-e-aos-servidores-estaduais\/","title":{"rendered":"FEMERGS: MO\u00c7\u00c3O DE APOIO AO MAGIST\u00c9RIO E AOS SERVIDORES ESTADUAIS"},"content":{"rendered":"<p>\nA FEMERGS &#8211; FEDERA\u00c7\u00c3O DOS MUNICIP\u00c1RIOS DO ESTADO DO RIO GRANDE DO SUL DEFINIU EM SUAS INST\u00c2NCIAS DE DELIBERA\u00c7\u00c3O, A LUTA POR NENHUM DIREITO A MENOS \u2013 VEM A P\u00daBLICO APOIAR A ORGANIZA\u00c7\u00c3O DA RESIST\u00caNCIA \/ A GREVE DOS PROFESSORES E SERVIDORES diante do DESMONTE do servi\u00e7o p\u00fablico que est\u00e1 embutido no Pacote do Governo de Eduardo Leite.<\/p>\n<p>A realidade das finan\u00e7as no caixa do Estado do Rio Grande do Sul, vem se deteriorando ao longo dos anos, atrav\u00e9s dos sucessivos governos. Governar \u00e9 fazer escolhas. Claramente estamos percebendo, que o Governador Eduardo Leite a exemplo do seu antecessor, optaram em sacrificar o conjunto dos professores\/servidores com parcelamento dos sal\u00e1rios, al\u00e9m de n\u00e3o respeitar a Constitui\u00e7\u00e3o, pois j\u00e1 fazem cinco anos que n\u00e3o rep\u00f5e nem a infla\u00e7\u00e3o para os sal\u00e1rios.<\/p>\n<p>Com toda esta realidade dif\u00edcil para o conjunto dos professores\/servidores e suas fam\u00edlias, agora vem o Pacote do Governador LEITE &#8211; PROJETOS DE ALTERA\u00c7\u00c3O NO PLANO DE CARREIRA DO MAGIST\u00c9RIO P\u00daBLICO ESTADUAL, NO ESTATUTO DO SERVIDOR P\u00daBLICO DO RIO GRANDE DO SUL E NA PREVID\u00caNCIA ESTADUAL que na verdade, jogam a carreira e as expectativas de direitos dos servidores, na lata de lixo.<\/p>\n<p>A maldade de aumento das al\u00edquotas previdenci\u00e1rias, aliada a cobran\u00e7a de percentuais dos inativos, representam na verdade um \u201cConfisco\u201d para cima dos trabalhadores(as). O Buraco em termos da irresponsabilidade previdenci\u00e1ria no Estado do Rio Grande do Sul, se deu ao longo dos anos, com a passagem de governos de todos os matizes partid\u00e1rios, que n\u00e3o guardaram o percentual que descontaram dos servidores para previd\u00eancia e mais grave, nunca guardaram a parte patronal do estado, para dar conta da responsabilidade previdenci\u00e1ria. N\u00e3o \u00e9 correto e muito menos justo, os professores\/servidores serem penalizados pelas irresponsabilidades previdenci\u00e1rias dos gestores.<\/p>\n<p>Considerando: que o governo editou o REFAZ premiando os maus contribuintes; que o governo n\u00e3o sinaliza um efetivo combate a sonega\u00e7\u00e3o; que o governo n\u00e3o revisa Isen\u00e7\u00f5es Fiscais que superam os 9,6 bilh\u00f5es, n\u00e3o busca efetivamente o ressarcimento das perdas com a Lei Kandir, e mais grave, n\u00e3o tem nenhuma iniciativa que efetivamente significa busca de incremento de receitas, limitando-se no governo, dentro da onda \u201cultraliberal\u201d &#8211; diminuir cortar\/cortar\/cortar, alertamos que est\u00e1 amea\u00e7ada a pr\u00f3pria exist\u00eancia do Estado.<\/p>\n<p>POR TUDO ISSO \u2013 A SOCIEDADE EST\u00c1 REAGINDO.<\/p>\n<p>A FAMURS\/ AL\u00c9M DE UMA CENTENA DE MUNIC\u00cdPIOS C\u00c2MARAS DE VEREADORES, J\u00c1 SE MANIFESTARAM. Muitos com Mo\u00e7\u00f5es de rep\u00fadio as iniciativas do Governo, outros com Mo\u00e7\u00f5es de Apoio ao conjunto dos professores e servidores estaduais.<\/p>\n<p>Conclamamos a todos os Sindicatos filiados a FEMERGS &#8211; Precisamos apoiar o conjunto dos professores\/servidores, visando dar um basta ao desmonte da Educa\u00e7\u00e3o P\u00fablica e dos Servi\u00e7os P\u00fablicos.<\/p>\n<p>APOIAMOS A RESIST\u00caNCIA\/GREVE dos professores\/servidores Estaduais.<\/p>\n","protected":false},"excerpt":{"rendered":"<p>A FEMERGS &#8211; FEDERA\u00c7\u00c3O DOS MUNICIP\u00c1RIOS DO ESTADO DO RIO GRANDE DO SUL DEFINIU EM SUAS INST\u00c2NCIAS DE DELIBERA\u00c7\u00c3O, A LUTA POR NENHUM DIREITO A MENOS \u2013 VEM A P\u00daBLICO APOIAR A ORGANIZA\u00c7\u00c3O DA RESIST\u00caNCIA \/ A GREVE DOS PROFESSORES E SERVIDORES diante do DESMONTE do servi\u00e7o p\u00fablico que est\u00e1 embutido no Pacote do Governo [&hellip;]<\/p>\n","protected":false},"author":1,"featured_media":0,"comment_status":"closed","ping_status":"closed","sticky":false,"template":"","format":"standard","meta":{"_eb_attr":"","_uag_custom_page_level_css":"","fifu_image_url":"","fifu_image_alt":"","footnotes":""},"categories":[1],"tags":[32],"class_list":["post-1211","post","type-post","status-publish","format-standard","hentry","category-arquivadas","tag-null"],"yoast_head":"<!-- This site is optimized with the Yoast SEO plugin v27.1.1 - https:\/\/yoast.com\/product\/yoast-seo-wordpress\/ -->\n<title>FEMERGS: MO\u00c7\u00c3O DE APOIO AO MAGIST\u00c9RIO E AOS SERVIDORES ESTADUAIS - Federa\u00e7\u00e3o dos Municip\u00e1rios do Estado do Rio Grande do Sul<\/title>\n<meta name=\"robots\" content=\"index, follow, max-snippet:-1, max-image-preview:large, max-video-preview:-1\" \/>\n<link rel=\"canonical\" href=\"https:\/\/femergs.com.br\/wfe\/blog\/femergs-mocao-de-apoio-ao-magisterio-e-aos-servidores-estaduais\/\" \/>\n<meta property=\"og:locale\" content=\"pt_BR\" \/>\n<meta property=\"og:type\" content=\"article\" \/>\n<meta property=\"og:title\" content=\"FEMERGS: MO\u00c7\u00c3O DE APOIO AO MAGIST\u00c9RIO E AOS SERVIDORES ESTADUAIS - Federa\u00e7\u00e3o dos Municip\u00e1rios do Estado do Rio Grande do Sul\" \/>\n<meta property=\"og:description\" content=\"A FEMERGS &#8211; FEDERA\u00c7\u00c3O DOS MUNICIP\u00c1RIOS DO ESTADO DO RIO GRANDE DO SUL DEFINIU EM SUAS INST\u00c2NCIAS DE DELIBERA\u00c7\u00c3O, A LUTA POR NENHUM DIREITO A MENOS \u2013 VEM A P\u00daBLICO APOIAR A ORGANIZA\u00c7\u00c3O DA RESIST\u00caNCIA \/ A GREVE DOS PROFESSORES E SERVIDORES diante do DESMONTE do servi\u00e7o p\u00fablico que est\u00e1 embutido no Pacote do Governo [&hellip;]\" \/>\n<meta property=\"og:url\" content=\"https:\/\/femergs.com.br\/wfe\/blog\/femergs-mocao-de-apoio-ao-magisterio-e-aos-servidores-estaduais\/\" \/>\n<meta property=\"og:site_name\" content=\"Federa\u00e7\u00e3o dos Municip\u00e1rios do Estado do Rio Grande do Sul\" \/>\n<meta property=\"article:publisher\" content=\"https:\/\/www.facebook.com\/profile.php?id=100057151733001\" \/>\n<meta property=\"article:published_time\" content=\"2019-11-29T00:07:25+00:00\" \/>\n<meta name=\"author\" content=\"adminfemergs\" \/>\n<meta name=\"twitter:card\" content=\"summary_large_image\" \/>\n<meta name=\"twitter:label1\" content=\"Escrito por\" \/>\n\t<meta name=\"twitter:data1\" content=\"adminfemergs\" \/>\n\t<meta name=\"twitter:label2\" content=\"Est. tempo de leitura\" \/>\n\t<meta name=\"twitter:data2\" content=\"3 minutos\" \/>\n<script type=\"application\/ld+json\" class=\"yoast-schema-graph\">{\"@context\":\"https:\/\/schema.org\",\"@graph\":[{\"@type\":\"Article\",\"@id\":\"https:\/\/femergs.com.br\/wfe\/blog\/femergs-mocao-de-apoio-ao-magisterio-e-aos-servidores-estaduais\/#article\",\"isPartOf\":{\"@id\":\"https:\/\/femergs.com.br\/wfe\/blog\/femergs-mocao-de-apoio-ao-magisterio-e-aos-servidores-estaduais\/\"},\"author\":{\"name\":\"adminfemergs\",\"@id\":\"https:\/\/femergs.com.br\/wfe\/#\/schema\/person\/f5558e6b5ffc044ee085016237dedb7f\"},\"headline\":\"FEMERGS: MO\u00c7\u00c3O DE APOIO AO MAGIST\u00c9RIO E AOS SERVIDORES ESTADUAIS\",\"datePublished\":\"2019-11-29T00:07:25+00:00\",\"mainEntityOfPage\":{\"@id\":\"https:\/\/femergs.com.br\/wfe\/blog\/femergs-mocao-de-apoio-ao-magisterio-e-aos-servidores-estaduais\/\"},\"wordCount\":516,\"publisher\":{\"@id\":\"https:\/\/femergs.com.br\/wfe\/#organization\"},\"keywords\":[\"NULL\"],\"articleSection\":[\"ARQUIVADAS\"],\"inLanguage\":\"pt-BR\"},{\"@type\":\"WebPage\",\"@id\":\"https:\/\/femergs.com.br\/wfe\/blog\/femergs-mocao-de-apoio-ao-magisterio-e-aos-servidores-estaduais\/\",\"url\":\"https:\/\/femergs.com.br\/wfe\/blog\/femergs-mocao-de-apoio-ao-magisterio-e-aos-servidores-estaduais\/\",\"name\":\"FEMERGS: MO\u00c7\u00c3O DE APOIO AO MAGIST\u00c9RIO E AOS SERVIDORES ESTADUAIS - Federa\u00e7\u00e3o dos Municip\u00e1rios do Estado do Rio Grande do Sul\",\"isPartOf\":{\"@id\":\"https:\/\/femergs.com.br\/wfe\/#website\"},\"datePublished\":\"2019-11-29T00:07:25+00:00\",\"breadcrumb\":{\"@id\":\"https:\/\/femergs.com.br\/wfe\/blog\/femergs-mocao-de-apoio-ao-magisterio-e-aos-servidores-estaduais\/#breadcrumb\"},\"inLanguage\":\"pt-BR\",\"potentialAction\":[{\"@type\":\"ReadAction\",\"target\":[\"https:\/\/femergs.com.br\/wfe\/blog\/femergs-mocao-de-apoio-ao-magisterio-e-aos-servidores-estaduais\/\"]}]},{\"@type\":\"BreadcrumbList\",\"@id\":\"https:\/\/femergs.com.br\/wfe\/blog\/femergs-mocao-de-apoio-ao-magisterio-e-aos-servidores-estaduais\/#breadcrumb\",\"itemListElement\":[{\"@type\":\"ListItem\",\"position\":1,\"name\":\"In\u00edcio\",\"item\":\"https:\/\/femergs.com.br\/wfe\/\"},{\"@type\":\"ListItem\",\"position\":2,\"name\":\"FEMERGS: MO\u00c7\u00c3O DE APOIO AO MAGIST\u00c9RIO E AOS SERVIDORES ESTADUAIS\"}]},{\"@type\":\"WebSite\",\"@id\":\"https:\/\/femergs.com.br\/wfe\/#website\",\"url\":\"https:\/\/femergs.com.br\/wfe\/\",\"name\":\"FEMERGS\",\"description\":\"FEDERA\u00c7\u00c3O DOS MUNICIP\u00c1RIOS DO ESTADO DO RIO GRANDE DO SUL\",\"publisher\":{\"@id\":\"https:\/\/femergs.com.br\/wfe\/#organization\"},\"potentialAction\":[{\"@type\":\"SearchAction\",\"target\":{\"@type\":\"EntryPoint\",\"urlTemplate\":\"https:\/\/femergs.com.br\/wfe\/?s={search_term_string}\"},\"query-input\":{\"@type\":\"PropertyValueSpecification\",\"valueRequired\":true,\"valueName\":\"search_term_string\"}}],\"inLanguage\":\"pt-BR\"},{\"@type\":\"Organization\",\"@id\":\"https:\/\/femergs.com.br\/wfe\/#organization\",\"name\":\"FEMERGS\",\"url\":\"https:\/\/femergs.com.br\/wfe\/\",\"logo\":{\"@type\":\"ImageObject\",\"inLanguage\":\"pt-BR\",\"@id\":\"https:\/\/femergs.com.br\/wfe\/#\/schema\/logo\/image\/\",\"url\":\"https:\/\/femergs.com.br\/wfe\/wp-content\/uploads\/2025\/06\/logotipo.png\",\"contentUrl\":\"https:\/\/femergs.com.br\/wfe\/wp-content\/uploads\/2025\/06\/logotipo.png\",\"width\":500,\"height\":500,\"caption\":\"FEMERGS\"},\"image\":{\"@id\":\"https:\/\/femergs.com.br\/wfe\/#\/schema\/logo\/image\/\"},\"sameAs\":[\"https:\/\/www.facebook.com\/profile.php?id=100057151733001\",\"https:\/\/www.instagram.com\/femergs_rs\/\"]},{\"@type\":\"Person\",\"@id\":\"https:\/\/femergs.com.br\/wfe\/#\/schema\/person\/f5558e6b5ffc044ee085016237dedb7f\",\"name\":\"adminfemergs\",\"image\":{\"@type\":\"ImageObject\",\"inLanguage\":\"pt-BR\",\"@id\":\"https:\/\/femergs.com.br\/wfe\/#\/schema\/person\/image\/\",\"url\":\"https:\/\/secure.gravatar.com\/avatar\/398642fa557cdd524617ad9b31c938845f071aeb3448b9c0aeb29aefc495337b?s=96&d=mm&r=g\",\"contentUrl\":\"https:\/\/secure.gravatar.com\/avatar\/398642fa557cdd524617ad9b31c938845f071aeb3448b9c0aeb29aefc495337b?s=96&d=mm&r=g\",\"caption\":\"adminfemergs\"},\"sameAs\":[\"https:\/\/femergs.com.br\/wfe\"],\"url\":\"https:\/\/femergs.com.br\/wfe\/blog\/author\/adminfemergs\/\"}]}<\/script>\n<!-- \/ Yoast SEO plugin. -->","yoast_head_json":{"title":"FEMERGS: MO\u00c7\u00c3O DE APOIO AO MAGIST\u00c9RIO E AOS SERVIDORES ESTADUAIS - Federa\u00e7\u00e3o dos Municip\u00e1rios do Estado do Rio Grande do Sul","robots":{"index":"index","follow":"follow","max-snippet":"max-snippet:-1","max-image-preview":"max-image-preview:large","max-video-preview":"max-video-preview:-1"},"canonical":"https:\/\/femergs.com.br\/wfe\/blog\/femergs-mocao-de-apoio-ao-magisterio-e-aos-servidores-estaduais\/","og_locale":"pt_BR","og_type":"article","og_title":"FEMERGS: MO\u00c7\u00c3O DE APOIO AO MAGIST\u00c9RIO E AOS SERVIDORES ESTADUAIS - Federa\u00e7\u00e3o dos Municip\u00e1rios do Estado do Rio Grande do Sul","og_description":"A FEMERGS &#8211; FEDERA\u00c7\u00c3O DOS MUNICIP\u00c1RIOS DO ESTADO DO RIO GRANDE DO SUL DEFINIU EM SUAS INST\u00c2NCIAS DE DELIBERA\u00c7\u00c3O, A LUTA POR NENHUM DIREITO A MENOS \u2013 VEM A P\u00daBLICO APOIAR A ORGANIZA\u00c7\u00c3O DA RESIST\u00caNCIA \/ A GREVE DOS PROFESSORES E SERVIDORES diante do DESMONTE do servi\u00e7o p\u00fablico que est\u00e1 embutido no Pacote do Governo [&hellip;]","og_url":"https:\/\/femergs.com.br\/wfe\/blog\/femergs-mocao-de-apoio-ao-magisterio-e-aos-servidores-estaduais\/","og_site_name":"Federa\u00e7\u00e3o dos Municip\u00e1rios do Estado do Rio Grande do Sul","article_publisher":"https:\/\/www.facebook.com\/profile.php?id=100057151733001","article_published_time":"2019-11-29T00:07:25+00:00","author":"adminfemergs","twitter_card":"summary_large_image","twitter_misc":{"Escrito por":"adminfemergs","Est. tempo de leitura":"3 minutos"},"schema":{"@context":"https:\/\/schema.org","@graph":[{"@type":"Article","@id":"https:\/\/femergs.com.br\/wfe\/blog\/femergs-mocao-de-apoio-ao-magisterio-e-aos-servidores-estaduais\/#article","isPartOf":{"@id":"https:\/\/femergs.com.br\/wfe\/blog\/femergs-mocao-de-apoio-ao-magisterio-e-aos-servidores-estaduais\/"},"author":{"name":"adminfemergs","@id":"https:\/\/femergs.com.br\/wfe\/#\/schema\/person\/f5558e6b5ffc044ee085016237dedb7f"},"headline":"FEMERGS: MO\u00c7\u00c3O DE APOIO AO MAGIST\u00c9RIO E AOS SERVIDORES ESTADUAIS","datePublished":"2019-11-29T00:07:25+00:00","mainEntityOfPage":{"@id":"https:\/\/femergs.com.br\/wfe\/blog\/femergs-mocao-de-apoio-ao-magisterio-e-aos-servidores-estaduais\/"},"wordCount":516,"publisher":{"@id":"https:\/\/femergs.com.br\/wfe\/#organization"},"keywords":["NULL"],"articleSection":["ARQUIVADAS"],"inLanguage":"pt-BR"},{"@type":"WebPage","@id":"https:\/\/femergs.com.br\/wfe\/blog\/femergs-mocao-de-apoio-ao-magisterio-e-aos-servidores-estaduais\/","url":"https:\/\/femergs.com.br\/wfe\/blog\/femergs-mocao-de-apoio-ao-magisterio-e-aos-servidores-estaduais\/","name":"FEMERGS: MO\u00c7\u00c3O DE APOIO AO MAGIST\u00c9RIO E AOS SERVIDORES ESTADUAIS - Federa\u00e7\u00e3o dos Municip\u00e1rios do Estado do Rio Grande do Sul","isPartOf":{"@id":"https:\/\/femergs.com.br\/wfe\/#website"},"datePublished":"2019-11-29T00:07:25+00:00","breadcrumb":{"@id":"https:\/\/femergs.com.br\/wfe\/blog\/femergs-mocao-de-apoio-ao-magisterio-e-aos-servidores-estaduais\/#breadcrumb"},"inLanguage":"pt-BR","potentialAction":[{"@type":"ReadAction","target":["https:\/\/femergs.com.br\/wfe\/blog\/femergs-mocao-de-apoio-ao-magisterio-e-aos-servidores-estaduais\/"]}]},{"@type":"BreadcrumbList","@id":"https:\/\/femergs.com.br\/wfe\/blog\/femergs-mocao-de-apoio-ao-magisterio-e-aos-servidores-estaduais\/#breadcrumb","itemListElement":[{"@type":"ListItem","position":1,"name":"In\u00edcio","item":"https:\/\/femergs.com.br\/wfe\/"},{"@type":"ListItem","position":2,"name":"FEMERGS: MO\u00c7\u00c3O DE APOIO AO MAGIST\u00c9RIO E AOS SERVIDORES ESTADUAIS"}]},{"@type":"WebSite","@id":"https:\/\/femergs.com.br\/wfe\/#website","url":"https:\/\/femergs.com.br\/wfe\/","name":"FEMERGS","description":"FEDERA\u00c7\u00c3O DOS MUNICIP\u00c1RIOS DO ESTADO DO RIO GRANDE DO SUL","publisher":{"@id":"https:\/\/femergs.com.br\/wfe\/#organization"},"potentialAction":[{"@type":"SearchAction","target":{"@type":"EntryPoint","urlTemplate":"https:\/\/femergs.com.br\/wfe\/?s={search_term_string}"},"query-input":{"@type":"PropertyValueSpecification","valueRequired":true,"valueName":"search_term_string"}}],"inLanguage":"pt-BR"},{"@type":"Organization","@id":"https:\/\/femergs.com.br\/wfe\/#organization","name":"FEMERGS","url":"https:\/\/femergs.com.br\/wfe\/","logo":{"@type":"ImageObject","inLanguage":"pt-BR","@id":"https:\/\/femergs.com.br\/wfe\/#\/schema\/logo\/image\/","url":"https:\/\/femergs.com.br\/wfe\/wp-content\/uploads\/2025\/06\/logotipo.png","contentUrl":"https:\/\/femergs.com.br\/wfe\/wp-content\/uploads\/2025\/06\/logotipo.png","width":500,"height":500,"caption":"FEMERGS"},"image":{"@id":"https:\/\/femergs.com.br\/wfe\/#\/schema\/logo\/image\/"},"sameAs":["https:\/\/www.facebook.com\/profile.php?id=100057151733001","https:\/\/www.instagram.com\/femergs_rs\/"]},{"@type":"Person","@id":"https:\/\/femergs.com.br\/wfe\/#\/schema\/person\/f5558e6b5ffc044ee085016237dedb7f","name":"adminfemergs","image":{"@type":"ImageObject","inLanguage":"pt-BR","@id":"https:\/\/femergs.com.br\/wfe\/#\/schema\/person\/image\/","url":"https:\/\/secure.gravatar.com\/avatar\/398642fa557cdd524617ad9b31c938845f071aeb3448b9c0aeb29aefc495337b?s=96&d=mm&r=g","contentUrl":"https:\/\/secure.gravatar.com\/avatar\/398642fa557cdd524617ad9b31c938845f071aeb3448b9c0aeb29aefc495337b?s=96&d=mm&r=g","caption":"adminfemergs"},"sameAs":["https:\/\/femergs.com.br\/wfe"],"url":"https:\/\/femergs.com.br\/wfe\/blog\/author\/adminfemergs\/"}]}},"uagb_featured_image_src":{"full":false,"thumbnail":false,"medium":false,"medium_large":false,"large":false,"1536x1536":false,"2048x2048":false,"ultp_layout_landscape_large":false,"ultp_layout_landscape":false,"ultp_layout_portrait":false,"ultp_layout_square":false},"uagb_author_info":{"display_name":"adminfemergs","author_link":"https:\/\/femergs.com.br\/wfe\/blog\/author\/adminfemergs\/"},"uagb_comment_info":0,"uagb_excerpt":"A FEMERGS &#8211; FEDERA\u00c7\u00c3O DOS MUNICIP\u00c1RIOS DO ESTADO DO RIO GRANDE DO SUL DEFINIU EM SUAS INST\u00c2NCIAS DE DELIBERA\u00c7\u00c3O, A LUTA POR NENHUM DIREITO A MENOS \u2013 VEM A P\u00daBLICO APOIAR A ORGANIZA\u00c7\u00c3O DA RESIST\u00caNCIA \/ A GREVE DOS PROFESSORES E SERVIDORES diante do DESMONTE do servi\u00e7o p\u00fablico que est\u00e1 embutido no Pacote do Governo&hellip;","_links":{"self":[{"href":"https:\/\/femergs.com.br\/wfe\/wp-json\/wp\/v2\/posts\/1211","targetHints":{"allow":["GET"]}}],"collection":[{"href":"https:\/\/femergs.com.br\/wfe\/wp-json\/wp\/v2\/posts"}],"about":[{"href":"https:\/\/femergs.com.br\/wfe\/wp-json\/wp\/v2\/types\/post"}],"author":[{"embeddable":true,"href":"https:\/\/femergs.com.br\/wfe\/wp-json\/wp\/v2\/users\/1"}],"replies":[{"embeddable":true,"href":"https:\/\/femergs.com.br\/wfe\/wp-json\/wp\/v2\/comments?post=1211"}],"version-history":[{"count":0,"href":"https:\/\/femergs.com.br\/wfe\/wp-json\/wp\/v2\/posts\/1211\/revisions"}],"wp:attachment":[{"href":"https:\/\/femergs.com.br\/wfe\/wp-json\/wp\/v2\/media?parent=1211"}],"wp:term":[{"taxonomy":"category","embeddable":true,"href":"https:\/\/femergs.com.br\/wfe\/wp-json\/wp\/v2\/categories?post=1211"},{"taxonomy":"post_tag","embeddable":true,"href":"https:\/\/femergs.com.br\/wfe\/wp-json\/wp\/v2\/tags?post=1211"}],"curies":[{"name":"wp","href":"https:\/\/api.w.org\/{rel}","templated":true}]}}