{"id":1213,"date":"2020-01-14T19:42:07","date_gmt":"2020-01-14T19:42:07","guid":{"rendered":"https:\/\/femergs.com.br\/wfe\/blog\/femergs-esta-junto-na-luta-pela-manutencao-do-ipe-saude-publico\/"},"modified":"2020-01-14T19:42:07","modified_gmt":"2020-01-14T19:42:07","slug":"femergs-esta-junto-na-luta-pela-manutencao-do-ipe-saude-publico","status":"publish","type":"post","link":"https:\/\/femergs.com.br\/wfe\/blog\/femergs-esta-junto-na-luta-pela-manutencao-do-ipe-saude-publico\/","title":{"rendered":"FEMERGS EST\u00c1 JUNTO NA LUTA PELA MANUTEN\u00c7\u00c3O DO IPE-SA\u00daDE P\u00daBLICO"},"content":{"rendered":"<div style=\"text-align: justify;\">A FEMERGS &#8211; FEDERA\u00c7\u00c3O DOS MUNICIP\u00c1RIOS DO ESTADO DO RIO GRANDE DO SUL \u2013 Juntamente com o MUS RS \u2013 MOVIMENTO UNIFICADO DOS SERVIDORES P\u00daBLICOS DO RS, a FESSERGS \u2013 FEDERA\u00c7\u00c3O SINDICAL DOS SERVIDORES P\u00daBLICOS NO ESTADO DO RIO GRANDE DO SUL, acompanhados pela CSB RS \u2013 CENTRAL DOS SINDICATOS BRASILEIROS \u2013 Seccional do RS, e demais representantes de entidades de servidores, estiveram em visita \u00e0s bancadas na Assembleia Legislativa, e tamb\u00e9m, na dire\u00e7\u00e3o da FAMURS \u2013 FEDERA\u00c7\u00c3O DAS ASSOCIA\u00c7\u00d5ES DE MUNIC\u00cdPIOS DO RS, para tratar do pacote que est\u00e1 sendo ajustado para entrar em vota\u00e7\u00e3o no final de janeiro, em especial as tratativas das mudan\u00e7as pretendidas no IP\u00ca.<\/p>\n<p>O IP\u00ca \u2013 SA\u00daDE tem 326 entes entre prefeituras e c\u00e2maras de vereadores que est\u00e3o conveniados, que na sua grande maioria j\u00e1 paga al\u00edquotas elevadas, entre 13,2% a mais de 30%, se comparados aos servidores estaduais, que contribuem com 3,1% e o estado com outros 3,1%. Mas o que est\u00e1 em destaque, \u00e9 que desde 2018, n\u00e3o temos a aten\u00e7\u00e3o para o IP\u00ca Sa\u00fade, tanto o Governo Sartori, quanto o Governo Leite est\u00e3o com aten\u00e7\u00e3o para o IP\u00ca PREVID\u00caNCIA, sendo que at\u00e9 hoje n\u00e3o temos servidores concursados para o IP\u00ca Sa\u00fade, o que est\u00e1 acarretando a falta de atendimento e fechamento de ag\u00eancias de atendimento do Ip\u00ea Sa\u00fade em muitos munic\u00edpios pelo estado afora.<\/p>\n<p>Temos enfrentado problemas com agendamentos de profissionais em diversas especialidades. Temos enfrentado as vendas, e as tentativas de delapida\u00e7\u00e3o do Patrim\u00f4nio do IP\u00ca SA\u00daDE, que precisamos firmar, os bens do IP\u00ca n\u00e3o s\u00e3o do Estado do RS, eles s\u00e3o do IP\u00ca, portanto tamb\u00e9m dos servidores dos munic\u00edpios e c\u00e2maras das c\u00e2maras de vereadores que tem contrato com o IP\u00ca.<\/p>\n<p>A preocupa\u00e7\u00e3o levada, neste dia 14 de janeiro &#8211; ter\u00e7a feira, para as bancadas na Assembleia e tamb\u00e9m para FAMURS, \u00e9 com a gest\u00e3o do IPE-Sa\u00fade. A possibilidade do fim da paridade na Gest\u00e3o, e a admiss\u00e3o do ingresso de profissionais liberais, significar\u00e1 o FIM do Ip\u00ea P\u00fablico, pois vai descaracterizar o Instituto como \u00f3rg\u00e3o p\u00fablico, passando para a regula\u00e7\u00e3o da ANS (Ag\u00eancia Nacional de Sa\u00fade), levando \u00e0 c\u00e1lculos atuariais, que ir\u00e3o elevar as contribui\u00e7\u00f5es tamb\u00e9m para os servidores estaduais que, paralelamente ter\u00e3o seus sal\u00e1rios diminu\u00eddos pelos atuais projetos em vota\u00e7\u00e3o na Assembleia Legislativa.<\/p>\n<p>No caso dos servidores municipais, a individualiza\u00e7\u00e3o e pagamento por vidas, tamb\u00e9m inviabilizar\u00e1 a manuten\u00e7\u00e3o dos contratos com os munic\u00edpios, e\/ou a retirada dos trabalhadores com os menores sal\u00e1rios por n\u00e3o mais suportarem os valores das novas al\u00edquotas.<\/p>\n<p>As entidades est\u00e3o na luta, pela manuten\u00e7\u00e3o do IPE SA\u00daDE p\u00fablico, com gest\u00e3o parit\u00e1ria, incluindo a representa\u00e7\u00e3o dos trabalhadores p\u00fablicos municipais, e representa\u00e7\u00e3o dos munic\u00edpios, e claro, primando pela transpar\u00eancia nas a\u00e7\u00f5es.<\/p><\/div>\n","protected":false},"excerpt":{"rendered":"<p>A FEMERGS &#8211; FEDERA\u00c7\u00c3O DOS MUNICIP\u00c1RIOS DO ESTADO DO RIO GRANDE DO SUL \u2013 Juntamente com o MUS RS \u2013 MOVIMENTO UNIFICADO DOS SERVIDORES P\u00daBLICOS DO RS, a FESSERGS \u2013 FEDERA\u00c7\u00c3O SINDICAL DOS SERVIDORES P\u00daBLICOS NO ESTADO DO RIO GRANDE DO SUL, acompanhados pela CSB RS \u2013 CENTRAL DOS SINDICATOS BRASILEIROS \u2013 Seccional do RS, [&hellip;]<\/p>\n","protected":false},"author":1,"featured_media":0,"comment_status":"closed","ping_status":"closed","sticky":false,"template":"","format":"standard","meta":{"_eb_attr":"","_uag_custom_page_level_css":"","fifu_image_url":"","fifu_image_alt":"","footnotes":""},"categories":[1],"tags":[32],"class_list":["post-1213","post","type-post","status-publish","format-standard","hentry","category-arquivadas","tag-null"],"yoast_head":"<!-- This site is optimized with the Yoast SEO plugin v27.1.1 - https:\/\/yoast.com\/product\/yoast-seo-wordpress\/ -->\n<title>FEMERGS EST\u00c1 JUNTO NA LUTA PELA MANUTEN\u00c7\u00c3O DO IPE-SA\u00daDE P\u00daBLICO - Federa\u00e7\u00e3o dos Municip\u00e1rios do Estado do Rio Grande do Sul<\/title>\n<meta name=\"robots\" content=\"index, follow, max-snippet:-1, max-image-preview:large, max-video-preview:-1\" \/>\n<link rel=\"canonical\" href=\"https:\/\/femergs.com.br\/wfe\/blog\/femergs-esta-junto-na-luta-pela-manutencao-do-ipe-saude-publico\/\" \/>\n<meta property=\"og:locale\" content=\"pt_BR\" \/>\n<meta property=\"og:type\" content=\"article\" \/>\n<meta property=\"og:title\" content=\"FEMERGS EST\u00c1 JUNTO NA LUTA PELA MANUTEN\u00c7\u00c3O DO IPE-SA\u00daDE P\u00daBLICO - Federa\u00e7\u00e3o dos Municip\u00e1rios do Estado do Rio Grande do Sul\" \/>\n<meta property=\"og:description\" content=\"A FEMERGS &#8211; FEDERA\u00c7\u00c3O DOS MUNICIP\u00c1RIOS DO ESTADO DO RIO GRANDE DO SUL \u2013 Juntamente com o MUS RS \u2013 MOVIMENTO UNIFICADO DOS SERVIDORES P\u00daBLICOS DO RS, a FESSERGS \u2013 FEDERA\u00c7\u00c3O SINDICAL DOS SERVIDORES P\u00daBLICOS NO ESTADO DO RIO GRANDE DO SUL, acompanhados pela CSB RS \u2013 CENTRAL DOS SINDICATOS BRASILEIROS \u2013 Seccional do RS, [&hellip;]\" \/>\n<meta property=\"og:url\" content=\"https:\/\/femergs.com.br\/wfe\/blog\/femergs-esta-junto-na-luta-pela-manutencao-do-ipe-saude-publico\/\" \/>\n<meta property=\"og:site_name\" content=\"Federa\u00e7\u00e3o dos Municip\u00e1rios do Estado do Rio Grande do Sul\" \/>\n<meta property=\"article:publisher\" content=\"https:\/\/www.facebook.com\/profile.php?id=100057151733001\" \/>\n<meta property=\"article:published_time\" content=\"2020-01-14T19:42:07+00:00\" \/>\n<meta name=\"author\" content=\"adminfemergs\" \/>\n<meta name=\"twitter:card\" content=\"summary_large_image\" \/>\n<meta name=\"twitter:label1\" content=\"Escrito por\" \/>\n\t<meta name=\"twitter:data1\" content=\"adminfemergs\" \/>\n\t<meta name=\"twitter:label2\" content=\"Est. tempo de leitura\" \/>\n\t<meta name=\"twitter:data2\" content=\"3 minutos\" \/>\n<script type=\"application\/ld+json\" class=\"yoast-schema-graph\">{\"@context\":\"https:\/\/schema.org\",\"@graph\":[{\"@type\":\"Article\",\"@id\":\"https:\/\/femergs.com.br\/wfe\/blog\/femergs-esta-junto-na-luta-pela-manutencao-do-ipe-saude-publico\/#article\",\"isPartOf\":{\"@id\":\"https:\/\/femergs.com.br\/wfe\/blog\/femergs-esta-junto-na-luta-pela-manutencao-do-ipe-saude-publico\/\"},\"author\":{\"name\":\"adminfemergs\",\"@id\":\"https:\/\/femergs.com.br\/wfe\/#\/schema\/person\/f5558e6b5ffc044ee085016237dedb7f\"},\"headline\":\"FEMERGS EST\u00c1 JUNTO NA LUTA PELA MANUTEN\u00c7\u00c3O DO IPE-SA\u00daDE P\u00daBLICO\",\"datePublished\":\"2020-01-14T19:42:07+00:00\",\"mainEntityOfPage\":{\"@id\":\"https:\/\/femergs.com.br\/wfe\/blog\/femergs-esta-junto-na-luta-pela-manutencao-do-ipe-saude-publico\/\"},\"wordCount\":520,\"publisher\":{\"@id\":\"https:\/\/femergs.com.br\/wfe\/#organization\"},\"keywords\":[\"NULL\"],\"articleSection\":[\"ARQUIVADAS\"],\"inLanguage\":\"pt-BR\"},{\"@type\":\"WebPage\",\"@id\":\"https:\/\/femergs.com.br\/wfe\/blog\/femergs-esta-junto-na-luta-pela-manutencao-do-ipe-saude-publico\/\",\"url\":\"https:\/\/femergs.com.br\/wfe\/blog\/femergs-esta-junto-na-luta-pela-manutencao-do-ipe-saude-publico\/\",\"name\":\"FEMERGS EST\u00c1 JUNTO NA LUTA PELA MANUTEN\u00c7\u00c3O DO IPE-SA\u00daDE P\u00daBLICO - Federa\u00e7\u00e3o dos Municip\u00e1rios do Estado do Rio Grande do Sul\",\"isPartOf\":{\"@id\":\"https:\/\/femergs.com.br\/wfe\/#website\"},\"datePublished\":\"2020-01-14T19:42:07+00:00\",\"breadcrumb\":{\"@id\":\"https:\/\/femergs.com.br\/wfe\/blog\/femergs-esta-junto-na-luta-pela-manutencao-do-ipe-saude-publico\/#breadcrumb\"},\"inLanguage\":\"pt-BR\",\"potentialAction\":[{\"@type\":\"ReadAction\",\"target\":[\"https:\/\/femergs.com.br\/wfe\/blog\/femergs-esta-junto-na-luta-pela-manutencao-do-ipe-saude-publico\/\"]}]},{\"@type\":\"BreadcrumbList\",\"@id\":\"https:\/\/femergs.com.br\/wfe\/blog\/femergs-esta-junto-na-luta-pela-manutencao-do-ipe-saude-publico\/#breadcrumb\",\"itemListElement\":[{\"@type\":\"ListItem\",\"position\":1,\"name\":\"In\u00edcio\",\"item\":\"https:\/\/femergs.com.br\/wfe\/\"},{\"@type\":\"ListItem\",\"position\":2,\"name\":\"FEMERGS EST\u00c1 JUNTO NA LUTA PELA MANUTEN\u00c7\u00c3O DO IPE-SA\u00daDE P\u00daBLICO\"}]},{\"@type\":\"WebSite\",\"@id\":\"https:\/\/femergs.com.br\/wfe\/#website\",\"url\":\"https:\/\/femergs.com.br\/wfe\/\",\"name\":\"FEMERGS\",\"description\":\"FEDERA\u00c7\u00c3O DOS MUNICIP\u00c1RIOS DO ESTADO DO RIO GRANDE DO SUL\",\"publisher\":{\"@id\":\"https:\/\/femergs.com.br\/wfe\/#organization\"},\"potentialAction\":[{\"@type\":\"SearchAction\",\"target\":{\"@type\":\"EntryPoint\",\"urlTemplate\":\"https:\/\/femergs.com.br\/wfe\/?s={search_term_string}\"},\"query-input\":{\"@type\":\"PropertyValueSpecification\",\"valueRequired\":true,\"valueName\":\"search_term_string\"}}],\"inLanguage\":\"pt-BR\"},{\"@type\":\"Organization\",\"@id\":\"https:\/\/femergs.com.br\/wfe\/#organization\",\"name\":\"FEMERGS\",\"url\":\"https:\/\/femergs.com.br\/wfe\/\",\"logo\":{\"@type\":\"ImageObject\",\"inLanguage\":\"pt-BR\",\"@id\":\"https:\/\/femergs.com.br\/wfe\/#\/schema\/logo\/image\/\",\"url\":\"https:\/\/femergs.com.br\/wfe\/wp-content\/uploads\/2025\/06\/logotipo.png\",\"contentUrl\":\"https:\/\/femergs.com.br\/wfe\/wp-content\/uploads\/2025\/06\/logotipo.png\",\"width\":500,\"height\":500,\"caption\":\"FEMERGS\"},\"image\":{\"@id\":\"https:\/\/femergs.com.br\/wfe\/#\/schema\/logo\/image\/\"},\"sameAs\":[\"https:\/\/www.facebook.com\/profile.php?id=100057151733001\",\"https:\/\/www.instagram.com\/femergs_rs\/\"]},{\"@type\":\"Person\",\"@id\":\"https:\/\/femergs.com.br\/wfe\/#\/schema\/person\/f5558e6b5ffc044ee085016237dedb7f\",\"name\":\"adminfemergs\",\"image\":{\"@type\":\"ImageObject\",\"inLanguage\":\"pt-BR\",\"@id\":\"https:\/\/femergs.com.br\/wfe\/#\/schema\/person\/image\/\",\"url\":\"https:\/\/secure.gravatar.com\/avatar\/398642fa557cdd524617ad9b31c938845f071aeb3448b9c0aeb29aefc495337b?s=96&d=mm&r=g\",\"contentUrl\":\"https:\/\/secure.gravatar.com\/avatar\/398642fa557cdd524617ad9b31c938845f071aeb3448b9c0aeb29aefc495337b?s=96&d=mm&r=g\",\"caption\":\"adminfemergs\"},\"sameAs\":[\"https:\/\/femergs.com.br\/wfe\"],\"url\":\"https:\/\/femergs.com.br\/wfe\/blog\/author\/adminfemergs\/\"}]}<\/script>\n<!-- \/ Yoast SEO plugin. -->","yoast_head_json":{"title":"FEMERGS EST\u00c1 JUNTO NA LUTA PELA MANUTEN\u00c7\u00c3O DO IPE-SA\u00daDE P\u00daBLICO - Federa\u00e7\u00e3o dos Municip\u00e1rios do Estado do Rio Grande do Sul","robots":{"index":"index","follow":"follow","max-snippet":"max-snippet:-1","max-image-preview":"max-image-preview:large","max-video-preview":"max-video-preview:-1"},"canonical":"https:\/\/femergs.com.br\/wfe\/blog\/femergs-esta-junto-na-luta-pela-manutencao-do-ipe-saude-publico\/","og_locale":"pt_BR","og_type":"article","og_title":"FEMERGS EST\u00c1 JUNTO NA LUTA PELA MANUTEN\u00c7\u00c3O DO IPE-SA\u00daDE P\u00daBLICO - Federa\u00e7\u00e3o dos Municip\u00e1rios do Estado do Rio Grande do Sul","og_description":"A FEMERGS &#8211; FEDERA\u00c7\u00c3O DOS MUNICIP\u00c1RIOS DO ESTADO DO RIO GRANDE DO SUL \u2013 Juntamente com o MUS RS \u2013 MOVIMENTO UNIFICADO DOS SERVIDORES P\u00daBLICOS DO RS, a FESSERGS \u2013 FEDERA\u00c7\u00c3O SINDICAL DOS SERVIDORES P\u00daBLICOS NO ESTADO DO RIO GRANDE DO SUL, acompanhados pela CSB RS \u2013 CENTRAL DOS SINDICATOS BRASILEIROS \u2013 Seccional do RS, [&hellip;]","og_url":"https:\/\/femergs.com.br\/wfe\/blog\/femergs-esta-junto-na-luta-pela-manutencao-do-ipe-saude-publico\/","og_site_name":"Federa\u00e7\u00e3o dos Municip\u00e1rios do Estado do Rio Grande do Sul","article_publisher":"https:\/\/www.facebook.com\/profile.php?id=100057151733001","article_published_time":"2020-01-14T19:42:07+00:00","author":"adminfemergs","twitter_card":"summary_large_image","twitter_misc":{"Escrito por":"adminfemergs","Est. tempo de leitura":"3 minutos"},"schema":{"@context":"https:\/\/schema.org","@graph":[{"@type":"Article","@id":"https:\/\/femergs.com.br\/wfe\/blog\/femergs-esta-junto-na-luta-pela-manutencao-do-ipe-saude-publico\/#article","isPartOf":{"@id":"https:\/\/femergs.com.br\/wfe\/blog\/femergs-esta-junto-na-luta-pela-manutencao-do-ipe-saude-publico\/"},"author":{"name":"adminfemergs","@id":"https:\/\/femergs.com.br\/wfe\/#\/schema\/person\/f5558e6b5ffc044ee085016237dedb7f"},"headline":"FEMERGS EST\u00c1 JUNTO NA LUTA PELA MANUTEN\u00c7\u00c3O DO IPE-SA\u00daDE P\u00daBLICO","datePublished":"2020-01-14T19:42:07+00:00","mainEntityOfPage":{"@id":"https:\/\/femergs.com.br\/wfe\/blog\/femergs-esta-junto-na-luta-pela-manutencao-do-ipe-saude-publico\/"},"wordCount":520,"publisher":{"@id":"https:\/\/femergs.com.br\/wfe\/#organization"},"keywords":["NULL"],"articleSection":["ARQUIVADAS"],"inLanguage":"pt-BR"},{"@type":"WebPage","@id":"https:\/\/femergs.com.br\/wfe\/blog\/femergs-esta-junto-na-luta-pela-manutencao-do-ipe-saude-publico\/","url":"https:\/\/femergs.com.br\/wfe\/blog\/femergs-esta-junto-na-luta-pela-manutencao-do-ipe-saude-publico\/","name":"FEMERGS EST\u00c1 JUNTO NA LUTA PELA MANUTEN\u00c7\u00c3O DO IPE-SA\u00daDE P\u00daBLICO - Federa\u00e7\u00e3o dos Municip\u00e1rios do Estado do Rio Grande do Sul","isPartOf":{"@id":"https:\/\/femergs.com.br\/wfe\/#website"},"datePublished":"2020-01-14T19:42:07+00:00","breadcrumb":{"@id":"https:\/\/femergs.com.br\/wfe\/blog\/femergs-esta-junto-na-luta-pela-manutencao-do-ipe-saude-publico\/#breadcrumb"},"inLanguage":"pt-BR","potentialAction":[{"@type":"ReadAction","target":["https:\/\/femergs.com.br\/wfe\/blog\/femergs-esta-junto-na-luta-pela-manutencao-do-ipe-saude-publico\/"]}]},{"@type":"BreadcrumbList","@id":"https:\/\/femergs.com.br\/wfe\/blog\/femergs-esta-junto-na-luta-pela-manutencao-do-ipe-saude-publico\/#breadcrumb","itemListElement":[{"@type":"ListItem","position":1,"name":"In\u00edcio","item":"https:\/\/femergs.com.br\/wfe\/"},{"@type":"ListItem","position":2,"name":"FEMERGS EST\u00c1 JUNTO NA LUTA PELA MANUTEN\u00c7\u00c3O DO IPE-SA\u00daDE P\u00daBLICO"}]},{"@type":"WebSite","@id":"https:\/\/femergs.com.br\/wfe\/#website","url":"https:\/\/femergs.com.br\/wfe\/","name":"FEMERGS","description":"FEDERA\u00c7\u00c3O DOS MUNICIP\u00c1RIOS DO ESTADO DO RIO GRANDE DO SUL","publisher":{"@id":"https:\/\/femergs.com.br\/wfe\/#organization"},"potentialAction":[{"@type":"SearchAction","target":{"@type":"EntryPoint","urlTemplate":"https:\/\/femergs.com.br\/wfe\/?s={search_term_string}"},"query-input":{"@type":"PropertyValueSpecification","valueRequired":true,"valueName":"search_term_string"}}],"inLanguage":"pt-BR"},{"@type":"Organization","@id":"https:\/\/femergs.com.br\/wfe\/#organization","name":"FEMERGS","url":"https:\/\/femergs.com.br\/wfe\/","logo":{"@type":"ImageObject","inLanguage":"pt-BR","@id":"https:\/\/femergs.com.br\/wfe\/#\/schema\/logo\/image\/","url":"https:\/\/femergs.com.br\/wfe\/wp-content\/uploads\/2025\/06\/logotipo.png","contentUrl":"https:\/\/femergs.com.br\/wfe\/wp-content\/uploads\/2025\/06\/logotipo.png","width":500,"height":500,"caption":"FEMERGS"},"image":{"@id":"https:\/\/femergs.com.br\/wfe\/#\/schema\/logo\/image\/"},"sameAs":["https:\/\/www.facebook.com\/profile.php?id=100057151733001","https:\/\/www.instagram.com\/femergs_rs\/"]},{"@type":"Person","@id":"https:\/\/femergs.com.br\/wfe\/#\/schema\/person\/f5558e6b5ffc044ee085016237dedb7f","name":"adminfemergs","image":{"@type":"ImageObject","inLanguage":"pt-BR","@id":"https:\/\/femergs.com.br\/wfe\/#\/schema\/person\/image\/","url":"https:\/\/secure.gravatar.com\/avatar\/398642fa557cdd524617ad9b31c938845f071aeb3448b9c0aeb29aefc495337b?s=96&d=mm&r=g","contentUrl":"https:\/\/secure.gravatar.com\/avatar\/398642fa557cdd524617ad9b31c938845f071aeb3448b9c0aeb29aefc495337b?s=96&d=mm&r=g","caption":"adminfemergs"},"sameAs":["https:\/\/femergs.com.br\/wfe"],"url":"https:\/\/femergs.com.br\/wfe\/blog\/author\/adminfemergs\/"}]}},"uagb_featured_image_src":{"full":false,"thumbnail":false,"medium":false,"medium_large":false,"large":false,"1536x1536":false,"2048x2048":false,"ultp_layout_landscape_large":false,"ultp_layout_landscape":false,"ultp_layout_portrait":false,"ultp_layout_square":false},"uagb_author_info":{"display_name":"adminfemergs","author_link":"https:\/\/femergs.com.br\/wfe\/blog\/author\/adminfemergs\/"},"uagb_comment_info":0,"uagb_excerpt":"A FEMERGS &#8211; FEDERA\u00c7\u00c3O DOS MUNICIP\u00c1RIOS DO ESTADO DO RIO GRANDE DO SUL \u2013 Juntamente com o MUS RS \u2013 MOVIMENTO UNIFICADO DOS SERVIDORES P\u00daBLICOS DO RS, a FESSERGS \u2013 FEDERA\u00c7\u00c3O SINDICAL DOS SERVIDORES P\u00daBLICOS NO ESTADO DO RIO GRANDE DO SUL, acompanhados pela CSB RS \u2013 CENTRAL DOS SINDICATOS BRASILEIROS \u2013 Seccional do RS,&hellip;","_links":{"self":[{"href":"https:\/\/femergs.com.br\/wfe\/wp-json\/wp\/v2\/posts\/1213","targetHints":{"allow":["GET"]}}],"collection":[{"href":"https:\/\/femergs.com.br\/wfe\/wp-json\/wp\/v2\/posts"}],"about":[{"href":"https:\/\/femergs.com.br\/wfe\/wp-json\/wp\/v2\/types\/post"}],"author":[{"embeddable":true,"href":"https:\/\/femergs.com.br\/wfe\/wp-json\/wp\/v2\/users\/1"}],"replies":[{"embeddable":true,"href":"https:\/\/femergs.com.br\/wfe\/wp-json\/wp\/v2\/comments?post=1213"}],"version-history":[{"count":0,"href":"https:\/\/femergs.com.br\/wfe\/wp-json\/wp\/v2\/posts\/1213\/revisions"}],"wp:attachment":[{"href":"https:\/\/femergs.com.br\/wfe\/wp-json\/wp\/v2\/media?parent=1213"}],"wp:term":[{"taxonomy":"category","embeddable":true,"href":"https:\/\/femergs.com.br\/wfe\/wp-json\/wp\/v2\/categories?post=1213"},{"taxonomy":"post_tag","embeddable":true,"href":"https:\/\/femergs.com.br\/wfe\/wp-json\/wp\/v2\/tags?post=1213"}],"curies":[{"name":"wp","href":"https:\/\/api.w.org\/{rel}","templated":true}]}}