{"id":1214,"date":"2020-02-14T08:31:37","date_gmt":"2020-02-14T08:31:37","guid":{"rendered":"https:\/\/femergs.com.br\/wfe\/blog\/nota-de-esclarecimentos-a-populacao-e-de-repudio-ao-ministro-paulo-guedes\/"},"modified":"2020-02-14T08:31:37","modified_gmt":"2020-02-14T08:31:37","slug":"nota-de-esclarecimentos-a-populacao-e-de-repudio-ao-ministro-paulo-guedes","status":"publish","type":"post","link":"https:\/\/femergs.com.br\/wfe\/blog\/nota-de-esclarecimentos-a-populacao-e-de-repudio-ao-ministro-paulo-guedes\/","title":{"rendered":"NOTA DE ESCLARECIMENTOS A POPULA\u00c7\u00c3O E DE REP\u00daDIO AO MINISTRO PAULO GUEDES"},"content":{"rendered":"<div style=\"text-align: justify;\"> A FEMERGS \u2013 FEDERA\u00c7\u00c3O DOS MUNICIP\u00c1RIOS DO ESTADO DO Rio Grande do Sul, vem a p\u00fablico se manifestar, e REPUDIA a infeliz manifesta\u00e7\u00e3o do Ministro Guedes que em uma palestra na Escola Brasileira de Economia e Finan\u00e7as da Funda\u00e7\u00e3o Get\u00falio Vargas, dia 7 de fevereiro,  chamou de forma generalizada todos os servidores p\u00fablicos de PARASITAS.\n <\/div>\n<div style=\"text-align: justify;\">\u201cPARASITAS\u201d foi o termo que o ministro Paulo Guedes usou para externar o que pensa sobre os servidores p\u00fablicos. Depois que viu a repercuss\u00e3o pede desculpas, mas a verdade estava exposta, pois \u00e9 o que o \u201cMERCADO\u201d pensa e usa os seus expoentes, para conseguir convencer a popula\u00e7\u00e3o atrav\u00e9s da grande m\u00eddia, que, o que \u00e9 p\u00fablico n\u00e3o presta, para enfim a vis\u00e3o que defendem do \u2018ESTADO M\u00cdNIMO\u201d a PRIVATIZA\u00c7\u00c3O se concretizar.<\/div>\n<div style=\"text-align: justify;\">\nA CONSTITUI\u00c7\u00c3O CIDAD\u00c3, a maior lei do Pa\u00eds, traz em seus artigos, como \u00e9 a estrutura\u00e7\u00e3o do Estado, e o leque de direitos sociais para o bem estar da na\u00e7\u00e3o. As pol\u00edticas p\u00fablicas, s\u00e3o levadas a cabo por trabalhadores(as), que no caso, s\u00e3o chamados de servidores p\u00fablicos. No Brasil, temos o ingresso atrav\u00e9s de concurso p\u00fablico. Problemas na execu\u00e7\u00e3o de servi\u00e7os, existem tanto no setor p\u00fablico quanto na iniciativa privada. A popula\u00e7\u00e3o brasileira merece um servi\u00e7o p\u00fablico de qualidade. N\u00f3s como servidores p\u00fablicos, somos os maiores interessados em um Estado Eficiente, tanto que atrav\u00e9s de nossas organiza\u00e7\u00f5es, sempre reivindicamos a forma\u00e7\u00e3o e qualifica\u00e7\u00e3o para que efetivamente consigamos atender bem a popula\u00e7\u00e3o.\n <\/div>\n<div style=\"text-align: justify;\">Ao chamar todos os servidores p\u00fablicos de parasitas, o Ministro apenas est\u00e1 fazendo \u201ceco\u201d ao governo que pensa da mesma forma. O Governo Bolsonaro, vem usando do mesmo receitu\u00e1rio, para concretizar as maldades contra a popula\u00e7\u00e3o. A Reforma da Previd\u00eancia, usou como mote para conseguir  sua concretiza\u00e7\u00e3o, a campanha sistem\u00e1tica na m\u00eddia de \u201ccortar privil\u00e9gios\u201d, passando para a popula\u00e7\u00e3o, que os grandes privilegiados seriam os servidores p\u00fablicos. Os grandes prejudicados foram os trabalhadores e trabalhadoras deste pa\u00eds. Na verdade a reforma, n\u00e3o menciona que a Lei do Teto deveria ser cumprida, n\u00e3o cortou nos altos sal\u00e1rios do judici\u00e1rio, dos legislativos e mesmo do executivo, e ainda para os militares, melhorou a carreira, o que efetivamente resultou em aumentos salariais, al\u00e9m de serem os \u00fanicos em que n\u00e3o se exige idade m\u00ednima.<\/div>\n<div style=\"text-align: justify;\">O Ministro mente para a popula\u00e7\u00e3o, assim como mentiu para conseguir passar a Reforma da Previd\u00eancia.<\/p>\n<p>O governo estaria gastando 90% da receita toda com sal\u00e1rios. Mentira, pois in\u00fameras reportagens e dados oficiais colocam que a uni\u00e3o gasta em torno de 20% do or\u00e7amento com ativos, aposentados e pensionistas.  (<a href=\"https:\/\/economia.estadao.com.br\/noticias\/geral,governo-gasta-20-do-orcamento-com-pessoal,70002534713\">https:\/\/economia.estadao.com.br\/noticias\/geral,governo-gasta-20-do-orcamento-com-pessoal,70002534713<\/a>) &#8211;<\/p>\n<p>&#8220;Funcionalismo teve aumento de 50% acima da infla\u00e7\u00e3o\u201d: Mentira \u2013 A Constitui\u00e7\u00e3o de 1988 trouxe o direito da Revis\u00e3o Geral Anual com direito a recomposi\u00e7\u00e3o do \u00edndice inflacion\u00e1rio, para n\u00e3o ter perdas, assim como o sal\u00e1rio m\u00ednimo anualmente precisa recompor no m\u00ednimo a infla\u00e7\u00e3o. Se considerado o per\u00edodo de FHC, entre 1995 e 2002 este direito n\u00e3o foi respeitado. Entre 2003 e 2018 realmente tiveram a recomposi\u00e7\u00e3o, mas ainda n\u00e3o para suprir o que foi tirado nos anos de FHC.  Precisamos lembrar, que a estabilidade no servi\u00e7o p\u00fablico, veio como conquista da sociedade, assim como a entrada por concurso p\u00fablico, pois o que se via, era uma rotatividade muito grande do conjunto dos servidores, de acordo com os partidos que ganhavam as elei\u00e7\u00f5es. Tamb\u00e9m \u00e9 importante lembrar que os servidores n\u00e3o tem o FGTS, em detrimento da estabilidade<br \/>\n.<\/div>\n<div style=\"text-align: justify;\">Infere-se, que a fala do Ministro \u00e9 a posi\u00e7\u00e3o deste governo. Por\u00e9m n\u00f3s como FEMERGS REPUDIAMOS, estas declara\u00e7\u00f5es que s\u00e3o mentirosas e carregadas de intencionalidades. A bem da verdade, o Brasil carece de mais servidores(as) em muitas \u00e1reas para conseguir atender bem aos cidad\u00e3os e cidad\u00e3s, e por isso tamb\u00e9m \u00e9 mentirosa a vers\u00e3o que vem sempre na fala dos governos que querem tirar os direitos &#8211; incha\u00e7o de servidores no Brasil. Costuma-se ouvir muito que h\u00e1 muitos funcion\u00e1rios p\u00fablicos no Brasil e que precisamos de um choque de efici\u00eancia! Contudo, se compararmos o n\u00famero de servidores p\u00fablicos no gr\u00e1fico da OCDE a verdade aparece. Se considerados os trabalhadores do Brasil economicamente ativos 12% s\u00e3o servidores, mas vejam que pa\u00edses de primeiro mundo como a Noruega e a Dinamarca tem 35% de servidores, se considerados economicamente ativos.<\/div>\n","protected":false},"excerpt":{"rendered":"<p>A FEMERGS \u2013 FEDERA\u00c7\u00c3O DOS MUNICIP\u00c1RIOS DO ESTADO DO Rio Grande do Sul, vem a p\u00fablico se manifestar, e REPUDIA a infeliz manifesta\u00e7\u00e3o do Ministro Guedes que em uma palestra na Escola Brasileira de Economia e Finan\u00e7as da Funda\u00e7\u00e3o Get\u00falio Vargas, dia 7 de fevereiro, chamou de forma generalizada todos os servidores p\u00fablicos de PARASITAS. [&hellip;]<\/p>\n","protected":false},"author":1,"featured_media":0,"comment_status":"closed","ping_status":"closed","sticky":false,"template":"","format":"standard","meta":{"_eb_attr":"","_uag_custom_page_level_css":"","fifu_image_url":"","fifu_image_alt":"","footnotes":""},"categories":[1],"tags":[32],"class_list":["post-1214","post","type-post","status-publish","format-standard","hentry","category-arquivadas","tag-null"],"yoast_head":"<!-- This site is optimized with the Yoast SEO plugin v27.1.1 - https:\/\/yoast.com\/product\/yoast-seo-wordpress\/ -->\n<title>NOTA DE ESCLARECIMENTOS A POPULA\u00c7\u00c3O E DE REP\u00daDIO AO MINISTRO PAULO GUEDES - Federa\u00e7\u00e3o dos Municip\u00e1rios do Estado do Rio Grande do Sul<\/title>\n<meta name=\"robots\" content=\"index, follow, max-snippet:-1, max-image-preview:large, max-video-preview:-1\" \/>\n<link rel=\"canonical\" href=\"https:\/\/femergs.com.br\/wfe\/blog\/nota-de-esclarecimentos-a-populacao-e-de-repudio-ao-ministro-paulo-guedes\/\" \/>\n<meta property=\"og:locale\" content=\"pt_BR\" \/>\n<meta property=\"og:type\" content=\"article\" \/>\n<meta property=\"og:title\" content=\"NOTA DE ESCLARECIMENTOS A POPULA\u00c7\u00c3O E DE REP\u00daDIO AO MINISTRO PAULO GUEDES - Federa\u00e7\u00e3o dos Municip\u00e1rios do Estado do Rio Grande do Sul\" \/>\n<meta property=\"og:description\" content=\"A FEMERGS \u2013 FEDERA\u00c7\u00c3O DOS MUNICIP\u00c1RIOS DO ESTADO DO Rio Grande do Sul, vem a p\u00fablico se manifestar, e REPUDIA a infeliz manifesta\u00e7\u00e3o do Ministro Guedes que em uma palestra na Escola Brasileira de Economia e Finan\u00e7as da Funda\u00e7\u00e3o Get\u00falio Vargas, dia 7 de fevereiro, chamou de forma generalizada todos os servidores p\u00fablicos de PARASITAS. [&hellip;]\" \/>\n<meta property=\"og:url\" content=\"https:\/\/femergs.com.br\/wfe\/blog\/nota-de-esclarecimentos-a-populacao-e-de-repudio-ao-ministro-paulo-guedes\/\" \/>\n<meta property=\"og:site_name\" content=\"Federa\u00e7\u00e3o dos Municip\u00e1rios do Estado do Rio Grande do Sul\" \/>\n<meta property=\"article:publisher\" content=\"https:\/\/www.facebook.com\/profile.php?id=100057151733001\" \/>\n<meta property=\"article:published_time\" content=\"2020-02-14T08:31:37+00:00\" \/>\n<meta name=\"author\" content=\"adminfemergs\" \/>\n<meta name=\"twitter:card\" content=\"summary_large_image\" \/>\n<meta name=\"twitter:label1\" content=\"Escrito por\" \/>\n\t<meta name=\"twitter:data1\" content=\"adminfemergs\" \/>\n\t<meta name=\"twitter:label2\" content=\"Est. tempo de leitura\" \/>\n\t<meta name=\"twitter:data2\" content=\"4 minutos\" \/>\n<script type=\"application\/ld+json\" class=\"yoast-schema-graph\">{\"@context\":\"https:\/\/schema.org\",\"@graph\":[{\"@type\":\"Article\",\"@id\":\"https:\/\/femergs.com.br\/wfe\/blog\/nota-de-esclarecimentos-a-populacao-e-de-repudio-ao-ministro-paulo-guedes\/#article\",\"isPartOf\":{\"@id\":\"https:\/\/femergs.com.br\/wfe\/blog\/nota-de-esclarecimentos-a-populacao-e-de-repudio-ao-ministro-paulo-guedes\/\"},\"author\":{\"name\":\"adminfemergs\",\"@id\":\"https:\/\/femergs.com.br\/wfe\/#\/schema\/person\/f5558e6b5ffc044ee085016237dedb7f\"},\"headline\":\"NOTA DE ESCLARECIMENTOS A POPULA\u00c7\u00c3O E DE REP\u00daDIO AO MINISTRO PAULO GUEDES\",\"datePublished\":\"2020-02-14T08:31:37+00:00\",\"mainEntityOfPage\":{\"@id\":\"https:\/\/femergs.com.br\/wfe\/blog\/nota-de-esclarecimentos-a-populacao-e-de-repudio-ao-ministro-paulo-guedes\/\"},\"wordCount\":804,\"publisher\":{\"@id\":\"https:\/\/femergs.com.br\/wfe\/#organization\"},\"keywords\":[\"NULL\"],\"articleSection\":[\"ARQUIVADAS\"],\"inLanguage\":\"pt-BR\"},{\"@type\":\"WebPage\",\"@id\":\"https:\/\/femergs.com.br\/wfe\/blog\/nota-de-esclarecimentos-a-populacao-e-de-repudio-ao-ministro-paulo-guedes\/\",\"url\":\"https:\/\/femergs.com.br\/wfe\/blog\/nota-de-esclarecimentos-a-populacao-e-de-repudio-ao-ministro-paulo-guedes\/\",\"name\":\"NOTA DE ESCLARECIMENTOS A POPULA\u00c7\u00c3O E DE REP\u00daDIO AO MINISTRO PAULO GUEDES - Federa\u00e7\u00e3o dos Municip\u00e1rios do Estado do Rio Grande do Sul\",\"isPartOf\":{\"@id\":\"https:\/\/femergs.com.br\/wfe\/#website\"},\"datePublished\":\"2020-02-14T08:31:37+00:00\",\"breadcrumb\":{\"@id\":\"https:\/\/femergs.com.br\/wfe\/blog\/nota-de-esclarecimentos-a-populacao-e-de-repudio-ao-ministro-paulo-guedes\/#breadcrumb\"},\"inLanguage\":\"pt-BR\",\"potentialAction\":[{\"@type\":\"ReadAction\",\"target\":[\"https:\/\/femergs.com.br\/wfe\/blog\/nota-de-esclarecimentos-a-populacao-e-de-repudio-ao-ministro-paulo-guedes\/\"]}]},{\"@type\":\"BreadcrumbList\",\"@id\":\"https:\/\/femergs.com.br\/wfe\/blog\/nota-de-esclarecimentos-a-populacao-e-de-repudio-ao-ministro-paulo-guedes\/#breadcrumb\",\"itemListElement\":[{\"@type\":\"ListItem\",\"position\":1,\"name\":\"In\u00edcio\",\"item\":\"https:\/\/femergs.com.br\/wfe\/\"},{\"@type\":\"ListItem\",\"position\":2,\"name\":\"NOTA DE ESCLARECIMENTOS A POPULA\u00c7\u00c3O E DE REP\u00daDIO AO MINISTRO PAULO GUEDES\"}]},{\"@type\":\"WebSite\",\"@id\":\"https:\/\/femergs.com.br\/wfe\/#website\",\"url\":\"https:\/\/femergs.com.br\/wfe\/\",\"name\":\"FEMERGS\",\"description\":\"FEDERA\u00c7\u00c3O DOS MUNICIP\u00c1RIOS DO ESTADO DO RIO GRANDE DO SUL\",\"publisher\":{\"@id\":\"https:\/\/femergs.com.br\/wfe\/#organization\"},\"potentialAction\":[{\"@type\":\"SearchAction\",\"target\":{\"@type\":\"EntryPoint\",\"urlTemplate\":\"https:\/\/femergs.com.br\/wfe\/?s={search_term_string}\"},\"query-input\":{\"@type\":\"PropertyValueSpecification\",\"valueRequired\":true,\"valueName\":\"search_term_string\"}}],\"inLanguage\":\"pt-BR\"},{\"@type\":\"Organization\",\"@id\":\"https:\/\/femergs.com.br\/wfe\/#organization\",\"name\":\"FEMERGS\",\"url\":\"https:\/\/femergs.com.br\/wfe\/\",\"logo\":{\"@type\":\"ImageObject\",\"inLanguage\":\"pt-BR\",\"@id\":\"https:\/\/femergs.com.br\/wfe\/#\/schema\/logo\/image\/\",\"url\":\"https:\/\/femergs.com.br\/wfe\/wp-content\/uploads\/2025\/06\/logotipo.png\",\"contentUrl\":\"https:\/\/femergs.com.br\/wfe\/wp-content\/uploads\/2025\/06\/logotipo.png\",\"width\":500,\"height\":500,\"caption\":\"FEMERGS\"},\"image\":{\"@id\":\"https:\/\/femergs.com.br\/wfe\/#\/schema\/logo\/image\/\"},\"sameAs\":[\"https:\/\/www.facebook.com\/profile.php?id=100057151733001\",\"https:\/\/www.instagram.com\/femergs_rs\/\"]},{\"@type\":\"Person\",\"@id\":\"https:\/\/femergs.com.br\/wfe\/#\/schema\/person\/f5558e6b5ffc044ee085016237dedb7f\",\"name\":\"adminfemergs\",\"image\":{\"@type\":\"ImageObject\",\"inLanguage\":\"pt-BR\",\"@id\":\"https:\/\/femergs.com.br\/wfe\/#\/schema\/person\/image\/\",\"url\":\"https:\/\/secure.gravatar.com\/avatar\/398642fa557cdd524617ad9b31c938845f071aeb3448b9c0aeb29aefc495337b?s=96&d=mm&r=g\",\"contentUrl\":\"https:\/\/secure.gravatar.com\/avatar\/398642fa557cdd524617ad9b31c938845f071aeb3448b9c0aeb29aefc495337b?s=96&d=mm&r=g\",\"caption\":\"adminfemergs\"},\"sameAs\":[\"https:\/\/femergs.com.br\/wfe\"],\"url\":\"https:\/\/femergs.com.br\/wfe\/blog\/author\/adminfemergs\/\"}]}<\/script>\n<!-- \/ Yoast SEO plugin. -->","yoast_head_json":{"title":"NOTA DE ESCLARECIMENTOS A POPULA\u00c7\u00c3O E DE REP\u00daDIO AO MINISTRO PAULO GUEDES - Federa\u00e7\u00e3o dos Municip\u00e1rios do Estado do Rio Grande do Sul","robots":{"index":"index","follow":"follow","max-snippet":"max-snippet:-1","max-image-preview":"max-image-preview:large","max-video-preview":"max-video-preview:-1"},"canonical":"https:\/\/femergs.com.br\/wfe\/blog\/nota-de-esclarecimentos-a-populacao-e-de-repudio-ao-ministro-paulo-guedes\/","og_locale":"pt_BR","og_type":"article","og_title":"NOTA DE ESCLARECIMENTOS A POPULA\u00c7\u00c3O E DE REP\u00daDIO AO MINISTRO PAULO GUEDES - Federa\u00e7\u00e3o dos Municip\u00e1rios do Estado do Rio Grande do Sul","og_description":"A FEMERGS \u2013 FEDERA\u00c7\u00c3O DOS MUNICIP\u00c1RIOS DO ESTADO DO Rio Grande do Sul, vem a p\u00fablico se manifestar, e REPUDIA a infeliz manifesta\u00e7\u00e3o do Ministro Guedes que em uma palestra na Escola Brasileira de Economia e Finan\u00e7as da Funda\u00e7\u00e3o Get\u00falio Vargas, dia 7 de fevereiro, chamou de forma generalizada todos os servidores p\u00fablicos de PARASITAS. [&hellip;]","og_url":"https:\/\/femergs.com.br\/wfe\/blog\/nota-de-esclarecimentos-a-populacao-e-de-repudio-ao-ministro-paulo-guedes\/","og_site_name":"Federa\u00e7\u00e3o dos Municip\u00e1rios do Estado do Rio Grande do Sul","article_publisher":"https:\/\/www.facebook.com\/profile.php?id=100057151733001","article_published_time":"2020-02-14T08:31:37+00:00","author":"adminfemergs","twitter_card":"summary_large_image","twitter_misc":{"Escrito por":"adminfemergs","Est. tempo de leitura":"4 minutos"},"schema":{"@context":"https:\/\/schema.org","@graph":[{"@type":"Article","@id":"https:\/\/femergs.com.br\/wfe\/blog\/nota-de-esclarecimentos-a-populacao-e-de-repudio-ao-ministro-paulo-guedes\/#article","isPartOf":{"@id":"https:\/\/femergs.com.br\/wfe\/blog\/nota-de-esclarecimentos-a-populacao-e-de-repudio-ao-ministro-paulo-guedes\/"},"author":{"name":"adminfemergs","@id":"https:\/\/femergs.com.br\/wfe\/#\/schema\/person\/f5558e6b5ffc044ee085016237dedb7f"},"headline":"NOTA DE ESCLARECIMENTOS A POPULA\u00c7\u00c3O E DE REP\u00daDIO AO MINISTRO PAULO GUEDES","datePublished":"2020-02-14T08:31:37+00:00","mainEntityOfPage":{"@id":"https:\/\/femergs.com.br\/wfe\/blog\/nota-de-esclarecimentos-a-populacao-e-de-repudio-ao-ministro-paulo-guedes\/"},"wordCount":804,"publisher":{"@id":"https:\/\/femergs.com.br\/wfe\/#organization"},"keywords":["NULL"],"articleSection":["ARQUIVADAS"],"inLanguage":"pt-BR"},{"@type":"WebPage","@id":"https:\/\/femergs.com.br\/wfe\/blog\/nota-de-esclarecimentos-a-populacao-e-de-repudio-ao-ministro-paulo-guedes\/","url":"https:\/\/femergs.com.br\/wfe\/blog\/nota-de-esclarecimentos-a-populacao-e-de-repudio-ao-ministro-paulo-guedes\/","name":"NOTA DE ESCLARECIMENTOS A POPULA\u00c7\u00c3O E DE REP\u00daDIO AO MINISTRO PAULO GUEDES - Federa\u00e7\u00e3o dos Municip\u00e1rios do Estado do Rio Grande do Sul","isPartOf":{"@id":"https:\/\/femergs.com.br\/wfe\/#website"},"datePublished":"2020-02-14T08:31:37+00:00","breadcrumb":{"@id":"https:\/\/femergs.com.br\/wfe\/blog\/nota-de-esclarecimentos-a-populacao-e-de-repudio-ao-ministro-paulo-guedes\/#breadcrumb"},"inLanguage":"pt-BR","potentialAction":[{"@type":"ReadAction","target":["https:\/\/femergs.com.br\/wfe\/blog\/nota-de-esclarecimentos-a-populacao-e-de-repudio-ao-ministro-paulo-guedes\/"]}]},{"@type":"BreadcrumbList","@id":"https:\/\/femergs.com.br\/wfe\/blog\/nota-de-esclarecimentos-a-populacao-e-de-repudio-ao-ministro-paulo-guedes\/#breadcrumb","itemListElement":[{"@type":"ListItem","position":1,"name":"In\u00edcio","item":"https:\/\/femergs.com.br\/wfe\/"},{"@type":"ListItem","position":2,"name":"NOTA DE ESCLARECIMENTOS A POPULA\u00c7\u00c3O E DE REP\u00daDIO AO MINISTRO PAULO GUEDES"}]},{"@type":"WebSite","@id":"https:\/\/femergs.com.br\/wfe\/#website","url":"https:\/\/femergs.com.br\/wfe\/","name":"FEMERGS","description":"FEDERA\u00c7\u00c3O DOS MUNICIP\u00c1RIOS DO ESTADO DO RIO GRANDE DO SUL","publisher":{"@id":"https:\/\/femergs.com.br\/wfe\/#organization"},"potentialAction":[{"@type":"SearchAction","target":{"@type":"EntryPoint","urlTemplate":"https:\/\/femergs.com.br\/wfe\/?s={search_term_string}"},"query-input":{"@type":"PropertyValueSpecification","valueRequired":true,"valueName":"search_term_string"}}],"inLanguage":"pt-BR"},{"@type":"Organization","@id":"https:\/\/femergs.com.br\/wfe\/#organization","name":"FEMERGS","url":"https:\/\/femergs.com.br\/wfe\/","logo":{"@type":"ImageObject","inLanguage":"pt-BR","@id":"https:\/\/femergs.com.br\/wfe\/#\/schema\/logo\/image\/","url":"https:\/\/femergs.com.br\/wfe\/wp-content\/uploads\/2025\/06\/logotipo.png","contentUrl":"https:\/\/femergs.com.br\/wfe\/wp-content\/uploads\/2025\/06\/logotipo.png","width":500,"height":500,"caption":"FEMERGS"},"image":{"@id":"https:\/\/femergs.com.br\/wfe\/#\/schema\/logo\/image\/"},"sameAs":["https:\/\/www.facebook.com\/profile.php?id=100057151733001","https:\/\/www.instagram.com\/femergs_rs\/"]},{"@type":"Person","@id":"https:\/\/femergs.com.br\/wfe\/#\/schema\/person\/f5558e6b5ffc044ee085016237dedb7f","name":"adminfemergs","image":{"@type":"ImageObject","inLanguage":"pt-BR","@id":"https:\/\/femergs.com.br\/wfe\/#\/schema\/person\/image\/","url":"https:\/\/secure.gravatar.com\/avatar\/398642fa557cdd524617ad9b31c938845f071aeb3448b9c0aeb29aefc495337b?s=96&d=mm&r=g","contentUrl":"https:\/\/secure.gravatar.com\/avatar\/398642fa557cdd524617ad9b31c938845f071aeb3448b9c0aeb29aefc495337b?s=96&d=mm&r=g","caption":"adminfemergs"},"sameAs":["https:\/\/femergs.com.br\/wfe"],"url":"https:\/\/femergs.com.br\/wfe\/blog\/author\/adminfemergs\/"}]}},"uagb_featured_image_src":{"full":false,"thumbnail":false,"medium":false,"medium_large":false,"large":false,"1536x1536":false,"2048x2048":false,"ultp_layout_landscape_large":false,"ultp_layout_landscape":false,"ultp_layout_portrait":false,"ultp_layout_square":false},"uagb_author_info":{"display_name":"adminfemergs","author_link":"https:\/\/femergs.com.br\/wfe\/blog\/author\/adminfemergs\/"},"uagb_comment_info":0,"uagb_excerpt":"A FEMERGS \u2013 FEDERA\u00c7\u00c3O DOS MUNICIP\u00c1RIOS DO ESTADO DO Rio Grande do Sul, vem a p\u00fablico se manifestar, e REPUDIA a infeliz manifesta\u00e7\u00e3o do Ministro Guedes que em uma palestra na Escola Brasileira de Economia e Finan\u00e7as da Funda\u00e7\u00e3o Get\u00falio Vargas, dia 7 de fevereiro, chamou de forma generalizada todos os servidores p\u00fablicos de PARASITAS.&hellip;","_links":{"self":[{"href":"https:\/\/femergs.com.br\/wfe\/wp-json\/wp\/v2\/posts\/1214","targetHints":{"allow":["GET"]}}],"collection":[{"href":"https:\/\/femergs.com.br\/wfe\/wp-json\/wp\/v2\/posts"}],"about":[{"href":"https:\/\/femergs.com.br\/wfe\/wp-json\/wp\/v2\/types\/post"}],"author":[{"embeddable":true,"href":"https:\/\/femergs.com.br\/wfe\/wp-json\/wp\/v2\/users\/1"}],"replies":[{"embeddable":true,"href":"https:\/\/femergs.com.br\/wfe\/wp-json\/wp\/v2\/comments?post=1214"}],"version-history":[{"count":0,"href":"https:\/\/femergs.com.br\/wfe\/wp-json\/wp\/v2\/posts\/1214\/revisions"}],"wp:attachment":[{"href":"https:\/\/femergs.com.br\/wfe\/wp-json\/wp\/v2\/media?parent=1214"}],"wp:term":[{"taxonomy":"category","embeddable":true,"href":"https:\/\/femergs.com.br\/wfe\/wp-json\/wp\/v2\/categories?post=1214"},{"taxonomy":"post_tag","embeddable":true,"href":"https:\/\/femergs.com.br\/wfe\/wp-json\/wp\/v2\/tags?post=1214"}],"curies":[{"name":"wp","href":"https:\/\/api.w.org\/{rel}","templated":true}]}}