{"id":1215,"date":"2020-02-28T15:07:02","date_gmt":"2020-02-28T15:07:02","guid":{"rendered":"https:\/\/femergs.com.br\/wfe\/blog\/xii-seminario-de-qualificacao-do-servidor-publico\/"},"modified":"2020-02-28T15:07:02","modified_gmt":"2020-02-28T15:07:02","slug":"xii-seminario-de-qualificacao-do-servidor-publico","status":"publish","type":"post","link":"https:\/\/femergs.com.br\/wfe\/blog\/xii-seminario-de-qualificacao-do-servidor-publico\/","title":{"rendered":"XII SEMIN\u00c1RIO DE QUALIFICA\u00c7\u00c3O DO SERVIDOR P\u00daBLICO"},"content":{"rendered":"<p>A Federa\u00e7\u00e3o dos Municip\u00e1rios do Estado do Rio Grande do Sul \u2013 FEMERGS, realizar\u00e1 no dia 27 do m\u00eas de Mar\u00e7o de 2020, a 12\u00aa edi\u00e7\u00e3o do SEMIN\u00c1RIO DE QUALIFICA\u00c7\u00c3O DO SERVIDOR P\u00daBLICO, que se realizar\u00e1 no Pal\u00e1cio da Justi\u00e7a, Pra\u00e7a Mal. Deodoro, 55 \u2013 Centro Hist\u00f3rico, 6\u00ba Andar, Porto Alegre \u2013 RS, o evento ter\u00e1 como programa\u00e7\u00e3o:<\/p>\n<p>09:30hs: Abertura<br \/>\n10:00hs: Coordenadores de Mesa: Edson Brand\u00e3o e Elaine Haab<\/p>\n<div style=\"text-align:center\"><strong>Tema: Reforma da Previd\u00eancia<\/strong><\/div>\n<p>Palestrantes: Dr. Eduardo Bechorner e Dra. Neusa Bechorner<br \/>\n11:00hs: Questionamentos<\/p>\n<p>11:30hs: Coordenadores de Mesa: Jos\u00e9 Almada Martins e Ivonei Claudio F\u00e3o<\/p>\n<div style=\"text-align:center\"><strong>Tema: Reforma Sindical<\/strong><\/div>\n<p>Palestrante: Presidente Antonio Neto &#8211; CSB<br \/>\n12:30hs: Questionamentos<\/p>\n<p>13:00hs: Almo\u00e7o<\/p>\n<p>14:00hs: Coordenadores de Mesa: Clarice Sulzbacher Mainardi e Rosani Maria Lima Stocker<\/p>\n<div style=\"text-align:center\"><strong>Tema: Reforma Tribut\u00e1ria<\/strong><\/div>\n<p>Palestrante: Dr. Valcir Gassen<br \/>\n15:00hs: Questionamentos<\/p>\n<p>15:30hs: Coordenadores de Mesa: \u00c2ngela Regio Marques e Laura Caldas Michel<\/p>\n<div style=\"text-align:center\"><strong>Tema: Viol\u00eancia contra a Mulher<\/strong><\/div>\n<p>Palestrantes: Deputados Estaduais \u2013 Comit\u00ea Ga\u00facho #ElesPorElas<br \/>\n16:30hs: Questionamentos<br \/>\n17:00hs: Encerramento e entrega dos Certificados<\/p>\n<p>Inscri\u00e7\u00f5es podem ser feitas pelo site: http:\/\/www.femergs.com.br\/ a partir do dia 01 de mar\u00e7o.<br \/>\nhttp:\/\/femergs.com.br\/seminario<\/p>\n","protected":false},"excerpt":{"rendered":"<p>A Federa\u00e7\u00e3o dos Municip\u00e1rios do Estado do Rio Grande do Sul \u2013 FEMERGS, realizar\u00e1 no dia 27 do m\u00eas de Mar\u00e7o de 2020, a 12\u00aa edi\u00e7\u00e3o do SEMIN\u00c1RIO DE QUALIFICA\u00c7\u00c3O DO SERVIDOR P\u00daBLICO, que se realizar\u00e1 no Pal\u00e1cio da Justi\u00e7a, Pra\u00e7a Mal. Deodoro, 55 \u2013 Centro Hist\u00f3rico, 6\u00ba Andar, Porto Alegre \u2013 RS, o evento [&hellip;]<\/p>\n","protected":false},"author":1,"featured_media":0,"comment_status":"closed","ping_status":"closed","sticky":false,"template":"","format":"standard","meta":{"_eb_attr":"","_uag_custom_page_level_css":"","fifu_image_url":"","fifu_image_alt":"","footnotes":""},"categories":[1],"tags":[32],"class_list":["post-1215","post","type-post","status-publish","format-standard","hentry","category-arquivadas","tag-null"],"yoast_head":"<!-- This site is optimized with the Yoast SEO plugin v27.1.1 - https:\/\/yoast.com\/product\/yoast-seo-wordpress\/ -->\n<title>XII SEMIN\u00c1RIO DE QUALIFICA\u00c7\u00c3O DO SERVIDOR P\u00daBLICO - Federa\u00e7\u00e3o dos Municip\u00e1rios do Estado do Rio Grande do Sul<\/title>\n<meta name=\"robots\" content=\"index, follow, max-snippet:-1, max-image-preview:large, max-video-preview:-1\" \/>\n<link rel=\"canonical\" href=\"https:\/\/femergs.com.br\/wfe\/blog\/xii-seminario-de-qualificacao-do-servidor-publico\/\" \/>\n<meta property=\"og:locale\" content=\"pt_BR\" \/>\n<meta property=\"og:type\" content=\"article\" \/>\n<meta property=\"og:title\" content=\"XII SEMIN\u00c1RIO DE QUALIFICA\u00c7\u00c3O DO SERVIDOR P\u00daBLICO - Federa\u00e7\u00e3o dos Municip\u00e1rios do Estado do Rio Grande do Sul\" \/>\n<meta property=\"og:description\" content=\"A Federa\u00e7\u00e3o dos Municip\u00e1rios do Estado do Rio Grande do Sul \u2013 FEMERGS, realizar\u00e1 no dia 27 do m\u00eas de Mar\u00e7o de 2020, a 12\u00aa edi\u00e7\u00e3o do SEMIN\u00c1RIO DE QUALIFICA\u00c7\u00c3O DO SERVIDOR P\u00daBLICO, que se realizar\u00e1 no Pal\u00e1cio da Justi\u00e7a, Pra\u00e7a Mal. Deodoro, 55 \u2013 Centro Hist\u00f3rico, 6\u00ba Andar, Porto Alegre \u2013 RS, o evento [&hellip;]\" \/>\n<meta property=\"og:url\" content=\"https:\/\/femergs.com.br\/wfe\/blog\/xii-seminario-de-qualificacao-do-servidor-publico\/\" \/>\n<meta property=\"og:site_name\" content=\"Federa\u00e7\u00e3o dos Municip\u00e1rios do Estado do Rio Grande do Sul\" \/>\n<meta property=\"article:publisher\" content=\"https:\/\/www.facebook.com\/profile.php?id=100057151733001\" \/>\n<meta property=\"article:published_time\" content=\"2020-02-28T15:07:02+00:00\" \/>\n<meta name=\"author\" content=\"adminfemergs\" \/>\n<meta name=\"twitter:card\" content=\"summary_large_image\" \/>\n<meta name=\"twitter:label1\" content=\"Escrito por\" \/>\n\t<meta name=\"twitter:data1\" content=\"adminfemergs\" \/>\n\t<meta name=\"twitter:label2\" content=\"Est. tempo de leitura\" \/>\n\t<meta name=\"twitter:data2\" content=\"1 minuto\" \/>\n<script type=\"application\/ld+json\" class=\"yoast-schema-graph\">{\"@context\":\"https:\/\/schema.org\",\"@graph\":[{\"@type\":\"Article\",\"@id\":\"https:\/\/femergs.com.br\/wfe\/blog\/xii-seminario-de-qualificacao-do-servidor-publico\/#article\",\"isPartOf\":{\"@id\":\"https:\/\/femergs.com.br\/wfe\/blog\/xii-seminario-de-qualificacao-do-servidor-publico\/\"},\"author\":{\"name\":\"adminfemergs\",\"@id\":\"https:\/\/femergs.com.br\/wfe\/#\/schema\/person\/f5558e6b5ffc044ee085016237dedb7f\"},\"headline\":\"XII SEMIN\u00c1RIO DE QUALIFICA\u00c7\u00c3O DO SERVIDOR P\u00daBLICO\",\"datePublished\":\"2020-02-28T15:07:02+00:00\",\"mainEntityOfPage\":{\"@id\":\"https:\/\/femergs.com.br\/wfe\/blog\/xii-seminario-de-qualificacao-do-servidor-publico\/\"},\"wordCount\":204,\"publisher\":{\"@id\":\"https:\/\/femergs.com.br\/wfe\/#organization\"},\"keywords\":[\"NULL\"],\"articleSection\":[\"ARQUIVADAS\"],\"inLanguage\":\"pt-BR\"},{\"@type\":\"WebPage\",\"@id\":\"https:\/\/femergs.com.br\/wfe\/blog\/xii-seminario-de-qualificacao-do-servidor-publico\/\",\"url\":\"https:\/\/femergs.com.br\/wfe\/blog\/xii-seminario-de-qualificacao-do-servidor-publico\/\",\"name\":\"XII SEMIN\u00c1RIO DE QUALIFICA\u00c7\u00c3O DO SERVIDOR P\u00daBLICO - Federa\u00e7\u00e3o dos Municip\u00e1rios do Estado do Rio Grande do Sul\",\"isPartOf\":{\"@id\":\"https:\/\/femergs.com.br\/wfe\/#website\"},\"datePublished\":\"2020-02-28T15:07:02+00:00\",\"breadcrumb\":{\"@id\":\"https:\/\/femergs.com.br\/wfe\/blog\/xii-seminario-de-qualificacao-do-servidor-publico\/#breadcrumb\"},\"inLanguage\":\"pt-BR\",\"potentialAction\":[{\"@type\":\"ReadAction\",\"target\":[\"https:\/\/femergs.com.br\/wfe\/blog\/xii-seminario-de-qualificacao-do-servidor-publico\/\"]}]},{\"@type\":\"BreadcrumbList\",\"@id\":\"https:\/\/femergs.com.br\/wfe\/blog\/xii-seminario-de-qualificacao-do-servidor-publico\/#breadcrumb\",\"itemListElement\":[{\"@type\":\"ListItem\",\"position\":1,\"name\":\"In\u00edcio\",\"item\":\"https:\/\/femergs.com.br\/wfe\/\"},{\"@type\":\"ListItem\",\"position\":2,\"name\":\"XII SEMIN\u00c1RIO DE QUALIFICA\u00c7\u00c3O DO SERVIDOR P\u00daBLICO\"}]},{\"@type\":\"WebSite\",\"@id\":\"https:\/\/femergs.com.br\/wfe\/#website\",\"url\":\"https:\/\/femergs.com.br\/wfe\/\",\"name\":\"FEMERGS\",\"description\":\"FEDERA\u00c7\u00c3O DOS MUNICIP\u00c1RIOS DO ESTADO DO RIO GRANDE DO SUL\",\"publisher\":{\"@id\":\"https:\/\/femergs.com.br\/wfe\/#organization\"},\"potentialAction\":[{\"@type\":\"SearchAction\",\"target\":{\"@type\":\"EntryPoint\",\"urlTemplate\":\"https:\/\/femergs.com.br\/wfe\/?s={search_term_string}\"},\"query-input\":{\"@type\":\"PropertyValueSpecification\",\"valueRequired\":true,\"valueName\":\"search_term_string\"}}],\"inLanguage\":\"pt-BR\"},{\"@type\":\"Organization\",\"@id\":\"https:\/\/femergs.com.br\/wfe\/#organization\",\"name\":\"FEMERGS\",\"url\":\"https:\/\/femergs.com.br\/wfe\/\",\"logo\":{\"@type\":\"ImageObject\",\"inLanguage\":\"pt-BR\",\"@id\":\"https:\/\/femergs.com.br\/wfe\/#\/schema\/logo\/image\/\",\"url\":\"https:\/\/femergs.com.br\/wfe\/wp-content\/uploads\/2025\/06\/logotipo.png\",\"contentUrl\":\"https:\/\/femergs.com.br\/wfe\/wp-content\/uploads\/2025\/06\/logotipo.png\",\"width\":500,\"height\":500,\"caption\":\"FEMERGS\"},\"image\":{\"@id\":\"https:\/\/femergs.com.br\/wfe\/#\/schema\/logo\/image\/\"},\"sameAs\":[\"https:\/\/www.facebook.com\/profile.php?id=100057151733001\",\"https:\/\/www.instagram.com\/femergs_rs\/\"]},{\"@type\":\"Person\",\"@id\":\"https:\/\/femergs.com.br\/wfe\/#\/schema\/person\/f5558e6b5ffc044ee085016237dedb7f\",\"name\":\"adminfemergs\",\"image\":{\"@type\":\"ImageObject\",\"inLanguage\":\"pt-BR\",\"@id\":\"https:\/\/femergs.com.br\/wfe\/#\/schema\/person\/image\/\",\"url\":\"https:\/\/secure.gravatar.com\/avatar\/398642fa557cdd524617ad9b31c938845f071aeb3448b9c0aeb29aefc495337b?s=96&d=mm&r=g\",\"contentUrl\":\"https:\/\/secure.gravatar.com\/avatar\/398642fa557cdd524617ad9b31c938845f071aeb3448b9c0aeb29aefc495337b?s=96&d=mm&r=g\",\"caption\":\"adminfemergs\"},\"sameAs\":[\"https:\/\/femergs.com.br\/wfe\"],\"url\":\"https:\/\/femergs.com.br\/wfe\/blog\/author\/adminfemergs\/\"}]}<\/script>\n<!-- \/ Yoast SEO plugin. -->","yoast_head_json":{"title":"XII SEMIN\u00c1RIO DE QUALIFICA\u00c7\u00c3O DO SERVIDOR P\u00daBLICO - Federa\u00e7\u00e3o dos Municip\u00e1rios do Estado do Rio Grande do Sul","robots":{"index":"index","follow":"follow","max-snippet":"max-snippet:-1","max-image-preview":"max-image-preview:large","max-video-preview":"max-video-preview:-1"},"canonical":"https:\/\/femergs.com.br\/wfe\/blog\/xii-seminario-de-qualificacao-do-servidor-publico\/","og_locale":"pt_BR","og_type":"article","og_title":"XII SEMIN\u00c1RIO DE QUALIFICA\u00c7\u00c3O DO SERVIDOR P\u00daBLICO - Federa\u00e7\u00e3o dos Municip\u00e1rios do Estado do Rio Grande do Sul","og_description":"A Federa\u00e7\u00e3o dos Municip\u00e1rios do Estado do Rio Grande do Sul \u2013 FEMERGS, realizar\u00e1 no dia 27 do m\u00eas de Mar\u00e7o de 2020, a 12\u00aa edi\u00e7\u00e3o do SEMIN\u00c1RIO DE QUALIFICA\u00c7\u00c3O DO SERVIDOR P\u00daBLICO, que se realizar\u00e1 no Pal\u00e1cio da Justi\u00e7a, Pra\u00e7a Mal. Deodoro, 55 \u2013 Centro Hist\u00f3rico, 6\u00ba Andar, Porto Alegre \u2013 RS, o evento [&hellip;]","og_url":"https:\/\/femergs.com.br\/wfe\/blog\/xii-seminario-de-qualificacao-do-servidor-publico\/","og_site_name":"Federa\u00e7\u00e3o dos Municip\u00e1rios do Estado do Rio Grande do Sul","article_publisher":"https:\/\/www.facebook.com\/profile.php?id=100057151733001","article_published_time":"2020-02-28T15:07:02+00:00","author":"adminfemergs","twitter_card":"summary_large_image","twitter_misc":{"Escrito por":"adminfemergs","Est. tempo de leitura":"1 minuto"},"schema":{"@context":"https:\/\/schema.org","@graph":[{"@type":"Article","@id":"https:\/\/femergs.com.br\/wfe\/blog\/xii-seminario-de-qualificacao-do-servidor-publico\/#article","isPartOf":{"@id":"https:\/\/femergs.com.br\/wfe\/blog\/xii-seminario-de-qualificacao-do-servidor-publico\/"},"author":{"name":"adminfemergs","@id":"https:\/\/femergs.com.br\/wfe\/#\/schema\/person\/f5558e6b5ffc044ee085016237dedb7f"},"headline":"XII SEMIN\u00c1RIO DE QUALIFICA\u00c7\u00c3O DO SERVIDOR P\u00daBLICO","datePublished":"2020-02-28T15:07:02+00:00","mainEntityOfPage":{"@id":"https:\/\/femergs.com.br\/wfe\/blog\/xii-seminario-de-qualificacao-do-servidor-publico\/"},"wordCount":204,"publisher":{"@id":"https:\/\/femergs.com.br\/wfe\/#organization"},"keywords":["NULL"],"articleSection":["ARQUIVADAS"],"inLanguage":"pt-BR"},{"@type":"WebPage","@id":"https:\/\/femergs.com.br\/wfe\/blog\/xii-seminario-de-qualificacao-do-servidor-publico\/","url":"https:\/\/femergs.com.br\/wfe\/blog\/xii-seminario-de-qualificacao-do-servidor-publico\/","name":"XII SEMIN\u00c1RIO DE QUALIFICA\u00c7\u00c3O DO SERVIDOR P\u00daBLICO - Federa\u00e7\u00e3o dos Municip\u00e1rios do Estado do Rio Grande do Sul","isPartOf":{"@id":"https:\/\/femergs.com.br\/wfe\/#website"},"datePublished":"2020-02-28T15:07:02+00:00","breadcrumb":{"@id":"https:\/\/femergs.com.br\/wfe\/blog\/xii-seminario-de-qualificacao-do-servidor-publico\/#breadcrumb"},"inLanguage":"pt-BR","potentialAction":[{"@type":"ReadAction","target":["https:\/\/femergs.com.br\/wfe\/blog\/xii-seminario-de-qualificacao-do-servidor-publico\/"]}]},{"@type":"BreadcrumbList","@id":"https:\/\/femergs.com.br\/wfe\/blog\/xii-seminario-de-qualificacao-do-servidor-publico\/#breadcrumb","itemListElement":[{"@type":"ListItem","position":1,"name":"In\u00edcio","item":"https:\/\/femergs.com.br\/wfe\/"},{"@type":"ListItem","position":2,"name":"XII SEMIN\u00c1RIO DE QUALIFICA\u00c7\u00c3O DO SERVIDOR P\u00daBLICO"}]},{"@type":"WebSite","@id":"https:\/\/femergs.com.br\/wfe\/#website","url":"https:\/\/femergs.com.br\/wfe\/","name":"FEMERGS","description":"FEDERA\u00c7\u00c3O DOS MUNICIP\u00c1RIOS DO ESTADO DO RIO GRANDE DO SUL","publisher":{"@id":"https:\/\/femergs.com.br\/wfe\/#organization"},"potentialAction":[{"@type":"SearchAction","target":{"@type":"EntryPoint","urlTemplate":"https:\/\/femergs.com.br\/wfe\/?s={search_term_string}"},"query-input":{"@type":"PropertyValueSpecification","valueRequired":true,"valueName":"search_term_string"}}],"inLanguage":"pt-BR"},{"@type":"Organization","@id":"https:\/\/femergs.com.br\/wfe\/#organization","name":"FEMERGS","url":"https:\/\/femergs.com.br\/wfe\/","logo":{"@type":"ImageObject","inLanguage":"pt-BR","@id":"https:\/\/femergs.com.br\/wfe\/#\/schema\/logo\/image\/","url":"https:\/\/femergs.com.br\/wfe\/wp-content\/uploads\/2025\/06\/logotipo.png","contentUrl":"https:\/\/femergs.com.br\/wfe\/wp-content\/uploads\/2025\/06\/logotipo.png","width":500,"height":500,"caption":"FEMERGS"},"image":{"@id":"https:\/\/femergs.com.br\/wfe\/#\/schema\/logo\/image\/"},"sameAs":["https:\/\/www.facebook.com\/profile.php?id=100057151733001","https:\/\/www.instagram.com\/femergs_rs\/"]},{"@type":"Person","@id":"https:\/\/femergs.com.br\/wfe\/#\/schema\/person\/f5558e6b5ffc044ee085016237dedb7f","name":"adminfemergs","image":{"@type":"ImageObject","inLanguage":"pt-BR","@id":"https:\/\/femergs.com.br\/wfe\/#\/schema\/person\/image\/","url":"https:\/\/secure.gravatar.com\/avatar\/398642fa557cdd524617ad9b31c938845f071aeb3448b9c0aeb29aefc495337b?s=96&d=mm&r=g","contentUrl":"https:\/\/secure.gravatar.com\/avatar\/398642fa557cdd524617ad9b31c938845f071aeb3448b9c0aeb29aefc495337b?s=96&d=mm&r=g","caption":"adminfemergs"},"sameAs":["https:\/\/femergs.com.br\/wfe"],"url":"https:\/\/femergs.com.br\/wfe\/blog\/author\/adminfemergs\/"}]}},"uagb_featured_image_src":{"full":false,"thumbnail":false,"medium":false,"medium_large":false,"large":false,"1536x1536":false,"2048x2048":false,"ultp_layout_landscape_large":false,"ultp_layout_landscape":false,"ultp_layout_portrait":false,"ultp_layout_square":false},"uagb_author_info":{"display_name":"adminfemergs","author_link":"https:\/\/femergs.com.br\/wfe\/blog\/author\/adminfemergs\/"},"uagb_comment_info":0,"uagb_excerpt":"A Federa\u00e7\u00e3o dos Municip\u00e1rios do Estado do Rio Grande do Sul \u2013 FEMERGS, realizar\u00e1 no dia 27 do m\u00eas de Mar\u00e7o de 2020, a 12\u00aa edi\u00e7\u00e3o do SEMIN\u00c1RIO DE QUALIFICA\u00c7\u00c3O DO SERVIDOR P\u00daBLICO, que se realizar\u00e1 no Pal\u00e1cio da Justi\u00e7a, Pra\u00e7a Mal. Deodoro, 55 \u2013 Centro Hist\u00f3rico, 6\u00ba Andar, Porto Alegre \u2013 RS, o evento&hellip;","_links":{"self":[{"href":"https:\/\/femergs.com.br\/wfe\/wp-json\/wp\/v2\/posts\/1215","targetHints":{"allow":["GET"]}}],"collection":[{"href":"https:\/\/femergs.com.br\/wfe\/wp-json\/wp\/v2\/posts"}],"about":[{"href":"https:\/\/femergs.com.br\/wfe\/wp-json\/wp\/v2\/types\/post"}],"author":[{"embeddable":true,"href":"https:\/\/femergs.com.br\/wfe\/wp-json\/wp\/v2\/users\/1"}],"replies":[{"embeddable":true,"href":"https:\/\/femergs.com.br\/wfe\/wp-json\/wp\/v2\/comments?post=1215"}],"version-history":[{"count":0,"href":"https:\/\/femergs.com.br\/wfe\/wp-json\/wp\/v2\/posts\/1215\/revisions"}],"wp:attachment":[{"href":"https:\/\/femergs.com.br\/wfe\/wp-json\/wp\/v2\/media?parent=1215"}],"wp:term":[{"taxonomy":"category","embeddable":true,"href":"https:\/\/femergs.com.br\/wfe\/wp-json\/wp\/v2\/categories?post=1215"},{"taxonomy":"post_tag","embeddable":true,"href":"https:\/\/femergs.com.br\/wfe\/wp-json\/wp\/v2\/tags?post=1215"}],"curies":[{"name":"wp","href":"https:\/\/api.w.org\/{rel}","templated":true}]}}