{"id":1216,"date":"2020-03-07T21:43:58","date_gmt":"2020-03-07T21:43:58","guid":{"rendered":"https:\/\/femergs.com.br\/wfe\/blog\/08-de-marco-homenagem-ao-dia-da-mulher\/"},"modified":"2020-03-07T21:43:58","modified_gmt":"2020-03-07T21:43:58","slug":"08-de-marco-homenagem-ao-dia-da-mulher","status":"publish","type":"post","link":"https:\/\/femergs.com.br\/wfe\/blog\/08-de-marco-homenagem-ao-dia-da-mulher\/","title":{"rendered":"08 de Mar\u00e7o &#8211; Homenagem ao Dia da Mulher"},"content":{"rendered":"<div style=\"text-align:center\"><strong><u>Ser Mulher<\/u><\/strong><\/div>\n<div>Um s\u00f3 dia meu povo&#8230;<br \/>\nUm dia \u00e9 muito pouco para Celebrar a mulher!<br \/>\nUm s\u00f3 poema&#8230;<br \/>\nUma rosa&#8230;<br \/>\nUma homenagem qualquer, mas palavras s\u00e3o muito poucas&#8230;<br \/>\nN\u00e3o importa o que eu disser.<\/p>\n<p>Mesmo assim&#8230;<\/p>\n<p>Mesmo assim dizer \u00e9 o meu \u00e9 o dever, dever da humanidade reconhecer que a mulher \u00e9 for\u00e7a, \u00e9 dignidade, \u00e9 o que \u00e9 e o que quer ser&#8230;<\/p>\n<p>E ela quer ser Liberdade,<br \/>\nquer ser m\u00e3e,<br \/>\nquer ser artista,<br \/>\nser sozinha,<br \/>\naventureira,<br \/>\nempres\u00e1ria,<br \/>\nagricultoras,<br \/>\nser ju\u00edza,<br \/>\nsacoleira,<br \/>\nquer ser talvez Bossa Nova,<br \/>\nmas tamb\u00e9m quer ser funkeira,<br \/>\nquer ser Maria da Penha,<br \/>\nAnne Frank ou Malala,<br \/>\nDandara,<br \/>\nMadre Teresa&#8230;<\/p>\n<p>Quer ser arma sem ser bala,<br \/>\nGisele,<br \/>\nMarta,<br \/>\nMichele,<br \/>\nquer ser sangue,<br \/>\npele,<br \/>\nMariele,<br \/>\nquer ser voz que n\u00e3o se cala.<\/p>\n<p>Mulher,<br \/>\nabsurdo paradoxo,<br \/>\nquer ser ferida e ser cura,<br \/>\nser calma,<br \/>\nconfus\u00e3o,<br \/>\nsanidade com loucura,<br \/>\ndesafino com ju\u00edzo,<br \/>\numa placa com aviso: \u201cIndecentemente Pura\u201d.<\/p>\n<p>Quer ser simples,<br \/>\npopular,<br \/>\nquer ser a j\u00f3ia mais cara,<br \/>\nquer ser muitas,<br \/>\nser plural e ainda assim quer ser rara,<br \/>\nquer ser livre,<br \/>\ncorpo e mente,<\/p>\n<p>Quer ser, e \u00e9 diferente,<br \/>\ne a diferen\u00e7a \u00e9 clara, a diferen\u00e7a \u00e9 a for\u00e7a, a garra, a resist\u00eancia, a coragem, a sabedoria, a pressa e a paci\u00eancia.<\/p>\n<p>\u00c9 t\u00e3o claro e evidente, e ser igual \u00e9 diferente, mas faz parte da sua ess\u00eancia.<\/p>\n<p>Mulher, quer ser um espelho, quer ser o que lhe contrasta, quer ser o que lhe constr\u00f3i, quer ser o que lhe devasta.<\/p>\n<p>Mulher s\u00f3 quer ser mulher, e o ser Mulher, j\u00e1 lhe basta!<\/p>\n<p>Br\u00e1ulio Bessa<\/p><\/div>\n","protected":false},"excerpt":{"rendered":"<p>Ser Mulher Um s\u00f3 dia meu povo&#8230; Um dia \u00e9 muito pouco para Celebrar a mulher! Um s\u00f3 poema&#8230; Uma rosa&#8230; Uma homenagem qualquer, mas palavras s\u00e3o muito poucas&#8230; N\u00e3o importa o que eu disser. Mesmo assim&#8230; Mesmo assim dizer \u00e9 o meu \u00e9 o dever, dever da humanidade reconhecer que a mulher \u00e9 for\u00e7a, [&hellip;]<\/p>\n","protected":false},"author":1,"featured_media":0,"comment_status":"closed","ping_status":"closed","sticky":false,"template":"","format":"standard","meta":{"_eb_attr":"","_uag_custom_page_level_css":"","fifu_image_url":"","fifu_image_alt":"","footnotes":""},"categories":[1],"tags":[32],"class_list":["post-1216","post","type-post","status-publish","format-standard","hentry","category-arquivadas","tag-null"],"yoast_head":"<!-- This site is optimized with the Yoast SEO plugin v27.1.1 - https:\/\/yoast.com\/product\/yoast-seo-wordpress\/ -->\n<title>08 de Mar\u00e7o - Homenagem ao Dia da Mulher - Federa\u00e7\u00e3o dos Municip\u00e1rios do Estado do Rio Grande do Sul<\/title>\n<meta name=\"robots\" content=\"index, follow, max-snippet:-1, max-image-preview:large, max-video-preview:-1\" \/>\n<link rel=\"canonical\" href=\"https:\/\/femergs.com.br\/wfe\/blog\/08-de-marco-homenagem-ao-dia-da-mulher\/\" \/>\n<meta property=\"og:locale\" content=\"pt_BR\" \/>\n<meta property=\"og:type\" content=\"article\" \/>\n<meta property=\"og:title\" content=\"08 de Mar\u00e7o - Homenagem ao Dia da Mulher - Federa\u00e7\u00e3o dos Municip\u00e1rios do Estado do Rio Grande do Sul\" \/>\n<meta property=\"og:description\" content=\"Ser Mulher Um s\u00f3 dia meu povo&#8230; Um dia \u00e9 muito pouco para Celebrar a mulher! Um s\u00f3 poema&#8230; Uma rosa&#8230; Uma homenagem qualquer, mas palavras s\u00e3o muito poucas&#8230; N\u00e3o importa o que eu disser. Mesmo assim&#8230; Mesmo assim dizer \u00e9 o meu \u00e9 o dever, dever da humanidade reconhecer que a mulher \u00e9 for\u00e7a, [&hellip;]\" \/>\n<meta property=\"og:url\" content=\"https:\/\/femergs.com.br\/wfe\/blog\/08-de-marco-homenagem-ao-dia-da-mulher\/\" \/>\n<meta property=\"og:site_name\" content=\"Federa\u00e7\u00e3o dos Municip\u00e1rios do Estado do Rio Grande do Sul\" \/>\n<meta property=\"article:publisher\" content=\"https:\/\/www.facebook.com\/profile.php?id=100057151733001\" \/>\n<meta property=\"article:published_time\" content=\"2020-03-07T21:43:58+00:00\" \/>\n<meta name=\"author\" content=\"adminfemergs\" \/>\n<meta name=\"twitter:card\" content=\"summary_large_image\" \/>\n<meta name=\"twitter:label1\" content=\"Escrito por\" \/>\n\t<meta name=\"twitter:data1\" content=\"adminfemergs\" \/>\n\t<meta name=\"twitter:label2\" content=\"Est. tempo de leitura\" \/>\n\t<meta name=\"twitter:data2\" content=\"1 minuto\" \/>\n<script type=\"application\/ld+json\" class=\"yoast-schema-graph\">{\"@context\":\"https:\/\/schema.org\",\"@graph\":[{\"@type\":\"Article\",\"@id\":\"https:\/\/femergs.com.br\/wfe\/blog\/08-de-marco-homenagem-ao-dia-da-mulher\/#article\",\"isPartOf\":{\"@id\":\"https:\/\/femergs.com.br\/wfe\/blog\/08-de-marco-homenagem-ao-dia-da-mulher\/\"},\"author\":{\"name\":\"adminfemergs\",\"@id\":\"https:\/\/femergs.com.br\/wfe\/#\/schema\/person\/f5558e6b5ffc044ee085016237dedb7f\"},\"headline\":\"08 de Mar\u00e7o &#8211; Homenagem ao Dia da Mulher\",\"datePublished\":\"2020-03-07T21:43:58+00:00\",\"mainEntityOfPage\":{\"@id\":\"https:\/\/femergs.com.br\/wfe\/blog\/08-de-marco-homenagem-ao-dia-da-mulher\/\"},\"wordCount\":277,\"publisher\":{\"@id\":\"https:\/\/femergs.com.br\/wfe\/#organization\"},\"keywords\":[\"NULL\"],\"articleSection\":[\"ARQUIVADAS\"],\"inLanguage\":\"pt-BR\"},{\"@type\":\"WebPage\",\"@id\":\"https:\/\/femergs.com.br\/wfe\/blog\/08-de-marco-homenagem-ao-dia-da-mulher\/\",\"url\":\"https:\/\/femergs.com.br\/wfe\/blog\/08-de-marco-homenagem-ao-dia-da-mulher\/\",\"name\":\"08 de Mar\u00e7o - Homenagem ao Dia da Mulher - Federa\u00e7\u00e3o dos Municip\u00e1rios do Estado do Rio Grande do Sul\",\"isPartOf\":{\"@id\":\"https:\/\/femergs.com.br\/wfe\/#website\"},\"datePublished\":\"2020-03-07T21:43:58+00:00\",\"breadcrumb\":{\"@id\":\"https:\/\/femergs.com.br\/wfe\/blog\/08-de-marco-homenagem-ao-dia-da-mulher\/#breadcrumb\"},\"inLanguage\":\"pt-BR\",\"potentialAction\":[{\"@type\":\"ReadAction\",\"target\":[\"https:\/\/femergs.com.br\/wfe\/blog\/08-de-marco-homenagem-ao-dia-da-mulher\/\"]}]},{\"@type\":\"BreadcrumbList\",\"@id\":\"https:\/\/femergs.com.br\/wfe\/blog\/08-de-marco-homenagem-ao-dia-da-mulher\/#breadcrumb\",\"itemListElement\":[{\"@type\":\"ListItem\",\"position\":1,\"name\":\"In\u00edcio\",\"item\":\"https:\/\/femergs.com.br\/wfe\/\"},{\"@type\":\"ListItem\",\"position\":2,\"name\":\"08 de Mar\u00e7o &#8211; Homenagem ao Dia da Mulher\"}]},{\"@type\":\"WebSite\",\"@id\":\"https:\/\/femergs.com.br\/wfe\/#website\",\"url\":\"https:\/\/femergs.com.br\/wfe\/\",\"name\":\"FEMERGS\",\"description\":\"FEDERA\u00c7\u00c3O DOS MUNICIP\u00c1RIOS DO ESTADO DO RIO GRANDE DO SUL\",\"publisher\":{\"@id\":\"https:\/\/femergs.com.br\/wfe\/#organization\"},\"potentialAction\":[{\"@type\":\"SearchAction\",\"target\":{\"@type\":\"EntryPoint\",\"urlTemplate\":\"https:\/\/femergs.com.br\/wfe\/?s={search_term_string}\"},\"query-input\":{\"@type\":\"PropertyValueSpecification\",\"valueRequired\":true,\"valueName\":\"search_term_string\"}}],\"inLanguage\":\"pt-BR\"},{\"@type\":\"Organization\",\"@id\":\"https:\/\/femergs.com.br\/wfe\/#organization\",\"name\":\"FEMERGS\",\"url\":\"https:\/\/femergs.com.br\/wfe\/\",\"logo\":{\"@type\":\"ImageObject\",\"inLanguage\":\"pt-BR\",\"@id\":\"https:\/\/femergs.com.br\/wfe\/#\/schema\/logo\/image\/\",\"url\":\"https:\/\/femergs.com.br\/wfe\/wp-content\/uploads\/2025\/06\/logotipo.png\",\"contentUrl\":\"https:\/\/femergs.com.br\/wfe\/wp-content\/uploads\/2025\/06\/logotipo.png\",\"width\":500,\"height\":500,\"caption\":\"FEMERGS\"},\"image\":{\"@id\":\"https:\/\/femergs.com.br\/wfe\/#\/schema\/logo\/image\/\"},\"sameAs\":[\"https:\/\/www.facebook.com\/profile.php?id=100057151733001\",\"https:\/\/www.instagram.com\/femergs_rs\/\"]},{\"@type\":\"Person\",\"@id\":\"https:\/\/femergs.com.br\/wfe\/#\/schema\/person\/f5558e6b5ffc044ee085016237dedb7f\",\"name\":\"adminfemergs\",\"image\":{\"@type\":\"ImageObject\",\"inLanguage\":\"pt-BR\",\"@id\":\"https:\/\/femergs.com.br\/wfe\/#\/schema\/person\/image\/\",\"url\":\"https:\/\/secure.gravatar.com\/avatar\/398642fa557cdd524617ad9b31c938845f071aeb3448b9c0aeb29aefc495337b?s=96&d=mm&r=g\",\"contentUrl\":\"https:\/\/secure.gravatar.com\/avatar\/398642fa557cdd524617ad9b31c938845f071aeb3448b9c0aeb29aefc495337b?s=96&d=mm&r=g\",\"caption\":\"adminfemergs\"},\"sameAs\":[\"https:\/\/femergs.com.br\/wfe\"],\"url\":\"https:\/\/femergs.com.br\/wfe\/blog\/author\/adminfemergs\/\"}]}<\/script>\n<!-- \/ Yoast SEO plugin. -->","yoast_head_json":{"title":"08 de Mar\u00e7o - Homenagem ao Dia da Mulher - Federa\u00e7\u00e3o dos Municip\u00e1rios do Estado do Rio Grande do Sul","robots":{"index":"index","follow":"follow","max-snippet":"max-snippet:-1","max-image-preview":"max-image-preview:large","max-video-preview":"max-video-preview:-1"},"canonical":"https:\/\/femergs.com.br\/wfe\/blog\/08-de-marco-homenagem-ao-dia-da-mulher\/","og_locale":"pt_BR","og_type":"article","og_title":"08 de Mar\u00e7o - Homenagem ao Dia da Mulher - Federa\u00e7\u00e3o dos Municip\u00e1rios do Estado do Rio Grande do Sul","og_description":"Ser Mulher Um s\u00f3 dia meu povo&#8230; Um dia \u00e9 muito pouco para Celebrar a mulher! Um s\u00f3 poema&#8230; Uma rosa&#8230; Uma homenagem qualquer, mas palavras s\u00e3o muito poucas&#8230; N\u00e3o importa o que eu disser. Mesmo assim&#8230; Mesmo assim dizer \u00e9 o meu \u00e9 o dever, dever da humanidade reconhecer que a mulher \u00e9 for\u00e7a, [&hellip;]","og_url":"https:\/\/femergs.com.br\/wfe\/blog\/08-de-marco-homenagem-ao-dia-da-mulher\/","og_site_name":"Federa\u00e7\u00e3o dos Municip\u00e1rios do Estado do Rio Grande do Sul","article_publisher":"https:\/\/www.facebook.com\/profile.php?id=100057151733001","article_published_time":"2020-03-07T21:43:58+00:00","author":"adminfemergs","twitter_card":"summary_large_image","twitter_misc":{"Escrito por":"adminfemergs","Est. tempo de leitura":"1 minuto"},"schema":{"@context":"https:\/\/schema.org","@graph":[{"@type":"Article","@id":"https:\/\/femergs.com.br\/wfe\/blog\/08-de-marco-homenagem-ao-dia-da-mulher\/#article","isPartOf":{"@id":"https:\/\/femergs.com.br\/wfe\/blog\/08-de-marco-homenagem-ao-dia-da-mulher\/"},"author":{"name":"adminfemergs","@id":"https:\/\/femergs.com.br\/wfe\/#\/schema\/person\/f5558e6b5ffc044ee085016237dedb7f"},"headline":"08 de Mar\u00e7o &#8211; Homenagem ao Dia da Mulher","datePublished":"2020-03-07T21:43:58+00:00","mainEntityOfPage":{"@id":"https:\/\/femergs.com.br\/wfe\/blog\/08-de-marco-homenagem-ao-dia-da-mulher\/"},"wordCount":277,"publisher":{"@id":"https:\/\/femergs.com.br\/wfe\/#organization"},"keywords":["NULL"],"articleSection":["ARQUIVADAS"],"inLanguage":"pt-BR"},{"@type":"WebPage","@id":"https:\/\/femergs.com.br\/wfe\/blog\/08-de-marco-homenagem-ao-dia-da-mulher\/","url":"https:\/\/femergs.com.br\/wfe\/blog\/08-de-marco-homenagem-ao-dia-da-mulher\/","name":"08 de Mar\u00e7o - Homenagem ao Dia da Mulher - Federa\u00e7\u00e3o dos Municip\u00e1rios do Estado do Rio Grande do Sul","isPartOf":{"@id":"https:\/\/femergs.com.br\/wfe\/#website"},"datePublished":"2020-03-07T21:43:58+00:00","breadcrumb":{"@id":"https:\/\/femergs.com.br\/wfe\/blog\/08-de-marco-homenagem-ao-dia-da-mulher\/#breadcrumb"},"inLanguage":"pt-BR","potentialAction":[{"@type":"ReadAction","target":["https:\/\/femergs.com.br\/wfe\/blog\/08-de-marco-homenagem-ao-dia-da-mulher\/"]}]},{"@type":"BreadcrumbList","@id":"https:\/\/femergs.com.br\/wfe\/blog\/08-de-marco-homenagem-ao-dia-da-mulher\/#breadcrumb","itemListElement":[{"@type":"ListItem","position":1,"name":"In\u00edcio","item":"https:\/\/femergs.com.br\/wfe\/"},{"@type":"ListItem","position":2,"name":"08 de Mar\u00e7o &#8211; Homenagem ao Dia da Mulher"}]},{"@type":"WebSite","@id":"https:\/\/femergs.com.br\/wfe\/#website","url":"https:\/\/femergs.com.br\/wfe\/","name":"FEMERGS","description":"FEDERA\u00c7\u00c3O DOS MUNICIP\u00c1RIOS DO ESTADO DO RIO GRANDE DO SUL","publisher":{"@id":"https:\/\/femergs.com.br\/wfe\/#organization"},"potentialAction":[{"@type":"SearchAction","target":{"@type":"EntryPoint","urlTemplate":"https:\/\/femergs.com.br\/wfe\/?s={search_term_string}"},"query-input":{"@type":"PropertyValueSpecification","valueRequired":true,"valueName":"search_term_string"}}],"inLanguage":"pt-BR"},{"@type":"Organization","@id":"https:\/\/femergs.com.br\/wfe\/#organization","name":"FEMERGS","url":"https:\/\/femergs.com.br\/wfe\/","logo":{"@type":"ImageObject","inLanguage":"pt-BR","@id":"https:\/\/femergs.com.br\/wfe\/#\/schema\/logo\/image\/","url":"https:\/\/femergs.com.br\/wfe\/wp-content\/uploads\/2025\/06\/logotipo.png","contentUrl":"https:\/\/femergs.com.br\/wfe\/wp-content\/uploads\/2025\/06\/logotipo.png","width":500,"height":500,"caption":"FEMERGS"},"image":{"@id":"https:\/\/femergs.com.br\/wfe\/#\/schema\/logo\/image\/"},"sameAs":["https:\/\/www.facebook.com\/profile.php?id=100057151733001","https:\/\/www.instagram.com\/femergs_rs\/"]},{"@type":"Person","@id":"https:\/\/femergs.com.br\/wfe\/#\/schema\/person\/f5558e6b5ffc044ee085016237dedb7f","name":"adminfemergs","image":{"@type":"ImageObject","inLanguage":"pt-BR","@id":"https:\/\/femergs.com.br\/wfe\/#\/schema\/person\/image\/","url":"https:\/\/secure.gravatar.com\/avatar\/398642fa557cdd524617ad9b31c938845f071aeb3448b9c0aeb29aefc495337b?s=96&d=mm&r=g","contentUrl":"https:\/\/secure.gravatar.com\/avatar\/398642fa557cdd524617ad9b31c938845f071aeb3448b9c0aeb29aefc495337b?s=96&d=mm&r=g","caption":"adminfemergs"},"sameAs":["https:\/\/femergs.com.br\/wfe"],"url":"https:\/\/femergs.com.br\/wfe\/blog\/author\/adminfemergs\/"}]}},"uagb_featured_image_src":{"full":false,"thumbnail":false,"medium":false,"medium_large":false,"large":false,"1536x1536":false,"2048x2048":false,"ultp_layout_landscape_large":false,"ultp_layout_landscape":false,"ultp_layout_portrait":false,"ultp_layout_square":false},"uagb_author_info":{"display_name":"adminfemergs","author_link":"https:\/\/femergs.com.br\/wfe\/blog\/author\/adminfemergs\/"},"uagb_comment_info":0,"uagb_excerpt":"Ser Mulher Um s\u00f3 dia meu povo&#8230; Um dia \u00e9 muito pouco para Celebrar a mulher! Um s\u00f3 poema&#8230; Uma rosa&#8230; Uma homenagem qualquer, mas palavras s\u00e3o muito poucas&#8230; N\u00e3o importa o que eu disser. Mesmo assim&#8230; Mesmo assim dizer \u00e9 o meu \u00e9 o dever, dever da humanidade reconhecer que a mulher \u00e9 for\u00e7a,&hellip;","_links":{"self":[{"href":"https:\/\/femergs.com.br\/wfe\/wp-json\/wp\/v2\/posts\/1216","targetHints":{"allow":["GET"]}}],"collection":[{"href":"https:\/\/femergs.com.br\/wfe\/wp-json\/wp\/v2\/posts"}],"about":[{"href":"https:\/\/femergs.com.br\/wfe\/wp-json\/wp\/v2\/types\/post"}],"author":[{"embeddable":true,"href":"https:\/\/femergs.com.br\/wfe\/wp-json\/wp\/v2\/users\/1"}],"replies":[{"embeddable":true,"href":"https:\/\/femergs.com.br\/wfe\/wp-json\/wp\/v2\/comments?post=1216"}],"version-history":[{"count":0,"href":"https:\/\/femergs.com.br\/wfe\/wp-json\/wp\/v2\/posts\/1216\/revisions"}],"wp:attachment":[{"href":"https:\/\/femergs.com.br\/wfe\/wp-json\/wp\/v2\/media?parent=1216"}],"wp:term":[{"taxonomy":"category","embeddable":true,"href":"https:\/\/femergs.com.br\/wfe\/wp-json\/wp\/v2\/categories?post=1216"},{"taxonomy":"post_tag","embeddable":true,"href":"https:\/\/femergs.com.br\/wfe\/wp-json\/wp\/v2\/tags?post=1216"}],"curies":[{"name":"wp","href":"https:\/\/api.w.org\/{rel}","templated":true}]}}