{"id":1217,"date":"2020-03-11T15:00:41","date_gmt":"2020-03-11T15:00:41","guid":{"rendered":"https:\/\/femergs.com.br\/wfe\/blog\/femergs-em-sao-jose-do-norte\/"},"modified":"2020-03-11T15:00:41","modified_gmt":"2020-03-11T15:00:41","slug":"femergs-em-sao-jose-do-norte","status":"publish","type":"post","link":"https:\/\/femergs.com.br\/wfe\/blog\/femergs-em-sao-jose-do-norte\/","title":{"rendered":"FEMERGS em S\u00e3o Jos\u00e9 do Norte"},"content":{"rendered":"<div style=\"text-align:center\"><img decoding=\"async\" src=\"data:image\/gif;base64,R0lGODlhAQABAIAAAAAAAP\/\/\/ywAAAAAAQABAAACAUwAOw==\" fifu-lazy=\"1\" fifu-data-sizes=\"auto\" fifu-data-srcset=\"\/Im4g3nsN0t1cia\/geral\/images\/Almada_em_Sao_Jose_do_Norte(1).jpeg?w=75&resize=75&ssl=1 75w, \/Im4g3nsN0t1cia\/geral\/images\/Almada_em_Sao_Jose_do_Norte(1).jpeg?w=100&resize=100&ssl=1 100w, \/Im4g3nsN0t1cia\/geral\/images\/Almada_em_Sao_Jose_do_Norte(1).jpeg?w=150&resize=150&ssl=1 150w, \/Im4g3nsN0t1cia\/geral\/images\/Almada_em_Sao_Jose_do_Norte(1).jpeg?w=240&resize=240&ssl=1 240w, \/Im4g3nsN0t1cia\/geral\/images\/Almada_em_Sao_Jose_do_Norte(1).jpeg?w=320&resize=320&ssl=1 320w, \/Im4g3nsN0t1cia\/geral\/images\/Almada_em_Sao_Jose_do_Norte(1).jpeg?w=500&resize=500&ssl=1 500w, \/Im4g3nsN0t1cia\/geral\/images\/Almada_em_Sao_Jose_do_Norte(1).jpeg?w=640&resize=640&ssl=1 640w, \/Im4g3nsN0t1cia\/geral\/images\/Almada_em_Sao_Jose_do_Norte(1).jpeg?w=800&resize=800&ssl=1 800w, \/Im4g3nsN0t1cia\/geral\/images\/Almada_em_Sao_Jose_do_Norte(1).jpeg?w=1024&resize=1024&ssl=1 1024w, \/Im4g3nsN0t1cia\/geral\/images\/Almada_em_Sao_Jose_do_Norte(1).jpeg?w=1280&resize=1280&ssl=1 1280w, \/Im4g3nsN0t1cia\/geral\/images\/Almada_em_Sao_Jose_do_Norte(1).jpeg?w=1600&resize=1600&ssl=1 1600w\" alt=\"\" fifu-data-src=\"\/Im4g3nsN0t1cia\/geral\/images\/Almada_em_Sao_Jose_do_Norte(1).jpeg\" style=\"height:960px; width:1280px\" \/><\/div>\n<div style=\"text-align:justify\">Na segunda-feira, dia 09 de mar\u00e7o de 2020, o Presidente em exerc\u00edcio da FEMERGS Jos\u00e9 Bonif\u00e1cio Almada Martins, esteve representando a FEMERGS em S\u00e3o Jos\u00e9 do Norte, onde acompanhou o Sindicato dos Municip\u00e1rios de S\u00e3o Jos\u00e9 do Norte em importante reuni\u00e3o, no gabinete da Prefeita, com a Administra\u00e7\u00e3o Municipal.<\/p>\n<p>O Presidente do SIMNORTE Alexandre Mendes agradeceu a presen\u00e7a de todos e salienta a importante participa\u00e7\u00e3o da FEMERGS nesta reuni\u00e3o, que trouxe conscientiza\u00e7\u00e3o para que a Administra\u00e7\u00e3o N\u00c3O corte o ponto dos trabalhadores, pois a defasagem salarial \u00e9 realmente muito grande. Salienta tamb\u00e9m, que ficou alinhavada uma reuni\u00e3o, entre Administra\u00e7\u00e3o e SIMNORTE, para o pr\u00f3ximo dia 23 (vinte e tr\u00eas) de mar\u00e7o, para retornarem a analisar, construir e desenvolver os temas pertinentes \u00e0 pauta apresentada pelo SIMNORTE.<\/p><\/div>\n<div style=\"text-align:center\"><\/div>\n<div style=\"text-align:justify\">Participaram da reuni\u00e3o: Prefeita do Munic\u00edpio de S\u00e3o Jos\u00e9 do Norte Sr\u00aa Fabiany Roig; Presidente do SIMNORTE Sr. Alexandre Mendes; Vice-Presidente do SIMNORTE Sr. Danilo Maio; Presidente em exerc\u00edcio da Federa\u00e7\u00e3o dos Municip\u00e1rios do Estado do Rio Grande do Sul \u2013 FEMERGS Sr. Jos\u00e9 Bonif\u00e1cio Almada Martins; Representantes da Regional Sul da CTB; Comiss\u00e3o de Grevistas e Vereadores.<\/div>\n<p>\nFedera\u00e7\u00e3o Forte, Sindicato protegido.<\/p>\n<p>Fonte: SIMNORTE \/ Secretaria Geral FEMERGS<\/p>\n","protected":false},"excerpt":{"rendered":"<p>Na segunda-feira, dia 09 de mar\u00e7o de 2020, o Presidente em exerc\u00edcio da FEMERGS Jos\u00e9 Bonif\u00e1cio Almada Martins, esteve representando a FEMERGS em S\u00e3o Jos\u00e9 do Norte, onde acompanhou o Sindicato dos Municip\u00e1rios de S\u00e3o Jos\u00e9 do Norte em importante reuni\u00e3o, no gabinete da Prefeita, com a Administra\u00e7\u00e3o Municipal. O Presidente do SIMNORTE Alexandre Mendes [&hellip;]<\/p>\n","protected":false},"author":1,"featured_media":0,"comment_status":"closed","ping_status":"closed","sticky":false,"template":"","format":"standard","meta":{"_eb_attr":"","_uag_custom_page_level_css":"","fifu_image_url":"","fifu_image_alt":"","footnotes":""},"categories":[1],"tags":[32],"class_list":["post-1217","post","type-post","status-publish","format-standard","hentry","category-arquivadas","tag-null"],"yoast_head":"<!-- This site is optimized with the Yoast SEO plugin v27.1.1 - https:\/\/yoast.com\/product\/yoast-seo-wordpress\/ -->\n<title>FEMERGS em S\u00e3o Jos\u00e9 do Norte - Federa\u00e7\u00e3o dos Municip\u00e1rios do Estado do Rio Grande do Sul<\/title>\n<meta name=\"robots\" content=\"index, follow, max-snippet:-1, max-image-preview:large, max-video-preview:-1\" \/>\n<link rel=\"canonical\" href=\"https:\/\/femergs.com.br\/wfe\/blog\/femergs-em-sao-jose-do-norte\/\" \/>\n<meta property=\"og:locale\" content=\"pt_BR\" \/>\n<meta property=\"og:type\" content=\"article\" \/>\n<meta property=\"og:title\" content=\"FEMERGS em S\u00e3o Jos\u00e9 do Norte - Federa\u00e7\u00e3o dos Municip\u00e1rios do Estado do Rio Grande do Sul\" \/>\n<meta property=\"og:description\" content=\"Na segunda-feira, dia 09 de mar\u00e7o de 2020, o Presidente em exerc\u00edcio da FEMERGS Jos\u00e9 Bonif\u00e1cio Almada Martins, esteve representando a FEMERGS em S\u00e3o Jos\u00e9 do Norte, onde acompanhou o Sindicato dos Municip\u00e1rios de S\u00e3o Jos\u00e9 do Norte em importante reuni\u00e3o, no gabinete da Prefeita, com a Administra\u00e7\u00e3o Municipal. O Presidente do SIMNORTE Alexandre Mendes [&hellip;]\" \/>\n<meta property=\"og:url\" content=\"https:\/\/femergs.com.br\/wfe\/blog\/femergs-em-sao-jose-do-norte\/\" \/>\n<meta property=\"og:site_name\" content=\"Federa\u00e7\u00e3o dos Municip\u00e1rios do Estado do Rio Grande do Sul\" \/>\n<meta property=\"article:publisher\" content=\"https:\/\/www.facebook.com\/profile.php?id=100057151733001\" \/>\n<meta property=\"article:published_time\" content=\"2020-03-11T15:00:41+00:00\" \/>\n<meta name=\"author\" content=\"adminfemergs\" \/>\n<meta name=\"twitter:card\" content=\"summary_large_image\" \/>\n<meta name=\"twitter:label1\" content=\"Escrito por\" \/>\n\t<meta name=\"twitter:data1\" content=\"adminfemergs\" \/>\n\t<meta name=\"twitter:label2\" content=\"Est. tempo de leitura\" \/>\n\t<meta name=\"twitter:data2\" content=\"1 minuto\" \/>\n<script type=\"application\/ld+json\" class=\"yoast-schema-graph\">{\"@context\":\"https:\/\/schema.org\",\"@graph\":[{\"@type\":\"Article\",\"@id\":\"https:\/\/femergs.com.br\/wfe\/blog\/femergs-em-sao-jose-do-norte\/#article\",\"isPartOf\":{\"@id\":\"https:\/\/femergs.com.br\/wfe\/blog\/femergs-em-sao-jose-do-norte\/\"},\"author\":{\"name\":\"adminfemergs\",\"@id\":\"https:\/\/femergs.com.br\/wfe\/#\/schema\/person\/f5558e6b5ffc044ee085016237dedb7f\"},\"headline\":\"FEMERGS em S\u00e3o Jos\u00e9 do Norte\",\"datePublished\":\"2020-03-11T15:00:41+00:00\",\"mainEntityOfPage\":{\"@id\":\"https:\/\/femergs.com.br\/wfe\/blog\/femergs-em-sao-jose-do-norte\/\"},\"wordCount\":223,\"publisher\":{\"@id\":\"https:\/\/femergs.com.br\/wfe\/#organization\"},\"keywords\":[\"NULL\"],\"articleSection\":[\"ARQUIVADAS\"],\"inLanguage\":\"pt-BR\"},{\"@type\":\"WebPage\",\"@id\":\"https:\/\/femergs.com.br\/wfe\/blog\/femergs-em-sao-jose-do-norte\/\",\"url\":\"https:\/\/femergs.com.br\/wfe\/blog\/femergs-em-sao-jose-do-norte\/\",\"name\":\"FEMERGS em S\u00e3o Jos\u00e9 do Norte - Federa\u00e7\u00e3o dos Municip\u00e1rios do Estado do Rio Grande do Sul\",\"isPartOf\":{\"@id\":\"https:\/\/femergs.com.br\/wfe\/#website\"},\"datePublished\":\"2020-03-11T15:00:41+00:00\",\"breadcrumb\":{\"@id\":\"https:\/\/femergs.com.br\/wfe\/blog\/femergs-em-sao-jose-do-norte\/#breadcrumb\"},\"inLanguage\":\"pt-BR\",\"potentialAction\":[{\"@type\":\"ReadAction\",\"target\":[\"https:\/\/femergs.com.br\/wfe\/blog\/femergs-em-sao-jose-do-norte\/\"]}]},{\"@type\":\"BreadcrumbList\",\"@id\":\"https:\/\/femergs.com.br\/wfe\/blog\/femergs-em-sao-jose-do-norte\/#breadcrumb\",\"itemListElement\":[{\"@type\":\"ListItem\",\"position\":1,\"name\":\"In\u00edcio\",\"item\":\"https:\/\/femergs.com.br\/wfe\/\"},{\"@type\":\"ListItem\",\"position\":2,\"name\":\"FEMERGS em S\u00e3o Jos\u00e9 do Norte\"}]},{\"@type\":\"WebSite\",\"@id\":\"https:\/\/femergs.com.br\/wfe\/#website\",\"url\":\"https:\/\/femergs.com.br\/wfe\/\",\"name\":\"FEMERGS\",\"description\":\"FEDERA\u00c7\u00c3O DOS MUNICIP\u00c1RIOS DO ESTADO DO RIO GRANDE DO SUL\",\"publisher\":{\"@id\":\"https:\/\/femergs.com.br\/wfe\/#organization\"},\"potentialAction\":[{\"@type\":\"SearchAction\",\"target\":{\"@type\":\"EntryPoint\",\"urlTemplate\":\"https:\/\/femergs.com.br\/wfe\/?s={search_term_string}\"},\"query-input\":{\"@type\":\"PropertyValueSpecification\",\"valueRequired\":true,\"valueName\":\"search_term_string\"}}],\"inLanguage\":\"pt-BR\"},{\"@type\":\"Organization\",\"@id\":\"https:\/\/femergs.com.br\/wfe\/#organization\",\"name\":\"FEMERGS\",\"url\":\"https:\/\/femergs.com.br\/wfe\/\",\"logo\":{\"@type\":\"ImageObject\",\"inLanguage\":\"pt-BR\",\"@id\":\"https:\/\/femergs.com.br\/wfe\/#\/schema\/logo\/image\/\",\"url\":\"https:\/\/femergs.com.br\/wfe\/wp-content\/uploads\/2025\/06\/logotipo.png\",\"contentUrl\":\"https:\/\/femergs.com.br\/wfe\/wp-content\/uploads\/2025\/06\/logotipo.png\",\"width\":500,\"height\":500,\"caption\":\"FEMERGS\"},\"image\":{\"@id\":\"https:\/\/femergs.com.br\/wfe\/#\/schema\/logo\/image\/\"},\"sameAs\":[\"https:\/\/www.facebook.com\/profile.php?id=100057151733001\",\"https:\/\/www.instagram.com\/femergs_rs\/\"]},{\"@type\":\"Person\",\"@id\":\"https:\/\/femergs.com.br\/wfe\/#\/schema\/person\/f5558e6b5ffc044ee085016237dedb7f\",\"name\":\"adminfemergs\",\"image\":{\"@type\":\"ImageObject\",\"inLanguage\":\"pt-BR\",\"@id\":\"https:\/\/femergs.com.br\/wfe\/#\/schema\/person\/image\/\",\"url\":\"https:\/\/secure.gravatar.com\/avatar\/398642fa557cdd524617ad9b31c938845f071aeb3448b9c0aeb29aefc495337b?s=96&d=mm&r=g\",\"contentUrl\":\"https:\/\/secure.gravatar.com\/avatar\/398642fa557cdd524617ad9b31c938845f071aeb3448b9c0aeb29aefc495337b?s=96&d=mm&r=g\",\"caption\":\"adminfemergs\"},\"sameAs\":[\"https:\/\/femergs.com.br\/wfe\"],\"url\":\"https:\/\/femergs.com.br\/wfe\/blog\/author\/adminfemergs\/\"}]}<\/script>\n<!-- \/ Yoast SEO plugin. -->","yoast_head_json":{"title":"FEMERGS em S\u00e3o Jos\u00e9 do Norte - Federa\u00e7\u00e3o dos Municip\u00e1rios do Estado do Rio Grande do Sul","robots":{"index":"index","follow":"follow","max-snippet":"max-snippet:-1","max-image-preview":"max-image-preview:large","max-video-preview":"max-video-preview:-1"},"canonical":"https:\/\/femergs.com.br\/wfe\/blog\/femergs-em-sao-jose-do-norte\/","og_locale":"pt_BR","og_type":"article","og_title":"FEMERGS em S\u00e3o Jos\u00e9 do Norte - Federa\u00e7\u00e3o dos Municip\u00e1rios do Estado do Rio Grande do Sul","og_description":"Na segunda-feira, dia 09 de mar\u00e7o de 2020, o Presidente em exerc\u00edcio da FEMERGS Jos\u00e9 Bonif\u00e1cio Almada Martins, esteve representando a FEMERGS em S\u00e3o Jos\u00e9 do Norte, onde acompanhou o Sindicato dos Municip\u00e1rios de S\u00e3o Jos\u00e9 do Norte em importante reuni\u00e3o, no gabinete da Prefeita, com a Administra\u00e7\u00e3o Municipal. O Presidente do SIMNORTE Alexandre Mendes [&hellip;]","og_url":"https:\/\/femergs.com.br\/wfe\/blog\/femergs-em-sao-jose-do-norte\/","og_site_name":"Federa\u00e7\u00e3o dos Municip\u00e1rios do Estado do Rio Grande do Sul","article_publisher":"https:\/\/www.facebook.com\/profile.php?id=100057151733001","article_published_time":"2020-03-11T15:00:41+00:00","author":"adminfemergs","twitter_card":"summary_large_image","twitter_misc":{"Escrito por":"adminfemergs","Est. tempo de leitura":"1 minuto"},"schema":{"@context":"https:\/\/schema.org","@graph":[{"@type":"Article","@id":"https:\/\/femergs.com.br\/wfe\/blog\/femergs-em-sao-jose-do-norte\/#article","isPartOf":{"@id":"https:\/\/femergs.com.br\/wfe\/blog\/femergs-em-sao-jose-do-norte\/"},"author":{"name":"adminfemergs","@id":"https:\/\/femergs.com.br\/wfe\/#\/schema\/person\/f5558e6b5ffc044ee085016237dedb7f"},"headline":"FEMERGS em S\u00e3o Jos\u00e9 do Norte","datePublished":"2020-03-11T15:00:41+00:00","mainEntityOfPage":{"@id":"https:\/\/femergs.com.br\/wfe\/blog\/femergs-em-sao-jose-do-norte\/"},"wordCount":223,"publisher":{"@id":"https:\/\/femergs.com.br\/wfe\/#organization"},"keywords":["NULL"],"articleSection":["ARQUIVADAS"],"inLanguage":"pt-BR"},{"@type":"WebPage","@id":"https:\/\/femergs.com.br\/wfe\/blog\/femergs-em-sao-jose-do-norte\/","url":"https:\/\/femergs.com.br\/wfe\/blog\/femergs-em-sao-jose-do-norte\/","name":"FEMERGS em S\u00e3o Jos\u00e9 do Norte - Federa\u00e7\u00e3o dos Municip\u00e1rios do Estado do Rio Grande do Sul","isPartOf":{"@id":"https:\/\/femergs.com.br\/wfe\/#website"},"datePublished":"2020-03-11T15:00:41+00:00","breadcrumb":{"@id":"https:\/\/femergs.com.br\/wfe\/blog\/femergs-em-sao-jose-do-norte\/#breadcrumb"},"inLanguage":"pt-BR","potentialAction":[{"@type":"ReadAction","target":["https:\/\/femergs.com.br\/wfe\/blog\/femergs-em-sao-jose-do-norte\/"]}]},{"@type":"BreadcrumbList","@id":"https:\/\/femergs.com.br\/wfe\/blog\/femergs-em-sao-jose-do-norte\/#breadcrumb","itemListElement":[{"@type":"ListItem","position":1,"name":"In\u00edcio","item":"https:\/\/femergs.com.br\/wfe\/"},{"@type":"ListItem","position":2,"name":"FEMERGS em S\u00e3o Jos\u00e9 do Norte"}]},{"@type":"WebSite","@id":"https:\/\/femergs.com.br\/wfe\/#website","url":"https:\/\/femergs.com.br\/wfe\/","name":"FEMERGS","description":"FEDERA\u00c7\u00c3O DOS MUNICIP\u00c1RIOS DO ESTADO DO RIO GRANDE DO SUL","publisher":{"@id":"https:\/\/femergs.com.br\/wfe\/#organization"},"potentialAction":[{"@type":"SearchAction","target":{"@type":"EntryPoint","urlTemplate":"https:\/\/femergs.com.br\/wfe\/?s={search_term_string}"},"query-input":{"@type":"PropertyValueSpecification","valueRequired":true,"valueName":"search_term_string"}}],"inLanguage":"pt-BR"},{"@type":"Organization","@id":"https:\/\/femergs.com.br\/wfe\/#organization","name":"FEMERGS","url":"https:\/\/femergs.com.br\/wfe\/","logo":{"@type":"ImageObject","inLanguage":"pt-BR","@id":"https:\/\/femergs.com.br\/wfe\/#\/schema\/logo\/image\/","url":"https:\/\/femergs.com.br\/wfe\/wp-content\/uploads\/2025\/06\/logotipo.png","contentUrl":"https:\/\/femergs.com.br\/wfe\/wp-content\/uploads\/2025\/06\/logotipo.png","width":500,"height":500,"caption":"FEMERGS"},"image":{"@id":"https:\/\/femergs.com.br\/wfe\/#\/schema\/logo\/image\/"},"sameAs":["https:\/\/www.facebook.com\/profile.php?id=100057151733001","https:\/\/www.instagram.com\/femergs_rs\/"]},{"@type":"Person","@id":"https:\/\/femergs.com.br\/wfe\/#\/schema\/person\/f5558e6b5ffc044ee085016237dedb7f","name":"adminfemergs","image":{"@type":"ImageObject","inLanguage":"pt-BR","@id":"https:\/\/femergs.com.br\/wfe\/#\/schema\/person\/image\/","url":"https:\/\/secure.gravatar.com\/avatar\/398642fa557cdd524617ad9b31c938845f071aeb3448b9c0aeb29aefc495337b?s=96&d=mm&r=g","contentUrl":"https:\/\/secure.gravatar.com\/avatar\/398642fa557cdd524617ad9b31c938845f071aeb3448b9c0aeb29aefc495337b?s=96&d=mm&r=g","caption":"adminfemergs"},"sameAs":["https:\/\/femergs.com.br\/wfe"],"url":"https:\/\/femergs.com.br\/wfe\/blog\/author\/adminfemergs\/"}]}},"uagb_featured_image_src":{"full":false,"thumbnail":false,"medium":false,"medium_large":false,"large":false,"1536x1536":false,"2048x2048":false,"ultp_layout_landscape_large":false,"ultp_layout_landscape":false,"ultp_layout_portrait":false,"ultp_layout_square":false},"uagb_author_info":{"display_name":"adminfemergs","author_link":"https:\/\/femergs.com.br\/wfe\/blog\/author\/adminfemergs\/"},"uagb_comment_info":0,"uagb_excerpt":"Na segunda-feira, dia 09 de mar\u00e7o de 2020, o Presidente em exerc\u00edcio da FEMERGS Jos\u00e9 Bonif\u00e1cio Almada Martins, esteve representando a FEMERGS em S\u00e3o Jos\u00e9 do Norte, onde acompanhou o Sindicato dos Municip\u00e1rios de S\u00e3o Jos\u00e9 do Norte em importante reuni\u00e3o, no gabinete da Prefeita, com a Administra\u00e7\u00e3o Municipal. O Presidente do SIMNORTE Alexandre Mendes&hellip;","_links":{"self":[{"href":"https:\/\/femergs.com.br\/wfe\/wp-json\/wp\/v2\/posts\/1217","targetHints":{"allow":["GET"]}}],"collection":[{"href":"https:\/\/femergs.com.br\/wfe\/wp-json\/wp\/v2\/posts"}],"about":[{"href":"https:\/\/femergs.com.br\/wfe\/wp-json\/wp\/v2\/types\/post"}],"author":[{"embeddable":true,"href":"https:\/\/femergs.com.br\/wfe\/wp-json\/wp\/v2\/users\/1"}],"replies":[{"embeddable":true,"href":"https:\/\/femergs.com.br\/wfe\/wp-json\/wp\/v2\/comments?post=1217"}],"version-history":[{"count":0,"href":"https:\/\/femergs.com.br\/wfe\/wp-json\/wp\/v2\/posts\/1217\/revisions"}],"wp:attachment":[{"href":"https:\/\/femergs.com.br\/wfe\/wp-json\/wp\/v2\/media?parent=1217"}],"wp:term":[{"taxonomy":"category","embeddable":true,"href":"https:\/\/femergs.com.br\/wfe\/wp-json\/wp\/v2\/categories?post=1217"},{"taxonomy":"post_tag","embeddable":true,"href":"https:\/\/femergs.com.br\/wfe\/wp-json\/wp\/v2\/tags?post=1217"}],"curies":[{"name":"wp","href":"https:\/\/api.w.org\/{rel}","templated":true}]}}