{"id":1219,"date":"2020-03-15T23:10:49","date_gmt":"2020-03-15T23:10:49","guid":{"rendered":"https:\/\/femergs.com.br\/wfe\/blog\/nota-publica-xii-seminario-de-qualificacao-do-servidor-publico\/"},"modified":"2020-03-15T23:10:49","modified_gmt":"2020-03-15T23:10:49","slug":"nota-publica-xii-seminario-de-qualificacao-do-servidor-publico","status":"publish","type":"post","link":"https:\/\/femergs.com.br\/wfe\/blog\/nota-publica-xii-seminario-de-qualificacao-do-servidor-publico\/","title":{"rendered":"NOTA P\u00daBLICA &#8211; XII SEMIN\u00c1RIO DE QUALIFICA\u00c7\u00c3O DO SERVIDOR P\u00daBLICO"},"content":{"rendered":"<p>A FEMERGS &#8211; FEDERA\u00c7\u00c3O DOS MUNICIP\u00c1RIOS DO RIO GRANDE DO SUL, atrav\u00e9s da Comiss\u00e3o legalmente institu\u00edda para promover o XII SEMIN\u00c1RIO DE QUALIFICA\u00c7\u00c3O DO SERVIDOR P\u00daBLICO, que seria realizado no Pal\u00e1cio da Justi\u00e7a, em Porto Alegre, no dia 27 de mar\u00e7o de 2020, vem a p\u00fablico comunicar que:<\/p>\n<p>1 \u2013   Considerando a Declara\u00e7\u00e3o de emerg\u00eancia em Sa\u00fade P\u00fablica de import\u00e2ncia Internacional pela Organiza\u00e7\u00e3o Mundial de Sa\u00fade em decorr\u00eancia da infec\u00e7\u00e3o pelo COVID_19 (corona v\u00edrus) e sua classifica\u00e7\u00e3o como Pandemia e seguindo determina\u00e7\u00e3o de suspens\u00e3o, a partir desta data, de reuni\u00f5es e eventos coletivos  e visando o bem estar p\u00fablico, em n\u00e3o contribuir com a prolifera\u00e7\u00e3o do COVID_19, informa:<\/p>\n<p>2 &#8211; O XII Semin\u00e1rio de Qualifica\u00e7\u00e3o do Servidor P\u00fablico foi adiado, seguindo orienta\u00e7\u00f5es do Decreto 55.115\/20, Governo do Estado do Rio Grande do Sul.<\/p>\n<p>3 \u2013 A nova data, ainda depende de algumas confirma\u00e7\u00f5es, mas est\u00e1 entre o dia 31 de julho e 11 de setembro, assim que acontecer as confirma\u00e7\u00f5es necess\u00e1rias, estaremos divulgando.<\/p>\n<p>4 \u2013 As inscri\u00e7\u00f5es realizadas at\u00e9 a presente data valer\u00e3o como PR\u00c9 INSCRI\u00c7\u00d5ES para o futuro evento.<\/p>\n<p>Pedimos a compreens\u00e3o de todos neste momento devemos nos unir e proteger a sa\u00fade de todos<\/p>\n<div style=\"text-align: right;\">Santo \u00c2ngelo 15 de mar\u00e7o de 2020<\/div>\n<div style=\"text-align: right;\"> <span style=\"text-align:right\"> Comiss\u00e3o Organizadora<\/span><\/div>\n","protected":false},"excerpt":{"rendered":"<p>A FEMERGS &#8211; FEDERA\u00c7\u00c3O DOS MUNICIP\u00c1RIOS DO RIO GRANDE DO SUL, atrav\u00e9s da Comiss\u00e3o legalmente institu\u00edda para promover o XII SEMIN\u00c1RIO DE QUALIFICA\u00c7\u00c3O DO SERVIDOR P\u00daBLICO, que seria realizado no Pal\u00e1cio da Justi\u00e7a, em Porto Alegre, no dia 27 de mar\u00e7o de 2020, vem a p\u00fablico comunicar que: 1 \u2013 Considerando a Declara\u00e7\u00e3o de emerg\u00eancia [&hellip;]<\/p>\n","protected":false},"author":1,"featured_media":0,"comment_status":"closed","ping_status":"closed","sticky":false,"template":"","format":"standard","meta":{"_eb_attr":"","_uag_custom_page_level_css":"","fifu_image_url":"","fifu_image_alt":"","footnotes":""},"categories":[1],"tags":[32],"class_list":["post-1219","post","type-post","status-publish","format-standard","hentry","category-arquivadas","tag-null"],"yoast_head":"<!-- This site is optimized with the Yoast SEO plugin v27.1.1 - https:\/\/yoast.com\/product\/yoast-seo-wordpress\/ -->\n<title>NOTA P\u00daBLICA - XII SEMIN\u00c1RIO DE QUALIFICA\u00c7\u00c3O DO SERVIDOR P\u00daBLICO - Federa\u00e7\u00e3o dos Municip\u00e1rios do Estado do Rio Grande do Sul<\/title>\n<meta name=\"robots\" content=\"index, follow, max-snippet:-1, max-image-preview:large, max-video-preview:-1\" \/>\n<link rel=\"canonical\" href=\"https:\/\/femergs.com.br\/wfe\/blog\/nota-publica-xii-seminario-de-qualificacao-do-servidor-publico\/\" \/>\n<meta property=\"og:locale\" content=\"pt_BR\" \/>\n<meta property=\"og:type\" content=\"article\" \/>\n<meta property=\"og:title\" content=\"NOTA P\u00daBLICA - XII SEMIN\u00c1RIO DE QUALIFICA\u00c7\u00c3O DO SERVIDOR P\u00daBLICO - Federa\u00e7\u00e3o dos Municip\u00e1rios do Estado do Rio Grande do Sul\" \/>\n<meta property=\"og:description\" content=\"A FEMERGS &#8211; FEDERA\u00c7\u00c3O DOS MUNICIP\u00c1RIOS DO RIO GRANDE DO SUL, atrav\u00e9s da Comiss\u00e3o legalmente institu\u00edda para promover o XII SEMIN\u00c1RIO DE QUALIFICA\u00c7\u00c3O DO SERVIDOR P\u00daBLICO, que seria realizado no Pal\u00e1cio da Justi\u00e7a, em Porto Alegre, no dia 27 de mar\u00e7o de 2020, vem a p\u00fablico comunicar que: 1 \u2013 Considerando a Declara\u00e7\u00e3o de emerg\u00eancia [&hellip;]\" \/>\n<meta property=\"og:url\" content=\"https:\/\/femergs.com.br\/wfe\/blog\/nota-publica-xii-seminario-de-qualificacao-do-servidor-publico\/\" \/>\n<meta property=\"og:site_name\" content=\"Federa\u00e7\u00e3o dos Municip\u00e1rios do Estado do Rio Grande do Sul\" \/>\n<meta property=\"article:publisher\" content=\"https:\/\/www.facebook.com\/profile.php?id=100057151733001\" \/>\n<meta property=\"article:published_time\" content=\"2020-03-15T23:10:49+00:00\" \/>\n<meta name=\"author\" content=\"adminfemergs\" \/>\n<meta name=\"twitter:card\" content=\"summary_large_image\" \/>\n<meta name=\"twitter:label1\" content=\"Escrito por\" \/>\n\t<meta name=\"twitter:data1\" content=\"adminfemergs\" \/>\n\t<meta name=\"twitter:label2\" content=\"Est. tempo de leitura\" \/>\n\t<meta name=\"twitter:data2\" content=\"1 minuto\" \/>\n<script type=\"application\/ld+json\" class=\"yoast-schema-graph\">{\"@context\":\"https:\/\/schema.org\",\"@graph\":[{\"@type\":\"Article\",\"@id\":\"https:\/\/femergs.com.br\/wfe\/blog\/nota-publica-xii-seminario-de-qualificacao-do-servidor-publico\/#article\",\"isPartOf\":{\"@id\":\"https:\/\/femergs.com.br\/wfe\/blog\/nota-publica-xii-seminario-de-qualificacao-do-servidor-publico\/\"},\"author\":{\"name\":\"adminfemergs\",\"@id\":\"https:\/\/femergs.com.br\/wfe\/#\/schema\/person\/f5558e6b5ffc044ee085016237dedb7f\"},\"headline\":\"NOTA P\u00daBLICA &#8211; XII SEMIN\u00c1RIO DE QUALIFICA\u00c7\u00c3O DO SERVIDOR P\u00daBLICO\",\"datePublished\":\"2020-03-15T23:10:49+00:00\",\"mainEntityOfPage\":{\"@id\":\"https:\/\/femergs.com.br\/wfe\/blog\/nota-publica-xii-seminario-de-qualificacao-do-servidor-publico\/\"},\"wordCount\":248,\"publisher\":{\"@id\":\"https:\/\/femergs.com.br\/wfe\/#organization\"},\"keywords\":[\"NULL\"],\"articleSection\":[\"ARQUIVADAS\"],\"inLanguage\":\"pt-BR\"},{\"@type\":\"WebPage\",\"@id\":\"https:\/\/femergs.com.br\/wfe\/blog\/nota-publica-xii-seminario-de-qualificacao-do-servidor-publico\/\",\"url\":\"https:\/\/femergs.com.br\/wfe\/blog\/nota-publica-xii-seminario-de-qualificacao-do-servidor-publico\/\",\"name\":\"NOTA P\u00daBLICA - XII SEMIN\u00c1RIO DE QUALIFICA\u00c7\u00c3O DO SERVIDOR P\u00daBLICO - Federa\u00e7\u00e3o dos Municip\u00e1rios do Estado do Rio Grande do Sul\",\"isPartOf\":{\"@id\":\"https:\/\/femergs.com.br\/wfe\/#website\"},\"datePublished\":\"2020-03-15T23:10:49+00:00\",\"breadcrumb\":{\"@id\":\"https:\/\/femergs.com.br\/wfe\/blog\/nota-publica-xii-seminario-de-qualificacao-do-servidor-publico\/#breadcrumb\"},\"inLanguage\":\"pt-BR\",\"potentialAction\":[{\"@type\":\"ReadAction\",\"target\":[\"https:\/\/femergs.com.br\/wfe\/blog\/nota-publica-xii-seminario-de-qualificacao-do-servidor-publico\/\"]}]},{\"@type\":\"BreadcrumbList\",\"@id\":\"https:\/\/femergs.com.br\/wfe\/blog\/nota-publica-xii-seminario-de-qualificacao-do-servidor-publico\/#breadcrumb\",\"itemListElement\":[{\"@type\":\"ListItem\",\"position\":1,\"name\":\"In\u00edcio\",\"item\":\"https:\/\/femergs.com.br\/wfe\/\"},{\"@type\":\"ListItem\",\"position\":2,\"name\":\"NOTA P\u00daBLICA &#8211; XII SEMIN\u00c1RIO DE QUALIFICA\u00c7\u00c3O DO SERVIDOR P\u00daBLICO\"}]},{\"@type\":\"WebSite\",\"@id\":\"https:\/\/femergs.com.br\/wfe\/#website\",\"url\":\"https:\/\/femergs.com.br\/wfe\/\",\"name\":\"FEMERGS\",\"description\":\"FEDERA\u00c7\u00c3O DOS MUNICIP\u00c1RIOS DO ESTADO DO RIO GRANDE DO SUL\",\"publisher\":{\"@id\":\"https:\/\/femergs.com.br\/wfe\/#organization\"},\"potentialAction\":[{\"@type\":\"SearchAction\",\"target\":{\"@type\":\"EntryPoint\",\"urlTemplate\":\"https:\/\/femergs.com.br\/wfe\/?s={search_term_string}\"},\"query-input\":{\"@type\":\"PropertyValueSpecification\",\"valueRequired\":true,\"valueName\":\"search_term_string\"}}],\"inLanguage\":\"pt-BR\"},{\"@type\":\"Organization\",\"@id\":\"https:\/\/femergs.com.br\/wfe\/#organization\",\"name\":\"FEMERGS\",\"url\":\"https:\/\/femergs.com.br\/wfe\/\",\"logo\":{\"@type\":\"ImageObject\",\"inLanguage\":\"pt-BR\",\"@id\":\"https:\/\/femergs.com.br\/wfe\/#\/schema\/logo\/image\/\",\"url\":\"https:\/\/femergs.com.br\/wfe\/wp-content\/uploads\/2025\/06\/logotipo.png\",\"contentUrl\":\"https:\/\/femergs.com.br\/wfe\/wp-content\/uploads\/2025\/06\/logotipo.png\",\"width\":500,\"height\":500,\"caption\":\"FEMERGS\"},\"image\":{\"@id\":\"https:\/\/femergs.com.br\/wfe\/#\/schema\/logo\/image\/\"},\"sameAs\":[\"https:\/\/www.facebook.com\/profile.php?id=100057151733001\",\"https:\/\/www.instagram.com\/femergs_rs\/\"]},{\"@type\":\"Person\",\"@id\":\"https:\/\/femergs.com.br\/wfe\/#\/schema\/person\/f5558e6b5ffc044ee085016237dedb7f\",\"name\":\"adminfemergs\",\"image\":{\"@type\":\"ImageObject\",\"inLanguage\":\"pt-BR\",\"@id\":\"https:\/\/femergs.com.br\/wfe\/#\/schema\/person\/image\/\",\"url\":\"https:\/\/secure.gravatar.com\/avatar\/398642fa557cdd524617ad9b31c938845f071aeb3448b9c0aeb29aefc495337b?s=96&d=mm&r=g\",\"contentUrl\":\"https:\/\/secure.gravatar.com\/avatar\/398642fa557cdd524617ad9b31c938845f071aeb3448b9c0aeb29aefc495337b?s=96&d=mm&r=g\",\"caption\":\"adminfemergs\"},\"sameAs\":[\"https:\/\/femergs.com.br\/wfe\"],\"url\":\"https:\/\/femergs.com.br\/wfe\/blog\/author\/adminfemergs\/\"}]}<\/script>\n<!-- \/ Yoast SEO plugin. -->","yoast_head_json":{"title":"NOTA P\u00daBLICA - XII SEMIN\u00c1RIO DE QUALIFICA\u00c7\u00c3O DO SERVIDOR P\u00daBLICO - Federa\u00e7\u00e3o dos Municip\u00e1rios do Estado do Rio Grande do Sul","robots":{"index":"index","follow":"follow","max-snippet":"max-snippet:-1","max-image-preview":"max-image-preview:large","max-video-preview":"max-video-preview:-1"},"canonical":"https:\/\/femergs.com.br\/wfe\/blog\/nota-publica-xii-seminario-de-qualificacao-do-servidor-publico\/","og_locale":"pt_BR","og_type":"article","og_title":"NOTA P\u00daBLICA - XII SEMIN\u00c1RIO DE QUALIFICA\u00c7\u00c3O DO SERVIDOR P\u00daBLICO - Federa\u00e7\u00e3o dos Municip\u00e1rios do Estado do Rio Grande do Sul","og_description":"A FEMERGS &#8211; FEDERA\u00c7\u00c3O DOS MUNICIP\u00c1RIOS DO RIO GRANDE DO SUL, atrav\u00e9s da Comiss\u00e3o legalmente institu\u00edda para promover o XII SEMIN\u00c1RIO DE QUALIFICA\u00c7\u00c3O DO SERVIDOR P\u00daBLICO, que seria realizado no Pal\u00e1cio da Justi\u00e7a, em Porto Alegre, no dia 27 de mar\u00e7o de 2020, vem a p\u00fablico comunicar que: 1 \u2013 Considerando a Declara\u00e7\u00e3o de emerg\u00eancia [&hellip;]","og_url":"https:\/\/femergs.com.br\/wfe\/blog\/nota-publica-xii-seminario-de-qualificacao-do-servidor-publico\/","og_site_name":"Federa\u00e7\u00e3o dos Municip\u00e1rios do Estado do Rio Grande do Sul","article_publisher":"https:\/\/www.facebook.com\/profile.php?id=100057151733001","article_published_time":"2020-03-15T23:10:49+00:00","author":"adminfemergs","twitter_card":"summary_large_image","twitter_misc":{"Escrito por":"adminfemergs","Est. tempo de leitura":"1 minuto"},"schema":{"@context":"https:\/\/schema.org","@graph":[{"@type":"Article","@id":"https:\/\/femergs.com.br\/wfe\/blog\/nota-publica-xii-seminario-de-qualificacao-do-servidor-publico\/#article","isPartOf":{"@id":"https:\/\/femergs.com.br\/wfe\/blog\/nota-publica-xii-seminario-de-qualificacao-do-servidor-publico\/"},"author":{"name":"adminfemergs","@id":"https:\/\/femergs.com.br\/wfe\/#\/schema\/person\/f5558e6b5ffc044ee085016237dedb7f"},"headline":"NOTA P\u00daBLICA &#8211; XII SEMIN\u00c1RIO DE QUALIFICA\u00c7\u00c3O DO SERVIDOR P\u00daBLICO","datePublished":"2020-03-15T23:10:49+00:00","mainEntityOfPage":{"@id":"https:\/\/femergs.com.br\/wfe\/blog\/nota-publica-xii-seminario-de-qualificacao-do-servidor-publico\/"},"wordCount":248,"publisher":{"@id":"https:\/\/femergs.com.br\/wfe\/#organization"},"keywords":["NULL"],"articleSection":["ARQUIVADAS"],"inLanguage":"pt-BR"},{"@type":"WebPage","@id":"https:\/\/femergs.com.br\/wfe\/blog\/nota-publica-xii-seminario-de-qualificacao-do-servidor-publico\/","url":"https:\/\/femergs.com.br\/wfe\/blog\/nota-publica-xii-seminario-de-qualificacao-do-servidor-publico\/","name":"NOTA P\u00daBLICA - XII SEMIN\u00c1RIO DE QUALIFICA\u00c7\u00c3O DO SERVIDOR P\u00daBLICO - Federa\u00e7\u00e3o dos Municip\u00e1rios do Estado do Rio Grande do Sul","isPartOf":{"@id":"https:\/\/femergs.com.br\/wfe\/#website"},"datePublished":"2020-03-15T23:10:49+00:00","breadcrumb":{"@id":"https:\/\/femergs.com.br\/wfe\/blog\/nota-publica-xii-seminario-de-qualificacao-do-servidor-publico\/#breadcrumb"},"inLanguage":"pt-BR","potentialAction":[{"@type":"ReadAction","target":["https:\/\/femergs.com.br\/wfe\/blog\/nota-publica-xii-seminario-de-qualificacao-do-servidor-publico\/"]}]},{"@type":"BreadcrumbList","@id":"https:\/\/femergs.com.br\/wfe\/blog\/nota-publica-xii-seminario-de-qualificacao-do-servidor-publico\/#breadcrumb","itemListElement":[{"@type":"ListItem","position":1,"name":"In\u00edcio","item":"https:\/\/femergs.com.br\/wfe\/"},{"@type":"ListItem","position":2,"name":"NOTA P\u00daBLICA &#8211; XII SEMIN\u00c1RIO DE QUALIFICA\u00c7\u00c3O DO SERVIDOR P\u00daBLICO"}]},{"@type":"WebSite","@id":"https:\/\/femergs.com.br\/wfe\/#website","url":"https:\/\/femergs.com.br\/wfe\/","name":"FEMERGS","description":"FEDERA\u00c7\u00c3O DOS MUNICIP\u00c1RIOS DO ESTADO DO RIO GRANDE DO SUL","publisher":{"@id":"https:\/\/femergs.com.br\/wfe\/#organization"},"potentialAction":[{"@type":"SearchAction","target":{"@type":"EntryPoint","urlTemplate":"https:\/\/femergs.com.br\/wfe\/?s={search_term_string}"},"query-input":{"@type":"PropertyValueSpecification","valueRequired":true,"valueName":"search_term_string"}}],"inLanguage":"pt-BR"},{"@type":"Organization","@id":"https:\/\/femergs.com.br\/wfe\/#organization","name":"FEMERGS","url":"https:\/\/femergs.com.br\/wfe\/","logo":{"@type":"ImageObject","inLanguage":"pt-BR","@id":"https:\/\/femergs.com.br\/wfe\/#\/schema\/logo\/image\/","url":"https:\/\/femergs.com.br\/wfe\/wp-content\/uploads\/2025\/06\/logotipo.png","contentUrl":"https:\/\/femergs.com.br\/wfe\/wp-content\/uploads\/2025\/06\/logotipo.png","width":500,"height":500,"caption":"FEMERGS"},"image":{"@id":"https:\/\/femergs.com.br\/wfe\/#\/schema\/logo\/image\/"},"sameAs":["https:\/\/www.facebook.com\/profile.php?id=100057151733001","https:\/\/www.instagram.com\/femergs_rs\/"]},{"@type":"Person","@id":"https:\/\/femergs.com.br\/wfe\/#\/schema\/person\/f5558e6b5ffc044ee085016237dedb7f","name":"adminfemergs","image":{"@type":"ImageObject","inLanguage":"pt-BR","@id":"https:\/\/femergs.com.br\/wfe\/#\/schema\/person\/image\/","url":"https:\/\/secure.gravatar.com\/avatar\/398642fa557cdd524617ad9b31c938845f071aeb3448b9c0aeb29aefc495337b?s=96&d=mm&r=g","contentUrl":"https:\/\/secure.gravatar.com\/avatar\/398642fa557cdd524617ad9b31c938845f071aeb3448b9c0aeb29aefc495337b?s=96&d=mm&r=g","caption":"adminfemergs"},"sameAs":["https:\/\/femergs.com.br\/wfe"],"url":"https:\/\/femergs.com.br\/wfe\/blog\/author\/adminfemergs\/"}]}},"uagb_featured_image_src":{"full":false,"thumbnail":false,"medium":false,"medium_large":false,"large":false,"1536x1536":false,"2048x2048":false,"ultp_layout_landscape_large":false,"ultp_layout_landscape":false,"ultp_layout_portrait":false,"ultp_layout_square":false},"uagb_author_info":{"display_name":"adminfemergs","author_link":"https:\/\/femergs.com.br\/wfe\/blog\/author\/adminfemergs\/"},"uagb_comment_info":0,"uagb_excerpt":"A FEMERGS &#8211; FEDERA\u00c7\u00c3O DOS MUNICIP\u00c1RIOS DO RIO GRANDE DO SUL, atrav\u00e9s da Comiss\u00e3o legalmente institu\u00edda para promover o XII SEMIN\u00c1RIO DE QUALIFICA\u00c7\u00c3O DO SERVIDOR P\u00daBLICO, que seria realizado no Pal\u00e1cio da Justi\u00e7a, em Porto Alegre, no dia 27 de mar\u00e7o de 2020, vem a p\u00fablico comunicar que: 1 \u2013 Considerando a Declara\u00e7\u00e3o de emerg\u00eancia&hellip;","_links":{"self":[{"href":"https:\/\/femergs.com.br\/wfe\/wp-json\/wp\/v2\/posts\/1219","targetHints":{"allow":["GET"]}}],"collection":[{"href":"https:\/\/femergs.com.br\/wfe\/wp-json\/wp\/v2\/posts"}],"about":[{"href":"https:\/\/femergs.com.br\/wfe\/wp-json\/wp\/v2\/types\/post"}],"author":[{"embeddable":true,"href":"https:\/\/femergs.com.br\/wfe\/wp-json\/wp\/v2\/users\/1"}],"replies":[{"embeddable":true,"href":"https:\/\/femergs.com.br\/wfe\/wp-json\/wp\/v2\/comments?post=1219"}],"version-history":[{"count":0,"href":"https:\/\/femergs.com.br\/wfe\/wp-json\/wp\/v2\/posts\/1219\/revisions"}],"wp:attachment":[{"href":"https:\/\/femergs.com.br\/wfe\/wp-json\/wp\/v2\/media?parent=1219"}],"wp:term":[{"taxonomy":"category","embeddable":true,"href":"https:\/\/femergs.com.br\/wfe\/wp-json\/wp\/v2\/categories?post=1219"},{"taxonomy":"post_tag","embeddable":true,"href":"https:\/\/femergs.com.br\/wfe\/wp-json\/wp\/v2\/tags?post=1219"}],"curies":[{"name":"wp","href":"https:\/\/api.w.org\/{rel}","templated":true}]}}