{"id":1221,"date":"2020-03-17T17:06:33","date_gmt":"2020-03-17T17:06:33","guid":{"rendered":"https:\/\/femergs.com.br\/wfe\/blog\/coronavirus-tambem-e-nossa-responsabilidade\/"},"modified":"2020-03-17T17:06:33","modified_gmt":"2020-03-17T17:06:33","slug":"coronavirus-tambem-e-nossa-responsabilidade","status":"publish","type":"post","link":"https:\/\/femergs.com.br\/wfe\/blog\/coronavirus-tambem-e-nossa-responsabilidade\/","title":{"rendered":"CORONAV\u00cdRUS TAMB\u00c9M \u00c9 NOSSA RESPONSABILIDADE"},"content":{"rendered":"<p>CORONAV\u00cdRUS TAMB\u00c9M \u00c9 NOSSA RESPONSABILIDADE<\/p>\n<p>Como dirigentes sindicais temos responsabilidade frente a todos os eventos pol\u00edticos socais que ocorrem em nossas bases. Afinal sindicalista, tem determinadas posi\u00e7\u00f5es e ideologias mais humanas do que financeiras, pelo menos deveria ser esta a regra. Outra regra de um sindicalista, \u00e9 sempre buscar informa\u00e7\u00f5es nos meios confi\u00e1veis para n\u00e3o transmitirmos aos outros inverdades.<\/p>\n<p>E frente ao CORONAV\u00cdRUS, qual a responsabilidade como representantes sindicais? Maior do que qualquer outra, pois al\u00e9m de nos proteger, proteger nossos familiares, temos sob nossa prote\u00e7\u00e3o a sa\u00fade e seguran\u00e7a de todos os trabalhadores de nossa base. Afinal este \u00e9 nosso papel. N\u00e3o cabe aqui a frase \u201ceu avisei\u201d, mas cabe a necessidade de uma reflex\u00e3o, quando alert\u00e1vamos sobre o CAOS que seria a sa\u00fade ap\u00f3s a Emenda Constitucional que limitou os gastos, e CONGELOU por vinte anos os or\u00e7amentos destinados ao investimento em sa\u00fade, a gente alertava deste risco sem prever que ocorreria uma PANDEMIA nestas propor\u00e7\u00f5es.<\/p>\n<p>N\u00e3o citarei aqui nenhuma das orienta\u00e7\u00f5es que est\u00e3o dispon\u00edveis nos sites da OMS &#8211; Organiza\u00e7\u00e3o Mundial de Sa\u00fade, nos notici\u00e1rios, nos sites de imprensa internacional, de governos da Am\u00e9rica Latina, onde tenho buscado informa\u00e7\u00f5es, pois infelizmente o mundo esta vendo o Brasil nas m\u00e3os de um Presidente que deve estar acometido de alguma doen\u00e7a ps\u00edquica, pois s\u00f3 isto justifica as negativas e piadas que ele faz desta PANDEMIA, e isto tudo, nos faz pensar que nossa situa\u00e7\u00e3o ser\u00e1 muito mais grave que nos outros pa\u00edses. VERBAS INEXISTENTES, SA\u00daDE SUCATEADA, e penso que se algum dos fan\u00e1ticos que estiveram em Bras\u00edlia no domingo, desenvolver a doen\u00e7a, ainda poderemos enfrentar uma situa\u00e7\u00e3o de viol\u00eancia e descontroles internos, pois s\u00e3o defensores de que tudo se resolve no tiro e estupidez. N\u00e3o perdoaram o \u201cMito\u201d por ter exposto seus seguidores, como ele fez no domingo.<\/p>\n<p>Fora isto tudo, uma reflex\u00e3o deve ser feita: QUANDO A EUROPA FECHOU SUAS FRONTEIRAS, COMO FEZ NESTE MOMENTO? ALGU\u00c9M LEMBRA DE ISTO TER OCORRIDO, ALGUEM J\u00c1 FEZ O C\u00c1LCULO DE QUANTOS MILH\u00d5ES DE EUROS SER\u00c3O PERDIDOS SOMENTE EM TURISMO? Acho isso fundamental que paremos de minimizar o que temos pela frente, precisamos parar de chamar a Europa de primeiro mundo s\u00f3 quando nos conv\u00e9m. ALGUEM J\u00c1 HAVIA VISTO A DISNEY FECHAR? Ent\u00e3o vamos agir como seres humanos solid\u00e1rios nesta situa\u00e7\u00e3o, exercer mais o verbo amar o pr\u00f3ximo, do que o criticar o pr\u00f3ximo. Precisamos nos manter informados, orientados, e dispostos a auxiliar neste momento. Vamos tentar ao m\u00e1ximo proteger os Servidores P\u00fablicos Municipais, principalmente os da sa\u00fade que ser\u00e3o linha de frente e muitos n\u00e3o tem nem material adequado.<\/p>\n<p>E mais do que nunca: NINGU\u00c9M LARGA A M\u00c3O DE NINGU\u00c9M.<\/p>\n<p> Pensem que hoje temos a internet, vamos nos dispor a conversar com quem est\u00e1 em isolamento, a mandar mensagem de carinho, pois muitos estar\u00e3o a s\u00f3s nestes momentos, sempre podemos ajudar.<\/p>\n<p>Que possamos sair disto tudo com muito mais amor e solidariedade no cora\u00e7\u00e3o. Qualquer coisa que precisarem, e que possamos ajudar, a FEMERGS \u00e9 uma fam\u00edlia, e fam\u00edlia se cuida nestas horas.<\/p>\n","protected":false},"excerpt":{"rendered":"<p>CORONAV\u00cdRUS TAMB\u00c9M \u00c9 NOSSA RESPONSABILIDADE Como dirigentes sindicais temos responsabilidade frente a todos os eventos pol\u00edticos socais que ocorrem em nossas bases. Afinal sindicalista, tem determinadas posi\u00e7\u00f5es e ideologias mais humanas do que financeiras, pelo menos deveria ser esta a regra. Outra regra de um sindicalista, \u00e9 sempre buscar informa\u00e7\u00f5es nos meios confi\u00e1veis para n\u00e3o [&hellip;]<\/p>\n","protected":false},"author":1,"featured_media":0,"comment_status":"closed","ping_status":"closed","sticky":false,"template":"","format":"standard","meta":{"_eb_attr":"","_uag_custom_page_level_css":"","fifu_image_url":"","fifu_image_alt":"","footnotes":""},"categories":[1],"tags":[32],"class_list":["post-1221","post","type-post","status-publish","format-standard","hentry","category-arquivadas","tag-null"],"yoast_head":"<!-- This site is optimized with the Yoast SEO plugin v27.1.1 - https:\/\/yoast.com\/product\/yoast-seo-wordpress\/ -->\n<title>CORONAV\u00cdRUS TAMB\u00c9M \u00c9 NOSSA RESPONSABILIDADE - Federa\u00e7\u00e3o dos Municip\u00e1rios do Estado do Rio Grande do Sul<\/title>\n<meta name=\"robots\" content=\"index, follow, max-snippet:-1, max-image-preview:large, max-video-preview:-1\" \/>\n<link rel=\"canonical\" href=\"https:\/\/femergs.com.br\/wfe\/blog\/coronavirus-tambem-e-nossa-responsabilidade\/\" \/>\n<meta property=\"og:locale\" content=\"pt_BR\" \/>\n<meta property=\"og:type\" content=\"article\" \/>\n<meta property=\"og:title\" content=\"CORONAV\u00cdRUS TAMB\u00c9M \u00c9 NOSSA RESPONSABILIDADE - Federa\u00e7\u00e3o dos Municip\u00e1rios do Estado do Rio Grande do Sul\" \/>\n<meta property=\"og:description\" content=\"CORONAV\u00cdRUS TAMB\u00c9M \u00c9 NOSSA RESPONSABILIDADE Como dirigentes sindicais temos responsabilidade frente a todos os eventos pol\u00edticos socais que ocorrem em nossas bases. Afinal sindicalista, tem determinadas posi\u00e7\u00f5es e ideologias mais humanas do que financeiras, pelo menos deveria ser esta a regra. Outra regra de um sindicalista, \u00e9 sempre buscar informa\u00e7\u00f5es nos meios confi\u00e1veis para n\u00e3o [&hellip;]\" \/>\n<meta property=\"og:url\" content=\"https:\/\/femergs.com.br\/wfe\/blog\/coronavirus-tambem-e-nossa-responsabilidade\/\" \/>\n<meta property=\"og:site_name\" content=\"Federa\u00e7\u00e3o dos Municip\u00e1rios do Estado do Rio Grande do Sul\" \/>\n<meta property=\"article:publisher\" content=\"https:\/\/www.facebook.com\/profile.php?id=100057151733001\" \/>\n<meta property=\"article:published_time\" content=\"2020-03-17T17:06:33+00:00\" \/>\n<meta name=\"author\" content=\"adminfemergs\" \/>\n<meta name=\"twitter:card\" content=\"summary_large_image\" \/>\n<meta name=\"twitter:label1\" content=\"Escrito por\" \/>\n\t<meta name=\"twitter:data1\" content=\"adminfemergs\" \/>\n\t<meta name=\"twitter:label2\" content=\"Est. tempo de leitura\" \/>\n\t<meta name=\"twitter:data2\" content=\"3 minutos\" \/>\n<script type=\"application\/ld+json\" class=\"yoast-schema-graph\">{\"@context\":\"https:\/\/schema.org\",\"@graph\":[{\"@type\":\"Article\",\"@id\":\"https:\/\/femergs.com.br\/wfe\/blog\/coronavirus-tambem-e-nossa-responsabilidade\/#article\",\"isPartOf\":{\"@id\":\"https:\/\/femergs.com.br\/wfe\/blog\/coronavirus-tambem-e-nossa-responsabilidade\/\"},\"author\":{\"name\":\"adminfemergs\",\"@id\":\"https:\/\/femergs.com.br\/wfe\/#\/schema\/person\/f5558e6b5ffc044ee085016237dedb7f\"},\"headline\":\"CORONAV\u00cdRUS TAMB\u00c9M \u00c9 NOSSA RESPONSABILIDADE\",\"datePublished\":\"2020-03-17T17:06:33+00:00\",\"mainEntityOfPage\":{\"@id\":\"https:\/\/femergs.com.br\/wfe\/blog\/coronavirus-tambem-e-nossa-responsabilidade\/\"},\"wordCount\":570,\"publisher\":{\"@id\":\"https:\/\/femergs.com.br\/wfe\/#organization\"},\"keywords\":[\"NULL\"],\"articleSection\":[\"ARQUIVADAS\"],\"inLanguage\":\"pt-BR\"},{\"@type\":\"WebPage\",\"@id\":\"https:\/\/femergs.com.br\/wfe\/blog\/coronavirus-tambem-e-nossa-responsabilidade\/\",\"url\":\"https:\/\/femergs.com.br\/wfe\/blog\/coronavirus-tambem-e-nossa-responsabilidade\/\",\"name\":\"CORONAV\u00cdRUS TAMB\u00c9M \u00c9 NOSSA RESPONSABILIDADE - Federa\u00e7\u00e3o dos Municip\u00e1rios do Estado do Rio Grande do Sul\",\"isPartOf\":{\"@id\":\"https:\/\/femergs.com.br\/wfe\/#website\"},\"datePublished\":\"2020-03-17T17:06:33+00:00\",\"breadcrumb\":{\"@id\":\"https:\/\/femergs.com.br\/wfe\/blog\/coronavirus-tambem-e-nossa-responsabilidade\/#breadcrumb\"},\"inLanguage\":\"pt-BR\",\"potentialAction\":[{\"@type\":\"ReadAction\",\"target\":[\"https:\/\/femergs.com.br\/wfe\/blog\/coronavirus-tambem-e-nossa-responsabilidade\/\"]}]},{\"@type\":\"BreadcrumbList\",\"@id\":\"https:\/\/femergs.com.br\/wfe\/blog\/coronavirus-tambem-e-nossa-responsabilidade\/#breadcrumb\",\"itemListElement\":[{\"@type\":\"ListItem\",\"position\":1,\"name\":\"In\u00edcio\",\"item\":\"https:\/\/femergs.com.br\/wfe\/\"},{\"@type\":\"ListItem\",\"position\":2,\"name\":\"CORONAV\u00cdRUS TAMB\u00c9M \u00c9 NOSSA RESPONSABILIDADE\"}]},{\"@type\":\"WebSite\",\"@id\":\"https:\/\/femergs.com.br\/wfe\/#website\",\"url\":\"https:\/\/femergs.com.br\/wfe\/\",\"name\":\"FEMERGS\",\"description\":\"FEDERA\u00c7\u00c3O DOS MUNICIP\u00c1RIOS DO ESTADO DO RIO GRANDE DO SUL\",\"publisher\":{\"@id\":\"https:\/\/femergs.com.br\/wfe\/#organization\"},\"potentialAction\":[{\"@type\":\"SearchAction\",\"target\":{\"@type\":\"EntryPoint\",\"urlTemplate\":\"https:\/\/femergs.com.br\/wfe\/?s={search_term_string}\"},\"query-input\":{\"@type\":\"PropertyValueSpecification\",\"valueRequired\":true,\"valueName\":\"search_term_string\"}}],\"inLanguage\":\"pt-BR\"},{\"@type\":\"Organization\",\"@id\":\"https:\/\/femergs.com.br\/wfe\/#organization\",\"name\":\"FEMERGS\",\"url\":\"https:\/\/femergs.com.br\/wfe\/\",\"logo\":{\"@type\":\"ImageObject\",\"inLanguage\":\"pt-BR\",\"@id\":\"https:\/\/femergs.com.br\/wfe\/#\/schema\/logo\/image\/\",\"url\":\"https:\/\/femergs.com.br\/wfe\/wp-content\/uploads\/2025\/06\/logotipo.png\",\"contentUrl\":\"https:\/\/femergs.com.br\/wfe\/wp-content\/uploads\/2025\/06\/logotipo.png\",\"width\":500,\"height\":500,\"caption\":\"FEMERGS\"},\"image\":{\"@id\":\"https:\/\/femergs.com.br\/wfe\/#\/schema\/logo\/image\/\"},\"sameAs\":[\"https:\/\/www.facebook.com\/profile.php?id=100057151733001\",\"https:\/\/www.instagram.com\/femergs_rs\/\"]},{\"@type\":\"Person\",\"@id\":\"https:\/\/femergs.com.br\/wfe\/#\/schema\/person\/f5558e6b5ffc044ee085016237dedb7f\",\"name\":\"adminfemergs\",\"image\":{\"@type\":\"ImageObject\",\"inLanguage\":\"pt-BR\",\"@id\":\"https:\/\/femergs.com.br\/wfe\/#\/schema\/person\/image\/\",\"url\":\"https:\/\/secure.gravatar.com\/avatar\/398642fa557cdd524617ad9b31c938845f071aeb3448b9c0aeb29aefc495337b?s=96&d=mm&r=g\",\"contentUrl\":\"https:\/\/secure.gravatar.com\/avatar\/398642fa557cdd524617ad9b31c938845f071aeb3448b9c0aeb29aefc495337b?s=96&d=mm&r=g\",\"caption\":\"adminfemergs\"},\"sameAs\":[\"https:\/\/femergs.com.br\/wfe\"],\"url\":\"https:\/\/femergs.com.br\/wfe\/blog\/author\/adminfemergs\/\"}]}<\/script>\n<!-- \/ Yoast SEO plugin. -->","yoast_head_json":{"title":"CORONAV\u00cdRUS TAMB\u00c9M \u00c9 NOSSA RESPONSABILIDADE - Federa\u00e7\u00e3o dos Municip\u00e1rios do Estado do Rio Grande do Sul","robots":{"index":"index","follow":"follow","max-snippet":"max-snippet:-1","max-image-preview":"max-image-preview:large","max-video-preview":"max-video-preview:-1"},"canonical":"https:\/\/femergs.com.br\/wfe\/blog\/coronavirus-tambem-e-nossa-responsabilidade\/","og_locale":"pt_BR","og_type":"article","og_title":"CORONAV\u00cdRUS TAMB\u00c9M \u00c9 NOSSA RESPONSABILIDADE - Federa\u00e7\u00e3o dos Municip\u00e1rios do Estado do Rio Grande do Sul","og_description":"CORONAV\u00cdRUS TAMB\u00c9M \u00c9 NOSSA RESPONSABILIDADE Como dirigentes sindicais temos responsabilidade frente a todos os eventos pol\u00edticos socais que ocorrem em nossas bases. Afinal sindicalista, tem determinadas posi\u00e7\u00f5es e ideologias mais humanas do que financeiras, pelo menos deveria ser esta a regra. Outra regra de um sindicalista, \u00e9 sempre buscar informa\u00e7\u00f5es nos meios confi\u00e1veis para n\u00e3o [&hellip;]","og_url":"https:\/\/femergs.com.br\/wfe\/blog\/coronavirus-tambem-e-nossa-responsabilidade\/","og_site_name":"Federa\u00e7\u00e3o dos Municip\u00e1rios do Estado do Rio Grande do Sul","article_publisher":"https:\/\/www.facebook.com\/profile.php?id=100057151733001","article_published_time":"2020-03-17T17:06:33+00:00","author":"adminfemergs","twitter_card":"summary_large_image","twitter_misc":{"Escrito por":"adminfemergs","Est. tempo de leitura":"3 minutos"},"schema":{"@context":"https:\/\/schema.org","@graph":[{"@type":"Article","@id":"https:\/\/femergs.com.br\/wfe\/blog\/coronavirus-tambem-e-nossa-responsabilidade\/#article","isPartOf":{"@id":"https:\/\/femergs.com.br\/wfe\/blog\/coronavirus-tambem-e-nossa-responsabilidade\/"},"author":{"name":"adminfemergs","@id":"https:\/\/femergs.com.br\/wfe\/#\/schema\/person\/f5558e6b5ffc044ee085016237dedb7f"},"headline":"CORONAV\u00cdRUS TAMB\u00c9M \u00c9 NOSSA RESPONSABILIDADE","datePublished":"2020-03-17T17:06:33+00:00","mainEntityOfPage":{"@id":"https:\/\/femergs.com.br\/wfe\/blog\/coronavirus-tambem-e-nossa-responsabilidade\/"},"wordCount":570,"publisher":{"@id":"https:\/\/femergs.com.br\/wfe\/#organization"},"keywords":["NULL"],"articleSection":["ARQUIVADAS"],"inLanguage":"pt-BR"},{"@type":"WebPage","@id":"https:\/\/femergs.com.br\/wfe\/blog\/coronavirus-tambem-e-nossa-responsabilidade\/","url":"https:\/\/femergs.com.br\/wfe\/blog\/coronavirus-tambem-e-nossa-responsabilidade\/","name":"CORONAV\u00cdRUS TAMB\u00c9M \u00c9 NOSSA RESPONSABILIDADE - Federa\u00e7\u00e3o dos Municip\u00e1rios do Estado do Rio Grande do Sul","isPartOf":{"@id":"https:\/\/femergs.com.br\/wfe\/#website"},"datePublished":"2020-03-17T17:06:33+00:00","breadcrumb":{"@id":"https:\/\/femergs.com.br\/wfe\/blog\/coronavirus-tambem-e-nossa-responsabilidade\/#breadcrumb"},"inLanguage":"pt-BR","potentialAction":[{"@type":"ReadAction","target":["https:\/\/femergs.com.br\/wfe\/blog\/coronavirus-tambem-e-nossa-responsabilidade\/"]}]},{"@type":"BreadcrumbList","@id":"https:\/\/femergs.com.br\/wfe\/blog\/coronavirus-tambem-e-nossa-responsabilidade\/#breadcrumb","itemListElement":[{"@type":"ListItem","position":1,"name":"In\u00edcio","item":"https:\/\/femergs.com.br\/wfe\/"},{"@type":"ListItem","position":2,"name":"CORONAV\u00cdRUS TAMB\u00c9M \u00c9 NOSSA RESPONSABILIDADE"}]},{"@type":"WebSite","@id":"https:\/\/femergs.com.br\/wfe\/#website","url":"https:\/\/femergs.com.br\/wfe\/","name":"FEMERGS","description":"FEDERA\u00c7\u00c3O DOS MUNICIP\u00c1RIOS DO ESTADO DO RIO GRANDE DO SUL","publisher":{"@id":"https:\/\/femergs.com.br\/wfe\/#organization"},"potentialAction":[{"@type":"SearchAction","target":{"@type":"EntryPoint","urlTemplate":"https:\/\/femergs.com.br\/wfe\/?s={search_term_string}"},"query-input":{"@type":"PropertyValueSpecification","valueRequired":true,"valueName":"search_term_string"}}],"inLanguage":"pt-BR"},{"@type":"Organization","@id":"https:\/\/femergs.com.br\/wfe\/#organization","name":"FEMERGS","url":"https:\/\/femergs.com.br\/wfe\/","logo":{"@type":"ImageObject","inLanguage":"pt-BR","@id":"https:\/\/femergs.com.br\/wfe\/#\/schema\/logo\/image\/","url":"https:\/\/femergs.com.br\/wfe\/wp-content\/uploads\/2025\/06\/logotipo.png","contentUrl":"https:\/\/femergs.com.br\/wfe\/wp-content\/uploads\/2025\/06\/logotipo.png","width":500,"height":500,"caption":"FEMERGS"},"image":{"@id":"https:\/\/femergs.com.br\/wfe\/#\/schema\/logo\/image\/"},"sameAs":["https:\/\/www.facebook.com\/profile.php?id=100057151733001","https:\/\/www.instagram.com\/femergs_rs\/"]},{"@type":"Person","@id":"https:\/\/femergs.com.br\/wfe\/#\/schema\/person\/f5558e6b5ffc044ee085016237dedb7f","name":"adminfemergs","image":{"@type":"ImageObject","inLanguage":"pt-BR","@id":"https:\/\/femergs.com.br\/wfe\/#\/schema\/person\/image\/","url":"https:\/\/secure.gravatar.com\/avatar\/398642fa557cdd524617ad9b31c938845f071aeb3448b9c0aeb29aefc495337b?s=96&d=mm&r=g","contentUrl":"https:\/\/secure.gravatar.com\/avatar\/398642fa557cdd524617ad9b31c938845f071aeb3448b9c0aeb29aefc495337b?s=96&d=mm&r=g","caption":"adminfemergs"},"sameAs":["https:\/\/femergs.com.br\/wfe"],"url":"https:\/\/femergs.com.br\/wfe\/blog\/author\/adminfemergs\/"}]}},"uagb_featured_image_src":{"full":false,"thumbnail":false,"medium":false,"medium_large":false,"large":false,"1536x1536":false,"2048x2048":false,"ultp_layout_landscape_large":false,"ultp_layout_landscape":false,"ultp_layout_portrait":false,"ultp_layout_square":false},"uagb_author_info":{"display_name":"adminfemergs","author_link":"https:\/\/femergs.com.br\/wfe\/blog\/author\/adminfemergs\/"},"uagb_comment_info":0,"uagb_excerpt":"CORONAV\u00cdRUS TAMB\u00c9M \u00c9 NOSSA RESPONSABILIDADE Como dirigentes sindicais temos responsabilidade frente a todos os eventos pol\u00edticos socais que ocorrem em nossas bases. Afinal sindicalista, tem determinadas posi\u00e7\u00f5es e ideologias mais humanas do que financeiras, pelo menos deveria ser esta a regra. Outra regra de um sindicalista, \u00e9 sempre buscar informa\u00e7\u00f5es nos meios confi\u00e1veis para n\u00e3o&hellip;","_links":{"self":[{"href":"https:\/\/femergs.com.br\/wfe\/wp-json\/wp\/v2\/posts\/1221","targetHints":{"allow":["GET"]}}],"collection":[{"href":"https:\/\/femergs.com.br\/wfe\/wp-json\/wp\/v2\/posts"}],"about":[{"href":"https:\/\/femergs.com.br\/wfe\/wp-json\/wp\/v2\/types\/post"}],"author":[{"embeddable":true,"href":"https:\/\/femergs.com.br\/wfe\/wp-json\/wp\/v2\/users\/1"}],"replies":[{"embeddable":true,"href":"https:\/\/femergs.com.br\/wfe\/wp-json\/wp\/v2\/comments?post=1221"}],"version-history":[{"count":0,"href":"https:\/\/femergs.com.br\/wfe\/wp-json\/wp\/v2\/posts\/1221\/revisions"}],"wp:attachment":[{"href":"https:\/\/femergs.com.br\/wfe\/wp-json\/wp\/v2\/media?parent=1221"}],"wp:term":[{"taxonomy":"category","embeddable":true,"href":"https:\/\/femergs.com.br\/wfe\/wp-json\/wp\/v2\/categories?post=1221"},{"taxonomy":"post_tag","embeddable":true,"href":"https:\/\/femergs.com.br\/wfe\/wp-json\/wp\/v2\/tags?post=1221"}],"curies":[{"name":"wp","href":"https:\/\/api.w.org\/{rel}","templated":true}]}}