{"id":1222,"date":"2020-03-25T20:37:08","date_gmt":"2020-03-25T20:37:08","guid":{"rendered":"https:\/\/femergs.com.br\/wfe\/blog\/um-pouquinho-de-reflexao-frente-a-crise\/"},"modified":"2020-03-25T20:37:08","modified_gmt":"2020-03-25T20:37:08","slug":"um-pouquinho-de-reflexao-frente-a-crise","status":"publish","type":"post","link":"https:\/\/femergs.com.br\/wfe\/blog\/um-pouquinho-de-reflexao-frente-a-crise\/","title":{"rendered":"Um pouquinho de reflex\u00e3o frente a Crise!"},"content":{"rendered":"<p>\nEspero que estejam todos bem, e que estejam cumprindo o isolamento social dentro da sua possibilidade.<\/p>\n<p>\u00e3o poderia como lideran\u00e7a sindical deixar de comentar hoje sobre a sandices que o presidente do Brasil disse hoje. N\u00e3o \u00e9 preciso ter doutorado em economia, para saber que passaremos por dias dif\u00edceis, mas vou colocar aqui minhas opini\u00f5es para que N\u00d3S POSSAMOS PENSAR POR N\u00d3S MESMOS,  afinal n\u00e3o \u00e9 a primeira grande crise que a humanidade passa. Na hist\u00f3ria moderna j\u00e1 passamos por crises grav\u00edssimas, talvez nunca t\u00e3o grave como est\u00e1, visto que estamos vendo atitudes nunca antes vistas, como fechamento das fronteiras da Europa, adiamento da Olimp\u00edada, entre outros&#8230;<\/p>\n<p>Mas vamos aos t\u00f3picos:<\/p>\n<p>1_ No p\u00f3s guerra a recupera\u00e7\u00e3o da economia foi muito mais dif\u00edcil, pois al\u00e9m de vidas perde-se grande parte das estruturas industriais, comerciais, tur\u00edsticas e mesmo de moradia. TUDO precisou ser reconstru\u00eddo.<\/p>\n<p>2_ Na PANDEMIA os recursos f\u00edsicos est\u00e3o Todos PRESERVADOS, ou seja n\u00e3o ser\u00e1 preciso reconstru\u00ed-los. Ent\u00e3o para a economia voltar a girar s\u00f3 ser\u00e1 preciso M\u00c3O DE OBRA HUMANA, ou seja o velho e bom Trabalhador, que na verdade \u00e9 o \u00danico respons\u00e1vel pela roda da economia. Ent\u00e3o PRESERVAR A VIDA HUMANA neste momento \u00e9 a \u00fanica forma de nos recuperarmos depois.<\/p>\n<p>3_ Os grandes empres\u00e1rios, estes que s\u00e3o vistos na m\u00eddia dizendo sandices igual ao presidente, NUNCA trabalharam, vivem de grandes empr\u00e9stimos governamentais, licita\u00e7\u00f5es, ajuda de pol\u00edticos, isen\u00e7\u00f5es, perd\u00f5es de dividas e sonega\u00e7\u00e3o. N\u00c3O \u00c9 NELES QUE DEVEMOS PENSAR.<\/p>\n<p>4_ Quando sairmos da crise, n\u00f3s vamos sim n\u00f3s reerguer, espero que com mais solidariedade no cora\u00e7\u00e3o, e que ao inv\u00e9s de sairmos como LOUCOS CONSUMISTAS, hipnotizados pelos marketings de quem vive da EXPLORAC\u00c3O, da gan\u00e2ncia, do capitalismo vamos comprar nos pequenos com\u00e9rcios, artes\u00e3s, nas feiras, e ir reerguendo estes, reerguer a economia de forma mais solid\u00e1ria e mais humana.<\/p>\n<p>5_ NUNCA se viu de forma mais clara e verdadeira que o mais importante para o capital \u00e9 o TRABALHADOR, \u00e9 t\u00e3o importante que QUEREM agora nos tirar a VIDA para garantir o lucro, sim ou algu\u00e9m acredita que com o que acumulou de lucro em anos o veio da HAVAN vai falir em tr\u00eas meses? <\/p>\n<p>6_ N\u00c3O VAMOS LARGAR A M\u00c3O DE NINGU\u00c9M, talvez o planeta com este v\u00edrus queira justamente isto mostrar a todos n\u00f3s, os 90% dos que s\u00e3o trabalhadores, e vivem do que produzem d\u00eaem um BASTA aos 10% dos milion\u00e1rios que vivem com o lucro do que produzimos.<\/p>\n<p>VAMOS PENSAR??????<\/p>\n","protected":false},"excerpt":{"rendered":"<p>Espero que estejam todos bem, e que estejam cumprindo o isolamento social dentro da sua possibilidade. \u00e3o poderia como lideran\u00e7a sindical deixar de comentar hoje sobre a sandices que o presidente do Brasil disse hoje. N\u00e3o \u00e9 preciso ter doutorado em economia, para saber que passaremos por dias dif\u00edceis, mas vou colocar aqui minhas opini\u00f5es [&hellip;]<\/p>\n","protected":false},"author":1,"featured_media":0,"comment_status":"closed","ping_status":"closed","sticky":false,"template":"","format":"standard","meta":{"_eb_attr":"","_uag_custom_page_level_css":"","fifu_image_url":"","fifu_image_alt":"","footnotes":""},"categories":[1],"tags":[32],"class_list":["post-1222","post","type-post","status-publish","format-standard","hentry","category-arquivadas","tag-null"],"yoast_head":"<!-- This site is optimized with the Yoast SEO plugin v27.1.1 - https:\/\/yoast.com\/product\/yoast-seo-wordpress\/ -->\n<title>Um pouquinho de reflex\u00e3o frente a Crise! - Federa\u00e7\u00e3o dos Municip\u00e1rios do Estado do Rio Grande do Sul<\/title>\n<meta name=\"robots\" content=\"index, follow, max-snippet:-1, max-image-preview:large, max-video-preview:-1\" \/>\n<link rel=\"canonical\" href=\"https:\/\/femergs.com.br\/wfe\/blog\/um-pouquinho-de-reflexao-frente-a-crise\/\" \/>\n<meta property=\"og:locale\" content=\"pt_BR\" \/>\n<meta property=\"og:type\" content=\"article\" \/>\n<meta property=\"og:title\" content=\"Um pouquinho de reflex\u00e3o frente a Crise! - Federa\u00e7\u00e3o dos Municip\u00e1rios do Estado do Rio Grande do Sul\" \/>\n<meta property=\"og:description\" content=\"Espero que estejam todos bem, e que estejam cumprindo o isolamento social dentro da sua possibilidade. \u00e3o poderia como lideran\u00e7a sindical deixar de comentar hoje sobre a sandices que o presidente do Brasil disse hoje. N\u00e3o \u00e9 preciso ter doutorado em economia, para saber que passaremos por dias dif\u00edceis, mas vou colocar aqui minhas opini\u00f5es [&hellip;]\" \/>\n<meta property=\"og:url\" content=\"https:\/\/femergs.com.br\/wfe\/blog\/um-pouquinho-de-reflexao-frente-a-crise\/\" \/>\n<meta property=\"og:site_name\" content=\"Federa\u00e7\u00e3o dos Municip\u00e1rios do Estado do Rio Grande do Sul\" \/>\n<meta property=\"article:publisher\" content=\"https:\/\/www.facebook.com\/profile.php?id=100057151733001\" \/>\n<meta property=\"article:published_time\" content=\"2020-03-25T20:37:08+00:00\" \/>\n<meta name=\"author\" content=\"adminfemergs\" \/>\n<meta name=\"twitter:card\" content=\"summary_large_image\" \/>\n<meta name=\"twitter:label1\" content=\"Escrito por\" \/>\n\t<meta name=\"twitter:data1\" content=\"adminfemergs\" \/>\n\t<meta name=\"twitter:label2\" content=\"Est. tempo de leitura\" \/>\n\t<meta name=\"twitter:data2\" content=\"2 minutos\" \/>\n<script type=\"application\/ld+json\" class=\"yoast-schema-graph\">{\"@context\":\"https:\/\/schema.org\",\"@graph\":[{\"@type\":\"Article\",\"@id\":\"https:\/\/femergs.com.br\/wfe\/blog\/um-pouquinho-de-reflexao-frente-a-crise\/#article\",\"isPartOf\":{\"@id\":\"https:\/\/femergs.com.br\/wfe\/blog\/um-pouquinho-de-reflexao-frente-a-crise\/\"},\"author\":{\"name\":\"adminfemergs\",\"@id\":\"https:\/\/femergs.com.br\/wfe\/#\/schema\/person\/f5558e6b5ffc044ee085016237dedb7f\"},\"headline\":\"Um pouquinho de reflex\u00e3o frente a Crise!\",\"datePublished\":\"2020-03-25T20:37:08+00:00\",\"mainEntityOfPage\":{\"@id\":\"https:\/\/femergs.com.br\/wfe\/blog\/um-pouquinho-de-reflexao-frente-a-crise\/\"},\"wordCount\":457,\"publisher\":{\"@id\":\"https:\/\/femergs.com.br\/wfe\/#organization\"},\"keywords\":[\"NULL\"],\"articleSection\":[\"ARQUIVADAS\"],\"inLanguage\":\"pt-BR\"},{\"@type\":\"WebPage\",\"@id\":\"https:\/\/femergs.com.br\/wfe\/blog\/um-pouquinho-de-reflexao-frente-a-crise\/\",\"url\":\"https:\/\/femergs.com.br\/wfe\/blog\/um-pouquinho-de-reflexao-frente-a-crise\/\",\"name\":\"Um pouquinho de reflex\u00e3o frente a Crise! - Federa\u00e7\u00e3o dos Municip\u00e1rios do Estado do Rio Grande do Sul\",\"isPartOf\":{\"@id\":\"https:\/\/femergs.com.br\/wfe\/#website\"},\"datePublished\":\"2020-03-25T20:37:08+00:00\",\"breadcrumb\":{\"@id\":\"https:\/\/femergs.com.br\/wfe\/blog\/um-pouquinho-de-reflexao-frente-a-crise\/#breadcrumb\"},\"inLanguage\":\"pt-BR\",\"potentialAction\":[{\"@type\":\"ReadAction\",\"target\":[\"https:\/\/femergs.com.br\/wfe\/blog\/um-pouquinho-de-reflexao-frente-a-crise\/\"]}]},{\"@type\":\"BreadcrumbList\",\"@id\":\"https:\/\/femergs.com.br\/wfe\/blog\/um-pouquinho-de-reflexao-frente-a-crise\/#breadcrumb\",\"itemListElement\":[{\"@type\":\"ListItem\",\"position\":1,\"name\":\"In\u00edcio\",\"item\":\"https:\/\/femergs.com.br\/wfe\/\"},{\"@type\":\"ListItem\",\"position\":2,\"name\":\"Um pouquinho de reflex\u00e3o frente a Crise!\"}]},{\"@type\":\"WebSite\",\"@id\":\"https:\/\/femergs.com.br\/wfe\/#website\",\"url\":\"https:\/\/femergs.com.br\/wfe\/\",\"name\":\"FEMERGS\",\"description\":\"FEDERA\u00c7\u00c3O DOS MUNICIP\u00c1RIOS DO ESTADO DO RIO GRANDE DO SUL\",\"publisher\":{\"@id\":\"https:\/\/femergs.com.br\/wfe\/#organization\"},\"potentialAction\":[{\"@type\":\"SearchAction\",\"target\":{\"@type\":\"EntryPoint\",\"urlTemplate\":\"https:\/\/femergs.com.br\/wfe\/?s={search_term_string}\"},\"query-input\":{\"@type\":\"PropertyValueSpecification\",\"valueRequired\":true,\"valueName\":\"search_term_string\"}}],\"inLanguage\":\"pt-BR\"},{\"@type\":\"Organization\",\"@id\":\"https:\/\/femergs.com.br\/wfe\/#organization\",\"name\":\"FEMERGS\",\"url\":\"https:\/\/femergs.com.br\/wfe\/\",\"logo\":{\"@type\":\"ImageObject\",\"inLanguage\":\"pt-BR\",\"@id\":\"https:\/\/femergs.com.br\/wfe\/#\/schema\/logo\/image\/\",\"url\":\"https:\/\/femergs.com.br\/wfe\/wp-content\/uploads\/2025\/06\/logotipo.png\",\"contentUrl\":\"https:\/\/femergs.com.br\/wfe\/wp-content\/uploads\/2025\/06\/logotipo.png\",\"width\":500,\"height\":500,\"caption\":\"FEMERGS\"},\"image\":{\"@id\":\"https:\/\/femergs.com.br\/wfe\/#\/schema\/logo\/image\/\"},\"sameAs\":[\"https:\/\/www.facebook.com\/profile.php?id=100057151733001\",\"https:\/\/www.instagram.com\/femergs_rs\/\"]},{\"@type\":\"Person\",\"@id\":\"https:\/\/femergs.com.br\/wfe\/#\/schema\/person\/f5558e6b5ffc044ee085016237dedb7f\",\"name\":\"adminfemergs\",\"image\":{\"@type\":\"ImageObject\",\"inLanguage\":\"pt-BR\",\"@id\":\"https:\/\/femergs.com.br\/wfe\/#\/schema\/person\/image\/\",\"url\":\"https:\/\/secure.gravatar.com\/avatar\/398642fa557cdd524617ad9b31c938845f071aeb3448b9c0aeb29aefc495337b?s=96&d=mm&r=g\",\"contentUrl\":\"https:\/\/secure.gravatar.com\/avatar\/398642fa557cdd524617ad9b31c938845f071aeb3448b9c0aeb29aefc495337b?s=96&d=mm&r=g\",\"caption\":\"adminfemergs\"},\"sameAs\":[\"https:\/\/femergs.com.br\/wfe\"],\"url\":\"https:\/\/femergs.com.br\/wfe\/blog\/author\/adminfemergs\/\"}]}<\/script>\n<!-- \/ Yoast SEO plugin. -->","yoast_head_json":{"title":"Um pouquinho de reflex\u00e3o frente a Crise! - Federa\u00e7\u00e3o dos Municip\u00e1rios do Estado do Rio Grande do Sul","robots":{"index":"index","follow":"follow","max-snippet":"max-snippet:-1","max-image-preview":"max-image-preview:large","max-video-preview":"max-video-preview:-1"},"canonical":"https:\/\/femergs.com.br\/wfe\/blog\/um-pouquinho-de-reflexao-frente-a-crise\/","og_locale":"pt_BR","og_type":"article","og_title":"Um pouquinho de reflex\u00e3o frente a Crise! - Federa\u00e7\u00e3o dos Municip\u00e1rios do Estado do Rio Grande do Sul","og_description":"Espero que estejam todos bem, e que estejam cumprindo o isolamento social dentro da sua possibilidade. \u00e3o poderia como lideran\u00e7a sindical deixar de comentar hoje sobre a sandices que o presidente do Brasil disse hoje. N\u00e3o \u00e9 preciso ter doutorado em economia, para saber que passaremos por dias dif\u00edceis, mas vou colocar aqui minhas opini\u00f5es [&hellip;]","og_url":"https:\/\/femergs.com.br\/wfe\/blog\/um-pouquinho-de-reflexao-frente-a-crise\/","og_site_name":"Federa\u00e7\u00e3o dos Municip\u00e1rios do Estado do Rio Grande do Sul","article_publisher":"https:\/\/www.facebook.com\/profile.php?id=100057151733001","article_published_time":"2020-03-25T20:37:08+00:00","author":"adminfemergs","twitter_card":"summary_large_image","twitter_misc":{"Escrito por":"adminfemergs","Est. tempo de leitura":"2 minutos"},"schema":{"@context":"https:\/\/schema.org","@graph":[{"@type":"Article","@id":"https:\/\/femergs.com.br\/wfe\/blog\/um-pouquinho-de-reflexao-frente-a-crise\/#article","isPartOf":{"@id":"https:\/\/femergs.com.br\/wfe\/blog\/um-pouquinho-de-reflexao-frente-a-crise\/"},"author":{"name":"adminfemergs","@id":"https:\/\/femergs.com.br\/wfe\/#\/schema\/person\/f5558e6b5ffc044ee085016237dedb7f"},"headline":"Um pouquinho de reflex\u00e3o frente a Crise!","datePublished":"2020-03-25T20:37:08+00:00","mainEntityOfPage":{"@id":"https:\/\/femergs.com.br\/wfe\/blog\/um-pouquinho-de-reflexao-frente-a-crise\/"},"wordCount":457,"publisher":{"@id":"https:\/\/femergs.com.br\/wfe\/#organization"},"keywords":["NULL"],"articleSection":["ARQUIVADAS"],"inLanguage":"pt-BR"},{"@type":"WebPage","@id":"https:\/\/femergs.com.br\/wfe\/blog\/um-pouquinho-de-reflexao-frente-a-crise\/","url":"https:\/\/femergs.com.br\/wfe\/blog\/um-pouquinho-de-reflexao-frente-a-crise\/","name":"Um pouquinho de reflex\u00e3o frente a Crise! - Federa\u00e7\u00e3o dos Municip\u00e1rios do Estado do Rio Grande do Sul","isPartOf":{"@id":"https:\/\/femergs.com.br\/wfe\/#website"},"datePublished":"2020-03-25T20:37:08+00:00","breadcrumb":{"@id":"https:\/\/femergs.com.br\/wfe\/blog\/um-pouquinho-de-reflexao-frente-a-crise\/#breadcrumb"},"inLanguage":"pt-BR","potentialAction":[{"@type":"ReadAction","target":["https:\/\/femergs.com.br\/wfe\/blog\/um-pouquinho-de-reflexao-frente-a-crise\/"]}]},{"@type":"BreadcrumbList","@id":"https:\/\/femergs.com.br\/wfe\/blog\/um-pouquinho-de-reflexao-frente-a-crise\/#breadcrumb","itemListElement":[{"@type":"ListItem","position":1,"name":"In\u00edcio","item":"https:\/\/femergs.com.br\/wfe\/"},{"@type":"ListItem","position":2,"name":"Um pouquinho de reflex\u00e3o frente a Crise!"}]},{"@type":"WebSite","@id":"https:\/\/femergs.com.br\/wfe\/#website","url":"https:\/\/femergs.com.br\/wfe\/","name":"FEMERGS","description":"FEDERA\u00c7\u00c3O DOS MUNICIP\u00c1RIOS DO ESTADO DO RIO GRANDE DO SUL","publisher":{"@id":"https:\/\/femergs.com.br\/wfe\/#organization"},"potentialAction":[{"@type":"SearchAction","target":{"@type":"EntryPoint","urlTemplate":"https:\/\/femergs.com.br\/wfe\/?s={search_term_string}"},"query-input":{"@type":"PropertyValueSpecification","valueRequired":true,"valueName":"search_term_string"}}],"inLanguage":"pt-BR"},{"@type":"Organization","@id":"https:\/\/femergs.com.br\/wfe\/#organization","name":"FEMERGS","url":"https:\/\/femergs.com.br\/wfe\/","logo":{"@type":"ImageObject","inLanguage":"pt-BR","@id":"https:\/\/femergs.com.br\/wfe\/#\/schema\/logo\/image\/","url":"https:\/\/femergs.com.br\/wfe\/wp-content\/uploads\/2025\/06\/logotipo.png","contentUrl":"https:\/\/femergs.com.br\/wfe\/wp-content\/uploads\/2025\/06\/logotipo.png","width":500,"height":500,"caption":"FEMERGS"},"image":{"@id":"https:\/\/femergs.com.br\/wfe\/#\/schema\/logo\/image\/"},"sameAs":["https:\/\/www.facebook.com\/profile.php?id=100057151733001","https:\/\/www.instagram.com\/femergs_rs\/"]},{"@type":"Person","@id":"https:\/\/femergs.com.br\/wfe\/#\/schema\/person\/f5558e6b5ffc044ee085016237dedb7f","name":"adminfemergs","image":{"@type":"ImageObject","inLanguage":"pt-BR","@id":"https:\/\/femergs.com.br\/wfe\/#\/schema\/person\/image\/","url":"https:\/\/secure.gravatar.com\/avatar\/398642fa557cdd524617ad9b31c938845f071aeb3448b9c0aeb29aefc495337b?s=96&d=mm&r=g","contentUrl":"https:\/\/secure.gravatar.com\/avatar\/398642fa557cdd524617ad9b31c938845f071aeb3448b9c0aeb29aefc495337b?s=96&d=mm&r=g","caption":"adminfemergs"},"sameAs":["https:\/\/femergs.com.br\/wfe"],"url":"https:\/\/femergs.com.br\/wfe\/blog\/author\/adminfemergs\/"}]}},"uagb_featured_image_src":{"full":false,"thumbnail":false,"medium":false,"medium_large":false,"large":false,"1536x1536":false,"2048x2048":false,"ultp_layout_landscape_large":false,"ultp_layout_landscape":false,"ultp_layout_portrait":false,"ultp_layout_square":false},"uagb_author_info":{"display_name":"adminfemergs","author_link":"https:\/\/femergs.com.br\/wfe\/blog\/author\/adminfemergs\/"},"uagb_comment_info":0,"uagb_excerpt":"Espero que estejam todos bem, e que estejam cumprindo o isolamento social dentro da sua possibilidade. \u00e3o poderia como lideran\u00e7a sindical deixar de comentar hoje sobre a sandices que o presidente do Brasil disse hoje. N\u00e3o \u00e9 preciso ter doutorado em economia, para saber que passaremos por dias dif\u00edceis, mas vou colocar aqui minhas opini\u00f5es&hellip;","_links":{"self":[{"href":"https:\/\/femergs.com.br\/wfe\/wp-json\/wp\/v2\/posts\/1222","targetHints":{"allow":["GET"]}}],"collection":[{"href":"https:\/\/femergs.com.br\/wfe\/wp-json\/wp\/v2\/posts"}],"about":[{"href":"https:\/\/femergs.com.br\/wfe\/wp-json\/wp\/v2\/types\/post"}],"author":[{"embeddable":true,"href":"https:\/\/femergs.com.br\/wfe\/wp-json\/wp\/v2\/users\/1"}],"replies":[{"embeddable":true,"href":"https:\/\/femergs.com.br\/wfe\/wp-json\/wp\/v2\/comments?post=1222"}],"version-history":[{"count":0,"href":"https:\/\/femergs.com.br\/wfe\/wp-json\/wp\/v2\/posts\/1222\/revisions"}],"wp:attachment":[{"href":"https:\/\/femergs.com.br\/wfe\/wp-json\/wp\/v2\/media?parent=1222"}],"wp:term":[{"taxonomy":"category","embeddable":true,"href":"https:\/\/femergs.com.br\/wfe\/wp-json\/wp\/v2\/categories?post=1222"},{"taxonomy":"post_tag","embeddable":true,"href":"https:\/\/femergs.com.br\/wfe\/wp-json\/wp\/v2\/tags?post=1222"}],"curies":[{"name":"wp","href":"https:\/\/api.w.org\/{rel}","templated":true}]}}