{"id":1224,"date":"2020-03-26T17:09:38","date_gmt":"2020-03-26T17:09:38","guid":{"rendered":"https:\/\/femergs.com.br\/wfe\/blog\/a-vida-do-ser-humano-e-o-que-mais-importa\/"},"modified":"2020-03-26T17:09:38","modified_gmt":"2020-03-26T17:09:38","slug":"a-vida-do-ser-humano-e-o-que-mais-importa","status":"publish","type":"post","link":"https:\/\/femergs.com.br\/wfe\/blog\/a-vida-do-ser-humano-e-o-que-mais-importa\/","title":{"rendered":"A VIDA DO SER HUMANO \u00c9 O QUE MAIS IMPORTA."},"content":{"rendered":"<p>Para quem j\u00e1 leu a publica\u00e7\u00e3o do jornalista Daniel Castro, disponibilizadas na pagina da FEMERGS, bem como no facebook , Federa\u00e7\u00e3o dos Municiparios do Rio Grande do Sul, vamos ver o que este texto tem a ver com nosso cotidiano de sindicalistas.<\/p>\n<p>A evolu\u00e7\u00e3o social \u00e9 algo esperado na hist\u00f3ria da ra\u00e7a humana, n\u00e3o ficamos parados no tempo, ent\u00e3o \u00e9 importante atualizarmos nossos conceitos, percep\u00e7\u00f5es dentro do espa\u00e7o tempo em que est\u00e3o. N\u00e3o tem mais cabimento, esta est\u00fapida concep\u00e7\u00e3o de comunismo e liberalismo que vem desde a guerra fria. Isto s\u00f3 existe ainda na cabe\u00e7a de quem n\u00e3o evoluiu.<\/p>\n<p>Este assunto d\u00f3i nos ouvidos de quem procura pensar, e refletir sobre o que esta acontecendo no mundo. Um momento de pandemia mundial, grave, uma das situa\u00e7\u00f5es mais preocupantes da idade moderna, e existem aqueles que s\u00f3 sabem destilar \u00f3dio, quantos casos de orientais agredidos nos \u00faltimos dias. Quem em s\u00e3 consci\u00eancia \u00e9 a favor desta viol\u00eancia gratuita? Para nos tornar seres humanos melhores, um principio fundamental eu acredito que seja a imparcialidade de julgamento. Fora situa\u00e7\u00f5es criminais j\u00e1 perpetuadas como crimes pass\u00edveis de condena\u00e7\u00e3o, que direito n\u00f3s temos de sair por a\u00ed julgando e condenando, ideologias, religi\u00f5es, nenhum, claro que desde que ESTA IDEOLOGIA, ESTA RELIGI\u00c3O, n\u00e3o esteja cometendo CRIME. E n\u00f3s \u00faltimos dias, infelizmente estamos vendo isso, fan\u00e1ticos religiosos jogando para Deus o peso da vingan\u00e7a, enquanto milh\u00f5es creem em um Deus benevolente, ONDE est\u00e1 o crime nisto? Simples, estamos desejando a morte por COVID 19 a outros seres humanos pela simples necessidade de sermos cru\u00e9is, sim cru\u00e9is, pois n\u00e3o sou eu que vou julgar o que fizeram no carnaval, se cabe a algu\u00e9m este julgamento, dentro do livre arbitro, certamente n\u00e3o ser\u00e1 a mim, ou a voc\u00ea.<\/p>\n<p>Mas crime maior, \u00e9 cometido quando algum governante passa a ver a vida humana como algo menos importante do que o Capital. J\u00e1 falamos sobre isso, o mundo passou por situa\u00e7\u00f5es onde o capital foi mais amea\u00e7ado do que agora, por isolamento. Pa\u00edses foram reconstru\u00eddos depois de totalmente destru\u00eddos por maremotos, terremotos, guerras, e qual \u00e9 o pa\u00eds onde mais CAPITALISTAS vemos nas redes sociais, defendendo que trabalhador TEM QUE MORRER para garantir a ECONOMIA? Adivinhem, o BRASIL, que nunca passou por uma destrui\u00e7\u00e3o destas citadas a cima. Chamar de covarde quem defende o isolamento? Preocupante n\u00e9? Poder\u00edamos n\u00f3s chamar de covarde quem tem medo de reconstruir nossa economia quando o COVID 19 passar.<\/p>\n<p>E o que isto tem a ver com o texto? Tudo, pois as ideologias sempre colocaram o trabalhador como objeto ou de lucro, ou sendo defendido por ideologias que acreditam que o trabalhador tamb\u00e9m seja um ser de direito, afinal, \u00e9 ele que produz a riqueza ou algu\u00e9m acredita que o Justus, o dono da Havan, v\u00e3o colocar os filhos na rua para n\u00e3o prejudicar a economia? Ent\u00e3o tem algo de muito errado quando vemos os trabalhadores defendendo o patr\u00e3o ao de como em TODOS os outros pa\u00edses onde os trabalhadores est\u00e3o exigindo que o GOVERNO, crie mecanismos para garantir a ECONOMIA. Quem se surpreendeu ontem com a fala do Ministro Toffoli, dizendo que eles N\u00c3O V\u00c3O DIMINUIR O SAL\u00c1RIO, o sal\u00e1rio de um Ministro do STF poderia garantir trezentas fam\u00edlias carentes por mais de um m\u00eas de isolamento. Vamos usar este isolamento, para refletir, para nos atualizar nos novos conceitos econ\u00f4micos mundiais. Na nova perspectiva no futuro p\u00f3s COVID 19. Sim pois como em toda grande guerra, nada mais ser\u00e1 igual, cabe a n\u00f3s decidir se vai ser pior ou melhor a nova era que vem a\u00ed&#8230;&#8230;<\/p>\n","protected":false},"excerpt":{"rendered":"<p>Para quem j\u00e1 leu a publica\u00e7\u00e3o do jornalista Daniel Castro, disponibilizadas na pagina da FEMERGS, bem como no facebook , Federa\u00e7\u00e3o dos Municiparios do Rio Grande do Sul, vamos ver o que este texto tem a ver com nosso cotidiano de sindicalistas. A evolu\u00e7\u00e3o social \u00e9 algo esperado na hist\u00f3ria da ra\u00e7a humana, n\u00e3o ficamos [&hellip;]<\/p>\n","protected":false},"author":1,"featured_media":0,"comment_status":"closed","ping_status":"closed","sticky":false,"template":"","format":"standard","meta":{"_eb_attr":"","_uag_custom_page_level_css":"","fifu_image_url":"","fifu_image_alt":"","footnotes":""},"categories":[1],"tags":[32],"class_list":["post-1224","post","type-post","status-publish","format-standard","hentry","category-arquivadas","tag-null"],"yoast_head":"<!-- This site is optimized with the Yoast SEO plugin v27.1.1 - https:\/\/yoast.com\/product\/yoast-seo-wordpress\/ -->\n<title>A VIDA DO SER HUMANO \u00c9 O QUE MAIS IMPORTA. - Federa\u00e7\u00e3o dos Municip\u00e1rios do Estado do Rio Grande do Sul<\/title>\n<meta name=\"robots\" content=\"index, follow, max-snippet:-1, max-image-preview:large, max-video-preview:-1\" \/>\n<link rel=\"canonical\" href=\"https:\/\/femergs.com.br\/wfe\/blog\/a-vida-do-ser-humano-e-o-que-mais-importa\/\" \/>\n<meta property=\"og:locale\" content=\"pt_BR\" \/>\n<meta property=\"og:type\" content=\"article\" \/>\n<meta property=\"og:title\" content=\"A VIDA DO SER HUMANO \u00c9 O QUE MAIS IMPORTA. - Federa\u00e7\u00e3o dos Municip\u00e1rios do Estado do Rio Grande do Sul\" \/>\n<meta property=\"og:description\" content=\"Para quem j\u00e1 leu a publica\u00e7\u00e3o do jornalista Daniel Castro, disponibilizadas na pagina da FEMERGS, bem como no facebook , Federa\u00e7\u00e3o dos Municiparios do Rio Grande do Sul, vamos ver o que este texto tem a ver com nosso cotidiano de sindicalistas. A evolu\u00e7\u00e3o social \u00e9 algo esperado na hist\u00f3ria da ra\u00e7a humana, n\u00e3o ficamos [&hellip;]\" \/>\n<meta property=\"og:url\" content=\"https:\/\/femergs.com.br\/wfe\/blog\/a-vida-do-ser-humano-e-o-que-mais-importa\/\" \/>\n<meta property=\"og:site_name\" content=\"Federa\u00e7\u00e3o dos Municip\u00e1rios do Estado do Rio Grande do Sul\" \/>\n<meta property=\"article:publisher\" content=\"https:\/\/www.facebook.com\/profile.php?id=100057151733001\" \/>\n<meta property=\"article:published_time\" content=\"2020-03-26T17:09:38+00:00\" \/>\n<meta name=\"author\" content=\"adminfemergs\" \/>\n<meta name=\"twitter:card\" content=\"summary_large_image\" \/>\n<meta name=\"twitter:label1\" content=\"Escrito por\" \/>\n\t<meta name=\"twitter:data1\" content=\"adminfemergs\" \/>\n\t<meta name=\"twitter:label2\" content=\"Est. tempo de leitura\" \/>\n\t<meta name=\"twitter:data2\" content=\"3 minutos\" \/>\n<script type=\"application\/ld+json\" class=\"yoast-schema-graph\">{\"@context\":\"https:\/\/schema.org\",\"@graph\":[{\"@type\":\"Article\",\"@id\":\"https:\/\/femergs.com.br\/wfe\/blog\/a-vida-do-ser-humano-e-o-que-mais-importa\/#article\",\"isPartOf\":{\"@id\":\"https:\/\/femergs.com.br\/wfe\/blog\/a-vida-do-ser-humano-e-o-que-mais-importa\/\"},\"author\":{\"name\":\"adminfemergs\",\"@id\":\"https:\/\/femergs.com.br\/wfe\/#\/schema\/person\/f5558e6b5ffc044ee085016237dedb7f\"},\"headline\":\"A VIDA DO SER HUMANO \u00c9 O QUE MAIS IMPORTA.\",\"datePublished\":\"2020-03-26T17:09:38+00:00\",\"mainEntityOfPage\":{\"@id\":\"https:\/\/femergs.com.br\/wfe\/blog\/a-vida-do-ser-humano-e-o-que-mais-importa\/\"},\"wordCount\":651,\"publisher\":{\"@id\":\"https:\/\/femergs.com.br\/wfe\/#organization\"},\"keywords\":[\"NULL\"],\"articleSection\":[\"ARQUIVADAS\"],\"inLanguage\":\"pt-BR\"},{\"@type\":\"WebPage\",\"@id\":\"https:\/\/femergs.com.br\/wfe\/blog\/a-vida-do-ser-humano-e-o-que-mais-importa\/\",\"url\":\"https:\/\/femergs.com.br\/wfe\/blog\/a-vida-do-ser-humano-e-o-que-mais-importa\/\",\"name\":\"A VIDA DO SER HUMANO \u00c9 O QUE MAIS IMPORTA. - Federa\u00e7\u00e3o dos Municip\u00e1rios do Estado do Rio Grande do Sul\",\"isPartOf\":{\"@id\":\"https:\/\/femergs.com.br\/wfe\/#website\"},\"datePublished\":\"2020-03-26T17:09:38+00:00\",\"breadcrumb\":{\"@id\":\"https:\/\/femergs.com.br\/wfe\/blog\/a-vida-do-ser-humano-e-o-que-mais-importa\/#breadcrumb\"},\"inLanguage\":\"pt-BR\",\"potentialAction\":[{\"@type\":\"ReadAction\",\"target\":[\"https:\/\/femergs.com.br\/wfe\/blog\/a-vida-do-ser-humano-e-o-que-mais-importa\/\"]}]},{\"@type\":\"BreadcrumbList\",\"@id\":\"https:\/\/femergs.com.br\/wfe\/blog\/a-vida-do-ser-humano-e-o-que-mais-importa\/#breadcrumb\",\"itemListElement\":[{\"@type\":\"ListItem\",\"position\":1,\"name\":\"In\u00edcio\",\"item\":\"https:\/\/femergs.com.br\/wfe\/\"},{\"@type\":\"ListItem\",\"position\":2,\"name\":\"A VIDA DO SER HUMANO \u00c9 O QUE MAIS IMPORTA.\"}]},{\"@type\":\"WebSite\",\"@id\":\"https:\/\/femergs.com.br\/wfe\/#website\",\"url\":\"https:\/\/femergs.com.br\/wfe\/\",\"name\":\"FEMERGS\",\"description\":\"FEDERA\u00c7\u00c3O DOS MUNICIP\u00c1RIOS DO ESTADO DO RIO GRANDE DO SUL\",\"publisher\":{\"@id\":\"https:\/\/femergs.com.br\/wfe\/#organization\"},\"potentialAction\":[{\"@type\":\"SearchAction\",\"target\":{\"@type\":\"EntryPoint\",\"urlTemplate\":\"https:\/\/femergs.com.br\/wfe\/?s={search_term_string}\"},\"query-input\":{\"@type\":\"PropertyValueSpecification\",\"valueRequired\":true,\"valueName\":\"search_term_string\"}}],\"inLanguage\":\"pt-BR\"},{\"@type\":\"Organization\",\"@id\":\"https:\/\/femergs.com.br\/wfe\/#organization\",\"name\":\"FEMERGS\",\"url\":\"https:\/\/femergs.com.br\/wfe\/\",\"logo\":{\"@type\":\"ImageObject\",\"inLanguage\":\"pt-BR\",\"@id\":\"https:\/\/femergs.com.br\/wfe\/#\/schema\/logo\/image\/\",\"url\":\"https:\/\/femergs.com.br\/wfe\/wp-content\/uploads\/2025\/06\/logotipo.png\",\"contentUrl\":\"https:\/\/femergs.com.br\/wfe\/wp-content\/uploads\/2025\/06\/logotipo.png\",\"width\":500,\"height\":500,\"caption\":\"FEMERGS\"},\"image\":{\"@id\":\"https:\/\/femergs.com.br\/wfe\/#\/schema\/logo\/image\/\"},\"sameAs\":[\"https:\/\/www.facebook.com\/profile.php?id=100057151733001\",\"https:\/\/www.instagram.com\/femergs_rs\/\"]},{\"@type\":\"Person\",\"@id\":\"https:\/\/femergs.com.br\/wfe\/#\/schema\/person\/f5558e6b5ffc044ee085016237dedb7f\",\"name\":\"adminfemergs\",\"image\":{\"@type\":\"ImageObject\",\"inLanguage\":\"pt-BR\",\"@id\":\"https:\/\/femergs.com.br\/wfe\/#\/schema\/person\/image\/\",\"url\":\"https:\/\/secure.gravatar.com\/avatar\/398642fa557cdd524617ad9b31c938845f071aeb3448b9c0aeb29aefc495337b?s=96&d=mm&r=g\",\"contentUrl\":\"https:\/\/secure.gravatar.com\/avatar\/398642fa557cdd524617ad9b31c938845f071aeb3448b9c0aeb29aefc495337b?s=96&d=mm&r=g\",\"caption\":\"adminfemergs\"},\"sameAs\":[\"https:\/\/femergs.com.br\/wfe\"],\"url\":\"https:\/\/femergs.com.br\/wfe\/blog\/author\/adminfemergs\/\"}]}<\/script>\n<!-- \/ Yoast SEO plugin. -->","yoast_head_json":{"title":"A VIDA DO SER HUMANO \u00c9 O QUE MAIS IMPORTA. - Federa\u00e7\u00e3o dos Municip\u00e1rios do Estado do Rio Grande do Sul","robots":{"index":"index","follow":"follow","max-snippet":"max-snippet:-1","max-image-preview":"max-image-preview:large","max-video-preview":"max-video-preview:-1"},"canonical":"https:\/\/femergs.com.br\/wfe\/blog\/a-vida-do-ser-humano-e-o-que-mais-importa\/","og_locale":"pt_BR","og_type":"article","og_title":"A VIDA DO SER HUMANO \u00c9 O QUE MAIS IMPORTA. - Federa\u00e7\u00e3o dos Municip\u00e1rios do Estado do Rio Grande do Sul","og_description":"Para quem j\u00e1 leu a publica\u00e7\u00e3o do jornalista Daniel Castro, disponibilizadas na pagina da FEMERGS, bem como no facebook , Federa\u00e7\u00e3o dos Municiparios do Rio Grande do Sul, vamos ver o que este texto tem a ver com nosso cotidiano de sindicalistas. A evolu\u00e7\u00e3o social \u00e9 algo esperado na hist\u00f3ria da ra\u00e7a humana, n\u00e3o ficamos [&hellip;]","og_url":"https:\/\/femergs.com.br\/wfe\/blog\/a-vida-do-ser-humano-e-o-que-mais-importa\/","og_site_name":"Federa\u00e7\u00e3o dos Municip\u00e1rios do Estado do Rio Grande do Sul","article_publisher":"https:\/\/www.facebook.com\/profile.php?id=100057151733001","article_published_time":"2020-03-26T17:09:38+00:00","author":"adminfemergs","twitter_card":"summary_large_image","twitter_misc":{"Escrito por":"adminfemergs","Est. tempo de leitura":"3 minutos"},"schema":{"@context":"https:\/\/schema.org","@graph":[{"@type":"Article","@id":"https:\/\/femergs.com.br\/wfe\/blog\/a-vida-do-ser-humano-e-o-que-mais-importa\/#article","isPartOf":{"@id":"https:\/\/femergs.com.br\/wfe\/blog\/a-vida-do-ser-humano-e-o-que-mais-importa\/"},"author":{"name":"adminfemergs","@id":"https:\/\/femergs.com.br\/wfe\/#\/schema\/person\/f5558e6b5ffc044ee085016237dedb7f"},"headline":"A VIDA DO SER HUMANO \u00c9 O QUE MAIS IMPORTA.","datePublished":"2020-03-26T17:09:38+00:00","mainEntityOfPage":{"@id":"https:\/\/femergs.com.br\/wfe\/blog\/a-vida-do-ser-humano-e-o-que-mais-importa\/"},"wordCount":651,"publisher":{"@id":"https:\/\/femergs.com.br\/wfe\/#organization"},"keywords":["NULL"],"articleSection":["ARQUIVADAS"],"inLanguage":"pt-BR"},{"@type":"WebPage","@id":"https:\/\/femergs.com.br\/wfe\/blog\/a-vida-do-ser-humano-e-o-que-mais-importa\/","url":"https:\/\/femergs.com.br\/wfe\/blog\/a-vida-do-ser-humano-e-o-que-mais-importa\/","name":"A VIDA DO SER HUMANO \u00c9 O QUE MAIS IMPORTA. - Federa\u00e7\u00e3o dos Municip\u00e1rios do Estado do Rio Grande do Sul","isPartOf":{"@id":"https:\/\/femergs.com.br\/wfe\/#website"},"datePublished":"2020-03-26T17:09:38+00:00","breadcrumb":{"@id":"https:\/\/femergs.com.br\/wfe\/blog\/a-vida-do-ser-humano-e-o-que-mais-importa\/#breadcrumb"},"inLanguage":"pt-BR","potentialAction":[{"@type":"ReadAction","target":["https:\/\/femergs.com.br\/wfe\/blog\/a-vida-do-ser-humano-e-o-que-mais-importa\/"]}]},{"@type":"BreadcrumbList","@id":"https:\/\/femergs.com.br\/wfe\/blog\/a-vida-do-ser-humano-e-o-que-mais-importa\/#breadcrumb","itemListElement":[{"@type":"ListItem","position":1,"name":"In\u00edcio","item":"https:\/\/femergs.com.br\/wfe\/"},{"@type":"ListItem","position":2,"name":"A VIDA DO SER HUMANO \u00c9 O QUE MAIS IMPORTA."}]},{"@type":"WebSite","@id":"https:\/\/femergs.com.br\/wfe\/#website","url":"https:\/\/femergs.com.br\/wfe\/","name":"FEMERGS","description":"FEDERA\u00c7\u00c3O DOS MUNICIP\u00c1RIOS DO ESTADO DO RIO GRANDE DO SUL","publisher":{"@id":"https:\/\/femergs.com.br\/wfe\/#organization"},"potentialAction":[{"@type":"SearchAction","target":{"@type":"EntryPoint","urlTemplate":"https:\/\/femergs.com.br\/wfe\/?s={search_term_string}"},"query-input":{"@type":"PropertyValueSpecification","valueRequired":true,"valueName":"search_term_string"}}],"inLanguage":"pt-BR"},{"@type":"Organization","@id":"https:\/\/femergs.com.br\/wfe\/#organization","name":"FEMERGS","url":"https:\/\/femergs.com.br\/wfe\/","logo":{"@type":"ImageObject","inLanguage":"pt-BR","@id":"https:\/\/femergs.com.br\/wfe\/#\/schema\/logo\/image\/","url":"https:\/\/femergs.com.br\/wfe\/wp-content\/uploads\/2025\/06\/logotipo.png","contentUrl":"https:\/\/femergs.com.br\/wfe\/wp-content\/uploads\/2025\/06\/logotipo.png","width":500,"height":500,"caption":"FEMERGS"},"image":{"@id":"https:\/\/femergs.com.br\/wfe\/#\/schema\/logo\/image\/"},"sameAs":["https:\/\/www.facebook.com\/profile.php?id=100057151733001","https:\/\/www.instagram.com\/femergs_rs\/"]},{"@type":"Person","@id":"https:\/\/femergs.com.br\/wfe\/#\/schema\/person\/f5558e6b5ffc044ee085016237dedb7f","name":"adminfemergs","image":{"@type":"ImageObject","inLanguage":"pt-BR","@id":"https:\/\/femergs.com.br\/wfe\/#\/schema\/person\/image\/","url":"https:\/\/secure.gravatar.com\/avatar\/398642fa557cdd524617ad9b31c938845f071aeb3448b9c0aeb29aefc495337b?s=96&d=mm&r=g","contentUrl":"https:\/\/secure.gravatar.com\/avatar\/398642fa557cdd524617ad9b31c938845f071aeb3448b9c0aeb29aefc495337b?s=96&d=mm&r=g","caption":"adminfemergs"},"sameAs":["https:\/\/femergs.com.br\/wfe"],"url":"https:\/\/femergs.com.br\/wfe\/blog\/author\/adminfemergs\/"}]}},"uagb_featured_image_src":{"full":false,"thumbnail":false,"medium":false,"medium_large":false,"large":false,"1536x1536":false,"2048x2048":false,"ultp_layout_landscape_large":false,"ultp_layout_landscape":false,"ultp_layout_portrait":false,"ultp_layout_square":false},"uagb_author_info":{"display_name":"adminfemergs","author_link":"https:\/\/femergs.com.br\/wfe\/blog\/author\/adminfemergs\/"},"uagb_comment_info":0,"uagb_excerpt":"Para quem j\u00e1 leu a publica\u00e7\u00e3o do jornalista Daniel Castro, disponibilizadas na pagina da FEMERGS, bem como no facebook , Federa\u00e7\u00e3o dos Municiparios do Rio Grande do Sul, vamos ver o que este texto tem a ver com nosso cotidiano de sindicalistas. A evolu\u00e7\u00e3o social \u00e9 algo esperado na hist\u00f3ria da ra\u00e7a humana, n\u00e3o ficamos&hellip;","_links":{"self":[{"href":"https:\/\/femergs.com.br\/wfe\/wp-json\/wp\/v2\/posts\/1224","targetHints":{"allow":["GET"]}}],"collection":[{"href":"https:\/\/femergs.com.br\/wfe\/wp-json\/wp\/v2\/posts"}],"about":[{"href":"https:\/\/femergs.com.br\/wfe\/wp-json\/wp\/v2\/types\/post"}],"author":[{"embeddable":true,"href":"https:\/\/femergs.com.br\/wfe\/wp-json\/wp\/v2\/users\/1"}],"replies":[{"embeddable":true,"href":"https:\/\/femergs.com.br\/wfe\/wp-json\/wp\/v2\/comments?post=1224"}],"version-history":[{"count":0,"href":"https:\/\/femergs.com.br\/wfe\/wp-json\/wp\/v2\/posts\/1224\/revisions"}],"wp:attachment":[{"href":"https:\/\/femergs.com.br\/wfe\/wp-json\/wp\/v2\/media?parent=1224"}],"wp:term":[{"taxonomy":"category","embeddable":true,"href":"https:\/\/femergs.com.br\/wfe\/wp-json\/wp\/v2\/categories?post=1224"},{"taxonomy":"post_tag","embeddable":true,"href":"https:\/\/femergs.com.br\/wfe\/wp-json\/wp\/v2\/tags?post=1224"}],"curies":[{"name":"wp","href":"https:\/\/api.w.org\/{rel}","templated":true}]}}