{"id":1225,"date":"2020-03-27T15:48:21","date_gmt":"2020-03-27T15:48:21","guid":{"rendered":"https:\/\/femergs.com.br\/wfe\/blog\/violencia-contra-a-mulher-em-tempos-de-isolamento-social\/"},"modified":"2020-03-27T15:48:21","modified_gmt":"2020-03-27T15:48:21","slug":"violencia-contra-a-mulher-em-tempos-de-isolamento-social","status":"publish","type":"post","link":"https:\/\/femergs.com.br\/wfe\/blog\/violencia-contra-a-mulher-em-tempos-de-isolamento-social\/","title":{"rendered":"Viol\u00eancia contra a mulher em tempos de Isolamento Social"},"content":{"rendered":"<p>Problemas sociais, culturais, econ\u00f4micos&#8230;<\/p>\n<p>Estamos vivendo tempos dif\u00edceis e que preocupa a qual quer um que em s\u00e3 consci\u00eancia est\u00e1 vivendo em uma sociedade, em que j\u00e1 tinha muitos destes problemas encranhados em homens e mulheres, que aproveitam para explodir sua raiva e descontentamentos em outros.<\/p>\n<p>Para tanto visualizamos um per\u00edodo em que o Covid-19 est\u00e1 deixando marcas profundas no corpo e na alma das pessoas, que por esta pandemia est\u00e1 passando. No entanto estamos quase ao fim do m\u00eas, em que foram dedicadas homenagens e lutas de MULHERES, no entanto, no mundo todo visualizamos o aumento dos mais diversos boletins sobre viol\u00eancia, demonstrando uma s\u00e9ria preocupa\u00e7\u00e3o, que como j\u00e1 foi citado, era j\u00e1 vivida antes e s\u00f3 se intensificou agora, que \u00e9 a viol\u00eancia contra a mulher.<\/p>\n<p>A Organiza\u00e7\u00e3o das Na\u00e7\u00f5es Unidas &#8211; Onu Mulheres, se apoiou no problema para destacar em seu Guia de enfrentamento do Coronav\u00edrus, que as mulheres representam 70% das pessoas que trabalham no setor social e de sa\u00fade, assim como s\u00e3o 3 vezes mais respons\u00e1veis pelos cuidados n\u00e3o-remunerados em casa do que os homens, no entanto levando em considera\u00e7\u00e3o estes dados, recomendam a\u00e7\u00f5es, com apoio para mulheres que atuam na conten\u00e7\u00e3o da doen\u00e7a, acordos de trabalho flex\u00edveis e prote\u00e7\u00e3o de servi\u00e7os essenciais de sa\u00fade para mulheres e meninas.<\/p>\n<p>Com isso os impactos econ\u00f4micos da Covid-19 afetar\u00e3o as mulheres e tende a aumentar em contextos de viol\u00eancia familiar, sendo colocadas sob tens\u00e3o, auto-isolamento e quarentena. Tendo um aumento de conviv\u00eancia, consequentemente o aumento de conflitos.<\/p>\n<p>Alguns Estados, como Rio de Janeiro, est\u00e3o acompanhando o aumento de 50% nos casos de viol\u00eancia dom\u00e9stica no confinamento volunt\u00e1rio.<\/p>\n<p>Neste pensamento, de prote\u00e7\u00e3o, guarda e humanidade, n\u00e3o s\u00f3 a favor de mulheres, mas se tratando de crian\u00e7as, adolescentes e idosos, a den\u00fancia deve ser feita nos seguintes canais:<\/p>\n<ol>\n<li>Brigada Militar \u2013 Quem atende os casos de emerg\u00eancia. Se presenciar alguma agress\u00e3o ou for v\u00edtima dela, acione o 190.<\/li>\n<li>Defensoria P\u00fablica \u2013 Presta orienta\u00e7\u00e3o e a defesa em ju\u00edzo, das mulheres de baixa renda ou em situa\u00e7\u00e3o de vulnerabilidade. Orienta v\u00edtimas pelo Disque Acolhimento: 0800-644-5556.<\/li>\n<li>Disque-Den\u00fancia \u2013 Auxilia e orienta mulheres v\u00edtimas de viol\u00eancia por meio de liga\u00e7\u00f5es gratuitas para o 180, inclusive nos feriados e fins de semana.<\/li>\n<li>Pol\u00edcia Civil \u2013 Procure a Delegacia de Pol\u00edcia do seu munic\u00edpio ou a especializada de Atendimento \u00e0 Mulher.<\/li>\n<li>Centro de Refer\u00eancia \u2013 Espa\u00e7os de acolhimento\/atendimento psicol\u00f3gico e social, orienta\u00e7\u00e3o e encaminhamento jur\u00eddico \u00e0 mulher em situa\u00e7\u00e3o de viol\u00eancia.<\/li>\n<\/ol>\n<p>\n<strong>Os tipos de viol\u00eancia<\/strong><\/p>\n<p>A Lei Maria da Penha n\u00e3o contempla apenas os casos de agress\u00e3o f\u00edsica. Tamb\u00e9m est\u00e3o previstas as situa\u00e7\u00f5es de viol\u00eancia psicol\u00f3gica, sexual, patrimonial e moral. Conhe\u00e7a alguns tipos de viol\u00eancia:<\/p>\n<p>1.<strong> Humilhar, xingar e diminuir a autoestima &#8211; <\/strong>humilha\u00e7\u00e3o, desvaloriza\u00e7\u00e3o moral ou deboche.<br \/>\n2. Tirar a liberdade de cren\u00e7a &#8211; restringir a a\u00e7\u00e3o, a decis\u00e3o ou a cren\u00e7a. <br \/>\n3. <strong>Fazer a mulher achar que est\u00e1 ficando louca <\/strong>&#8211; distorcer os fatos e omitir situa\u00e7\u00f5es para deixar a v\u00edtima em d\u00favida sobre sua mem\u00f3ria e sanidade.<br \/>\n4. <strong>Controlar e oprimir <\/strong>&#8211; comportamento obsessivo do homem sobre a mulher, como querer controlar o que ela faz, o que veste, n\u00e3o a deixar sair, isolar da fam\u00edlia e amigos, procurar mensagens no celular. <br \/>\n5. <strong>Expor a vida \u00edntima <\/strong>&#8211; falar sobre a vida do casal para outros ou vazar fotos \u00edntimas nas redes sociais como forma de vingan\u00e7a.<br \/>\n6. <strong>Atirar objetos, sacudir e apertar os bra\u00e7os <\/strong>&#8211; tentativa de arremessar objetos com a inten\u00e7\u00e3o de  machucar, sacudir e segurar com for\u00e7a a mulher.<br \/>\n7. <strong>For\u00e7ar atos sexuais <\/strong>&#8211; obrigar a mulher a fazer atos sexuais que causam desconforto ou repulsa.<br \/>\n8. <strong>Impedir preven\u00e7\u00e3o da gravidez ou obrigar aborto <\/strong>&#8211; impedir mulher de usar m\u00e9todos contraceptivos ou obrigar mulher a abortar.<br \/>\n9. <strong>Controlar vida financeira <\/strong>&#8211; controlar, guardar ou tirar o dinheiro de uma mulher contra a sua vontade, assim como reter documentos pessoais.<br \/>\n10.<strong> Quebrar objetos <\/strong>&#8211; causar danos de prop\u00f3sito a objetos dela.<\/p>\n<p>Fonte: cartilha &#8220;Em defesa delas&#8221; da Associa\u00e7\u00e3o Nacional das Defensoras e Defensores P\u00fablicos <\/p>\n","protected":false},"excerpt":{"rendered":"<p>Problemas sociais, culturais, econ\u00f4micos&#8230; Estamos vivendo tempos dif\u00edceis e que preocupa a qual quer um que em s\u00e3 consci\u00eancia est\u00e1 vivendo em uma sociedade, em que j\u00e1 tinha muitos destes problemas encranhados em homens e mulheres, que aproveitam para explodir sua raiva e descontentamentos em outros. Para tanto visualizamos um per\u00edodo em que o Covid-19 [&hellip;]<\/p>\n","protected":false},"author":1,"featured_media":0,"comment_status":"closed","ping_status":"closed","sticky":false,"template":"","format":"standard","meta":{"_eb_attr":"","_uag_custom_page_level_css":"","fifu_image_url":"","fifu_image_alt":"","footnotes":""},"categories":[1],"tags":[32],"class_list":["post-1225","post","type-post","status-publish","format-standard","hentry","category-arquivadas","tag-null"],"yoast_head":"<!-- This site is optimized with the Yoast SEO plugin v27.1.1 - https:\/\/yoast.com\/product\/yoast-seo-wordpress\/ -->\n<title>Viol\u00eancia contra a mulher em tempos de Isolamento Social - Federa\u00e7\u00e3o dos Municip\u00e1rios do Estado do Rio Grande do Sul<\/title>\n<meta name=\"robots\" content=\"index, follow, max-snippet:-1, max-image-preview:large, max-video-preview:-1\" \/>\n<link rel=\"canonical\" href=\"https:\/\/femergs.com.br\/wfe\/blog\/violencia-contra-a-mulher-em-tempos-de-isolamento-social\/\" \/>\n<meta property=\"og:locale\" content=\"pt_BR\" \/>\n<meta property=\"og:type\" content=\"article\" \/>\n<meta property=\"og:title\" content=\"Viol\u00eancia contra a mulher em tempos de Isolamento Social - Federa\u00e7\u00e3o dos Municip\u00e1rios do Estado do Rio Grande do Sul\" \/>\n<meta property=\"og:description\" content=\"Problemas sociais, culturais, econ\u00f4micos&#8230; Estamos vivendo tempos dif\u00edceis e que preocupa a qual quer um que em s\u00e3 consci\u00eancia est\u00e1 vivendo em uma sociedade, em que j\u00e1 tinha muitos destes problemas encranhados em homens e mulheres, que aproveitam para explodir sua raiva e descontentamentos em outros. Para tanto visualizamos um per\u00edodo em que o Covid-19 [&hellip;]\" \/>\n<meta property=\"og:url\" content=\"https:\/\/femergs.com.br\/wfe\/blog\/violencia-contra-a-mulher-em-tempos-de-isolamento-social\/\" \/>\n<meta property=\"og:site_name\" content=\"Federa\u00e7\u00e3o dos Municip\u00e1rios do Estado do Rio Grande do Sul\" \/>\n<meta property=\"article:publisher\" content=\"https:\/\/www.facebook.com\/profile.php?id=100057151733001\" \/>\n<meta property=\"article:published_time\" content=\"2020-03-27T15:48:21+00:00\" \/>\n<meta name=\"author\" content=\"adminfemergs\" \/>\n<meta name=\"twitter:card\" content=\"summary_large_image\" \/>\n<meta name=\"twitter:label1\" content=\"Escrito por\" \/>\n\t<meta name=\"twitter:data1\" content=\"adminfemergs\" \/>\n\t<meta name=\"twitter:label2\" content=\"Est. tempo de leitura\" \/>\n\t<meta name=\"twitter:data2\" content=\"4 minutos\" \/>\n<script type=\"application\/ld+json\" class=\"yoast-schema-graph\">{\"@context\":\"https:\/\/schema.org\",\"@graph\":[{\"@type\":\"Article\",\"@id\":\"https:\/\/femergs.com.br\/wfe\/blog\/violencia-contra-a-mulher-em-tempos-de-isolamento-social\/#article\",\"isPartOf\":{\"@id\":\"https:\/\/femergs.com.br\/wfe\/blog\/violencia-contra-a-mulher-em-tempos-de-isolamento-social\/\"},\"author\":{\"name\":\"adminfemergs\",\"@id\":\"https:\/\/femergs.com.br\/wfe\/#\/schema\/person\/f5558e6b5ffc044ee085016237dedb7f\"},\"headline\":\"Viol\u00eancia contra a mulher em tempos de Isolamento Social\",\"datePublished\":\"2020-03-27T15:48:21+00:00\",\"mainEntityOfPage\":{\"@id\":\"https:\/\/femergs.com.br\/wfe\/blog\/violencia-contra-a-mulher-em-tempos-de-isolamento-social\/\"},\"wordCount\":746,\"publisher\":{\"@id\":\"https:\/\/femergs.com.br\/wfe\/#organization\"},\"keywords\":[\"NULL\"],\"articleSection\":[\"ARQUIVADAS\"],\"inLanguage\":\"pt-BR\"},{\"@type\":\"WebPage\",\"@id\":\"https:\/\/femergs.com.br\/wfe\/blog\/violencia-contra-a-mulher-em-tempos-de-isolamento-social\/\",\"url\":\"https:\/\/femergs.com.br\/wfe\/blog\/violencia-contra-a-mulher-em-tempos-de-isolamento-social\/\",\"name\":\"Viol\u00eancia contra a mulher em tempos de Isolamento Social - Federa\u00e7\u00e3o dos Municip\u00e1rios do Estado do Rio Grande do Sul\",\"isPartOf\":{\"@id\":\"https:\/\/femergs.com.br\/wfe\/#website\"},\"datePublished\":\"2020-03-27T15:48:21+00:00\",\"breadcrumb\":{\"@id\":\"https:\/\/femergs.com.br\/wfe\/blog\/violencia-contra-a-mulher-em-tempos-de-isolamento-social\/#breadcrumb\"},\"inLanguage\":\"pt-BR\",\"potentialAction\":[{\"@type\":\"ReadAction\",\"target\":[\"https:\/\/femergs.com.br\/wfe\/blog\/violencia-contra-a-mulher-em-tempos-de-isolamento-social\/\"]}]},{\"@type\":\"BreadcrumbList\",\"@id\":\"https:\/\/femergs.com.br\/wfe\/blog\/violencia-contra-a-mulher-em-tempos-de-isolamento-social\/#breadcrumb\",\"itemListElement\":[{\"@type\":\"ListItem\",\"position\":1,\"name\":\"In\u00edcio\",\"item\":\"https:\/\/femergs.com.br\/wfe\/\"},{\"@type\":\"ListItem\",\"position\":2,\"name\":\"Viol\u00eancia contra a mulher em tempos de Isolamento Social\"}]},{\"@type\":\"WebSite\",\"@id\":\"https:\/\/femergs.com.br\/wfe\/#website\",\"url\":\"https:\/\/femergs.com.br\/wfe\/\",\"name\":\"FEMERGS\",\"description\":\"FEDERA\u00c7\u00c3O DOS MUNICIP\u00c1RIOS DO ESTADO DO RIO GRANDE DO SUL\",\"publisher\":{\"@id\":\"https:\/\/femergs.com.br\/wfe\/#organization\"},\"potentialAction\":[{\"@type\":\"SearchAction\",\"target\":{\"@type\":\"EntryPoint\",\"urlTemplate\":\"https:\/\/femergs.com.br\/wfe\/?s={search_term_string}\"},\"query-input\":{\"@type\":\"PropertyValueSpecification\",\"valueRequired\":true,\"valueName\":\"search_term_string\"}}],\"inLanguage\":\"pt-BR\"},{\"@type\":\"Organization\",\"@id\":\"https:\/\/femergs.com.br\/wfe\/#organization\",\"name\":\"FEMERGS\",\"url\":\"https:\/\/femergs.com.br\/wfe\/\",\"logo\":{\"@type\":\"ImageObject\",\"inLanguage\":\"pt-BR\",\"@id\":\"https:\/\/femergs.com.br\/wfe\/#\/schema\/logo\/image\/\",\"url\":\"https:\/\/femergs.com.br\/wfe\/wp-content\/uploads\/2025\/06\/logotipo.png\",\"contentUrl\":\"https:\/\/femergs.com.br\/wfe\/wp-content\/uploads\/2025\/06\/logotipo.png\",\"width\":500,\"height\":500,\"caption\":\"FEMERGS\"},\"image\":{\"@id\":\"https:\/\/femergs.com.br\/wfe\/#\/schema\/logo\/image\/\"},\"sameAs\":[\"https:\/\/www.facebook.com\/profile.php?id=100057151733001\",\"https:\/\/www.instagram.com\/femergs_rs\/\"]},{\"@type\":\"Person\",\"@id\":\"https:\/\/femergs.com.br\/wfe\/#\/schema\/person\/f5558e6b5ffc044ee085016237dedb7f\",\"name\":\"adminfemergs\",\"image\":{\"@type\":\"ImageObject\",\"inLanguage\":\"pt-BR\",\"@id\":\"https:\/\/femergs.com.br\/wfe\/#\/schema\/person\/image\/\",\"url\":\"https:\/\/secure.gravatar.com\/avatar\/398642fa557cdd524617ad9b31c938845f071aeb3448b9c0aeb29aefc495337b?s=96&d=mm&r=g\",\"contentUrl\":\"https:\/\/secure.gravatar.com\/avatar\/398642fa557cdd524617ad9b31c938845f071aeb3448b9c0aeb29aefc495337b?s=96&d=mm&r=g\",\"caption\":\"adminfemergs\"},\"sameAs\":[\"https:\/\/femergs.com.br\/wfe\"],\"url\":\"https:\/\/femergs.com.br\/wfe\/blog\/author\/adminfemergs\/\"}]}<\/script>\n<!-- \/ Yoast SEO plugin. -->","yoast_head_json":{"title":"Viol\u00eancia contra a mulher em tempos de Isolamento Social - Federa\u00e7\u00e3o dos Municip\u00e1rios do Estado do Rio Grande do Sul","robots":{"index":"index","follow":"follow","max-snippet":"max-snippet:-1","max-image-preview":"max-image-preview:large","max-video-preview":"max-video-preview:-1"},"canonical":"https:\/\/femergs.com.br\/wfe\/blog\/violencia-contra-a-mulher-em-tempos-de-isolamento-social\/","og_locale":"pt_BR","og_type":"article","og_title":"Viol\u00eancia contra a mulher em tempos de Isolamento Social - Federa\u00e7\u00e3o dos Municip\u00e1rios do Estado do Rio Grande do Sul","og_description":"Problemas sociais, culturais, econ\u00f4micos&#8230; Estamos vivendo tempos dif\u00edceis e que preocupa a qual quer um que em s\u00e3 consci\u00eancia est\u00e1 vivendo em uma sociedade, em que j\u00e1 tinha muitos destes problemas encranhados em homens e mulheres, que aproveitam para explodir sua raiva e descontentamentos em outros. Para tanto visualizamos um per\u00edodo em que o Covid-19 [&hellip;]","og_url":"https:\/\/femergs.com.br\/wfe\/blog\/violencia-contra-a-mulher-em-tempos-de-isolamento-social\/","og_site_name":"Federa\u00e7\u00e3o dos Municip\u00e1rios do Estado do Rio Grande do Sul","article_publisher":"https:\/\/www.facebook.com\/profile.php?id=100057151733001","article_published_time":"2020-03-27T15:48:21+00:00","author":"adminfemergs","twitter_card":"summary_large_image","twitter_misc":{"Escrito por":"adminfemergs","Est. tempo de leitura":"4 minutos"},"schema":{"@context":"https:\/\/schema.org","@graph":[{"@type":"Article","@id":"https:\/\/femergs.com.br\/wfe\/blog\/violencia-contra-a-mulher-em-tempos-de-isolamento-social\/#article","isPartOf":{"@id":"https:\/\/femergs.com.br\/wfe\/blog\/violencia-contra-a-mulher-em-tempos-de-isolamento-social\/"},"author":{"name":"adminfemergs","@id":"https:\/\/femergs.com.br\/wfe\/#\/schema\/person\/f5558e6b5ffc044ee085016237dedb7f"},"headline":"Viol\u00eancia contra a mulher em tempos de Isolamento Social","datePublished":"2020-03-27T15:48:21+00:00","mainEntityOfPage":{"@id":"https:\/\/femergs.com.br\/wfe\/blog\/violencia-contra-a-mulher-em-tempos-de-isolamento-social\/"},"wordCount":746,"publisher":{"@id":"https:\/\/femergs.com.br\/wfe\/#organization"},"keywords":["NULL"],"articleSection":["ARQUIVADAS"],"inLanguage":"pt-BR"},{"@type":"WebPage","@id":"https:\/\/femergs.com.br\/wfe\/blog\/violencia-contra-a-mulher-em-tempos-de-isolamento-social\/","url":"https:\/\/femergs.com.br\/wfe\/blog\/violencia-contra-a-mulher-em-tempos-de-isolamento-social\/","name":"Viol\u00eancia contra a mulher em tempos de Isolamento Social - Federa\u00e7\u00e3o dos Municip\u00e1rios do Estado do Rio Grande do Sul","isPartOf":{"@id":"https:\/\/femergs.com.br\/wfe\/#website"},"datePublished":"2020-03-27T15:48:21+00:00","breadcrumb":{"@id":"https:\/\/femergs.com.br\/wfe\/blog\/violencia-contra-a-mulher-em-tempos-de-isolamento-social\/#breadcrumb"},"inLanguage":"pt-BR","potentialAction":[{"@type":"ReadAction","target":["https:\/\/femergs.com.br\/wfe\/blog\/violencia-contra-a-mulher-em-tempos-de-isolamento-social\/"]}]},{"@type":"BreadcrumbList","@id":"https:\/\/femergs.com.br\/wfe\/blog\/violencia-contra-a-mulher-em-tempos-de-isolamento-social\/#breadcrumb","itemListElement":[{"@type":"ListItem","position":1,"name":"In\u00edcio","item":"https:\/\/femergs.com.br\/wfe\/"},{"@type":"ListItem","position":2,"name":"Viol\u00eancia contra a mulher em tempos de Isolamento Social"}]},{"@type":"WebSite","@id":"https:\/\/femergs.com.br\/wfe\/#website","url":"https:\/\/femergs.com.br\/wfe\/","name":"FEMERGS","description":"FEDERA\u00c7\u00c3O DOS MUNICIP\u00c1RIOS DO ESTADO DO RIO GRANDE DO SUL","publisher":{"@id":"https:\/\/femergs.com.br\/wfe\/#organization"},"potentialAction":[{"@type":"SearchAction","target":{"@type":"EntryPoint","urlTemplate":"https:\/\/femergs.com.br\/wfe\/?s={search_term_string}"},"query-input":{"@type":"PropertyValueSpecification","valueRequired":true,"valueName":"search_term_string"}}],"inLanguage":"pt-BR"},{"@type":"Organization","@id":"https:\/\/femergs.com.br\/wfe\/#organization","name":"FEMERGS","url":"https:\/\/femergs.com.br\/wfe\/","logo":{"@type":"ImageObject","inLanguage":"pt-BR","@id":"https:\/\/femergs.com.br\/wfe\/#\/schema\/logo\/image\/","url":"https:\/\/femergs.com.br\/wfe\/wp-content\/uploads\/2025\/06\/logotipo.png","contentUrl":"https:\/\/femergs.com.br\/wfe\/wp-content\/uploads\/2025\/06\/logotipo.png","width":500,"height":500,"caption":"FEMERGS"},"image":{"@id":"https:\/\/femergs.com.br\/wfe\/#\/schema\/logo\/image\/"},"sameAs":["https:\/\/www.facebook.com\/profile.php?id=100057151733001","https:\/\/www.instagram.com\/femergs_rs\/"]},{"@type":"Person","@id":"https:\/\/femergs.com.br\/wfe\/#\/schema\/person\/f5558e6b5ffc044ee085016237dedb7f","name":"adminfemergs","image":{"@type":"ImageObject","inLanguage":"pt-BR","@id":"https:\/\/femergs.com.br\/wfe\/#\/schema\/person\/image\/","url":"https:\/\/secure.gravatar.com\/avatar\/398642fa557cdd524617ad9b31c938845f071aeb3448b9c0aeb29aefc495337b?s=96&d=mm&r=g","contentUrl":"https:\/\/secure.gravatar.com\/avatar\/398642fa557cdd524617ad9b31c938845f071aeb3448b9c0aeb29aefc495337b?s=96&d=mm&r=g","caption":"adminfemergs"},"sameAs":["https:\/\/femergs.com.br\/wfe"],"url":"https:\/\/femergs.com.br\/wfe\/blog\/author\/adminfemergs\/"}]}},"uagb_featured_image_src":{"full":false,"thumbnail":false,"medium":false,"medium_large":false,"large":false,"1536x1536":false,"2048x2048":false,"ultp_layout_landscape_large":false,"ultp_layout_landscape":false,"ultp_layout_portrait":false,"ultp_layout_square":false},"uagb_author_info":{"display_name":"adminfemergs","author_link":"https:\/\/femergs.com.br\/wfe\/blog\/author\/adminfemergs\/"},"uagb_comment_info":0,"uagb_excerpt":"Problemas sociais, culturais, econ\u00f4micos&#8230; Estamos vivendo tempos dif\u00edceis e que preocupa a qual quer um que em s\u00e3 consci\u00eancia est\u00e1 vivendo em uma sociedade, em que j\u00e1 tinha muitos destes problemas encranhados em homens e mulheres, que aproveitam para explodir sua raiva e descontentamentos em outros. Para tanto visualizamos um per\u00edodo em que o Covid-19&hellip;","_links":{"self":[{"href":"https:\/\/femergs.com.br\/wfe\/wp-json\/wp\/v2\/posts\/1225","targetHints":{"allow":["GET"]}}],"collection":[{"href":"https:\/\/femergs.com.br\/wfe\/wp-json\/wp\/v2\/posts"}],"about":[{"href":"https:\/\/femergs.com.br\/wfe\/wp-json\/wp\/v2\/types\/post"}],"author":[{"embeddable":true,"href":"https:\/\/femergs.com.br\/wfe\/wp-json\/wp\/v2\/users\/1"}],"replies":[{"embeddable":true,"href":"https:\/\/femergs.com.br\/wfe\/wp-json\/wp\/v2\/comments?post=1225"}],"version-history":[{"count":0,"href":"https:\/\/femergs.com.br\/wfe\/wp-json\/wp\/v2\/posts\/1225\/revisions"}],"wp:attachment":[{"href":"https:\/\/femergs.com.br\/wfe\/wp-json\/wp\/v2\/media?parent=1225"}],"wp:term":[{"taxonomy":"category","embeddable":true,"href":"https:\/\/femergs.com.br\/wfe\/wp-json\/wp\/v2\/categories?post=1225"},{"taxonomy":"post_tag","embeddable":true,"href":"https:\/\/femergs.com.br\/wfe\/wp-json\/wp\/v2\/tags?post=1225"}],"curies":[{"name":"wp","href":"https:\/\/api.w.org\/{rel}","templated":true}]}}