{"id":1226,"date":"2020-03-27T20:13:38","date_gmt":"2020-03-27T20:13:38","guid":{"rendered":"https:\/\/femergs.com.br\/wfe\/blog\/reflexoes-de-um-servidor\/"},"modified":"2020-03-27T20:13:38","modified_gmt":"2020-03-27T20:13:38","slug":"reflexoes-de-um-servidor","status":"publish","type":"post","link":"https:\/\/femergs.com.br\/wfe\/blog\/reflexoes-de-um-servidor\/","title":{"rendered":"Reflex\u00f5es de um Servidor!"},"content":{"rendered":"<p>Boa tarde a todos nossos companheiros, filiados ou n\u00e3o.<\/p>\n<p>Esperamos que todos esteja bem de sa\u00fade, bem como seus familiares, e refor\u00e7amos aqui que a FEMERGS est\u00e1 a disposi\u00e7\u00e3o de seus associados pelos canais de m\u00eddia, sintam-se a vontade em n\u00f3s procurar.<\/p>\n<p>Hoje n\u00e3o colocarei nenhuma sugest\u00e3o de an\u00e1lise, gostaria que todos lessem o texto publicado no Facebook e na P\u00e1gina da FEMERGS. Texto este produzido por um grande companheiro servidor p\u00fablico municipal, da cidade de <strong>Tiradentes do Sul, Regi\u00e3o CELEIRO: Jo\u00e3o Anschau<\/strong>, al\u00e9m de servidor p\u00fablico \u00e9 jornalista e um cidad\u00e3o envolvido em todas as causas sociais de nossa regi\u00e3o.<br \/>\nOs nossos telefones est\u00e3o a disposi\u00e7\u00e3o na p\u00e1gina, e informo que o meu n\u00famero e o mesmo do meu whatsApp.<br \/>\nNINGU\u00c9M LARGA A M\u00c3O DE NINGU\u00c9M, VAMOS VENCER ESTA CRISE!<br \/>\n___________________________________________________________<\/p>\n<div style=\"text-align:center\"><strong>COVID-19<\/strong><\/div>\n<p>No momento que escrevo este texto o n\u00famero de infectados pelo COVID-19 no Brasil aumenta progressivamente e em velocidade muito preocupante. Vidas se v\u00e3o e muitos n\u00e3o entram nas estat\u00edsticas dos infectados pelo coronav\u00edrus simplesmente por n\u00e3o terem sido testados.<\/p>\n<p>Pelo discurso do Presidente inepto-idiota-irrespons\u00e1vel, a sua preocupa\u00e7\u00e3o \u00e9 t\u00e3o somente com a economia. A vida dos trabalhadores fica em \u00faltimo plano, mesmo que isso signifique a vida de muitos. Um verdadeiro genoc\u00eddio pode estar a caminho e com o aval do Estado.<\/p>\n<p>E n\u00f3s, como servidores p\u00fablicos, como acontece desde o in\u00edcio deste (des)governo federal, n\u00e3o somos prioridade. Por conta disso, estamos constantemente na mira daqueles que pretendem acabar conosco, al\u00e9m de tornar o Estado an\u00eamico e para poucos.<\/p>\n<p>\u00c9 necess\u00e1rio lembrar \u00e0 sociedade que para atender a popula\u00e7\u00e3o, CNPJ ou pessoa f\u00edsica, muitos colegas v\u00e3o para seus postos de trabalho sem a certeza da volta para casa. E mesmo assim, e apesar de tudo, ainda somos taxados de parasitas.<\/p>\n<p>Al\u00e9m das sandices presidenciais, o que est\u00e1 em jogo no atual momento, para al\u00e9m da nossa viv\u00eancia, \u00e9 a inesperada, pelo momento que passamos a n\u00edvel mundial, luta de classes. Fica para n\u00f3s, a classe trabalhadora, a conta quase toda para ser paga. Estamos sendo responsabilizados diretamente pelo grande capital pela poss\u00edvel desidrata\u00e7\u00e3o da economia. N\u00e3o existe almo\u00e7o gr\u00e1tis e somos n\u00f3s que devemos quitar os d\u00e9bitos dos privilegiados de sempre.<\/p>\n<p>Setores da burguesia e seus representantes j\u00e1 flertam com a possibilidade, inclusive, da redu\u00e7\u00e3o de nossos sal\u00e1rios. Em nenhum momento estes senhores, por exemplo, mencionam a morat\u00f3ria da d\u00edvida p\u00fablica, que consome do or\u00e7amento da UNI\u00c3O 1,6 trilh\u00e3o de reais somente em 2020, como mecanismo para proteger vidas e economia simultaneamente.<\/p>\n<p>Por conta da \u00faltima fala desastrosa do &#8220;Presidente&#8221;, mandat\u00e1rios estaduais e municipais defendem a volta da &#8220;normalidade&#8221; para evitar, na vis\u00e3o simplista dos patrocinadores desta ideia estapaf\u00fardia, a quebra das empresas. Prefeitos e Governadores s\u00e3o pressionados a mudar seus posicionamentos em rela\u00e7\u00e3o a quarentena. Santa Catarina \u00e9 o maior exemplo. E n\u00f3s n\u00e3o podemos ser penalizados por obra de um fundamentalismo doentio e letal.<\/p>\n<p>N\u00e3o nos negamos em nenhum momento em exercer as atividades e atribui\u00e7\u00f5es previstas para os nossos cargos, em setores estritamente necess\u00e1rios, e com servidores em condi\u00e7\u00f5es e, preferencialmente, fora dos grupos de risco. Mas temos que deixar isso ainda mais claro. Lembrar que estamos atuando em v\u00e1rias frentes para dar condi\u00e7\u00f5es de que o m\u00ednimo necess\u00e1rio funcione. Temos que ter uma posi\u00e7\u00e3o proativa discordante de tudo o que o Presidente Jair Bolsonaro prega. N\u00e3o \u00e9 justo que coloquem a nossa e a integridade do restante da sociedade em risco para atender o chamado do deus mercado. N\u00e3o \u00e9 razo\u00e1vel perder colegas por total falta de sensibilidade de gestores que colocam as nossas vidas como algo que pode ser descartado a qualquer momento.<\/p>\n<p>Est\u00e1 na hora de ocuparmos as v\u00e1rias m\u00eddias dispon\u00edveis para dialogar. Procurar os ve\u00edculos tradicionais &#8211; no r\u00e1dio podemos acompanhar um festival de bobagens sa\u00edda da boca de comunicadores totalmente despreparado para o of\u00edcio que ocupam -, os portais, as emissoras de tv, o whatsApp&#8230;. Temos que fazer esta disputa urgente, mesmo sem as mesmas condi\u00e7\u00f5es dos b\u00e1rbaros. Pecar por tentar \u00e9 melhor que ficar com o peso da omiss\u00e3o.<\/p>\n<p>E a possibilidade de desobedi\u00eancia dos servidores, se obrigados por prefeitos ou governadores, a retornarem a condi\u00e7\u00f5es que contrariam as determina\u00e7\u00f5es da OMS n\u00e3o deve ser afastada e precisa ser debatida com a classe.<\/p>\n<p>Por isso, cabe a pergunta; que rem\u00e9dio jur\u00eddico constitucional os representantes das categorias de servidores v\u00e3o utilizar para preservas as nossas e as vidas dos demais?<\/p>\n<p>Para encerrar, \u00e9 fundamental recordar a todos que o Estado brasileiro tem a obriga\u00e7\u00e3o de fazer valer a Constitui\u00e7\u00e3o Federal e guardar a vida de todos n\u00f3s &#8211; trabalhadores e empregadores.<\/p>\n<p>\u00c0 luta companheiros, pela dignidade e pela vida.<\/p>\n<p>*Texto do Servidor P\u00fablico Municipal, da cidade de Tiradentes do Sul &#8211; Regi\u00e3o CELEIRO: Jo\u00e3o Anschau<\/p>\n","protected":false},"excerpt":{"rendered":"<p>Boa tarde a todos nossos companheiros, filiados ou n\u00e3o. Esperamos que todos esteja bem de sa\u00fade, bem como seus familiares, e refor\u00e7amos aqui que a FEMERGS est\u00e1 a disposi\u00e7\u00e3o de seus associados pelos canais de m\u00eddia, sintam-se a vontade em n\u00f3s procurar. Hoje n\u00e3o colocarei nenhuma sugest\u00e3o de an\u00e1lise, gostaria que todos lessem o texto [&hellip;]<\/p>\n","protected":false},"author":1,"featured_media":0,"comment_status":"closed","ping_status":"closed","sticky":false,"template":"","format":"standard","meta":{"_eb_attr":"","_uag_custom_page_level_css":"","fifu_image_url":"","fifu_image_alt":"","footnotes":""},"categories":[1],"tags":[32],"class_list":["post-1226","post","type-post","status-publish","format-standard","hentry","category-arquivadas","tag-null"],"yoast_head":"<!-- This site is optimized with the Yoast SEO plugin v27.1.1 - https:\/\/yoast.com\/product\/yoast-seo-wordpress\/ -->\n<title>Reflex\u00f5es de um Servidor! - Federa\u00e7\u00e3o dos Municip\u00e1rios do Estado do Rio Grande do Sul<\/title>\n<meta name=\"robots\" content=\"index, follow, max-snippet:-1, max-image-preview:large, max-video-preview:-1\" \/>\n<link rel=\"canonical\" href=\"https:\/\/femergs.com.br\/wfe\/blog\/reflexoes-de-um-servidor\/\" \/>\n<meta property=\"og:locale\" content=\"pt_BR\" \/>\n<meta property=\"og:type\" content=\"article\" \/>\n<meta property=\"og:title\" content=\"Reflex\u00f5es de um Servidor! - Federa\u00e7\u00e3o dos Municip\u00e1rios do Estado do Rio Grande do Sul\" \/>\n<meta property=\"og:description\" content=\"Boa tarde a todos nossos companheiros, filiados ou n\u00e3o. Esperamos que todos esteja bem de sa\u00fade, bem como seus familiares, e refor\u00e7amos aqui que a FEMERGS est\u00e1 a disposi\u00e7\u00e3o de seus associados pelos canais de m\u00eddia, sintam-se a vontade em n\u00f3s procurar. Hoje n\u00e3o colocarei nenhuma sugest\u00e3o de an\u00e1lise, gostaria que todos lessem o texto [&hellip;]\" \/>\n<meta property=\"og:url\" content=\"https:\/\/femergs.com.br\/wfe\/blog\/reflexoes-de-um-servidor\/\" \/>\n<meta property=\"og:site_name\" content=\"Federa\u00e7\u00e3o dos Municip\u00e1rios do Estado do Rio Grande do Sul\" \/>\n<meta property=\"article:publisher\" content=\"https:\/\/www.facebook.com\/profile.php?id=100057151733001\" \/>\n<meta property=\"article:published_time\" content=\"2020-03-27T20:13:38+00:00\" \/>\n<meta name=\"author\" content=\"adminfemergs\" \/>\n<meta name=\"twitter:card\" content=\"summary_large_image\" \/>\n<meta name=\"twitter:label1\" content=\"Escrito por\" \/>\n\t<meta name=\"twitter:data1\" content=\"adminfemergs\" \/>\n\t<meta name=\"twitter:label2\" content=\"Est. tempo de leitura\" \/>\n\t<meta name=\"twitter:data2\" content=\"4 minutos\" \/>\n<script type=\"application\/ld+json\" class=\"yoast-schema-graph\">{\"@context\":\"https:\/\/schema.org\",\"@graph\":[{\"@type\":\"Article\",\"@id\":\"https:\/\/femergs.com.br\/wfe\/blog\/reflexoes-de-um-servidor\/#article\",\"isPartOf\":{\"@id\":\"https:\/\/femergs.com.br\/wfe\/blog\/reflexoes-de-um-servidor\/\"},\"author\":{\"name\":\"adminfemergs\",\"@id\":\"https:\/\/femergs.com.br\/wfe\/#\/schema\/person\/f5558e6b5ffc044ee085016237dedb7f\"},\"headline\":\"Reflex\u00f5es de um Servidor!\",\"datePublished\":\"2020-03-27T20:13:38+00:00\",\"mainEntityOfPage\":{\"@id\":\"https:\/\/femergs.com.br\/wfe\/blog\/reflexoes-de-um-servidor\/\"},\"wordCount\":885,\"publisher\":{\"@id\":\"https:\/\/femergs.com.br\/wfe\/#organization\"},\"keywords\":[\"NULL\"],\"articleSection\":[\"ARQUIVADAS\"],\"inLanguage\":\"pt-BR\"},{\"@type\":\"WebPage\",\"@id\":\"https:\/\/femergs.com.br\/wfe\/blog\/reflexoes-de-um-servidor\/\",\"url\":\"https:\/\/femergs.com.br\/wfe\/blog\/reflexoes-de-um-servidor\/\",\"name\":\"Reflex\u00f5es de um Servidor! - Federa\u00e7\u00e3o dos Municip\u00e1rios do Estado do Rio Grande do Sul\",\"isPartOf\":{\"@id\":\"https:\/\/femergs.com.br\/wfe\/#website\"},\"datePublished\":\"2020-03-27T20:13:38+00:00\",\"breadcrumb\":{\"@id\":\"https:\/\/femergs.com.br\/wfe\/blog\/reflexoes-de-um-servidor\/#breadcrumb\"},\"inLanguage\":\"pt-BR\",\"potentialAction\":[{\"@type\":\"ReadAction\",\"target\":[\"https:\/\/femergs.com.br\/wfe\/blog\/reflexoes-de-um-servidor\/\"]}]},{\"@type\":\"BreadcrumbList\",\"@id\":\"https:\/\/femergs.com.br\/wfe\/blog\/reflexoes-de-um-servidor\/#breadcrumb\",\"itemListElement\":[{\"@type\":\"ListItem\",\"position\":1,\"name\":\"In\u00edcio\",\"item\":\"https:\/\/femergs.com.br\/wfe\/\"},{\"@type\":\"ListItem\",\"position\":2,\"name\":\"Reflex\u00f5es de um Servidor!\"}]},{\"@type\":\"WebSite\",\"@id\":\"https:\/\/femergs.com.br\/wfe\/#website\",\"url\":\"https:\/\/femergs.com.br\/wfe\/\",\"name\":\"FEMERGS\",\"description\":\"FEDERA\u00c7\u00c3O DOS MUNICIP\u00c1RIOS DO ESTADO DO RIO GRANDE DO SUL\",\"publisher\":{\"@id\":\"https:\/\/femergs.com.br\/wfe\/#organization\"},\"potentialAction\":[{\"@type\":\"SearchAction\",\"target\":{\"@type\":\"EntryPoint\",\"urlTemplate\":\"https:\/\/femergs.com.br\/wfe\/?s={search_term_string}\"},\"query-input\":{\"@type\":\"PropertyValueSpecification\",\"valueRequired\":true,\"valueName\":\"search_term_string\"}}],\"inLanguage\":\"pt-BR\"},{\"@type\":\"Organization\",\"@id\":\"https:\/\/femergs.com.br\/wfe\/#organization\",\"name\":\"FEMERGS\",\"url\":\"https:\/\/femergs.com.br\/wfe\/\",\"logo\":{\"@type\":\"ImageObject\",\"inLanguage\":\"pt-BR\",\"@id\":\"https:\/\/femergs.com.br\/wfe\/#\/schema\/logo\/image\/\",\"url\":\"https:\/\/femergs.com.br\/wfe\/wp-content\/uploads\/2025\/06\/logotipo.png\",\"contentUrl\":\"https:\/\/femergs.com.br\/wfe\/wp-content\/uploads\/2025\/06\/logotipo.png\",\"width\":500,\"height\":500,\"caption\":\"FEMERGS\"},\"image\":{\"@id\":\"https:\/\/femergs.com.br\/wfe\/#\/schema\/logo\/image\/\"},\"sameAs\":[\"https:\/\/www.facebook.com\/profile.php?id=100057151733001\",\"https:\/\/www.instagram.com\/femergs_rs\/\"]},{\"@type\":\"Person\",\"@id\":\"https:\/\/femergs.com.br\/wfe\/#\/schema\/person\/f5558e6b5ffc044ee085016237dedb7f\",\"name\":\"adminfemergs\",\"image\":{\"@type\":\"ImageObject\",\"inLanguage\":\"pt-BR\",\"@id\":\"https:\/\/femergs.com.br\/wfe\/#\/schema\/person\/image\/\",\"url\":\"https:\/\/secure.gravatar.com\/avatar\/398642fa557cdd524617ad9b31c938845f071aeb3448b9c0aeb29aefc495337b?s=96&d=mm&r=g\",\"contentUrl\":\"https:\/\/secure.gravatar.com\/avatar\/398642fa557cdd524617ad9b31c938845f071aeb3448b9c0aeb29aefc495337b?s=96&d=mm&r=g\",\"caption\":\"adminfemergs\"},\"sameAs\":[\"https:\/\/femergs.com.br\/wfe\"],\"url\":\"https:\/\/femergs.com.br\/wfe\/blog\/author\/adminfemergs\/\"}]}<\/script>\n<!-- \/ Yoast SEO plugin. -->","yoast_head_json":{"title":"Reflex\u00f5es de um Servidor! - Federa\u00e7\u00e3o dos Municip\u00e1rios do Estado do Rio Grande do Sul","robots":{"index":"index","follow":"follow","max-snippet":"max-snippet:-1","max-image-preview":"max-image-preview:large","max-video-preview":"max-video-preview:-1"},"canonical":"https:\/\/femergs.com.br\/wfe\/blog\/reflexoes-de-um-servidor\/","og_locale":"pt_BR","og_type":"article","og_title":"Reflex\u00f5es de um Servidor! - Federa\u00e7\u00e3o dos Municip\u00e1rios do Estado do Rio Grande do Sul","og_description":"Boa tarde a todos nossos companheiros, filiados ou n\u00e3o. Esperamos que todos esteja bem de sa\u00fade, bem como seus familiares, e refor\u00e7amos aqui que a FEMERGS est\u00e1 a disposi\u00e7\u00e3o de seus associados pelos canais de m\u00eddia, sintam-se a vontade em n\u00f3s procurar. Hoje n\u00e3o colocarei nenhuma sugest\u00e3o de an\u00e1lise, gostaria que todos lessem o texto [&hellip;]","og_url":"https:\/\/femergs.com.br\/wfe\/blog\/reflexoes-de-um-servidor\/","og_site_name":"Federa\u00e7\u00e3o dos Municip\u00e1rios do Estado do Rio Grande do Sul","article_publisher":"https:\/\/www.facebook.com\/profile.php?id=100057151733001","article_published_time":"2020-03-27T20:13:38+00:00","author":"adminfemergs","twitter_card":"summary_large_image","twitter_misc":{"Escrito por":"adminfemergs","Est. tempo de leitura":"4 minutos"},"schema":{"@context":"https:\/\/schema.org","@graph":[{"@type":"Article","@id":"https:\/\/femergs.com.br\/wfe\/blog\/reflexoes-de-um-servidor\/#article","isPartOf":{"@id":"https:\/\/femergs.com.br\/wfe\/blog\/reflexoes-de-um-servidor\/"},"author":{"name":"adminfemergs","@id":"https:\/\/femergs.com.br\/wfe\/#\/schema\/person\/f5558e6b5ffc044ee085016237dedb7f"},"headline":"Reflex\u00f5es de um Servidor!","datePublished":"2020-03-27T20:13:38+00:00","mainEntityOfPage":{"@id":"https:\/\/femergs.com.br\/wfe\/blog\/reflexoes-de-um-servidor\/"},"wordCount":885,"publisher":{"@id":"https:\/\/femergs.com.br\/wfe\/#organization"},"keywords":["NULL"],"articleSection":["ARQUIVADAS"],"inLanguage":"pt-BR"},{"@type":"WebPage","@id":"https:\/\/femergs.com.br\/wfe\/blog\/reflexoes-de-um-servidor\/","url":"https:\/\/femergs.com.br\/wfe\/blog\/reflexoes-de-um-servidor\/","name":"Reflex\u00f5es de um Servidor! - Federa\u00e7\u00e3o dos Municip\u00e1rios do Estado do Rio Grande do Sul","isPartOf":{"@id":"https:\/\/femergs.com.br\/wfe\/#website"},"datePublished":"2020-03-27T20:13:38+00:00","breadcrumb":{"@id":"https:\/\/femergs.com.br\/wfe\/blog\/reflexoes-de-um-servidor\/#breadcrumb"},"inLanguage":"pt-BR","potentialAction":[{"@type":"ReadAction","target":["https:\/\/femergs.com.br\/wfe\/blog\/reflexoes-de-um-servidor\/"]}]},{"@type":"BreadcrumbList","@id":"https:\/\/femergs.com.br\/wfe\/blog\/reflexoes-de-um-servidor\/#breadcrumb","itemListElement":[{"@type":"ListItem","position":1,"name":"In\u00edcio","item":"https:\/\/femergs.com.br\/wfe\/"},{"@type":"ListItem","position":2,"name":"Reflex\u00f5es de um Servidor!"}]},{"@type":"WebSite","@id":"https:\/\/femergs.com.br\/wfe\/#website","url":"https:\/\/femergs.com.br\/wfe\/","name":"FEMERGS","description":"FEDERA\u00c7\u00c3O DOS MUNICIP\u00c1RIOS DO ESTADO DO RIO GRANDE DO SUL","publisher":{"@id":"https:\/\/femergs.com.br\/wfe\/#organization"},"potentialAction":[{"@type":"SearchAction","target":{"@type":"EntryPoint","urlTemplate":"https:\/\/femergs.com.br\/wfe\/?s={search_term_string}"},"query-input":{"@type":"PropertyValueSpecification","valueRequired":true,"valueName":"search_term_string"}}],"inLanguage":"pt-BR"},{"@type":"Organization","@id":"https:\/\/femergs.com.br\/wfe\/#organization","name":"FEMERGS","url":"https:\/\/femergs.com.br\/wfe\/","logo":{"@type":"ImageObject","inLanguage":"pt-BR","@id":"https:\/\/femergs.com.br\/wfe\/#\/schema\/logo\/image\/","url":"https:\/\/femergs.com.br\/wfe\/wp-content\/uploads\/2025\/06\/logotipo.png","contentUrl":"https:\/\/femergs.com.br\/wfe\/wp-content\/uploads\/2025\/06\/logotipo.png","width":500,"height":500,"caption":"FEMERGS"},"image":{"@id":"https:\/\/femergs.com.br\/wfe\/#\/schema\/logo\/image\/"},"sameAs":["https:\/\/www.facebook.com\/profile.php?id=100057151733001","https:\/\/www.instagram.com\/femergs_rs\/"]},{"@type":"Person","@id":"https:\/\/femergs.com.br\/wfe\/#\/schema\/person\/f5558e6b5ffc044ee085016237dedb7f","name":"adminfemergs","image":{"@type":"ImageObject","inLanguage":"pt-BR","@id":"https:\/\/femergs.com.br\/wfe\/#\/schema\/person\/image\/","url":"https:\/\/secure.gravatar.com\/avatar\/398642fa557cdd524617ad9b31c938845f071aeb3448b9c0aeb29aefc495337b?s=96&d=mm&r=g","contentUrl":"https:\/\/secure.gravatar.com\/avatar\/398642fa557cdd524617ad9b31c938845f071aeb3448b9c0aeb29aefc495337b?s=96&d=mm&r=g","caption":"adminfemergs"},"sameAs":["https:\/\/femergs.com.br\/wfe"],"url":"https:\/\/femergs.com.br\/wfe\/blog\/author\/adminfemergs\/"}]}},"uagb_featured_image_src":{"full":false,"thumbnail":false,"medium":false,"medium_large":false,"large":false,"1536x1536":false,"2048x2048":false,"ultp_layout_landscape_large":false,"ultp_layout_landscape":false,"ultp_layout_portrait":false,"ultp_layout_square":false},"uagb_author_info":{"display_name":"adminfemergs","author_link":"https:\/\/femergs.com.br\/wfe\/blog\/author\/adminfemergs\/"},"uagb_comment_info":0,"uagb_excerpt":"Boa tarde a todos nossos companheiros, filiados ou n\u00e3o. Esperamos que todos esteja bem de sa\u00fade, bem como seus familiares, e refor\u00e7amos aqui que a FEMERGS est\u00e1 a disposi\u00e7\u00e3o de seus associados pelos canais de m\u00eddia, sintam-se a vontade em n\u00f3s procurar. Hoje n\u00e3o colocarei nenhuma sugest\u00e3o de an\u00e1lise, gostaria que todos lessem o texto&hellip;","_links":{"self":[{"href":"https:\/\/femergs.com.br\/wfe\/wp-json\/wp\/v2\/posts\/1226","targetHints":{"allow":["GET"]}}],"collection":[{"href":"https:\/\/femergs.com.br\/wfe\/wp-json\/wp\/v2\/posts"}],"about":[{"href":"https:\/\/femergs.com.br\/wfe\/wp-json\/wp\/v2\/types\/post"}],"author":[{"embeddable":true,"href":"https:\/\/femergs.com.br\/wfe\/wp-json\/wp\/v2\/users\/1"}],"replies":[{"embeddable":true,"href":"https:\/\/femergs.com.br\/wfe\/wp-json\/wp\/v2\/comments?post=1226"}],"version-history":[{"count":0,"href":"https:\/\/femergs.com.br\/wfe\/wp-json\/wp\/v2\/posts\/1226\/revisions"}],"wp:attachment":[{"href":"https:\/\/femergs.com.br\/wfe\/wp-json\/wp\/v2\/media?parent=1226"}],"wp:term":[{"taxonomy":"category","embeddable":true,"href":"https:\/\/femergs.com.br\/wfe\/wp-json\/wp\/v2\/categories?post=1226"},{"taxonomy":"post_tag","embeddable":true,"href":"https:\/\/femergs.com.br\/wfe\/wp-json\/wp\/v2\/tags?post=1226"}],"curies":[{"name":"wp","href":"https:\/\/api.w.org\/{rel}","templated":true}]}}