{"id":1229,"date":"2020-04-01T16:33:44","date_gmt":"2020-04-01T16:33:44","guid":{"rendered":"https:\/\/femergs.com.br\/wfe\/blog\/empatia\/"},"modified":"2020-04-01T16:33:44","modified_gmt":"2020-04-01T16:33:44","slug":"empatia","status":"publish","type":"post","link":"https:\/\/femergs.com.br\/wfe\/blog\/empatia\/","title":{"rendered":"EMPATIA"},"content":{"rendered":"<p>EMPATIA&#8230;<\/p>\n<p>          Convido todos voc\u00eas a participarem de uma a\u00e7\u00e3o que ajudar\u00e1 muitas pessoas&#8230;uma corrente do bem!!!<\/p>\n<p>          Hoje pela manh\u00e3 compartilhei a seguinte mensagem com os com\u00e9rcios nos quais costumo comprar mensalmente.<\/p>\n<p>          &#8220;Bom dia. Em primeiro lugar for\u00e7a e f\u00e9!!!! \u00c9 o que precisamos neste momento&#8230;.tudo t\u00e3o incerto&#8230;.N\u00e3o est\u00e1 f\u00e1cil para ningu\u00e9m!!! Deus nos livre e nos guarde do pior, protegendo sempre nossas fam\u00edlias!!! Me coloco no lugar de voc\u00eas, n\u00e3o \u00e9 f\u00e1cil&#8230;.\u00e9 triste&#8230;.N\u00e3o posso fazer muito&#8230;.mas eu gostaria de fazer minha parte&#8230;.pagando o que devo as pessoas&#8230;.porque imagino que qualquer valor que entrar j\u00e1 ajuda sempre&#8230;..Estou em casa, ent\u00e3o l\u00e1 vai minha pergunta, voc\u00ea est\u00e1 aberta? Como \u00e9 melhor para eu lhe pagar? Passo l\u00e1?<\/p>\n<p>           Tomara que as pessoas que tem a oportunidade de ganhar seu sal\u00e1rio pensem como eu para conseguirmos manter um pouco nossos com\u00e9rcios&#8230;..<\/p>\n<p>           Precisamos nos colocar no lugar dos outros&#8230;..ter empatia&#8230;..<br \/>\n           Precisamos agradecer a Deus por ainda termos sa\u00fade e o dom da Vida!!!!<br \/>\n           Estou orando e torcendo por todos voc\u00eas!!!!&#8221;<\/p>\n<p>            Isto foi o que eu consegui fazer para ajudar, n\u00e3o criticar nem julgar como muitos est\u00e3o fazendo&#8230;..Se voc\u00ea \u00e9 de uma classe privilegiada que continua ganhando seu sal\u00e1rio pense naqueles que n\u00e3o tem&#8230;.que precisam do pouco que muitos devem&#8230;<\/p>\n<p>             Vamos ser luz nos dias de escurid\u00e3o!!!! Vamos compartilhar atitudes boas!!!<\/p>\n<p>              Junto neste post fa\u00e7o um apelo as pessoas que s\u00e3o donas de estabelecimentos&#8230;.pensem bem&#8230;..sem aberturas de com\u00e9rcios&#8230;..sem vendas&#8230;.com que sensibilidade voc\u00eas cobrar\u00e3o o mesmo valor do aluguel?? Sem entrada de dinheiro?! Vamos exercer empatia, resili\u00eancia&#8230;.de nada adianta compartilhar nas m\u00eddias se a atitude di\u00e1ria n\u00e3o muda&#8230;..se coloquem no lugar daqueles que n\u00e3o tem donde tirar dinheiro&#8230;..ningu\u00e9m estava preparado&#8230;.conversem&#8230;.negociam&#8230;.cobrem uma porcentagem, revejam, aceitem pagamentos a longo prazo&#8230; n\u00e3o obrigue os pequenos a fazerem empr\u00e9stimos sem saber se conseguir\u00e3o pagar&#8230;.<\/p>\n<p>                Come\u00e7amos por n\u00f3s a mudar, evoluir, ajudar&#8230;..Vamos ser mais humanos!!!<br \/>\n                \u00c9 s\u00f3 o que penso&#8230;.apenas para parar de criticar e come\u00e7ar a agir&#8230;<\/p>\n<p>                Sou Professora Ledi Eberhardt, de C\u00e2ndido God\u00f3i\/RS, e este texto \u00e9 de minha autoria e desculpe-me se n\u00e3o agradei algu\u00e9m, foi o m\u00ednimo  que n\u00f3s enquanto seres humanos podemos estar fazendo e n\u00e3o ficar assistindo de bra\u00e7os cruzados o que est\u00e1 acontecendo.<\/p>\n","protected":false},"excerpt":{"rendered":"<p>EMPATIA&#8230; Convido todos voc\u00eas a participarem de uma a\u00e7\u00e3o que ajudar\u00e1 muitas pessoas&#8230;uma corrente do bem!!! Hoje pela manh\u00e3 compartilhei a seguinte mensagem com os com\u00e9rcios nos quais costumo comprar mensalmente. &#8220;Bom dia. Em primeiro lugar for\u00e7a e f\u00e9!!!! \u00c9 o que precisamos neste momento&#8230;.tudo t\u00e3o incerto&#8230;.N\u00e3o est\u00e1 f\u00e1cil para ningu\u00e9m!!! Deus nos livre e [&hellip;]<\/p>\n","protected":false},"author":1,"featured_media":0,"comment_status":"closed","ping_status":"closed","sticky":false,"template":"","format":"standard","meta":{"_eb_attr":"","_uag_custom_page_level_css":"","fifu_image_url":"","fifu_image_alt":"","footnotes":""},"categories":[1],"tags":[32],"class_list":["post-1229","post","type-post","status-publish","format-standard","hentry","category-arquivadas","tag-null"],"yoast_head":"<!-- This site is optimized with the Yoast SEO plugin v27.1.1 - https:\/\/yoast.com\/product\/yoast-seo-wordpress\/ -->\n<title>EMPATIA - Federa\u00e7\u00e3o dos Municip\u00e1rios do Estado do Rio Grande do Sul<\/title>\n<meta name=\"robots\" content=\"index, follow, max-snippet:-1, max-image-preview:large, max-video-preview:-1\" \/>\n<link rel=\"canonical\" href=\"https:\/\/femergs.com.br\/wfe\/blog\/empatia\/\" \/>\n<meta property=\"og:locale\" content=\"pt_BR\" \/>\n<meta property=\"og:type\" content=\"article\" \/>\n<meta property=\"og:title\" content=\"EMPATIA - Federa\u00e7\u00e3o dos Municip\u00e1rios do Estado do Rio Grande do Sul\" \/>\n<meta property=\"og:description\" content=\"EMPATIA&#8230; Convido todos voc\u00eas a participarem de uma a\u00e7\u00e3o que ajudar\u00e1 muitas pessoas&#8230;uma corrente do bem!!! Hoje pela manh\u00e3 compartilhei a seguinte mensagem com os com\u00e9rcios nos quais costumo comprar mensalmente. &#8220;Bom dia. Em primeiro lugar for\u00e7a e f\u00e9!!!! \u00c9 o que precisamos neste momento&#8230;.tudo t\u00e3o incerto&#8230;.N\u00e3o est\u00e1 f\u00e1cil para ningu\u00e9m!!! Deus nos livre e [&hellip;]\" \/>\n<meta property=\"og:url\" content=\"https:\/\/femergs.com.br\/wfe\/blog\/empatia\/\" \/>\n<meta property=\"og:site_name\" content=\"Federa\u00e7\u00e3o dos Municip\u00e1rios do Estado do Rio Grande do Sul\" \/>\n<meta property=\"article:publisher\" content=\"https:\/\/www.facebook.com\/profile.php?id=100057151733001\" \/>\n<meta property=\"article:published_time\" content=\"2020-04-01T16:33:44+00:00\" \/>\n<meta name=\"author\" content=\"adminfemergs\" \/>\n<meta name=\"twitter:card\" content=\"summary_large_image\" \/>\n<meta name=\"twitter:label1\" content=\"Escrito por\" \/>\n\t<meta name=\"twitter:data1\" content=\"adminfemergs\" \/>\n\t<meta name=\"twitter:label2\" content=\"Est. tempo de leitura\" \/>\n\t<meta name=\"twitter:data2\" content=\"2 minutos\" \/>\n<script type=\"application\/ld+json\" class=\"yoast-schema-graph\">{\"@context\":\"https:\/\/schema.org\",\"@graph\":[{\"@type\":\"Article\",\"@id\":\"https:\/\/femergs.com.br\/wfe\/blog\/empatia\/#article\",\"isPartOf\":{\"@id\":\"https:\/\/femergs.com.br\/wfe\/blog\/empatia\/\"},\"author\":{\"name\":\"adminfemergs\",\"@id\":\"https:\/\/femergs.com.br\/wfe\/#\/schema\/person\/f5558e6b5ffc044ee085016237dedb7f\"},\"headline\":\"EMPATIA\",\"datePublished\":\"2020-04-01T16:33:44+00:00\",\"mainEntityOfPage\":{\"@id\":\"https:\/\/femergs.com.br\/wfe\/blog\/empatia\/\"},\"wordCount\":425,\"publisher\":{\"@id\":\"https:\/\/femergs.com.br\/wfe\/#organization\"},\"keywords\":[\"NULL\"],\"articleSection\":[\"ARQUIVADAS\"],\"inLanguage\":\"pt-BR\"},{\"@type\":\"WebPage\",\"@id\":\"https:\/\/femergs.com.br\/wfe\/blog\/empatia\/\",\"url\":\"https:\/\/femergs.com.br\/wfe\/blog\/empatia\/\",\"name\":\"EMPATIA - Federa\u00e7\u00e3o dos Municip\u00e1rios do Estado do Rio Grande do Sul\",\"isPartOf\":{\"@id\":\"https:\/\/femergs.com.br\/wfe\/#website\"},\"datePublished\":\"2020-04-01T16:33:44+00:00\",\"breadcrumb\":{\"@id\":\"https:\/\/femergs.com.br\/wfe\/blog\/empatia\/#breadcrumb\"},\"inLanguage\":\"pt-BR\",\"potentialAction\":[{\"@type\":\"ReadAction\",\"target\":[\"https:\/\/femergs.com.br\/wfe\/blog\/empatia\/\"]}]},{\"@type\":\"BreadcrumbList\",\"@id\":\"https:\/\/femergs.com.br\/wfe\/blog\/empatia\/#breadcrumb\",\"itemListElement\":[{\"@type\":\"ListItem\",\"position\":1,\"name\":\"In\u00edcio\",\"item\":\"https:\/\/femergs.com.br\/wfe\/\"},{\"@type\":\"ListItem\",\"position\":2,\"name\":\"EMPATIA\"}]},{\"@type\":\"WebSite\",\"@id\":\"https:\/\/femergs.com.br\/wfe\/#website\",\"url\":\"https:\/\/femergs.com.br\/wfe\/\",\"name\":\"FEMERGS\",\"description\":\"FEDERA\u00c7\u00c3O DOS MUNICIP\u00c1RIOS DO ESTADO DO RIO GRANDE DO SUL\",\"publisher\":{\"@id\":\"https:\/\/femergs.com.br\/wfe\/#organization\"},\"potentialAction\":[{\"@type\":\"SearchAction\",\"target\":{\"@type\":\"EntryPoint\",\"urlTemplate\":\"https:\/\/femergs.com.br\/wfe\/?s={search_term_string}\"},\"query-input\":{\"@type\":\"PropertyValueSpecification\",\"valueRequired\":true,\"valueName\":\"search_term_string\"}}],\"inLanguage\":\"pt-BR\"},{\"@type\":\"Organization\",\"@id\":\"https:\/\/femergs.com.br\/wfe\/#organization\",\"name\":\"FEMERGS\",\"url\":\"https:\/\/femergs.com.br\/wfe\/\",\"logo\":{\"@type\":\"ImageObject\",\"inLanguage\":\"pt-BR\",\"@id\":\"https:\/\/femergs.com.br\/wfe\/#\/schema\/logo\/image\/\",\"url\":\"https:\/\/femergs.com.br\/wfe\/wp-content\/uploads\/2025\/06\/logotipo.png\",\"contentUrl\":\"https:\/\/femergs.com.br\/wfe\/wp-content\/uploads\/2025\/06\/logotipo.png\",\"width\":500,\"height\":500,\"caption\":\"FEMERGS\"},\"image\":{\"@id\":\"https:\/\/femergs.com.br\/wfe\/#\/schema\/logo\/image\/\"},\"sameAs\":[\"https:\/\/www.facebook.com\/profile.php?id=100057151733001\",\"https:\/\/www.instagram.com\/femergs_rs\/\"]},{\"@type\":\"Person\",\"@id\":\"https:\/\/femergs.com.br\/wfe\/#\/schema\/person\/f5558e6b5ffc044ee085016237dedb7f\",\"name\":\"adminfemergs\",\"image\":{\"@type\":\"ImageObject\",\"inLanguage\":\"pt-BR\",\"@id\":\"https:\/\/femergs.com.br\/wfe\/#\/schema\/person\/image\/\",\"url\":\"https:\/\/secure.gravatar.com\/avatar\/398642fa557cdd524617ad9b31c938845f071aeb3448b9c0aeb29aefc495337b?s=96&d=mm&r=g\",\"contentUrl\":\"https:\/\/secure.gravatar.com\/avatar\/398642fa557cdd524617ad9b31c938845f071aeb3448b9c0aeb29aefc495337b?s=96&d=mm&r=g\",\"caption\":\"adminfemergs\"},\"sameAs\":[\"https:\/\/femergs.com.br\/wfe\"],\"url\":\"https:\/\/femergs.com.br\/wfe\/blog\/author\/adminfemergs\/\"}]}<\/script>\n<!-- \/ Yoast SEO plugin. -->","yoast_head_json":{"title":"EMPATIA - Federa\u00e7\u00e3o dos Municip\u00e1rios do Estado do Rio Grande do Sul","robots":{"index":"index","follow":"follow","max-snippet":"max-snippet:-1","max-image-preview":"max-image-preview:large","max-video-preview":"max-video-preview:-1"},"canonical":"https:\/\/femergs.com.br\/wfe\/blog\/empatia\/","og_locale":"pt_BR","og_type":"article","og_title":"EMPATIA - Federa\u00e7\u00e3o dos Municip\u00e1rios do Estado do Rio Grande do Sul","og_description":"EMPATIA&#8230; Convido todos voc\u00eas a participarem de uma a\u00e7\u00e3o que ajudar\u00e1 muitas pessoas&#8230;uma corrente do bem!!! Hoje pela manh\u00e3 compartilhei a seguinte mensagem com os com\u00e9rcios nos quais costumo comprar mensalmente. &#8220;Bom dia. Em primeiro lugar for\u00e7a e f\u00e9!!!! \u00c9 o que precisamos neste momento&#8230;.tudo t\u00e3o incerto&#8230;.N\u00e3o est\u00e1 f\u00e1cil para ningu\u00e9m!!! Deus nos livre e [&hellip;]","og_url":"https:\/\/femergs.com.br\/wfe\/blog\/empatia\/","og_site_name":"Federa\u00e7\u00e3o dos Municip\u00e1rios do Estado do Rio Grande do Sul","article_publisher":"https:\/\/www.facebook.com\/profile.php?id=100057151733001","article_published_time":"2020-04-01T16:33:44+00:00","author":"adminfemergs","twitter_card":"summary_large_image","twitter_misc":{"Escrito por":"adminfemergs","Est. tempo de leitura":"2 minutos"},"schema":{"@context":"https:\/\/schema.org","@graph":[{"@type":"Article","@id":"https:\/\/femergs.com.br\/wfe\/blog\/empatia\/#article","isPartOf":{"@id":"https:\/\/femergs.com.br\/wfe\/blog\/empatia\/"},"author":{"name":"adminfemergs","@id":"https:\/\/femergs.com.br\/wfe\/#\/schema\/person\/f5558e6b5ffc044ee085016237dedb7f"},"headline":"EMPATIA","datePublished":"2020-04-01T16:33:44+00:00","mainEntityOfPage":{"@id":"https:\/\/femergs.com.br\/wfe\/blog\/empatia\/"},"wordCount":425,"publisher":{"@id":"https:\/\/femergs.com.br\/wfe\/#organization"},"keywords":["NULL"],"articleSection":["ARQUIVADAS"],"inLanguage":"pt-BR"},{"@type":"WebPage","@id":"https:\/\/femergs.com.br\/wfe\/blog\/empatia\/","url":"https:\/\/femergs.com.br\/wfe\/blog\/empatia\/","name":"EMPATIA - Federa\u00e7\u00e3o dos Municip\u00e1rios do Estado do Rio Grande do Sul","isPartOf":{"@id":"https:\/\/femergs.com.br\/wfe\/#website"},"datePublished":"2020-04-01T16:33:44+00:00","breadcrumb":{"@id":"https:\/\/femergs.com.br\/wfe\/blog\/empatia\/#breadcrumb"},"inLanguage":"pt-BR","potentialAction":[{"@type":"ReadAction","target":["https:\/\/femergs.com.br\/wfe\/blog\/empatia\/"]}]},{"@type":"BreadcrumbList","@id":"https:\/\/femergs.com.br\/wfe\/blog\/empatia\/#breadcrumb","itemListElement":[{"@type":"ListItem","position":1,"name":"In\u00edcio","item":"https:\/\/femergs.com.br\/wfe\/"},{"@type":"ListItem","position":2,"name":"EMPATIA"}]},{"@type":"WebSite","@id":"https:\/\/femergs.com.br\/wfe\/#website","url":"https:\/\/femergs.com.br\/wfe\/","name":"FEMERGS","description":"FEDERA\u00c7\u00c3O DOS MUNICIP\u00c1RIOS DO ESTADO DO RIO GRANDE DO SUL","publisher":{"@id":"https:\/\/femergs.com.br\/wfe\/#organization"},"potentialAction":[{"@type":"SearchAction","target":{"@type":"EntryPoint","urlTemplate":"https:\/\/femergs.com.br\/wfe\/?s={search_term_string}"},"query-input":{"@type":"PropertyValueSpecification","valueRequired":true,"valueName":"search_term_string"}}],"inLanguage":"pt-BR"},{"@type":"Organization","@id":"https:\/\/femergs.com.br\/wfe\/#organization","name":"FEMERGS","url":"https:\/\/femergs.com.br\/wfe\/","logo":{"@type":"ImageObject","inLanguage":"pt-BR","@id":"https:\/\/femergs.com.br\/wfe\/#\/schema\/logo\/image\/","url":"https:\/\/femergs.com.br\/wfe\/wp-content\/uploads\/2025\/06\/logotipo.png","contentUrl":"https:\/\/femergs.com.br\/wfe\/wp-content\/uploads\/2025\/06\/logotipo.png","width":500,"height":500,"caption":"FEMERGS"},"image":{"@id":"https:\/\/femergs.com.br\/wfe\/#\/schema\/logo\/image\/"},"sameAs":["https:\/\/www.facebook.com\/profile.php?id=100057151733001","https:\/\/www.instagram.com\/femergs_rs\/"]},{"@type":"Person","@id":"https:\/\/femergs.com.br\/wfe\/#\/schema\/person\/f5558e6b5ffc044ee085016237dedb7f","name":"adminfemergs","image":{"@type":"ImageObject","inLanguage":"pt-BR","@id":"https:\/\/femergs.com.br\/wfe\/#\/schema\/person\/image\/","url":"https:\/\/secure.gravatar.com\/avatar\/398642fa557cdd524617ad9b31c938845f071aeb3448b9c0aeb29aefc495337b?s=96&d=mm&r=g","contentUrl":"https:\/\/secure.gravatar.com\/avatar\/398642fa557cdd524617ad9b31c938845f071aeb3448b9c0aeb29aefc495337b?s=96&d=mm&r=g","caption":"adminfemergs"},"sameAs":["https:\/\/femergs.com.br\/wfe"],"url":"https:\/\/femergs.com.br\/wfe\/blog\/author\/adminfemergs\/"}]}},"uagb_featured_image_src":{"full":false,"thumbnail":false,"medium":false,"medium_large":false,"large":false,"1536x1536":false,"2048x2048":false,"ultp_layout_landscape_large":false,"ultp_layout_landscape":false,"ultp_layout_portrait":false,"ultp_layout_square":false},"uagb_author_info":{"display_name":"adminfemergs","author_link":"https:\/\/femergs.com.br\/wfe\/blog\/author\/adminfemergs\/"},"uagb_comment_info":0,"uagb_excerpt":"EMPATIA&#8230; Convido todos voc\u00eas a participarem de uma a\u00e7\u00e3o que ajudar\u00e1 muitas pessoas&#8230;uma corrente do bem!!! Hoje pela manh\u00e3 compartilhei a seguinte mensagem com os com\u00e9rcios nos quais costumo comprar mensalmente. &#8220;Bom dia. Em primeiro lugar for\u00e7a e f\u00e9!!!! \u00c9 o que precisamos neste momento&#8230;.tudo t\u00e3o incerto&#8230;.N\u00e3o est\u00e1 f\u00e1cil para ningu\u00e9m!!! Deus nos livre e&hellip;","_links":{"self":[{"href":"https:\/\/femergs.com.br\/wfe\/wp-json\/wp\/v2\/posts\/1229","targetHints":{"allow":["GET"]}}],"collection":[{"href":"https:\/\/femergs.com.br\/wfe\/wp-json\/wp\/v2\/posts"}],"about":[{"href":"https:\/\/femergs.com.br\/wfe\/wp-json\/wp\/v2\/types\/post"}],"author":[{"embeddable":true,"href":"https:\/\/femergs.com.br\/wfe\/wp-json\/wp\/v2\/users\/1"}],"replies":[{"embeddable":true,"href":"https:\/\/femergs.com.br\/wfe\/wp-json\/wp\/v2\/comments?post=1229"}],"version-history":[{"count":0,"href":"https:\/\/femergs.com.br\/wfe\/wp-json\/wp\/v2\/posts\/1229\/revisions"}],"wp:attachment":[{"href":"https:\/\/femergs.com.br\/wfe\/wp-json\/wp\/v2\/media?parent=1229"}],"wp:term":[{"taxonomy":"category","embeddable":true,"href":"https:\/\/femergs.com.br\/wfe\/wp-json\/wp\/v2\/categories?post=1229"},{"taxonomy":"post_tag","embeddable":true,"href":"https:\/\/femergs.com.br\/wfe\/wp-json\/wp\/v2\/tags?post=1229"}],"curies":[{"name":"wp","href":"https:\/\/api.w.org\/{rel}","templated":true}]}}