{"id":1230,"date":"2020-04-02T12:47:52","date_gmt":"2020-04-02T12:47:52","guid":{"rendered":"https:\/\/femergs.com.br\/wfe\/blog\/eu-me-policio-eu-me-corrijo-o-mundo-melhora\/"},"modified":"2020-04-02T12:47:52","modified_gmt":"2020-04-02T12:47:52","slug":"eu-me-policio-eu-me-corrijo-o-mundo-melhora","status":"publish","type":"post","link":"https:\/\/femergs.com.br\/wfe\/blog\/eu-me-policio-eu-me-corrijo-o-mundo-melhora\/","title":{"rendered":"EU ME POLICIO, EU ME CORRIJO, O MUNDO MELHORA."},"content":{"rendered":"<p>Muitos publicam, mensagens de auto ajuda, curas de corona, para amenizar a dor que todos n\u00f3s humanos com ainda alguma capacidade de empatia possamos nos \u201cesperan\u00e7ar\u201d, sim do verbo, como dizia Paulo Freire. \u201c\u00c9 preciso ter esperan\u00e7a, mas ter esperan\u00e7a do verbo esperan\u00e7ar, pois tem gente que esperan\u00e7a do verbo esperar.\u201d<\/p>\n<p>Que estes dois grandes homens, fa\u00e7am parte desta nossa espera no isolamento, que possamos refletir o que vamos mudar quando isto tudo acabar. Sim, eu conversei hoje com um trabalhador, que me disse, \u201cpreciso trabalhar, para levar feij\u00e3o e arroz para casa, sei que posso levar o v\u00edrus junto, mas n\u00e3o sou MEU PATR\u00c3O, que conseguiu estocar uns dez carrinho de supermercado, cheio de carne, bolachas, doces para entreter os filhos\u201d&#8230;.. Ningu\u00e9m mais do que n\u00f3s sindicalista sabemos disso, a gente fala e vivi isto no nosso dia a dia. Em uma viagem de trabalho lembro do Presidente Vilson me perguntando quantas pessoas eu achava que podiam ser abrigadas e produzir alimentos naquele espa\u00e7o que est\u00e1vamos passando, pois a uns vinte minutos, a cem por hora n\u00e3o hav\u00edamos chegado ainda ao fim da fazendo, e ele, n\u00e3o tinha visto uma casa, somente uma centena de gado. Ent\u00e3o meu desafio de reflex\u00e3o hoje, n\u00e3o \u00e9 sobre este nosso papel, este nosso conhecimento. \u00c9 mais \u00edntimo, mais pessoal.<\/p>\n<p>Como eu, individuo, poderei praticar mudan\u00e7as em minha vida para depois que o Corona passar, reerguer nossa sociedade, e que esta sociedade, seja um pouco mais humana como referem Mojica, Paulo Freire, mas que at\u00e9 agora n\u00e3o passaram de cita\u00e7\u00f5es para que a gente pare\u00e7a mais inteligente, ou passe em concurso. Como sindicalista, tenho mesmo que ter a sede mais bonita constru\u00edda no meu mandato? Ou uma sede s\u00f3bria n\u00e3o seria o suficiente para que eu pudesse com o escasso recurso que tenho de proporcionar aos s\u00f3cios outros tipos de benef\u00edcios, mais sociais, mais humanos do que um pr\u00e9dio chique?<\/p>\n<p>E individualmente, quais s\u00e3o minhas ambi\u00e7\u00f5es de vida, ter dez vidros de perfume? Trinta pares de sapato? Duzentas blusas? Cole\u00e7\u00e3o de objetos na casa? N\u00e3o adianta n\u00f3s fugir desta realidade, mesmo que eu separe meu lixo, guarde as folhas, o lixo org\u00e2nico para meu terreno, eu SOU SIM respons\u00e1vel pela destrui\u00e7\u00e3o do Planeta, se sou um consumista irrespons\u00e1vel, nossas mudan\u00e7as precisam ser mais profunda, existem comodidades que s\u00e3o incr\u00edveis, como o ar condicionado por exemplo, mas ser\u00e1 que \u00e9 preciso ele em TODOS os ambientes e momentos? N\u00e3o podemos suportar um calor com o ventilador ligado. Podemos sim, \u00e9 s\u00f3 ver nos barracos de milh\u00f5es de pessoas que n\u00e3o tem nem janela ventilada, que dir\u00e1 um ventilador.<\/p>\n<p>Quanto eu me policio, no meu trabalho, para n\u00e3o sentir INVEJA do meu colega que ganhou um elogio do chefe, ou foi melhor do que eu na execu\u00e7\u00e3o de uma tarefa? Quanto eu me policio para n\u00e3o sentir inveja do meu vizinho que pintou a casa, mudou o jardim ou instalou uma senhora de uma JACUZZI para relaxar com o companheiro ou companheira? Quanto eu me policio para n\u00e3o sentir inveja do meu colega que trocou de carro? Ah, mas isso n\u00e3o tem a ver com o v\u00edrus, tem sim, pois se n\u00e3o fizermos estas an\u00e1lises mesmo que publiquemos MILHARES de boas mensagens, se n\u00f3s n\u00e3o viver estas boas energias, o papel, o facebook, o escrito passa a ter o mesmo valor que uma imagem de Jesus, gelada em um altar, ou uma b\u00edblia em baixo do bra\u00e7o. NENHUM EFEITO POSITIVO. Ao contr\u00e1rio, estas atitudes v\u00e3o transborda nossa arrog\u00e2ncia, petul\u00e2ncia e falta de educa\u00e7\u00e3o social.<\/p>\n<p>VAMOS NOS POLICIAR, PARA QUE N\u00c3O SEJAMOS CONDUTORES DE ENERGIAS POSITIVAS FALSIFICADAS, QUE SEJAMOS SOMENTE HUMANOS REALMENTE COMPROMETIDOS COM NOSSO PLANETA. FIQUEM BEM, NINGU\u00c9M LARGA A M\u00c3O DE NINGUEM, JUNTOS SOMOS INFINITAMENTE MAIS FORTES.<\/p>\n","protected":false},"excerpt":{"rendered":"<p>\u201cEU N\u00c3O SOU POBRE, EU SOU S\u00d3BRIO DE BAGAGEM LEVE. VIVO APENAS COM O SUFICIENTE PARA QUE AS COISAS N\u00c3O ROUBEM MINHA LIBERDADE\u201d. MUJICA.<\/p>\n","protected":false},"author":1,"featured_media":0,"comment_status":"closed","ping_status":"closed","sticky":false,"template":"","format":"standard","meta":{"_eb_attr":"","_uag_custom_page_level_css":"","fifu_image_url":"","fifu_image_alt":"","footnotes":""},"categories":[1],"tags":[32],"class_list":["post-1230","post","type-post","status-publish","format-standard","hentry","category-arquivadas","tag-null"],"yoast_head":"<!-- This site is optimized with the Yoast SEO plugin v27.1.1 - https:\/\/yoast.com\/product\/yoast-seo-wordpress\/ -->\n<title>EU ME POLICIO, EU ME CORRIJO, O MUNDO MELHORA. - Federa\u00e7\u00e3o dos Municip\u00e1rios do Estado do Rio Grande do Sul<\/title>\n<meta name=\"robots\" content=\"index, follow, max-snippet:-1, max-image-preview:large, max-video-preview:-1\" \/>\n<link rel=\"canonical\" href=\"https:\/\/femergs.com.br\/wfe\/blog\/eu-me-policio-eu-me-corrijo-o-mundo-melhora\/\" \/>\n<meta property=\"og:locale\" content=\"pt_BR\" \/>\n<meta property=\"og:type\" content=\"article\" \/>\n<meta property=\"og:title\" content=\"EU ME POLICIO, EU ME CORRIJO, O MUNDO MELHORA. - Federa\u00e7\u00e3o dos Municip\u00e1rios do Estado do Rio Grande do Sul\" \/>\n<meta property=\"og:description\" content=\"\u201cEU N\u00c3O SOU POBRE, EU SOU S\u00d3BRIO DE BAGAGEM LEVE. VIVO APENAS COM O SUFICIENTE PARA QUE AS COISAS N\u00c3O ROUBEM MINHA LIBERDADE\u201d. MUJICA.\" \/>\n<meta property=\"og:url\" content=\"https:\/\/femergs.com.br\/wfe\/blog\/eu-me-policio-eu-me-corrijo-o-mundo-melhora\/\" \/>\n<meta property=\"og:site_name\" content=\"Federa\u00e7\u00e3o dos Municip\u00e1rios do Estado do Rio Grande do Sul\" \/>\n<meta property=\"article:publisher\" content=\"https:\/\/www.facebook.com\/profile.php?id=100057151733001\" \/>\n<meta property=\"article:published_time\" content=\"2020-04-02T12:47:52+00:00\" \/>\n<meta name=\"author\" content=\"adminfemergs\" \/>\n<meta name=\"twitter:card\" content=\"summary_large_image\" \/>\n<meta name=\"twitter:label1\" content=\"Escrito por\" \/>\n\t<meta name=\"twitter:data1\" content=\"adminfemergs\" \/>\n\t<meta name=\"twitter:label2\" content=\"Est. tempo de leitura\" \/>\n\t<meta name=\"twitter:data2\" content=\"3 minutos\" \/>\n<script type=\"application\/ld+json\" class=\"yoast-schema-graph\">{\"@context\":\"https:\/\/schema.org\",\"@graph\":[{\"@type\":\"Article\",\"@id\":\"https:\/\/femergs.com.br\/wfe\/blog\/eu-me-policio-eu-me-corrijo-o-mundo-melhora\/#article\",\"isPartOf\":{\"@id\":\"https:\/\/femergs.com.br\/wfe\/blog\/eu-me-policio-eu-me-corrijo-o-mundo-melhora\/\"},\"author\":{\"name\":\"adminfemergs\",\"@id\":\"https:\/\/femergs.com.br\/wfe\/#\/schema\/person\/f5558e6b5ffc044ee085016237dedb7f\"},\"headline\":\"EU ME POLICIO, EU ME CORRIJO, O MUNDO MELHORA.\",\"datePublished\":\"2020-04-02T12:47:52+00:00\",\"mainEntityOfPage\":{\"@id\":\"https:\/\/femergs.com.br\/wfe\/blog\/eu-me-policio-eu-me-corrijo-o-mundo-melhora\/\"},\"wordCount\":693,\"publisher\":{\"@id\":\"https:\/\/femergs.com.br\/wfe\/#organization\"},\"keywords\":[\"NULL\"],\"articleSection\":[\"ARQUIVADAS\"],\"inLanguage\":\"pt-BR\"},{\"@type\":\"WebPage\",\"@id\":\"https:\/\/femergs.com.br\/wfe\/blog\/eu-me-policio-eu-me-corrijo-o-mundo-melhora\/\",\"url\":\"https:\/\/femergs.com.br\/wfe\/blog\/eu-me-policio-eu-me-corrijo-o-mundo-melhora\/\",\"name\":\"EU ME POLICIO, EU ME CORRIJO, O MUNDO MELHORA. - Federa\u00e7\u00e3o dos Municip\u00e1rios do Estado do Rio Grande do Sul\",\"isPartOf\":{\"@id\":\"https:\/\/femergs.com.br\/wfe\/#website\"},\"datePublished\":\"2020-04-02T12:47:52+00:00\",\"breadcrumb\":{\"@id\":\"https:\/\/femergs.com.br\/wfe\/blog\/eu-me-policio-eu-me-corrijo-o-mundo-melhora\/#breadcrumb\"},\"inLanguage\":\"pt-BR\",\"potentialAction\":[{\"@type\":\"ReadAction\",\"target\":[\"https:\/\/femergs.com.br\/wfe\/blog\/eu-me-policio-eu-me-corrijo-o-mundo-melhora\/\"]}]},{\"@type\":\"BreadcrumbList\",\"@id\":\"https:\/\/femergs.com.br\/wfe\/blog\/eu-me-policio-eu-me-corrijo-o-mundo-melhora\/#breadcrumb\",\"itemListElement\":[{\"@type\":\"ListItem\",\"position\":1,\"name\":\"In\u00edcio\",\"item\":\"https:\/\/femergs.com.br\/wfe\/\"},{\"@type\":\"ListItem\",\"position\":2,\"name\":\"EU ME POLICIO, EU ME CORRIJO, O MUNDO MELHORA.\"}]},{\"@type\":\"WebSite\",\"@id\":\"https:\/\/femergs.com.br\/wfe\/#website\",\"url\":\"https:\/\/femergs.com.br\/wfe\/\",\"name\":\"FEMERGS\",\"description\":\"FEDERA\u00c7\u00c3O DOS MUNICIP\u00c1RIOS DO ESTADO DO RIO GRANDE DO SUL\",\"publisher\":{\"@id\":\"https:\/\/femergs.com.br\/wfe\/#organization\"},\"potentialAction\":[{\"@type\":\"SearchAction\",\"target\":{\"@type\":\"EntryPoint\",\"urlTemplate\":\"https:\/\/femergs.com.br\/wfe\/?s={search_term_string}\"},\"query-input\":{\"@type\":\"PropertyValueSpecification\",\"valueRequired\":true,\"valueName\":\"search_term_string\"}}],\"inLanguage\":\"pt-BR\"},{\"@type\":\"Organization\",\"@id\":\"https:\/\/femergs.com.br\/wfe\/#organization\",\"name\":\"FEMERGS\",\"url\":\"https:\/\/femergs.com.br\/wfe\/\",\"logo\":{\"@type\":\"ImageObject\",\"inLanguage\":\"pt-BR\",\"@id\":\"https:\/\/femergs.com.br\/wfe\/#\/schema\/logo\/image\/\",\"url\":\"https:\/\/femergs.com.br\/wfe\/wp-content\/uploads\/2025\/06\/logotipo.png\",\"contentUrl\":\"https:\/\/femergs.com.br\/wfe\/wp-content\/uploads\/2025\/06\/logotipo.png\",\"width\":500,\"height\":500,\"caption\":\"FEMERGS\"},\"image\":{\"@id\":\"https:\/\/femergs.com.br\/wfe\/#\/schema\/logo\/image\/\"},\"sameAs\":[\"https:\/\/www.facebook.com\/profile.php?id=100057151733001\",\"https:\/\/www.instagram.com\/femergs_rs\/\"]},{\"@type\":\"Person\",\"@id\":\"https:\/\/femergs.com.br\/wfe\/#\/schema\/person\/f5558e6b5ffc044ee085016237dedb7f\",\"name\":\"adminfemergs\",\"image\":{\"@type\":\"ImageObject\",\"inLanguage\":\"pt-BR\",\"@id\":\"https:\/\/femergs.com.br\/wfe\/#\/schema\/person\/image\/\",\"url\":\"https:\/\/secure.gravatar.com\/avatar\/398642fa557cdd524617ad9b31c938845f071aeb3448b9c0aeb29aefc495337b?s=96&d=mm&r=g\",\"contentUrl\":\"https:\/\/secure.gravatar.com\/avatar\/398642fa557cdd524617ad9b31c938845f071aeb3448b9c0aeb29aefc495337b?s=96&d=mm&r=g\",\"caption\":\"adminfemergs\"},\"sameAs\":[\"https:\/\/femergs.com.br\/wfe\"],\"url\":\"https:\/\/femergs.com.br\/wfe\/blog\/author\/adminfemergs\/\"}]}<\/script>\n<!-- \/ Yoast SEO plugin. -->","yoast_head_json":{"title":"EU ME POLICIO, EU ME CORRIJO, O MUNDO MELHORA. - Federa\u00e7\u00e3o dos Municip\u00e1rios do Estado do Rio Grande do Sul","robots":{"index":"index","follow":"follow","max-snippet":"max-snippet:-1","max-image-preview":"max-image-preview:large","max-video-preview":"max-video-preview:-1"},"canonical":"https:\/\/femergs.com.br\/wfe\/blog\/eu-me-policio-eu-me-corrijo-o-mundo-melhora\/","og_locale":"pt_BR","og_type":"article","og_title":"EU ME POLICIO, EU ME CORRIJO, O MUNDO MELHORA. - Federa\u00e7\u00e3o dos Municip\u00e1rios do Estado do Rio Grande do Sul","og_description":"\u201cEU N\u00c3O SOU POBRE, EU SOU S\u00d3BRIO DE BAGAGEM LEVE. VIVO APENAS COM O SUFICIENTE PARA QUE AS COISAS N\u00c3O ROUBEM MINHA LIBERDADE\u201d. MUJICA.","og_url":"https:\/\/femergs.com.br\/wfe\/blog\/eu-me-policio-eu-me-corrijo-o-mundo-melhora\/","og_site_name":"Federa\u00e7\u00e3o dos Municip\u00e1rios do Estado do Rio Grande do Sul","article_publisher":"https:\/\/www.facebook.com\/profile.php?id=100057151733001","article_published_time":"2020-04-02T12:47:52+00:00","author":"adminfemergs","twitter_card":"summary_large_image","twitter_misc":{"Escrito por":"adminfemergs","Est. tempo de leitura":"3 minutos"},"schema":{"@context":"https:\/\/schema.org","@graph":[{"@type":"Article","@id":"https:\/\/femergs.com.br\/wfe\/blog\/eu-me-policio-eu-me-corrijo-o-mundo-melhora\/#article","isPartOf":{"@id":"https:\/\/femergs.com.br\/wfe\/blog\/eu-me-policio-eu-me-corrijo-o-mundo-melhora\/"},"author":{"name":"adminfemergs","@id":"https:\/\/femergs.com.br\/wfe\/#\/schema\/person\/f5558e6b5ffc044ee085016237dedb7f"},"headline":"EU ME POLICIO, EU ME CORRIJO, O MUNDO MELHORA.","datePublished":"2020-04-02T12:47:52+00:00","mainEntityOfPage":{"@id":"https:\/\/femergs.com.br\/wfe\/blog\/eu-me-policio-eu-me-corrijo-o-mundo-melhora\/"},"wordCount":693,"publisher":{"@id":"https:\/\/femergs.com.br\/wfe\/#organization"},"keywords":["NULL"],"articleSection":["ARQUIVADAS"],"inLanguage":"pt-BR"},{"@type":"WebPage","@id":"https:\/\/femergs.com.br\/wfe\/blog\/eu-me-policio-eu-me-corrijo-o-mundo-melhora\/","url":"https:\/\/femergs.com.br\/wfe\/blog\/eu-me-policio-eu-me-corrijo-o-mundo-melhora\/","name":"EU ME POLICIO, EU ME CORRIJO, O MUNDO MELHORA. - Federa\u00e7\u00e3o dos Municip\u00e1rios do Estado do Rio Grande do Sul","isPartOf":{"@id":"https:\/\/femergs.com.br\/wfe\/#website"},"datePublished":"2020-04-02T12:47:52+00:00","breadcrumb":{"@id":"https:\/\/femergs.com.br\/wfe\/blog\/eu-me-policio-eu-me-corrijo-o-mundo-melhora\/#breadcrumb"},"inLanguage":"pt-BR","potentialAction":[{"@type":"ReadAction","target":["https:\/\/femergs.com.br\/wfe\/blog\/eu-me-policio-eu-me-corrijo-o-mundo-melhora\/"]}]},{"@type":"BreadcrumbList","@id":"https:\/\/femergs.com.br\/wfe\/blog\/eu-me-policio-eu-me-corrijo-o-mundo-melhora\/#breadcrumb","itemListElement":[{"@type":"ListItem","position":1,"name":"In\u00edcio","item":"https:\/\/femergs.com.br\/wfe\/"},{"@type":"ListItem","position":2,"name":"EU ME POLICIO, EU ME CORRIJO, O MUNDO MELHORA."}]},{"@type":"WebSite","@id":"https:\/\/femergs.com.br\/wfe\/#website","url":"https:\/\/femergs.com.br\/wfe\/","name":"FEMERGS","description":"FEDERA\u00c7\u00c3O DOS MUNICIP\u00c1RIOS DO ESTADO DO RIO GRANDE DO SUL","publisher":{"@id":"https:\/\/femergs.com.br\/wfe\/#organization"},"potentialAction":[{"@type":"SearchAction","target":{"@type":"EntryPoint","urlTemplate":"https:\/\/femergs.com.br\/wfe\/?s={search_term_string}"},"query-input":{"@type":"PropertyValueSpecification","valueRequired":true,"valueName":"search_term_string"}}],"inLanguage":"pt-BR"},{"@type":"Organization","@id":"https:\/\/femergs.com.br\/wfe\/#organization","name":"FEMERGS","url":"https:\/\/femergs.com.br\/wfe\/","logo":{"@type":"ImageObject","inLanguage":"pt-BR","@id":"https:\/\/femergs.com.br\/wfe\/#\/schema\/logo\/image\/","url":"https:\/\/femergs.com.br\/wfe\/wp-content\/uploads\/2025\/06\/logotipo.png","contentUrl":"https:\/\/femergs.com.br\/wfe\/wp-content\/uploads\/2025\/06\/logotipo.png","width":500,"height":500,"caption":"FEMERGS"},"image":{"@id":"https:\/\/femergs.com.br\/wfe\/#\/schema\/logo\/image\/"},"sameAs":["https:\/\/www.facebook.com\/profile.php?id=100057151733001","https:\/\/www.instagram.com\/femergs_rs\/"]},{"@type":"Person","@id":"https:\/\/femergs.com.br\/wfe\/#\/schema\/person\/f5558e6b5ffc044ee085016237dedb7f","name":"adminfemergs","image":{"@type":"ImageObject","inLanguage":"pt-BR","@id":"https:\/\/femergs.com.br\/wfe\/#\/schema\/person\/image\/","url":"https:\/\/secure.gravatar.com\/avatar\/398642fa557cdd524617ad9b31c938845f071aeb3448b9c0aeb29aefc495337b?s=96&d=mm&r=g","contentUrl":"https:\/\/secure.gravatar.com\/avatar\/398642fa557cdd524617ad9b31c938845f071aeb3448b9c0aeb29aefc495337b?s=96&d=mm&r=g","caption":"adminfemergs"},"sameAs":["https:\/\/femergs.com.br\/wfe"],"url":"https:\/\/femergs.com.br\/wfe\/blog\/author\/adminfemergs\/"}]}},"uagb_featured_image_src":{"full":false,"thumbnail":false,"medium":false,"medium_large":false,"large":false,"1536x1536":false,"2048x2048":false,"ultp_layout_landscape_large":false,"ultp_layout_landscape":false,"ultp_layout_portrait":false,"ultp_layout_square":false},"uagb_author_info":{"display_name":"adminfemergs","author_link":"https:\/\/femergs.com.br\/wfe\/blog\/author\/adminfemergs\/"},"uagb_comment_info":0,"uagb_excerpt":"\u201cEU N\u00c3O SOU POBRE, EU SOU S\u00d3BRIO DE BAGAGEM LEVE. VIVO APENAS COM O SUFICIENTE PARA QUE AS COISAS N\u00c3O ROUBEM MINHA LIBERDADE\u201d. MUJICA.","_links":{"self":[{"href":"https:\/\/femergs.com.br\/wfe\/wp-json\/wp\/v2\/posts\/1230","targetHints":{"allow":["GET"]}}],"collection":[{"href":"https:\/\/femergs.com.br\/wfe\/wp-json\/wp\/v2\/posts"}],"about":[{"href":"https:\/\/femergs.com.br\/wfe\/wp-json\/wp\/v2\/types\/post"}],"author":[{"embeddable":true,"href":"https:\/\/femergs.com.br\/wfe\/wp-json\/wp\/v2\/users\/1"}],"replies":[{"embeddable":true,"href":"https:\/\/femergs.com.br\/wfe\/wp-json\/wp\/v2\/comments?post=1230"}],"version-history":[{"count":0,"href":"https:\/\/femergs.com.br\/wfe\/wp-json\/wp\/v2\/posts\/1230\/revisions"}],"wp:attachment":[{"href":"https:\/\/femergs.com.br\/wfe\/wp-json\/wp\/v2\/media?parent=1230"}],"wp:term":[{"taxonomy":"category","embeddable":true,"href":"https:\/\/femergs.com.br\/wfe\/wp-json\/wp\/v2\/categories?post=1230"},{"taxonomy":"post_tag","embeddable":true,"href":"https:\/\/femergs.com.br\/wfe\/wp-json\/wp\/v2\/tags?post=1230"}],"curies":[{"name":"wp","href":"https:\/\/api.w.org\/{rel}","templated":true}]}}